{"id":2801,"date":"2019-10-27T14:59:42","date_gmt":"2019-10-27T14:59:42","guid":{"rendered":"https:\/\/radiounodigital.com\/web\/?p=2801"},"modified":"2019-10-31T14:44:53","modified_gmt":"2019-10-31T14:44:53","slug":"rock-and-roll-hall-of-fame-quienes-son-los-candidatos-para-2020","status":"publish","type":"post","link":"https:\/\/radiounodigital.com\/web\/2019\/10\/27\/rock-and-roll-hall-of-fame-quienes-son-los-candidatos-para-2020\/","title":{"rendered":"Rock and Roll Hall of Fame \u00bfQuienes son los candidatos para 2020?"},"content":{"rendered":"<p><img loading=\"lazy\" decoding=\"async\" class=\"aligncenter size-full wp-image-2802\" src=\"https:\/\/radiounodigital.com\/web\/wp-content\/uploads\/2019\/10\/halloffame2020.jpg\" alt=\"\" width=\"750\" height=\"420\" srcset=\"https:\/\/radiounodigital.com\/web\/wp-content\/uploads\/2019\/10\/halloffame2020.jpg 750w, https:\/\/radiounodigital.com\/web\/wp-content\/uploads\/2019\/10\/halloffame2020-300x168.jpg 300w\" sizes=\"auto, (max-width: 750px) 100vw, 750px\" \/><\/p>\n<p>Para poder ingresar al Sal\u00f3n de la Fama del Rock and Roll, los artistas deben haber cumplido 25 a\u00f1os desde la publicaci\u00f3n de su primer disco. Entre los nominados, algunos de ellos estan en la lista por primera vez y son: Dave Matthews Band, The Doobie Brothers, Whitney Houston, Mot\u00f6rhead, The Notorious B.I.G., Pat Benatar, Soundgarden, T. Rex, y Thin Lizzy.<\/p>\n<p>A continuaci\u00f3n la lista completa:<\/p>\n<p>Pat Benatar<br \/>\nDave Matthews Band<br \/>\nDepeche Mode<br \/>\nThe Doobie Brothers<br \/>\nWhitney Houston<br \/>\nJudas Priest<br \/>\nKraftwerk<br \/>\nMC5<br \/>\nMot\u00f6rhead<br \/>\nNine Inch Nails<br \/>\nThe Notorious B.I.G.<br \/>\nRufus featuring Chaka Khan<br \/>\nTodd Rundgren<br \/>\nSoundgarden<br \/>\nT. Rex<br \/>\nThin Lizzy<\/p>\n<p>Se puede votar una vez al d\u00eda v\u00eda Google, eligiendo 5 artistas (\/grupos) durante las pr\u00f3ximas semanas, hasta el 10 de enero. La fiesta de las inducciones se celebrar\u00e1 en Cleveland, Ohio, el 2 de mayo de 2020.<\/p>\n<div class=\"fb-background-color\">\n\t\t\t  <div \n\t\t\t  \tclass = \"fb-comments\" \n\t\t\t  \tdata-href = \"https:\/\/radiounodigital.com\/web\/2019\/10\/27\/rock-and-roll-hall-of-fame-quienes-son-los-candidatos-para-2020\/\"\n\t\t\t  \tdata-numposts = \"10\"\n\t\t\t  \tdata-lazy = \"true\"\n\t\t\t\tdata-colorscheme = \"dark\"\n\t\t\t\tdata-order-by = \"reverse_time\"\n\t\t\t\tdata-mobile=true>\n\t\t\t  <\/div><\/div>\n\t\t  <style>\n\t\t    .fb-background-color {\n\t\t\t\tbackground: #ffffff !important;\n\t\t\t}\n\t\t\t.fb_iframe_widget_fluid_desktop iframe {\n\t\t\t    width: 100% !important;\n\t\t\t}\n\t\t  <\/style>\n\t\t  ","protected":false},"excerpt":{"rendered":"<p>Para poder ingresar al Sal\u00f3n de la Fama del Rock and Roll, los artistas deben haber cumplido 25 a\u00f1os desde la publicaci\u00f3n de su primer disco. Entre los nominados, algunos de ellos estan en la lista por primera vez y son: Dave Matthews Band, The Doobie Brothers, Whitney Houston, Mot\u00f6rhead, The Notorious B.I.G., Pat Benatar,&#8230; <a href=\"https:\/\/radiounodigital.com\/web\/2019\/10\/27\/rock-and-roll-hall-of-fame-quienes-son-los-candidatos-para-2020\/\" class=\"excerpt-read-more\">Read More<\/a><\/p>\n","protected":false},"author":1,"featured_media":2802,"comment_status":"open","ping_status":"open","sticky":false,"template":"","format":"standard","meta":{"footnotes":""},"categories":[180,128],"tags":[100,102,103,97,106,107,108,109,99,110,101,96,112,98,114,115,104,111,116,113,105],"class_list":["post-2801","post","type-post","status-publish","format-standard","has-post-thumbnail","hentry","category-news","category-rock-clasico","tag-100","tag-dave-matthews-band","tag-depeche-mode","tag-hall-of-fame","tag-judas-priest","tag-kraftwerk","tag-mc5","tag-motorhead","tag-niminados","tag-nine-inch-nails","tag-pat-benatar","tag-rock-and-roll","tag-rufus-featuring-chaka-khan","tag-salon-de-la-fama","tag-soundgarden","tag-t-rex","tag-the-doobie-brothers","tag-the-notorious-b-i-g","tag-thin-lizzy","tag-todd-rundgren","tag-whitney-houston"],"yoast_head":"<!-- This site is optimized with the Yoast SEO plugin v27.4 - https:\/\/yoast.com\/product\/yoast-seo-wordpress\/ -->\n<title>Rock and Roll Hall of Fame \u00bfQuienes son los candidatos para 2020? - Radio UNO Digital<\/title>\n<meta name=\"robots\" content=\"index, follow, max-snippet:-1, max-image-preview:large, max-video-preview:-1\" \/>\n<link rel=\"canonical\" href=\"https:\/\/radiounodigital.com\/web\/2019\/10\/27\/rock-and-roll-hall-of-fame-quienes-son-los-candidatos-para-2020\/\" \/>\n<meta property=\"og:locale\" content=\"es_ES\" \/>\n<meta property=\"og:type\" content=\"article\" \/>\n<meta property=\"og:title\" content=\"Rock and Roll Hall of Fame \u00bfQuienes son los candidatos para 2020? - Radio UNO Digital\" \/>\n<meta property=\"og:description\" content=\"Para poder ingresar al Sal\u00f3n de la Fama del Rock and Roll, los artistas deben haber cumplido 25 a\u00f1os desde la publicaci\u00f3n de su primer disco. Entre los nominados, algunos de ellos estan en la lista por primera vez y son: Dave Matthews Band, The Doobie Brothers, Whitney Houston, Mot\u00f6rhead, The Notorious B.I.G., Pat Benatar,... Read More\" \/>\n<meta property=\"og:url\" content=\"https:\/\/radiounodigital.com\/web\/2019\/10\/27\/rock-and-roll-hall-of-fame-quienes-son-los-candidatos-para-2020\/\" \/>\n<meta property=\"og:site_name\" content=\"Radio UNO Digital\" \/>\n<meta property=\"article:published_time\" content=\"2019-10-27T14:59:42+00:00\" \/>\n<meta property=\"article:modified_time\" content=\"2019-10-31T14:44:53+00:00\" \/>\n<meta property=\"og:image\" content=\"https:\/\/radiounodigital.com\/web\/wp-content\/uploads\/2019\/10\/halloffame2020.jpg\" \/>\n\t<meta property=\"og:image:width\" content=\"750\" \/>\n\t<meta property=\"og:image:height\" content=\"420\" \/>\n\t<meta property=\"og:image:type\" content=\"image\/jpeg\" \/>\n<meta name=\"author\" content=\"diegoc\" \/>\n<meta name=\"twitter:card\" content=\"summary_large_image\" \/>\n<meta name=\"twitter:label1\" content=\"Escrito por\" \/>\n\t<meta name=\"twitter:data1\" content=\"diegoc\" \/>\n\t<meta name=\"twitter:label2\" content=\"Tiempo de lectura\" \/>\n\t<meta name=\"twitter:data2\" content=\"1 minuto\" \/>\n<script type=\"application\/ld+json\" class=\"yoast-schema-graph\">{\"@context\":\"https:\\\/\\\/schema.org\",\"@graph\":[{\"@type\":\"Article\",\"@id\":\"https:\\\/\\\/radiounodigital.com\\\/web\\\/2019\\\/10\\\/27\\\/rock-and-roll-hall-of-fame-quienes-son-los-candidatos-para-2020\\\/#article\",\"isPartOf\":{\"@id\":\"https:\\\/\\\/radiounodigital.com\\\/web\\\/2019\\\/10\\\/27\\\/rock-and-roll-hall-of-fame-quienes-son-los-candidatos-para-2020\\\/\"},\"author\":{\"name\":\"diegoc\",\"@id\":\"https:\\\/\\\/radiounodigital.com\\\/web\\\/#\\\/schema\\\/person\\\/00b93151fa54f619ecf9c183d1fc9758\"},\"headline\":\"Rock and Roll Hall of Fame \u00bfQuienes son los candidatos para 2020?\",\"datePublished\":\"2019-10-27T14:59:42+00:00\",\"dateModified\":\"2019-10-31T14:44:53+00:00\",\"mainEntityOfPage\":{\"@id\":\"https:\\\/\\\/radiounodigital.com\\\/web\\\/2019\\\/10\\\/27\\\/rock-and-roll-hall-of-fame-quienes-son-los-candidatos-para-2020\\\/\"},\"wordCount\":157,\"commentCount\":0,\"image\":{\"@id\":\"https:\\\/\\\/radiounodigital.com\\\/web\\\/2019\\\/10\\\/27\\\/rock-and-roll-hall-of-fame-quienes-son-los-candidatos-para-2020\\\/#primaryimage\"},\"thumbnailUrl\":\"https:\\\/\\\/radiounodigital.com\\\/web\\\/wp-content\\\/uploads\\\/2019\\\/10\\\/halloffame2020.jpg\",\"keywords\":[\"2020\",\"Dave Matthews Band\",\"Depeche Mode\",\"hall of fame\",\"Judas Priest\",\"Kraftwerk\",\"MC5\",\"Mot\u00f6rhead\",\"niminados\",\"Nine Inch Nails\",\"Pat Benatar\",\"rock and roll\",\"Rufus featuring Chaka Khan\",\"salon de la fama\",\"Soundgarden\",\"T. Rex\",\"The Doobie Brothers\",\"The Notorious B.I.G.\",\"Thin Lizzy\",\"Todd Rundgren\",\"Whitney Houston\"],\"articleSection\":[\"news\",\"Rock Clasico\"],\"inLanguage\":\"es\",\"potentialAction\":[{\"@type\":\"CommentAction\",\"name\":\"Comment\",\"target\":[\"https:\\\/\\\/radiounodigital.com\\\/web\\\/2019\\\/10\\\/27\\\/rock-and-roll-hall-of-fame-quienes-son-los-candidatos-para-2020\\\/#respond\"]}]},{\"@type\":\"WebPage\",\"@id\":\"https:\\\/\\\/radiounodigital.com\\\/web\\\/2019\\\/10\\\/27\\\/rock-and-roll-hall-of-fame-quienes-son-los-candidatos-para-2020\\\/\",\"url\":\"https:\\\/\\\/radiounodigital.com\\\/web\\\/2019\\\/10\\\/27\\\/rock-and-roll-hall-of-fame-quienes-son-los-candidatos-para-2020\\\/\",\"name\":\"Rock and Roll Hall of Fame \u00bfQuienes son los candidatos para 2020? - Radio UNO Digital\",\"isPartOf\":{\"@id\":\"https:\\\/\\\/radiounodigital.com\\\/web\\\/#website\"},\"primaryImageOfPage\":{\"@id\":\"https:\\\/\\\/radiounodigital.com\\\/web\\\/2019\\\/10\\\/27\\\/rock-and-roll-hall-of-fame-quienes-son-los-candidatos-para-2020\\\/#primaryimage\"},\"image\":{\"@id\":\"https:\\\/\\\/radiounodigital.com\\\/web\\\/2019\\\/10\\\/27\\\/rock-and-roll-hall-of-fame-quienes-son-los-candidatos-para-2020\\\/#primaryimage\"},\"thumbnailUrl\":\"https:\\\/\\\/radiounodigital.com\\\/web\\\/wp-content\\\/uploads\\\/2019\\\/10\\\/halloffame2020.jpg\",\"datePublished\":\"2019-10-27T14:59:42+00:00\",\"dateModified\":\"2019-10-31T14:44:53+00:00\",\"author\":{\"@id\":\"https:\\\/\\\/radiounodigital.com\\\/web\\\/#\\\/schema\\\/person\\\/00b93151fa54f619ecf9c183d1fc9758\"},\"breadcrumb\":{\"@id\":\"https:\\\/\\\/radiounodigital.com\\\/web\\\/2019\\\/10\\\/27\\\/rock-and-roll-hall-of-fame-quienes-son-los-candidatos-para-2020\\\/#breadcrumb\"},\"inLanguage\":\"es\",\"potentialAction\":[{\"@type\":\"ReadAction\",\"target\":[\"https:\\\/\\\/radiounodigital.com\\\/web\\\/2019\\\/10\\\/27\\\/rock-and-roll-hall-of-fame-quienes-son-los-candidatos-para-2020\\\/\"]}]},{\"@type\":\"ImageObject\",\"inLanguage\":\"es\",\"@id\":\"https:\\\/\\\/radiounodigital.com\\\/web\\\/2019\\\/10\\\/27\\\/rock-and-roll-hall-of-fame-quienes-son-los-candidatos-para-2020\\\/#primaryimage\",\"url\":\"https:\\\/\\\/radiounodigital.com\\\/web\\\/wp-content\\\/uploads\\\/2019\\\/10\\\/halloffame2020.jpg\",\"contentUrl\":\"https:\\\/\\\/radiounodigital.com\\\/web\\\/wp-content\\\/uploads\\\/2019\\\/10\\\/halloffame2020.jpg\",\"width\":750,\"height\":420},{\"@type\":\"BreadcrumbList\",\"@id\":\"https:\\\/\\\/radiounodigital.com\\\/web\\\/2019\\\/10\\\/27\\\/rock-and-roll-hall-of-fame-quienes-son-los-candidatos-para-2020\\\/#breadcrumb\",\"itemListElement\":[{\"@type\":\"ListItem\",\"position\":1,\"name\":\"Home\",\"item\":\"https:\\\/\\\/radiounodigital.com\\\/web\\\/\"},{\"@type\":\"ListItem\",\"position\":2,\"name\":\"Rock and Roll Hall of Fame \u00bfQuienes son los candidatos para 2020?\"}]},{\"@type\":\"WebSite\",\"@id\":\"https:\\\/\\\/radiounodigital.com\\\/web\\\/#website\",\"url\":\"https:\\\/\\\/radiounodigital.com\\\/web\\\/\",\"name\":\"Radio UNO Digital\",\"description\":\"Donde la cultura del rock se siente\",\"potentialAction\":[{\"@type\":\"SearchAction\",\"target\":{\"@type\":\"EntryPoint\",\"urlTemplate\":\"https:\\\/\\\/radiounodigital.com\\\/web\\\/?s={search_term_string}\"},\"query-input\":{\"@type\":\"PropertyValueSpecification\",\"valueRequired\":true,\"valueName\":\"search_term_string\"}}],\"inLanguage\":\"es\"},{\"@type\":\"Person\",\"@id\":\"https:\\\/\\\/radiounodigital.com\\\/web\\\/#\\\/schema\\\/person\\\/00b93151fa54f619ecf9c183d1fc9758\",\"name\":\"diegoc\",\"image\":{\"@type\":\"ImageObject\",\"inLanguage\":\"es\",\"@id\":\"https:\\\/\\\/secure.gravatar.com\\\/avatar\\\/0a67041d44c702fb0660d81a5a32c7ce6007341cf92afeb718b75883bf415864?s=96&d=blank&r=g\",\"url\":\"https:\\\/\\\/secure.gravatar.com\\\/avatar\\\/0a67041d44c702fb0660d81a5a32c7ce6007341cf92afeb718b75883bf415864?s=96&d=blank&r=g\",\"contentUrl\":\"https:\\\/\\\/secure.gravatar.com\\\/avatar\\\/0a67041d44c702fb0660d81a5a32c7ce6007341cf92afeb718b75883bf415864?s=96&d=blank&r=g\",\"caption\":\"diegoc\"},\"url\":\"https:\\\/\\\/radiounodigital.com\\\/web\\\/author\\\/diegoc\\\/\"}]}<\/script>\n<!-- \/ Yoast SEO plugin. -->","yoast_head_json":{"title":"Rock and Roll Hall of Fame \u00bfQuienes son los candidatos para 2020? - Radio UNO Digital","robots":{"index":"index","follow":"follow","max-snippet":"max-snippet:-1","max-image-preview":"max-image-preview:large","max-video-preview":"max-video-preview:-1"},"canonical":"https:\/\/radiounodigital.com\/web\/2019\/10\/27\/rock-and-roll-hall-of-fame-quienes-son-los-candidatos-para-2020\/","og_locale":"es_ES","og_type":"article","og_title":"Rock and Roll Hall of Fame \u00bfQuienes son los candidatos para 2020? - Radio UNO Digital","og_description":"Para poder ingresar al Sal\u00f3n de la Fama del Rock and Roll, los artistas deben haber cumplido 25 a\u00f1os desde la publicaci\u00f3n de su primer disco. Entre los nominados, algunos de ellos estan en la lista por primera vez y son: Dave Matthews Band, The Doobie Brothers, Whitney Houston, Mot\u00f6rhead, The Notorious B.I.G., Pat Benatar,... Read More","og_url":"https:\/\/radiounodigital.com\/web\/2019\/10\/27\/rock-and-roll-hall-of-fame-quienes-son-los-candidatos-para-2020\/","og_site_name":"Radio UNO Digital","article_published_time":"2019-10-27T14:59:42+00:00","article_modified_time":"2019-10-31T14:44:53+00:00","og_image":[{"width":750,"height":420,"url":"https:\/\/radiounodigital.com\/web\/wp-content\/uploads\/2019\/10\/halloffame2020.jpg","type":"image\/jpeg"}],"author":"diegoc","twitter_card":"summary_large_image","twitter_misc":{"Escrito por":"diegoc","Tiempo de lectura":"1 minuto"},"schema":{"@context":"https:\/\/schema.org","@graph":[{"@type":"Article","@id":"https:\/\/radiounodigital.com\/web\/2019\/10\/27\/rock-and-roll-hall-of-fame-quienes-son-los-candidatos-para-2020\/#article","isPartOf":{"@id":"https:\/\/radiounodigital.com\/web\/2019\/10\/27\/rock-and-roll-hall-of-fame-quienes-son-los-candidatos-para-2020\/"},"author":{"name":"diegoc","@id":"https:\/\/radiounodigital.com\/web\/#\/schema\/person\/00b93151fa54f619ecf9c183d1fc9758"},"headline":"Rock and Roll Hall of Fame \u00bfQuienes son los candidatos para 2020?","datePublished":"2019-10-27T14:59:42+00:00","dateModified":"2019-10-31T14:44:53+00:00","mainEntityOfPage":{"@id":"https:\/\/radiounodigital.com\/web\/2019\/10\/27\/rock-and-roll-hall-of-fame-quienes-son-los-candidatos-para-2020\/"},"wordCount":157,"commentCount":0,"image":{"@id":"https:\/\/radiounodigital.com\/web\/2019\/10\/27\/rock-and-roll-hall-of-fame-quienes-son-los-candidatos-para-2020\/#primaryimage"},"thumbnailUrl":"https:\/\/radiounodigital.com\/web\/wp-content\/uploads\/2019\/10\/halloffame2020.jpg","keywords":["2020","Dave Matthews Band","Depeche Mode","hall of fame","Judas Priest","Kraftwerk","MC5","Mot\u00f6rhead","niminados","Nine Inch Nails","Pat Benatar","rock and roll","Rufus featuring Chaka Khan","salon de la fama","Soundgarden","T. Rex","The Doobie Brothers","The Notorious B.I.G.","Thin Lizzy","Todd Rundgren","Whitney Houston"],"articleSection":["news","Rock Clasico"],"inLanguage":"es","potentialAction":[{"@type":"CommentAction","name":"Comment","target":["https:\/\/radiounodigital.com\/web\/2019\/10\/27\/rock-and-roll-hall-of-fame-quienes-son-los-candidatos-para-2020\/#respond"]}]},{"@type":"WebPage","@id":"https:\/\/radiounodigital.com\/web\/2019\/10\/27\/rock-and-roll-hall-of-fame-quienes-son-los-candidatos-para-2020\/","url":"https:\/\/radiounodigital.com\/web\/2019\/10\/27\/rock-and-roll-hall-of-fame-quienes-son-los-candidatos-para-2020\/","name":"Rock and Roll Hall of Fame \u00bfQuienes son los candidatos para 2020? - Radio UNO Digital","isPartOf":{"@id":"https:\/\/radiounodigital.com\/web\/#website"},"primaryImageOfPage":{"@id":"https:\/\/radiounodigital.com\/web\/2019\/10\/27\/rock-and-roll-hall-of-fame-quienes-son-los-candidatos-para-2020\/#primaryimage"},"image":{"@id":"https:\/\/radiounodigital.com\/web\/2019\/10\/27\/rock-and-roll-hall-of-fame-quienes-son-los-candidatos-para-2020\/#primaryimage"},"thumbnailUrl":"https:\/\/radiounodigital.com\/web\/wp-content\/uploads\/2019\/10\/halloffame2020.jpg","datePublished":"2019-10-27T14:59:42+00:00","dateModified":"2019-10-31T14:44:53+00:00","author":{"@id":"https:\/\/radiounodigital.com\/web\/#\/schema\/person\/00b93151fa54f619ecf9c183d1fc9758"},"breadcrumb":{"@id":"https:\/\/radiounodigital.com\/web\/2019\/10\/27\/rock-and-roll-hall-of-fame-quienes-son-los-candidatos-para-2020\/#breadcrumb"},"inLanguage":"es","potentialAction":[{"@type":"ReadAction","target":["https:\/\/radiounodigital.com\/web\/2019\/10\/27\/rock-and-roll-hall-of-fame-quienes-son-los-candidatos-para-2020\/"]}]},{"@type":"ImageObject","inLanguage":"es","@id":"https:\/\/radiounodigital.com\/web\/2019\/10\/27\/rock-and-roll-hall-of-fame-quienes-son-los-candidatos-para-2020\/#primaryimage","url":"https:\/\/radiounodigital.com\/web\/wp-content\/uploads\/2019\/10\/halloffame2020.jpg","contentUrl":"https:\/\/radiounodigital.com\/web\/wp-content\/uploads\/2019\/10\/halloffame2020.jpg","width":750,"height":420},{"@type":"BreadcrumbList","@id":"https:\/\/radiounodigital.com\/web\/2019\/10\/27\/rock-and-roll-hall-of-fame-quienes-son-los-candidatos-para-2020\/#breadcrumb","itemListElement":[{"@type":"ListItem","position":1,"name":"Home","item":"https:\/\/radiounodigital.com\/web\/"},{"@type":"ListItem","position":2,"name":"Rock and Roll Hall of Fame \u00bfQuienes son los candidatos para 2020?"}]},{"@type":"WebSite","@id":"https:\/\/radiounodigital.com\/web\/#website","url":"https:\/\/radiounodigital.com\/web\/","name":"Radio UNO Digital","description":"Donde la cultura del rock se siente","potentialAction":[{"@type":"SearchAction","target":{"@type":"EntryPoint","urlTemplate":"https:\/\/radiounodigital.com\/web\/?s={search_term_string}"},"query-input":{"@type":"PropertyValueSpecification","valueRequired":true,"valueName":"search_term_string"}}],"inLanguage":"es"},{"@type":"Person","@id":"https:\/\/radiounodigital.com\/web\/#\/schema\/person\/00b93151fa54f619ecf9c183d1fc9758","name":"diegoc","image":{"@type":"ImageObject","inLanguage":"es","@id":"https:\/\/secure.gravatar.com\/avatar\/0a67041d44c702fb0660d81a5a32c7ce6007341cf92afeb718b75883bf415864?s=96&d=blank&r=g","url":"https:\/\/secure.gravatar.com\/avatar\/0a67041d44c702fb0660d81a5a32c7ce6007341cf92afeb718b75883bf415864?s=96&d=blank&r=g","contentUrl":"https:\/\/secure.gravatar.com\/avatar\/0a67041d44c702fb0660d81a5a32c7ce6007341cf92afeb718b75883bf415864?s=96&d=blank&r=g","caption":"diegoc"},"url":"https:\/\/radiounodigital.com\/web\/author\/diegoc\/"}]}},"_links":{"self":[{"href":"https:\/\/radiounodigital.com\/web\/wp-json\/wp\/v2\/posts\/2801","targetHints":{"allow":["GET"]}}],"collection":[{"href":"https:\/\/radiounodigital.com\/web\/wp-json\/wp\/v2\/posts"}],"about":[{"href":"https:\/\/radiounodigital.com\/web\/wp-json\/wp\/v2\/types\/post"}],"author":[{"embeddable":true,"href":"https:\/\/radiounodigital.com\/web\/wp-json\/wp\/v2\/users\/1"}],"replies":[{"embeddable":true,"href":"https:\/\/radiounodigital.com\/web\/wp-json\/wp\/v2\/comments?post=2801"}],"version-history":[{"count":1,"href":"https:\/\/radiounodigital.com\/web\/wp-json\/wp\/v2\/posts\/2801\/revisions"}],"predecessor-version":[{"id":2803,"href":"https:\/\/radiounodigital.com\/web\/wp-json\/wp\/v2\/posts\/2801\/revisions\/2803"}],"wp:featuredmedia":[{"embeddable":true,"href":"https:\/\/radiounodigital.com\/web\/wp-json\/wp\/v2\/media\/2802"}],"wp:attachment":[{"href":"https:\/\/radiounodigital.com\/web\/wp-json\/wp\/v2\/media?parent=2801"}],"wp:term":[{"taxonomy":"category","embeddable":true,"href":"https:\/\/radiounodigital.com\/web\/wp-json\/wp\/v2\/categories?post=2801"},{"taxonomy":"post_tag","embeddable":true,"href":"https:\/\/radiounodigital.com\/web\/wp-json\/wp\/v2\/tags?post=2801"}],"curies":[{"name":"wp","href":"https:\/\/api.w.org\/{rel}","templated":true}]}}