{"id":2827,"date":"2019-10-28T00:58:39","date_gmt":"2019-10-28T00:58:39","guid":{"rendered":"https:\/\/radiounodigital.com\/web\/?p=2827"},"modified":"2019-10-31T14:44:38","modified_gmt":"2019-10-31T14:44:38","slug":"liam-gallagher-ya-tiene-el-titulo-para-su-tercer-album","status":"publish","type":"post","link":"https:\/\/radiounodigital.com\/web\/2019\/10\/28\/liam-gallagher-ya-tiene-el-titulo-para-su-tercer-album\/","title":{"rendered":"Liam Gallagher ya tiene el t\u00edtulo para su tercer \u00e1lbum"},"content":{"rendered":"<h4>A solo 30 d\u00edas de haber lanzado su segundo trabajo como solista, Liam Gallagher anunci\u00f3 que ya tiene un t\u00edtulo para su tercer \u00e1lbum.<\/h4>\n<div id=\"attachment_2828\" style=\"width: 1230px\" class=\"wp-caption aligncenter\"><img loading=\"lazy\" decoding=\"async\" aria-describedby=\"caption-attachment-2828\" class=\"size-full wp-image-2828\" src=\"https:\/\/radiounodigital.com\/web\/wp-content\/uploads\/2019\/10\/liam-gallagher1220x775.jpg\" alt=\"\" width=\"1220\" height=\"775\" srcset=\"https:\/\/radiounodigital.com\/web\/wp-content\/uploads\/2019\/10\/liam-gallagher1220x775.jpg 1220w, https:\/\/radiounodigital.com\/web\/wp-content\/uploads\/2019\/10\/liam-gallagher1220x775-300x191.jpg 300w, https:\/\/radiounodigital.com\/web\/wp-content\/uploads\/2019\/10\/liam-gallagher1220x775-768x488.jpg 768w, https:\/\/radiounodigital.com\/web\/wp-content\/uploads\/2019\/10\/liam-gallagher1220x775-1024x650.jpg 1024w\" sizes=\"auto, (max-width: 1220px) 100vw, 1220px\" \/><p id=\"caption-attachment-2828\" class=\"wp-caption-text\">Liam Gallagher has revealed the title of his next album. Credit: Jordi Vidal\/Redferns<\/p><\/div>\n<p>El \u00e1lbum m\u00e1s reciente de Gallagher, \u2018Why Me? Why Not \u00abse lanz\u00f3 el 20 de septiembre y el ex l\u00edder de Oasis ya tiene planeado un tercer \u00e1lbum titulado\u00bb Come On You Know \u00ab.<\/p>\n<p style=\"text-align: center;\"><iframe loading=\"lazy\" src=\"https:\/\/www.youtube.com\/embed\/gBAhgZZNR7E\" width=\"560\" height=\"315\" frameborder=\"0\" allowfullscreen=\"allowfullscreen\"><\/iframe><\/p>\n<p>En entrevista con Zane Lowe en su programa de radio Apple Music Beats 1, Gallagher revel\u00f3 que: \u201cS\u00ed. El pr\u00f3ximo se llamar\u00e1 \u00abCome On You Know.\u00bb<\/p>\n<p>La semana pasada, Liam Gallagher fue invitado al programa de Jools Holland para interpretar el sencillo reciente \u00abThe River\u00bb, acompa\u00f1ado de su hijo, Gene, de 18 a\u00f1os, detr\u00e1s de la bater\u00eda, y fue apropiado que Gallagher decidiera interpretar \u00abThe River\u00bb, ya que es una pista sobre el escapismo tecnol\u00f3gico y la simpat\u00eda que siente por la juventud de hoy.<\/p>\n<p style=\"text-align: center;\"><iframe loading=\"lazy\" src=\"https:\/\/www.youtube.com\/embed\/ZroGyXyoTO8\" width=\"560\" height=\"315\" frameborder=\"0\" allowfullscreen=\"allowfullscreen\"><\/iframe><\/p>\n<p>La actuaci\u00f3n de Jools Holland del jueves por la noche (24 de octubre) fue la primera vez en que dos Gallaghers han tocado en el mismo escenario desde que Oasis se separ\u00f3 en el a\u00f1o 2009.<\/p>\n<p>Mientras tanto, una grabaci\u00f3n recientemente descubierta de las voces aisladas de Liam Gallagher en el t\u00edtulo \u00abSupers\u00f3nico\u00bb de Oasis \u2018establecido en Glastonbury 1995 se comparte en l\u00ednea.<\/p>\n<p>El clip a cappella fue editado por el usuario del sitio de fans de Oasis Youtube, Maxi Gonzales, y ha sido aclamado como \u00abb\u00edblico\u00bb e \u00abhist\u00f3rico\u00bb por los fan\u00e1ticos de los veteranos del Britpop.<\/p>\n<p>Despu\u00e9s de su primera aparici\u00f3n en Worthy Farm en 1994, Oasis volvi\u00f3 a encabezar el Pyramid Stage junto a The Cure and Pulp al a\u00f1o siguiente para una actuaci\u00f3n hist\u00f3rica. La banda estaba en lo m\u00e1s alto del \u00e9xito del debut \u2018Definitely Quiz\u00e1s\u2018 en ese momento, y se preparaban para lanzar \u2018(What\u2019s The Story) Morning Glory\u2018 m\u00e1s tarde ese mismo a\u00f1o.<\/p>\n<div class=\"fb-background-color\">\n\t\t\t  <div \n\t\t\t  \tclass = \"fb-comments\" \n\t\t\t  \tdata-href = \"https:\/\/radiounodigital.com\/web\/2019\/10\/28\/liam-gallagher-ya-tiene-el-titulo-para-su-tercer-album\/\"\n\t\t\t  \tdata-numposts = \"10\"\n\t\t\t  \tdata-lazy = \"true\"\n\t\t\t\tdata-colorscheme = \"dark\"\n\t\t\t\tdata-order-by = \"reverse_time\"\n\t\t\t\tdata-mobile=true>\n\t\t\t  <\/div><\/div>\n\t\t  <style>\n\t\t    .fb-background-color {\n\t\t\t\tbackground: #ffffff !important;\n\t\t\t}\n\t\t\t.fb_iframe_widget_fluid_desktop iframe {\n\t\t\t    width: 100% !important;\n\t\t\t}\n\t\t  <\/style>\n\t\t  ","protected":false},"excerpt":{"rendered":"<p>A solo 30 d\u00edas de haber lanzado su segundo trabajo como solista, Liam Gallagher anunci\u00f3 que ya tiene un t\u00edtulo para su tercer \u00e1lbum. El \u00e1lbum m\u00e1s reciente de Gallagher, \u2018Why Me? Why Not \u00abse lanz\u00f3 el 20 de septiembre y el ex l\u00edder de Oasis ya tiene planeado un tercer \u00e1lbum titulado\u00bb Come On&#8230; <a href=\"https:\/\/radiounodigital.com\/web\/2019\/10\/28\/liam-gallagher-ya-tiene-el-titulo-para-su-tercer-album\/\" class=\"excerpt-read-more\">Read More<\/a><\/p>\n","protected":false},"author":1,"featured_media":2828,"comment_status":"open","ping_status":"open","sticky":false,"template":"","format":"standard","meta":{"footnotes":""},"categories":[180,127],"tags":[121,125,119,124,123,118,120,122],"class_list":["post-2827","post","type-post","status-publish","format-standard","has-post-thumbnail","hentry","category-news","category-rock","tag-album","tag-bateria","tag-disco","tag-drums","tag-gene-gallagher","tag-liam-gallagher","tag-tercero","tag-titulo"],"yoast_head":"<!-- This site is optimized with the Yoast SEO plugin v27.4 - https:\/\/yoast.com\/product\/yoast-seo-wordpress\/ -->\n<title>Liam Gallagher ya tiene el t\u00edtulo para su tercer \u00e1lbum - Radio UNO Digital<\/title>\n<meta name=\"robots\" content=\"index, follow, max-snippet:-1, max-image-preview:large, max-video-preview:-1\" \/>\n<link rel=\"canonical\" href=\"https:\/\/radiounodigital.com\/web\/2019\/10\/28\/liam-gallagher-ya-tiene-el-titulo-para-su-tercer-album\/\" \/>\n<meta property=\"og:locale\" content=\"es_ES\" \/>\n<meta property=\"og:type\" content=\"article\" \/>\n<meta property=\"og:title\" content=\"Liam Gallagher ya tiene el t\u00edtulo para su tercer \u00e1lbum - Radio UNO Digital\" \/>\n<meta property=\"og:description\" content=\"A solo 30 d\u00edas de haber lanzado su segundo trabajo como solista, Liam Gallagher anunci\u00f3 que ya tiene un t\u00edtulo para su tercer \u00e1lbum. El \u00e1lbum m\u00e1s reciente de Gallagher, \u2018Why Me? Why Not \u00abse lanz\u00f3 el 20 de septiembre y el ex l\u00edder de Oasis ya tiene planeado un tercer \u00e1lbum titulado\u00bb Come On... Read More\" \/>\n<meta property=\"og:url\" content=\"https:\/\/radiounodigital.com\/web\/2019\/10\/28\/liam-gallagher-ya-tiene-el-titulo-para-su-tercer-album\/\" \/>\n<meta property=\"og:site_name\" content=\"Radio UNO Digital\" \/>\n<meta property=\"article:published_time\" content=\"2019-10-28T00:58:39+00:00\" \/>\n<meta property=\"article:modified_time\" content=\"2019-10-31T14:44:38+00:00\" \/>\n<meta property=\"og:image\" content=\"https:\/\/radiounodigital.com\/web\/wp-content\/uploads\/2019\/10\/liam-gallagher1220x775.jpg\" \/>\n\t<meta property=\"og:image:width\" content=\"1220\" \/>\n\t<meta property=\"og:image:height\" content=\"775\" \/>\n\t<meta property=\"og:image:type\" content=\"image\/jpeg\" \/>\n<meta name=\"author\" content=\"diegoc\" \/>\n<meta name=\"twitter:card\" content=\"summary_large_image\" \/>\n<meta name=\"twitter:label1\" content=\"Escrito por\" \/>\n\t<meta name=\"twitter:data1\" content=\"diegoc\" \/>\n\t<meta name=\"twitter:label2\" content=\"Tiempo de lectura\" \/>\n\t<meta name=\"twitter:data2\" content=\"2 minutos\" \/>\n<script type=\"application\/ld+json\" class=\"yoast-schema-graph\">{\"@context\":\"https:\\\/\\\/schema.org\",\"@graph\":[{\"@type\":\"Article\",\"@id\":\"https:\\\/\\\/radiounodigital.com\\\/web\\\/2019\\\/10\\\/28\\\/liam-gallagher-ya-tiene-el-titulo-para-su-tercer-album\\\/#article\",\"isPartOf\":{\"@id\":\"https:\\\/\\\/radiounodigital.com\\\/web\\\/2019\\\/10\\\/28\\\/liam-gallagher-ya-tiene-el-titulo-para-su-tercer-album\\\/\"},\"author\":{\"name\":\"diegoc\",\"@id\":\"https:\\\/\\\/radiounodigital.com\\\/web\\\/#\\\/schema\\\/person\\\/00b93151fa54f619ecf9c183d1fc9758\"},\"headline\":\"Liam Gallagher ya tiene el t\u00edtulo para su tercer \u00e1lbum\",\"datePublished\":\"2019-10-28T00:58:39+00:00\",\"dateModified\":\"2019-10-31T14:44:38+00:00\",\"mainEntityOfPage\":{\"@id\":\"https:\\\/\\\/radiounodigital.com\\\/web\\\/2019\\\/10\\\/28\\\/liam-gallagher-ya-tiene-el-titulo-para-su-tercer-album\\\/\"},\"wordCount\":354,\"commentCount\":0,\"image\":{\"@id\":\"https:\\\/\\\/radiounodigital.com\\\/web\\\/2019\\\/10\\\/28\\\/liam-gallagher-ya-tiene-el-titulo-para-su-tercer-album\\\/#primaryimage\"},\"thumbnailUrl\":\"https:\\\/\\\/radiounodigital.com\\\/web\\\/wp-content\\\/uploads\\\/2019\\\/10\\\/liam-gallagher1220x775.jpg\",\"keywords\":[\"album\",\"bateria\",\"disco\",\"drums\",\"gene gallagher\",\"liam gallagher\",\"tercero\",\"titulo\"],\"articleSection\":[\"news\",\"Rock\"],\"inLanguage\":\"es\",\"potentialAction\":[{\"@type\":\"CommentAction\",\"name\":\"Comment\",\"target\":[\"https:\\\/\\\/radiounodigital.com\\\/web\\\/2019\\\/10\\\/28\\\/liam-gallagher-ya-tiene-el-titulo-para-su-tercer-album\\\/#respond\"]}]},{\"@type\":\"WebPage\",\"@id\":\"https:\\\/\\\/radiounodigital.com\\\/web\\\/2019\\\/10\\\/28\\\/liam-gallagher-ya-tiene-el-titulo-para-su-tercer-album\\\/\",\"url\":\"https:\\\/\\\/radiounodigital.com\\\/web\\\/2019\\\/10\\\/28\\\/liam-gallagher-ya-tiene-el-titulo-para-su-tercer-album\\\/\",\"name\":\"Liam Gallagher ya tiene el t\u00edtulo para su tercer \u00e1lbum - Radio UNO Digital\",\"isPartOf\":{\"@id\":\"https:\\\/\\\/radiounodigital.com\\\/web\\\/#website\"},\"primaryImageOfPage\":{\"@id\":\"https:\\\/\\\/radiounodigital.com\\\/web\\\/2019\\\/10\\\/28\\\/liam-gallagher-ya-tiene-el-titulo-para-su-tercer-album\\\/#primaryimage\"},\"image\":{\"@id\":\"https:\\\/\\\/radiounodigital.com\\\/web\\\/2019\\\/10\\\/28\\\/liam-gallagher-ya-tiene-el-titulo-para-su-tercer-album\\\/#primaryimage\"},\"thumbnailUrl\":\"https:\\\/\\\/radiounodigital.com\\\/web\\\/wp-content\\\/uploads\\\/2019\\\/10\\\/liam-gallagher1220x775.jpg\",\"datePublished\":\"2019-10-28T00:58:39+00:00\",\"dateModified\":\"2019-10-31T14:44:38+00:00\",\"author\":{\"@id\":\"https:\\\/\\\/radiounodigital.com\\\/web\\\/#\\\/schema\\\/person\\\/00b93151fa54f619ecf9c183d1fc9758\"},\"breadcrumb\":{\"@id\":\"https:\\\/\\\/radiounodigital.com\\\/web\\\/2019\\\/10\\\/28\\\/liam-gallagher-ya-tiene-el-titulo-para-su-tercer-album\\\/#breadcrumb\"},\"inLanguage\":\"es\",\"potentialAction\":[{\"@type\":\"ReadAction\",\"target\":[\"https:\\\/\\\/radiounodigital.com\\\/web\\\/2019\\\/10\\\/28\\\/liam-gallagher-ya-tiene-el-titulo-para-su-tercer-album\\\/\"]}]},{\"@type\":\"ImageObject\",\"inLanguage\":\"es\",\"@id\":\"https:\\\/\\\/radiounodigital.com\\\/web\\\/2019\\\/10\\\/28\\\/liam-gallagher-ya-tiene-el-titulo-para-su-tercer-album\\\/#primaryimage\",\"url\":\"https:\\\/\\\/radiounodigital.com\\\/web\\\/wp-content\\\/uploads\\\/2019\\\/10\\\/liam-gallagher1220x775.jpg\",\"contentUrl\":\"https:\\\/\\\/radiounodigital.com\\\/web\\\/wp-content\\\/uploads\\\/2019\\\/10\\\/liam-gallagher1220x775.jpg\",\"width\":1220,\"height\":775,\"caption\":\"Liam Gallagher has revealed the title of his next album. Credit: Jordi Vidal\\\/Redferns\"},{\"@type\":\"BreadcrumbList\",\"@id\":\"https:\\\/\\\/radiounodigital.com\\\/web\\\/2019\\\/10\\\/28\\\/liam-gallagher-ya-tiene-el-titulo-para-su-tercer-album\\\/#breadcrumb\",\"itemListElement\":[{\"@type\":\"ListItem\",\"position\":1,\"name\":\"Home\",\"item\":\"https:\\\/\\\/radiounodigital.com\\\/web\\\/\"},{\"@type\":\"ListItem\",\"position\":2,\"name\":\"Liam Gallagher ya tiene el t\u00edtulo para su tercer \u00e1lbum\"}]},{\"@type\":\"WebSite\",\"@id\":\"https:\\\/\\\/radiounodigital.com\\\/web\\\/#website\",\"url\":\"https:\\\/\\\/radiounodigital.com\\\/web\\\/\",\"name\":\"Radio UNO Digital\",\"description\":\"Donde la cultura del rock se siente\",\"potentialAction\":[{\"@type\":\"SearchAction\",\"target\":{\"@type\":\"EntryPoint\",\"urlTemplate\":\"https:\\\/\\\/radiounodigital.com\\\/web\\\/?s={search_term_string}\"},\"query-input\":{\"@type\":\"PropertyValueSpecification\",\"valueRequired\":true,\"valueName\":\"search_term_string\"}}],\"inLanguage\":\"es\"},{\"@type\":\"Person\",\"@id\":\"https:\\\/\\\/radiounodigital.com\\\/web\\\/#\\\/schema\\\/person\\\/00b93151fa54f619ecf9c183d1fc9758\",\"name\":\"diegoc\",\"image\":{\"@type\":\"ImageObject\",\"inLanguage\":\"es\",\"@id\":\"https:\\\/\\\/secure.gravatar.com\\\/avatar\\\/0a67041d44c702fb0660d81a5a32c7ce6007341cf92afeb718b75883bf415864?s=96&d=blank&r=g\",\"url\":\"https:\\\/\\\/secure.gravatar.com\\\/avatar\\\/0a67041d44c702fb0660d81a5a32c7ce6007341cf92afeb718b75883bf415864?s=96&d=blank&r=g\",\"contentUrl\":\"https:\\\/\\\/secure.gravatar.com\\\/avatar\\\/0a67041d44c702fb0660d81a5a32c7ce6007341cf92afeb718b75883bf415864?s=96&d=blank&r=g\",\"caption\":\"diegoc\"},\"url\":\"https:\\\/\\\/radiounodigital.com\\\/web\\\/author\\\/diegoc\\\/\"}]}<\/script>\n<!-- \/ Yoast SEO plugin. -->","yoast_head_json":{"title":"Liam Gallagher ya tiene el t\u00edtulo para su tercer \u00e1lbum - Radio UNO Digital","robots":{"index":"index","follow":"follow","max-snippet":"max-snippet:-1","max-image-preview":"max-image-preview:large","max-video-preview":"max-video-preview:-1"},"canonical":"https:\/\/radiounodigital.com\/web\/2019\/10\/28\/liam-gallagher-ya-tiene-el-titulo-para-su-tercer-album\/","og_locale":"es_ES","og_type":"article","og_title":"Liam Gallagher ya tiene el t\u00edtulo para su tercer \u00e1lbum - Radio UNO Digital","og_description":"A solo 30 d\u00edas de haber lanzado su segundo trabajo como solista, Liam Gallagher anunci\u00f3 que ya tiene un t\u00edtulo para su tercer \u00e1lbum. El \u00e1lbum m\u00e1s reciente de Gallagher, \u2018Why Me? Why Not \u00abse lanz\u00f3 el 20 de septiembre y el ex l\u00edder de Oasis ya tiene planeado un tercer \u00e1lbum titulado\u00bb Come On... Read More","og_url":"https:\/\/radiounodigital.com\/web\/2019\/10\/28\/liam-gallagher-ya-tiene-el-titulo-para-su-tercer-album\/","og_site_name":"Radio UNO Digital","article_published_time":"2019-10-28T00:58:39+00:00","article_modified_time":"2019-10-31T14:44:38+00:00","og_image":[{"width":1220,"height":775,"url":"https:\/\/radiounodigital.com\/web\/wp-content\/uploads\/2019\/10\/liam-gallagher1220x775.jpg","type":"image\/jpeg"}],"author":"diegoc","twitter_card":"summary_large_image","twitter_misc":{"Escrito por":"diegoc","Tiempo de lectura":"2 minutos"},"schema":{"@context":"https:\/\/schema.org","@graph":[{"@type":"Article","@id":"https:\/\/radiounodigital.com\/web\/2019\/10\/28\/liam-gallagher-ya-tiene-el-titulo-para-su-tercer-album\/#article","isPartOf":{"@id":"https:\/\/radiounodigital.com\/web\/2019\/10\/28\/liam-gallagher-ya-tiene-el-titulo-para-su-tercer-album\/"},"author":{"name":"diegoc","@id":"https:\/\/radiounodigital.com\/web\/#\/schema\/person\/00b93151fa54f619ecf9c183d1fc9758"},"headline":"Liam Gallagher ya tiene el t\u00edtulo para su tercer \u00e1lbum","datePublished":"2019-10-28T00:58:39+00:00","dateModified":"2019-10-31T14:44:38+00:00","mainEntityOfPage":{"@id":"https:\/\/radiounodigital.com\/web\/2019\/10\/28\/liam-gallagher-ya-tiene-el-titulo-para-su-tercer-album\/"},"wordCount":354,"commentCount":0,"image":{"@id":"https:\/\/radiounodigital.com\/web\/2019\/10\/28\/liam-gallagher-ya-tiene-el-titulo-para-su-tercer-album\/#primaryimage"},"thumbnailUrl":"https:\/\/radiounodigital.com\/web\/wp-content\/uploads\/2019\/10\/liam-gallagher1220x775.jpg","keywords":["album","bateria","disco","drums","gene gallagher","liam gallagher","tercero","titulo"],"articleSection":["news","Rock"],"inLanguage":"es","potentialAction":[{"@type":"CommentAction","name":"Comment","target":["https:\/\/radiounodigital.com\/web\/2019\/10\/28\/liam-gallagher-ya-tiene-el-titulo-para-su-tercer-album\/#respond"]}]},{"@type":"WebPage","@id":"https:\/\/radiounodigital.com\/web\/2019\/10\/28\/liam-gallagher-ya-tiene-el-titulo-para-su-tercer-album\/","url":"https:\/\/radiounodigital.com\/web\/2019\/10\/28\/liam-gallagher-ya-tiene-el-titulo-para-su-tercer-album\/","name":"Liam Gallagher ya tiene el t\u00edtulo para su tercer \u00e1lbum - Radio UNO Digital","isPartOf":{"@id":"https:\/\/radiounodigital.com\/web\/#website"},"primaryImageOfPage":{"@id":"https:\/\/radiounodigital.com\/web\/2019\/10\/28\/liam-gallagher-ya-tiene-el-titulo-para-su-tercer-album\/#primaryimage"},"image":{"@id":"https:\/\/radiounodigital.com\/web\/2019\/10\/28\/liam-gallagher-ya-tiene-el-titulo-para-su-tercer-album\/#primaryimage"},"thumbnailUrl":"https:\/\/radiounodigital.com\/web\/wp-content\/uploads\/2019\/10\/liam-gallagher1220x775.jpg","datePublished":"2019-10-28T00:58:39+00:00","dateModified":"2019-10-31T14:44:38+00:00","author":{"@id":"https:\/\/radiounodigital.com\/web\/#\/schema\/person\/00b93151fa54f619ecf9c183d1fc9758"},"breadcrumb":{"@id":"https:\/\/radiounodigital.com\/web\/2019\/10\/28\/liam-gallagher-ya-tiene-el-titulo-para-su-tercer-album\/#breadcrumb"},"inLanguage":"es","potentialAction":[{"@type":"ReadAction","target":["https:\/\/radiounodigital.com\/web\/2019\/10\/28\/liam-gallagher-ya-tiene-el-titulo-para-su-tercer-album\/"]}]},{"@type":"ImageObject","inLanguage":"es","@id":"https:\/\/radiounodigital.com\/web\/2019\/10\/28\/liam-gallagher-ya-tiene-el-titulo-para-su-tercer-album\/#primaryimage","url":"https:\/\/radiounodigital.com\/web\/wp-content\/uploads\/2019\/10\/liam-gallagher1220x775.jpg","contentUrl":"https:\/\/radiounodigital.com\/web\/wp-content\/uploads\/2019\/10\/liam-gallagher1220x775.jpg","width":1220,"height":775,"caption":"Liam Gallagher has revealed the title of his next album. Credit: Jordi Vidal\/Redferns"},{"@type":"BreadcrumbList","@id":"https:\/\/radiounodigital.com\/web\/2019\/10\/28\/liam-gallagher-ya-tiene-el-titulo-para-su-tercer-album\/#breadcrumb","itemListElement":[{"@type":"ListItem","position":1,"name":"Home","item":"https:\/\/radiounodigital.com\/web\/"},{"@type":"ListItem","position":2,"name":"Liam Gallagher ya tiene el t\u00edtulo para su tercer \u00e1lbum"}]},{"@type":"WebSite","@id":"https:\/\/radiounodigital.com\/web\/#website","url":"https:\/\/radiounodigital.com\/web\/","name":"Radio UNO Digital","description":"Donde la cultura del rock se siente","potentialAction":[{"@type":"SearchAction","target":{"@type":"EntryPoint","urlTemplate":"https:\/\/radiounodigital.com\/web\/?s={search_term_string}"},"query-input":{"@type":"PropertyValueSpecification","valueRequired":true,"valueName":"search_term_string"}}],"inLanguage":"es"},{"@type":"Person","@id":"https:\/\/radiounodigital.com\/web\/#\/schema\/person\/00b93151fa54f619ecf9c183d1fc9758","name":"diegoc","image":{"@type":"ImageObject","inLanguage":"es","@id":"https:\/\/secure.gravatar.com\/avatar\/0a67041d44c702fb0660d81a5a32c7ce6007341cf92afeb718b75883bf415864?s=96&d=blank&r=g","url":"https:\/\/secure.gravatar.com\/avatar\/0a67041d44c702fb0660d81a5a32c7ce6007341cf92afeb718b75883bf415864?s=96&d=blank&r=g","contentUrl":"https:\/\/secure.gravatar.com\/avatar\/0a67041d44c702fb0660d81a5a32c7ce6007341cf92afeb718b75883bf415864?s=96&d=blank&r=g","caption":"diegoc"},"url":"https:\/\/radiounodigital.com\/web\/author\/diegoc\/"}]}},"_links":{"self":[{"href":"https:\/\/radiounodigital.com\/web\/wp-json\/wp\/v2\/posts\/2827","targetHints":{"allow":["GET"]}}],"collection":[{"href":"https:\/\/radiounodigital.com\/web\/wp-json\/wp\/v2\/posts"}],"about":[{"href":"https:\/\/radiounodigital.com\/web\/wp-json\/wp\/v2\/types\/post"}],"author":[{"embeddable":true,"href":"https:\/\/radiounodigital.com\/web\/wp-json\/wp\/v2\/users\/1"}],"replies":[{"embeddable":true,"href":"https:\/\/radiounodigital.com\/web\/wp-json\/wp\/v2\/comments?post=2827"}],"version-history":[{"count":4,"href":"https:\/\/radiounodigital.com\/web\/wp-json\/wp\/v2\/posts\/2827\/revisions"}],"predecessor-version":[{"id":2832,"href":"https:\/\/radiounodigital.com\/web\/wp-json\/wp\/v2\/posts\/2827\/revisions\/2832"}],"wp:featuredmedia":[{"embeddable":true,"href":"https:\/\/radiounodigital.com\/web\/wp-json\/wp\/v2\/media\/2828"}],"wp:attachment":[{"href":"https:\/\/radiounodigital.com\/web\/wp-json\/wp\/v2\/media?parent=2827"}],"wp:term":[{"taxonomy":"category","embeddable":true,"href":"https:\/\/radiounodigital.com\/web\/wp-json\/wp\/v2\/categories?post=2827"},{"taxonomy":"post_tag","embeddable":true,"href":"https:\/\/radiounodigital.com\/web\/wp-json\/wp\/v2\/tags?post=2827"}],"curies":[{"name":"wp","href":"https:\/\/api.w.org\/{rel}","templated":true}]}}