{"id":2908,"date":"2019-10-29T15:20:54","date_gmt":"2019-10-29T15:20:54","guid":{"rendered":"https:\/\/radiounodigital.com\/web\/?p=2908"},"modified":"2019-10-31T16:00:39","modified_gmt":"2019-10-31T16:00:39","slug":"manfred-mann-blinded-by-the-light-live-1975","status":"publish","type":"post","link":"https:\/\/radiounodigital.com\/web\/2019\/10\/29\/manfred-mann-blinded-by-the-light-live-1975\/","title":{"rendered":"Manfred Mann &#8211; Blinded by the Light (Live 1975)"},"content":{"rendered":"<h3>\u00abBlinded by the Light\u00bb es una canci\u00f3n escrita y grabada por Bruce Springsteen, que apareci\u00f3 por primera vez en su \u00e1lbum debut de 1973 Greetings from Asbury Park, NJ.<\/h3>\n<p><iframe loading=\"lazy\" src=\"https:\/\/www.youtube.com\/embed\/lcWVL4B-4pI\" width=\"560\" height=\"315\" frameborder=\"0\" allowfullscreen=\"allowfullscreen\"><\/iframe><\/p>\n<p>Una versi\u00f3n de la banda de rock brit\u00e1nica Manfred Mann&#8217;s Earth Band alcanz\u00f3 el n\u00famero uno en el Billboard Hot 100 en Estados Unidos en febrero de 1977 y tambi\u00e9n fue uno de los diez primeros \u00e9xitos en el Reino Unido, Nueva Zelanda y Canad\u00e1.<\/p>\n<p>Earth Band de Manfred Mann lanz\u00f3 una versi\u00f3n de la canci\u00f3n en su \u00e1lbum de 1976 The Roaring Silence. Su versi\u00f3n incluye la melod\u00eda \u00abChopsticks\u00bb tocada en el piano cerca del final del puente de la canci\u00f3n.<\/p>\n<p>La grabaci\u00f3n de la canci\u00f3n de Manfred Mann&#8217;s Earth Band cambia la letra. El cambio m\u00e1s destacado es en el coro, donde el \u00abcorte suelto como un deuce\u00bb de Springsteen se reemplaza por \u00abrevved up like a deuce\u00bb.<\/p>\n<div class=\"fb-background-color\">\n\t\t\t  <div \n\t\t\t  \tclass = \"fb-comments\" \n\t\t\t  \tdata-href = \"https:\/\/radiounodigital.com\/web\/2019\/10\/29\/manfred-mann-blinded-by-the-light-live-1975\/\"\n\t\t\t  \tdata-numposts = \"10\"\n\t\t\t  \tdata-lazy = \"true\"\n\t\t\t\tdata-colorscheme = \"dark\"\n\t\t\t\tdata-order-by = \"reverse_time\"\n\t\t\t\tdata-mobile=true>\n\t\t\t  <\/div><\/div>\n\t\t  <style>\n\t\t    .fb-background-color {\n\t\t\t\tbackground: #ffffff !important;\n\t\t\t}\n\t\t\t.fb_iframe_widget_fluid_desktop iframe {\n\t\t\t    width: 100% !important;\n\t\t\t}\n\t\t  <\/style>\n\t\t  ","protected":false},"excerpt":{"rendered":"<p>\u00abBlinded by the Light\u00bb es una canci\u00f3n escrita y grabada por Bruce Springsteen, que apareci\u00f3 por primera vez en su \u00e1lbum debut de 1973 Greetings from Asbury Park, NJ. Una versi\u00f3n de la banda de rock brit\u00e1nica Manfred Mann&#8217;s Earth Band alcanz\u00f3 el n\u00famero uno en el Billboard Hot 100 en Estados Unidos en febrero&#8230; <a href=\"https:\/\/radiounodigital.com\/web\/2019\/10\/29\/manfred-mann-blinded-by-the-light-live-1975\/\" class=\"excerpt-read-more\">Read More<\/a><\/p>\n","protected":false},"author":1,"featured_media":2909,"comment_status":"open","ping_status":"open","sticky":false,"template":"","format":"standard","meta":{"footnotes":""},"categories":[179],"tags":[195,194,182,193],"class_list":["post-2908","post","type-post","status-publish","format-standard","has-post-thumbnail","hentry","category-covers","tag-blinded-by-the-light","tag-bruce-springsteen","tag-cover","tag-manfred-manns-earth-band"],"yoast_head":"<!-- This site is optimized with the Yoast SEO plugin v27.5 - https:\/\/yoast.com\/product\/yoast-seo-wordpress\/ -->\n<title>Manfred Mann - Blinded by the Light (Live 1975) - Radio UNO Digital<\/title>\n<meta name=\"robots\" content=\"index, follow, max-snippet:-1, max-image-preview:large, max-video-preview:-1\" \/>\n<link rel=\"canonical\" href=\"https:\/\/radiounodigital.com\/web\/2019\/10\/29\/manfred-mann-blinded-by-the-light-live-1975\/\" \/>\n<meta property=\"og:locale\" content=\"es_ES\" \/>\n<meta property=\"og:type\" content=\"article\" \/>\n<meta property=\"og:title\" content=\"Manfred Mann - Blinded by the Light (Live 1975) - Radio UNO Digital\" \/>\n<meta property=\"og:description\" content=\"\u00abBlinded by the Light\u00bb es una canci\u00f3n escrita y grabada por Bruce Springsteen, que apareci\u00f3 por primera vez en su \u00e1lbum debut de 1973 Greetings from Asbury Park, NJ. Una versi\u00f3n de la banda de rock brit\u00e1nica Manfred Mann&#8217;s Earth Band alcanz\u00f3 el n\u00famero uno en el Billboard Hot 100 en Estados Unidos en febrero... Read More\" \/>\n<meta property=\"og:url\" content=\"https:\/\/radiounodigital.com\/web\/2019\/10\/29\/manfred-mann-blinded-by-the-light-live-1975\/\" \/>\n<meta property=\"og:site_name\" content=\"Radio UNO Digital\" \/>\n<meta property=\"article:published_time\" content=\"2019-10-29T15:20:54+00:00\" \/>\n<meta property=\"article:modified_time\" content=\"2019-10-31T16:00:39+00:00\" \/>\n<meta property=\"og:image\" content=\"https:\/\/radiounodigital.com\/web\/wp-content\/uploads\/2019\/10\/Manfred-Manns-Earth-Band.jpg\" \/>\n\t<meta property=\"og:image:width\" content=\"735\" \/>\n\t<meta property=\"og:image:height\" content=\"413\" \/>\n\t<meta property=\"og:image:type\" content=\"image\/jpeg\" \/>\n<meta name=\"author\" content=\"diegoc\" \/>\n<meta name=\"twitter:card\" content=\"summary_large_image\" \/>\n<meta name=\"twitter:label1\" content=\"Escrito por\" \/>\n\t<meta name=\"twitter:data1\" content=\"diegoc\" \/>\n\t<meta name=\"twitter:label2\" content=\"Tiempo de lectura\" \/>\n\t<meta name=\"twitter:data2\" content=\"1 minuto\" \/>\n<script type=\"application\/ld+json\" class=\"yoast-schema-graph\">{\"@context\":\"https:\\\/\\\/schema.org\",\"@graph\":[{\"@type\":\"Article\",\"@id\":\"https:\\\/\\\/radiounodigital.com\\\/web\\\/2019\\\/10\\\/29\\\/manfred-mann-blinded-by-the-light-live-1975\\\/#article\",\"isPartOf\":{\"@id\":\"https:\\\/\\\/radiounodigital.com\\\/web\\\/2019\\\/10\\\/29\\\/manfred-mann-blinded-by-the-light-live-1975\\\/\"},\"author\":{\"name\":\"diegoc\",\"@id\":\"https:\\\/\\\/radiounodigital.com\\\/web\\\/#\\\/schema\\\/person\\\/00b93151fa54f619ecf9c183d1fc9758\"},\"headline\":\"Manfred Mann &#8211; Blinded by the Light (Live 1975)\",\"datePublished\":\"2019-10-29T15:20:54+00:00\",\"dateModified\":\"2019-10-31T16:00:39+00:00\",\"mainEntityOfPage\":{\"@id\":\"https:\\\/\\\/radiounodigital.com\\\/web\\\/2019\\\/10\\\/29\\\/manfred-mann-blinded-by-the-light-live-1975\\\/\"},\"wordCount\":168,\"commentCount\":0,\"image\":{\"@id\":\"https:\\\/\\\/radiounodigital.com\\\/web\\\/2019\\\/10\\\/29\\\/manfred-mann-blinded-by-the-light-live-1975\\\/#primaryimage\"},\"thumbnailUrl\":\"https:\\\/\\\/radiounodigital.com\\\/web\\\/wp-content\\\/uploads\\\/2019\\\/10\\\/Manfred-Manns-Earth-Band.jpg\",\"keywords\":[\"blinded by the light\",\"bruce springsteen\",\"cover\",\"Manfred Mann's Earth Band\"],\"articleSection\":[\"Covers\"],\"inLanguage\":\"es\",\"potentialAction\":[{\"@type\":\"CommentAction\",\"name\":\"Comment\",\"target\":[\"https:\\\/\\\/radiounodigital.com\\\/web\\\/2019\\\/10\\\/29\\\/manfred-mann-blinded-by-the-light-live-1975\\\/#respond\"]}]},{\"@type\":\"WebPage\",\"@id\":\"https:\\\/\\\/radiounodigital.com\\\/web\\\/2019\\\/10\\\/29\\\/manfred-mann-blinded-by-the-light-live-1975\\\/\",\"url\":\"https:\\\/\\\/radiounodigital.com\\\/web\\\/2019\\\/10\\\/29\\\/manfred-mann-blinded-by-the-light-live-1975\\\/\",\"name\":\"Manfred Mann - Blinded by the Light (Live 1975) - Radio UNO Digital\",\"isPartOf\":{\"@id\":\"https:\\\/\\\/radiounodigital.com\\\/web\\\/#website\"},\"primaryImageOfPage\":{\"@id\":\"https:\\\/\\\/radiounodigital.com\\\/web\\\/2019\\\/10\\\/29\\\/manfred-mann-blinded-by-the-light-live-1975\\\/#primaryimage\"},\"image\":{\"@id\":\"https:\\\/\\\/radiounodigital.com\\\/web\\\/2019\\\/10\\\/29\\\/manfred-mann-blinded-by-the-light-live-1975\\\/#primaryimage\"},\"thumbnailUrl\":\"https:\\\/\\\/radiounodigital.com\\\/web\\\/wp-content\\\/uploads\\\/2019\\\/10\\\/Manfred-Manns-Earth-Band.jpg\",\"datePublished\":\"2019-10-29T15:20:54+00:00\",\"dateModified\":\"2019-10-31T16:00:39+00:00\",\"author\":{\"@id\":\"https:\\\/\\\/radiounodigital.com\\\/web\\\/#\\\/schema\\\/person\\\/00b93151fa54f619ecf9c183d1fc9758\"},\"breadcrumb\":{\"@id\":\"https:\\\/\\\/radiounodigital.com\\\/web\\\/2019\\\/10\\\/29\\\/manfred-mann-blinded-by-the-light-live-1975\\\/#breadcrumb\"},\"inLanguage\":\"es\",\"potentialAction\":[{\"@type\":\"ReadAction\",\"target\":[\"https:\\\/\\\/radiounodigital.com\\\/web\\\/2019\\\/10\\\/29\\\/manfred-mann-blinded-by-the-light-live-1975\\\/\"]}]},{\"@type\":\"ImageObject\",\"inLanguage\":\"es\",\"@id\":\"https:\\\/\\\/radiounodigital.com\\\/web\\\/2019\\\/10\\\/29\\\/manfred-mann-blinded-by-the-light-live-1975\\\/#primaryimage\",\"url\":\"https:\\\/\\\/radiounodigital.com\\\/web\\\/wp-content\\\/uploads\\\/2019\\\/10\\\/Manfred-Manns-Earth-Band.jpg\",\"contentUrl\":\"https:\\\/\\\/radiounodigital.com\\\/web\\\/wp-content\\\/uploads\\\/2019\\\/10\\\/Manfred-Manns-Earth-Band.jpg\",\"width\":735,\"height\":413},{\"@type\":\"BreadcrumbList\",\"@id\":\"https:\\\/\\\/radiounodigital.com\\\/web\\\/2019\\\/10\\\/29\\\/manfred-mann-blinded-by-the-light-live-1975\\\/#breadcrumb\",\"itemListElement\":[{\"@type\":\"ListItem\",\"position\":1,\"name\":\"Home\",\"item\":\"https:\\\/\\\/radiounodigital.com\\\/web\\\/\"},{\"@type\":\"ListItem\",\"position\":2,\"name\":\"Manfred Mann &#8211; Blinded by the Light (Live 1975)\"}]},{\"@type\":\"WebSite\",\"@id\":\"https:\\\/\\\/radiounodigital.com\\\/web\\\/#website\",\"url\":\"https:\\\/\\\/radiounodigital.com\\\/web\\\/\",\"name\":\"Radio UNO Digital\",\"description\":\"Donde la cultura del rock se siente\",\"potentialAction\":[{\"@type\":\"SearchAction\",\"target\":{\"@type\":\"EntryPoint\",\"urlTemplate\":\"https:\\\/\\\/radiounodigital.com\\\/web\\\/?s={search_term_string}\"},\"query-input\":{\"@type\":\"PropertyValueSpecification\",\"valueRequired\":true,\"valueName\":\"search_term_string\"}}],\"inLanguage\":\"es\"},{\"@type\":\"Person\",\"@id\":\"https:\\\/\\\/radiounodigital.com\\\/web\\\/#\\\/schema\\\/person\\\/00b93151fa54f619ecf9c183d1fc9758\",\"name\":\"diegoc\",\"image\":{\"@type\":\"ImageObject\",\"inLanguage\":\"es\",\"@id\":\"https:\\\/\\\/secure.gravatar.com\\\/avatar\\\/0a67041d44c702fb0660d81a5a32c7ce6007341cf92afeb718b75883bf415864?s=96&d=blank&r=g\",\"url\":\"https:\\\/\\\/secure.gravatar.com\\\/avatar\\\/0a67041d44c702fb0660d81a5a32c7ce6007341cf92afeb718b75883bf415864?s=96&d=blank&r=g\",\"contentUrl\":\"https:\\\/\\\/secure.gravatar.com\\\/avatar\\\/0a67041d44c702fb0660d81a5a32c7ce6007341cf92afeb718b75883bf415864?s=96&d=blank&r=g\",\"caption\":\"diegoc\"},\"url\":\"https:\\\/\\\/radiounodigital.com\\\/web\\\/author\\\/diegoc\\\/\"}]}<\/script>\n<!-- \/ Yoast SEO plugin. -->","yoast_head_json":{"title":"Manfred Mann - Blinded by the Light (Live 1975) - Radio UNO Digital","robots":{"index":"index","follow":"follow","max-snippet":"max-snippet:-1","max-image-preview":"max-image-preview:large","max-video-preview":"max-video-preview:-1"},"canonical":"https:\/\/radiounodigital.com\/web\/2019\/10\/29\/manfred-mann-blinded-by-the-light-live-1975\/","og_locale":"es_ES","og_type":"article","og_title":"Manfred Mann - Blinded by the Light (Live 1975) - Radio UNO Digital","og_description":"\u00abBlinded by the Light\u00bb es una canci\u00f3n escrita y grabada por Bruce Springsteen, que apareci\u00f3 por primera vez en su \u00e1lbum debut de 1973 Greetings from Asbury Park, NJ. Una versi\u00f3n de la banda de rock brit\u00e1nica Manfred Mann&#8217;s Earth Band alcanz\u00f3 el n\u00famero uno en el Billboard Hot 100 en Estados Unidos en febrero... Read More","og_url":"https:\/\/radiounodigital.com\/web\/2019\/10\/29\/manfred-mann-blinded-by-the-light-live-1975\/","og_site_name":"Radio UNO Digital","article_published_time":"2019-10-29T15:20:54+00:00","article_modified_time":"2019-10-31T16:00:39+00:00","og_image":[{"width":735,"height":413,"url":"https:\/\/radiounodigital.com\/web\/wp-content\/uploads\/2019\/10\/Manfred-Manns-Earth-Band.jpg","type":"image\/jpeg"}],"author":"diegoc","twitter_card":"summary_large_image","twitter_misc":{"Escrito por":"diegoc","Tiempo de lectura":"1 minuto"},"schema":{"@context":"https:\/\/schema.org","@graph":[{"@type":"Article","@id":"https:\/\/radiounodigital.com\/web\/2019\/10\/29\/manfred-mann-blinded-by-the-light-live-1975\/#article","isPartOf":{"@id":"https:\/\/radiounodigital.com\/web\/2019\/10\/29\/manfred-mann-blinded-by-the-light-live-1975\/"},"author":{"name":"diegoc","@id":"https:\/\/radiounodigital.com\/web\/#\/schema\/person\/00b93151fa54f619ecf9c183d1fc9758"},"headline":"Manfred Mann &#8211; Blinded by the Light (Live 1975)","datePublished":"2019-10-29T15:20:54+00:00","dateModified":"2019-10-31T16:00:39+00:00","mainEntityOfPage":{"@id":"https:\/\/radiounodigital.com\/web\/2019\/10\/29\/manfred-mann-blinded-by-the-light-live-1975\/"},"wordCount":168,"commentCount":0,"image":{"@id":"https:\/\/radiounodigital.com\/web\/2019\/10\/29\/manfred-mann-blinded-by-the-light-live-1975\/#primaryimage"},"thumbnailUrl":"https:\/\/radiounodigital.com\/web\/wp-content\/uploads\/2019\/10\/Manfred-Manns-Earth-Band.jpg","keywords":["blinded by the light","bruce springsteen","cover","Manfred Mann's Earth Band"],"articleSection":["Covers"],"inLanguage":"es","potentialAction":[{"@type":"CommentAction","name":"Comment","target":["https:\/\/radiounodigital.com\/web\/2019\/10\/29\/manfred-mann-blinded-by-the-light-live-1975\/#respond"]}]},{"@type":"WebPage","@id":"https:\/\/radiounodigital.com\/web\/2019\/10\/29\/manfred-mann-blinded-by-the-light-live-1975\/","url":"https:\/\/radiounodigital.com\/web\/2019\/10\/29\/manfred-mann-blinded-by-the-light-live-1975\/","name":"Manfred Mann - Blinded by the Light (Live 1975) - Radio UNO Digital","isPartOf":{"@id":"https:\/\/radiounodigital.com\/web\/#website"},"primaryImageOfPage":{"@id":"https:\/\/radiounodigital.com\/web\/2019\/10\/29\/manfred-mann-blinded-by-the-light-live-1975\/#primaryimage"},"image":{"@id":"https:\/\/radiounodigital.com\/web\/2019\/10\/29\/manfred-mann-blinded-by-the-light-live-1975\/#primaryimage"},"thumbnailUrl":"https:\/\/radiounodigital.com\/web\/wp-content\/uploads\/2019\/10\/Manfred-Manns-Earth-Band.jpg","datePublished":"2019-10-29T15:20:54+00:00","dateModified":"2019-10-31T16:00:39+00:00","author":{"@id":"https:\/\/radiounodigital.com\/web\/#\/schema\/person\/00b93151fa54f619ecf9c183d1fc9758"},"breadcrumb":{"@id":"https:\/\/radiounodigital.com\/web\/2019\/10\/29\/manfred-mann-blinded-by-the-light-live-1975\/#breadcrumb"},"inLanguage":"es","potentialAction":[{"@type":"ReadAction","target":["https:\/\/radiounodigital.com\/web\/2019\/10\/29\/manfred-mann-blinded-by-the-light-live-1975\/"]}]},{"@type":"ImageObject","inLanguage":"es","@id":"https:\/\/radiounodigital.com\/web\/2019\/10\/29\/manfred-mann-blinded-by-the-light-live-1975\/#primaryimage","url":"https:\/\/radiounodigital.com\/web\/wp-content\/uploads\/2019\/10\/Manfred-Manns-Earth-Band.jpg","contentUrl":"https:\/\/radiounodigital.com\/web\/wp-content\/uploads\/2019\/10\/Manfred-Manns-Earth-Band.jpg","width":735,"height":413},{"@type":"BreadcrumbList","@id":"https:\/\/radiounodigital.com\/web\/2019\/10\/29\/manfred-mann-blinded-by-the-light-live-1975\/#breadcrumb","itemListElement":[{"@type":"ListItem","position":1,"name":"Home","item":"https:\/\/radiounodigital.com\/web\/"},{"@type":"ListItem","position":2,"name":"Manfred Mann &#8211; Blinded by the Light (Live 1975)"}]},{"@type":"WebSite","@id":"https:\/\/radiounodigital.com\/web\/#website","url":"https:\/\/radiounodigital.com\/web\/","name":"Radio UNO Digital","description":"Donde la cultura del rock se siente","potentialAction":[{"@type":"SearchAction","target":{"@type":"EntryPoint","urlTemplate":"https:\/\/radiounodigital.com\/web\/?s={search_term_string}"},"query-input":{"@type":"PropertyValueSpecification","valueRequired":true,"valueName":"search_term_string"}}],"inLanguage":"es"},{"@type":"Person","@id":"https:\/\/radiounodigital.com\/web\/#\/schema\/person\/00b93151fa54f619ecf9c183d1fc9758","name":"diegoc","image":{"@type":"ImageObject","inLanguage":"es","@id":"https:\/\/secure.gravatar.com\/avatar\/0a67041d44c702fb0660d81a5a32c7ce6007341cf92afeb718b75883bf415864?s=96&d=blank&r=g","url":"https:\/\/secure.gravatar.com\/avatar\/0a67041d44c702fb0660d81a5a32c7ce6007341cf92afeb718b75883bf415864?s=96&d=blank&r=g","contentUrl":"https:\/\/secure.gravatar.com\/avatar\/0a67041d44c702fb0660d81a5a32c7ce6007341cf92afeb718b75883bf415864?s=96&d=blank&r=g","caption":"diegoc"},"url":"https:\/\/radiounodigital.com\/web\/author\/diegoc\/"}]}},"_links":{"self":[{"href":"https:\/\/radiounodigital.com\/web\/wp-json\/wp\/v2\/posts\/2908","targetHints":{"allow":["GET"]}}],"collection":[{"href":"https:\/\/radiounodigital.com\/web\/wp-json\/wp\/v2\/posts"}],"about":[{"href":"https:\/\/radiounodigital.com\/web\/wp-json\/wp\/v2\/types\/post"}],"author":[{"embeddable":true,"href":"https:\/\/radiounodigital.com\/web\/wp-json\/wp\/v2\/users\/1"}],"replies":[{"embeddable":true,"href":"https:\/\/radiounodigital.com\/web\/wp-json\/wp\/v2\/comments?post=2908"}],"version-history":[{"count":1,"href":"https:\/\/radiounodigital.com\/web\/wp-json\/wp\/v2\/posts\/2908\/revisions"}],"predecessor-version":[{"id":2910,"href":"https:\/\/radiounodigital.com\/web\/wp-json\/wp\/v2\/posts\/2908\/revisions\/2910"}],"wp:featuredmedia":[{"embeddable":true,"href":"https:\/\/radiounodigital.com\/web\/wp-json\/wp\/v2\/media\/2909"}],"wp:attachment":[{"href":"https:\/\/radiounodigital.com\/web\/wp-json\/wp\/v2\/media?parent=2908"}],"wp:term":[{"taxonomy":"category","embeddable":true,"href":"https:\/\/radiounodigital.com\/web\/wp-json\/wp\/v2\/categories?post=2908"},{"taxonomy":"post_tag","embeddable":true,"href":"https:\/\/radiounodigital.com\/web\/wp-json\/wp\/v2\/tags?post=2908"}],"curies":[{"name":"wp","href":"https:\/\/api.w.org\/{rel}","templated":true}]}}