{"id":2920,"date":"2019-10-31T16:58:17","date_gmt":"2019-10-31T16:58:17","guid":{"rendered":"https:\/\/radiounodigital.com\/web\/?p=2920"},"modified":"2019-11-08T16:19:16","modified_gmt":"2019-11-08T16:19:16","slug":"radio-uno-digital-y-su-regreso-en-la-web-con-nueva-linea-editorial","status":"publish","type":"post","link":"https:\/\/radiounodigital.com\/web\/2019\/10\/31\/radio-uno-digital-y-su-regreso-en-la-web-con-nueva-linea-editorial\/","title":{"rendered":"Radio UNO Digital y su regreso en la Web con nueva l\u00ednea editorial"},"content":{"rendered":"<p>Desde el nacimiento de Radio UNO Digital en 2012 hasta el d\u00eda de hoy hemos pasado por varias etapas, algunos con grandes cambios y crecimiento en varios y diferentes \u00e1ngulos.<\/p>\n<p>En ocasiones ese crecimiento hace perder un poco el rumbo de aquel objetivo inicial que se planea, y es por eso que en 2019 hemos comenzado a re-orientarnos hac\u00eda el objetivo original, el cual es compartir solamente buena m\u00fasica.<\/p>\n<p>Sabemos que esto puede traer algunas bajas en nuestros seguidores, pero no nos quita el sue\u00f1o, mientras estemos en el rumbo del sue\u00f1o que nos trazamos, incluso antes de que existi\u00e9ramos como Radio UNO Digital.<\/p>\n<p>A comienzo de a\u00f1o, y luego de un arduo trabajo, el playlist de m\u00fasica que podes escuchar por Live Streaming est\u00e1 orientado claramente a ese objetivo original, donde el Rock es la base de nuestro sonido con un aditamento especial que descubrimos se complementa muy bien, y que he hecho nos encanta, sino no lo estar\u00edamos haciendo. La nueva incorporaci\u00f3n viene de la mano del blues, porque nos gusta, y porque adem\u00e1s est\u00e1 muy cercanamente ligado al rock cl\u00e1sico, llegando por momento a confundirse, al punto que a veces nos preguntamos que es lo que estamos escuchando. Varios amigos del circuito Blues de Chicago nos han dado la explicaci\u00f3n de porqu\u00e9 ambos g\u00e9neros musicales est\u00e1n ligados. Ellos han denominado a esa fusi\u00f3n de Blues y Rock como \u00abBlusy Rock\u00bb<\/p>\n<p>Citemos un par de ejemplos muy claros, uno que est\u00e1 en los comienzos del blues moderno y otro m\u00e1s contempor\u00e1neo.<\/p>\n<p>Muddy Waters, el padre del Blues influenci\u00f3 fuertemente a los Rolling Stones y estos pusieron el nombre de la banda por una canci\u00f3n de Muddy Waters.<\/p>\n<p><iframe loading=\"lazy\" src=\"https:\/\/www.youtube.com\/embed\/sc_GVeeo-20\" width=\"560\" height=\"315\" frameborder=\"0\" allowfullscreen=\"allowfullscreen\"><\/iframe><\/p>\n<p>Stevie Ray Vaughan, que toca? blues o rock? Pues podr\u00edamos decir que ambos al mismo tiempo. Si SRV suena en un playlist de rock por un lado y en uno de blues por otro, alguien podr\u00eda decir que esta mal? Pues no.<\/p>\n<p><iframe loading=\"lazy\" src=\"https:\/\/www.youtube.com\/embed\/Oxqi3QrkmsI\" width=\"560\" height=\"315\" frameborder=\"0\" allowfullscreen=\"allowfullscreen\"><\/iframe><\/p>\n<p>En ese sentido hemos transformado el Live Streaming de la radio, el cual esperamos lo puedan disfrutar.<\/p>\n<p>La editorial Web estar\u00e1 orientada principalmente a estos dos g\u00e9neros musicales tan unidos entre s\u00ed.<\/p>\n<p>El esp\u00edritu principal de Radio UNO Digital es ir desde lo b\u00e1sico, sin dejar nada por sentado para quienes comienzan a incursionar en este mundo maravilloso de la m\u00fasica, repleto de historia y de historias. Por eso mismo la actualidad de noticias estar\u00e1 orientada en estos dos g\u00e9neros, tanto de lo nuevo como de los cl\u00e1sicos de todos los tiempos, lo cual en cierto modo ser\u00e1 una escuela de rock y blues para aquellos que no est\u00e1n tan empapados con la historia, imprescindible para poder entender lo que escuchamos.<\/p>\n<p>&nbsp;<\/p>\n<p>Radio UNO Digital<\/p>\n<p>\u00abKeep the Blues Alive\u00bb, \u00abFor those about to Rock\u00bb<\/p>\n<p>&nbsp;<\/p>\n<div class=\"fb-background-color\">\n\t\t\t  <div \n\t\t\t  \tclass = \"fb-comments\" \n\t\t\t  \tdata-href = \"https:\/\/radiounodigital.com\/web\/2019\/10\/31\/radio-uno-digital-y-su-regreso-en-la-web-con-nueva-linea-editorial\/\"\n\t\t\t  \tdata-numposts = \"10\"\n\t\t\t  \tdata-lazy = \"true\"\n\t\t\t\tdata-colorscheme = \"dark\"\n\t\t\t\tdata-order-by = \"reverse_time\"\n\t\t\t\tdata-mobile=true>\n\t\t\t  <\/div><\/div>\n\t\t  <style>\n\t\t    .fb-background-color {\n\t\t\t\tbackground: #ffffff !important;\n\t\t\t}\n\t\t\t.fb_iframe_widget_fluid_desktop iframe {\n\t\t\t    width: 100% !important;\n\t\t\t}\n\t\t  <\/style>\n\t\t  ","protected":false},"excerpt":{"rendered":"<p>Desde el nacimiento de Radio UNO Digital en 2012 hasta el d\u00eda de hoy hemos pasado por varias etapas, algunos con grandes cambios y crecimiento en varios y diferentes \u00e1ngulos. En ocasiones ese crecimiento hace perder un poco el rumbo de aquel objetivo inicial que se planea, y es por eso que en 2019 hemos&#8230; <a href=\"https:\/\/radiounodigital.com\/web\/2019\/10\/31\/radio-uno-digital-y-su-regreso-en-la-web-con-nueva-linea-editorial\/\" class=\"excerpt-read-more\">Read More<\/a><\/p>\n","protected":false},"author":1,"featured_media":2921,"comment_status":"open","ping_status":"open","sticky":false,"template":"","format":"standard","meta":{"footnotes":""},"categories":[180],"tags":[203,79,202,201,143],"class_list":["post-2920","post","type-post","status-publish","format-standard","has-post-thumbnail","hentry","category-news","tag-203","tag-blues","tag-editorial","tag-radio-uno-digital","tag-rock"],"yoast_head":"<!-- This site is optimized with the Yoast SEO plugin v27.4 - https:\/\/yoast.com\/product\/yoast-seo-wordpress\/ -->\n<title>Radio UNO Digital y su regreso en la Web con nueva l\u00ednea editorial - Radio UNO Digital<\/title>\n<meta name=\"robots\" content=\"index, follow, max-snippet:-1, max-image-preview:large, max-video-preview:-1\" \/>\n<link rel=\"canonical\" href=\"https:\/\/radiounodigital.com\/web\/2019\/10\/31\/radio-uno-digital-y-su-regreso-en-la-web-con-nueva-linea-editorial\/\" \/>\n<meta property=\"og:locale\" content=\"es_ES\" \/>\n<meta property=\"og:type\" content=\"article\" \/>\n<meta property=\"og:title\" content=\"Radio UNO Digital y su regreso en la Web con nueva l\u00ednea editorial - Radio UNO Digital\" \/>\n<meta property=\"og:description\" content=\"Desde el nacimiento de Radio UNO Digital en 2012 hasta el d\u00eda de hoy hemos pasado por varias etapas, algunos con grandes cambios y crecimiento en varios y diferentes \u00e1ngulos. En ocasiones ese crecimiento hace perder un poco el rumbo de aquel objetivo inicial que se planea, y es por eso que en 2019 hemos... Read More\" \/>\n<meta property=\"og:url\" content=\"https:\/\/radiounodigital.com\/web\/2019\/10\/31\/radio-uno-digital-y-su-regreso-en-la-web-con-nueva-linea-editorial\/\" \/>\n<meta property=\"og:site_name\" content=\"Radio UNO Digital\" \/>\n<meta property=\"article:published_time\" content=\"2019-10-31T16:58:17+00:00\" \/>\n<meta property=\"article:modified_time\" content=\"2019-11-08T16:19:16+00:00\" \/>\n<meta property=\"og:image\" content=\"https:\/\/radiounodigital.com\/web\/wp-content\/uploads\/2019\/10\/muddy-mickjagger-radiounodigital.jpg\" \/>\n\t<meta property=\"og:image:width\" content=\"650\" \/>\n\t<meta property=\"og:image:height\" content=\"366\" \/>\n\t<meta property=\"og:image:type\" content=\"image\/jpeg\" \/>\n<meta name=\"author\" content=\"diegoc\" \/>\n<meta name=\"twitter:card\" content=\"summary_large_image\" \/>\n<meta name=\"twitter:label1\" content=\"Escrito por\" \/>\n\t<meta name=\"twitter:data1\" content=\"diegoc\" \/>\n\t<meta name=\"twitter:label2\" content=\"Tiempo de lectura\" \/>\n\t<meta name=\"twitter:data2\" content=\"2 minutos\" \/>\n<script type=\"application\/ld+json\" class=\"yoast-schema-graph\">{\"@context\":\"https:\\\/\\\/schema.org\",\"@graph\":[{\"@type\":\"Article\",\"@id\":\"https:\\\/\\\/radiounodigital.com\\\/web\\\/2019\\\/10\\\/31\\\/radio-uno-digital-y-su-regreso-en-la-web-con-nueva-linea-editorial\\\/#article\",\"isPartOf\":{\"@id\":\"https:\\\/\\\/radiounodigital.com\\\/web\\\/2019\\\/10\\\/31\\\/radio-uno-digital-y-su-regreso-en-la-web-con-nueva-linea-editorial\\\/\"},\"author\":{\"name\":\"diegoc\",\"@id\":\"https:\\\/\\\/radiounodigital.com\\\/web\\\/#\\\/schema\\\/person\\\/00b93151fa54f619ecf9c183d1fc9758\"},\"headline\":\"Radio UNO Digital y su regreso en la Web con nueva l\u00ednea editorial\",\"datePublished\":\"2019-10-31T16:58:17+00:00\",\"dateModified\":\"2019-11-08T16:19:16+00:00\",\"mainEntityOfPage\":{\"@id\":\"https:\\\/\\\/radiounodigital.com\\\/web\\\/2019\\\/10\\\/31\\\/radio-uno-digital-y-su-regreso-en-la-web-con-nueva-linea-editorial\\\/\"},\"wordCount\":496,\"commentCount\":0,\"image\":{\"@id\":\"https:\\\/\\\/radiounodigital.com\\\/web\\\/2019\\\/10\\\/31\\\/radio-uno-digital-y-su-regreso-en-la-web-con-nueva-linea-editorial\\\/#primaryimage\"},\"thumbnailUrl\":\"https:\\\/\\\/radiounodigital.com\\\/web\\\/wp-content\\\/uploads\\\/2019\\\/10\\\/muddy-mickjagger-radiounodigital.jpg\",\"keywords\":[\"2019\",\"blues\",\"editorial\",\"radio uno digital\",\"rock\"],\"articleSection\":[\"news\"],\"inLanguage\":\"es\",\"potentialAction\":[{\"@type\":\"CommentAction\",\"name\":\"Comment\",\"target\":[\"https:\\\/\\\/radiounodigital.com\\\/web\\\/2019\\\/10\\\/31\\\/radio-uno-digital-y-su-regreso-en-la-web-con-nueva-linea-editorial\\\/#respond\"]}]},{\"@type\":\"WebPage\",\"@id\":\"https:\\\/\\\/radiounodigital.com\\\/web\\\/2019\\\/10\\\/31\\\/radio-uno-digital-y-su-regreso-en-la-web-con-nueva-linea-editorial\\\/\",\"url\":\"https:\\\/\\\/radiounodigital.com\\\/web\\\/2019\\\/10\\\/31\\\/radio-uno-digital-y-su-regreso-en-la-web-con-nueva-linea-editorial\\\/\",\"name\":\"Radio UNO Digital y su regreso en la Web con nueva l\u00ednea editorial - Radio UNO Digital\",\"isPartOf\":{\"@id\":\"https:\\\/\\\/radiounodigital.com\\\/web\\\/#website\"},\"primaryImageOfPage\":{\"@id\":\"https:\\\/\\\/radiounodigital.com\\\/web\\\/2019\\\/10\\\/31\\\/radio-uno-digital-y-su-regreso-en-la-web-con-nueva-linea-editorial\\\/#primaryimage\"},\"image\":{\"@id\":\"https:\\\/\\\/radiounodigital.com\\\/web\\\/2019\\\/10\\\/31\\\/radio-uno-digital-y-su-regreso-en-la-web-con-nueva-linea-editorial\\\/#primaryimage\"},\"thumbnailUrl\":\"https:\\\/\\\/radiounodigital.com\\\/web\\\/wp-content\\\/uploads\\\/2019\\\/10\\\/muddy-mickjagger-radiounodigital.jpg\",\"datePublished\":\"2019-10-31T16:58:17+00:00\",\"dateModified\":\"2019-11-08T16:19:16+00:00\",\"author\":{\"@id\":\"https:\\\/\\\/radiounodigital.com\\\/web\\\/#\\\/schema\\\/person\\\/00b93151fa54f619ecf9c183d1fc9758\"},\"breadcrumb\":{\"@id\":\"https:\\\/\\\/radiounodigital.com\\\/web\\\/2019\\\/10\\\/31\\\/radio-uno-digital-y-su-regreso-en-la-web-con-nueva-linea-editorial\\\/#breadcrumb\"},\"inLanguage\":\"es\",\"potentialAction\":[{\"@type\":\"ReadAction\",\"target\":[\"https:\\\/\\\/radiounodigital.com\\\/web\\\/2019\\\/10\\\/31\\\/radio-uno-digital-y-su-regreso-en-la-web-con-nueva-linea-editorial\\\/\"]}]},{\"@type\":\"ImageObject\",\"inLanguage\":\"es\",\"@id\":\"https:\\\/\\\/radiounodigital.com\\\/web\\\/2019\\\/10\\\/31\\\/radio-uno-digital-y-su-regreso-en-la-web-con-nueva-linea-editorial\\\/#primaryimage\",\"url\":\"https:\\\/\\\/radiounodigital.com\\\/web\\\/wp-content\\\/uploads\\\/2019\\\/10\\\/muddy-mickjagger-radiounodigital.jpg\",\"contentUrl\":\"https:\\\/\\\/radiounodigital.com\\\/web\\\/wp-content\\\/uploads\\\/2019\\\/10\\\/muddy-mickjagger-radiounodigital.jpg\",\"width\":650,\"height\":366},{\"@type\":\"BreadcrumbList\",\"@id\":\"https:\\\/\\\/radiounodigital.com\\\/web\\\/2019\\\/10\\\/31\\\/radio-uno-digital-y-su-regreso-en-la-web-con-nueva-linea-editorial\\\/#breadcrumb\",\"itemListElement\":[{\"@type\":\"ListItem\",\"position\":1,\"name\":\"Home\",\"item\":\"https:\\\/\\\/radiounodigital.com\\\/web\\\/\"},{\"@type\":\"ListItem\",\"position\":2,\"name\":\"Radio UNO Digital y su regreso en la Web con nueva l\u00ednea editorial\"}]},{\"@type\":\"WebSite\",\"@id\":\"https:\\\/\\\/radiounodigital.com\\\/web\\\/#website\",\"url\":\"https:\\\/\\\/radiounodigital.com\\\/web\\\/\",\"name\":\"Radio UNO Digital\",\"description\":\"Donde la cultura del rock se siente\",\"potentialAction\":[{\"@type\":\"SearchAction\",\"target\":{\"@type\":\"EntryPoint\",\"urlTemplate\":\"https:\\\/\\\/radiounodigital.com\\\/web\\\/?s={search_term_string}\"},\"query-input\":{\"@type\":\"PropertyValueSpecification\",\"valueRequired\":true,\"valueName\":\"search_term_string\"}}],\"inLanguage\":\"es\"},{\"@type\":\"Person\",\"@id\":\"https:\\\/\\\/radiounodigital.com\\\/web\\\/#\\\/schema\\\/person\\\/00b93151fa54f619ecf9c183d1fc9758\",\"name\":\"diegoc\",\"image\":{\"@type\":\"ImageObject\",\"inLanguage\":\"es\",\"@id\":\"https:\\\/\\\/secure.gravatar.com\\\/avatar\\\/0a67041d44c702fb0660d81a5a32c7ce6007341cf92afeb718b75883bf415864?s=96&d=blank&r=g\",\"url\":\"https:\\\/\\\/secure.gravatar.com\\\/avatar\\\/0a67041d44c702fb0660d81a5a32c7ce6007341cf92afeb718b75883bf415864?s=96&d=blank&r=g\",\"contentUrl\":\"https:\\\/\\\/secure.gravatar.com\\\/avatar\\\/0a67041d44c702fb0660d81a5a32c7ce6007341cf92afeb718b75883bf415864?s=96&d=blank&r=g\",\"caption\":\"diegoc\"},\"url\":\"https:\\\/\\\/radiounodigital.com\\\/web\\\/author\\\/diegoc\\\/\"}]}<\/script>\n<!-- \/ Yoast SEO plugin. -->","yoast_head_json":{"title":"Radio UNO Digital y su regreso en la Web con nueva l\u00ednea editorial - Radio UNO Digital","robots":{"index":"index","follow":"follow","max-snippet":"max-snippet:-1","max-image-preview":"max-image-preview:large","max-video-preview":"max-video-preview:-1"},"canonical":"https:\/\/radiounodigital.com\/web\/2019\/10\/31\/radio-uno-digital-y-su-regreso-en-la-web-con-nueva-linea-editorial\/","og_locale":"es_ES","og_type":"article","og_title":"Radio UNO Digital y su regreso en la Web con nueva l\u00ednea editorial - Radio UNO Digital","og_description":"Desde el nacimiento de Radio UNO Digital en 2012 hasta el d\u00eda de hoy hemos pasado por varias etapas, algunos con grandes cambios y crecimiento en varios y diferentes \u00e1ngulos. En ocasiones ese crecimiento hace perder un poco el rumbo de aquel objetivo inicial que se planea, y es por eso que en 2019 hemos... Read More","og_url":"https:\/\/radiounodigital.com\/web\/2019\/10\/31\/radio-uno-digital-y-su-regreso-en-la-web-con-nueva-linea-editorial\/","og_site_name":"Radio UNO Digital","article_published_time":"2019-10-31T16:58:17+00:00","article_modified_time":"2019-11-08T16:19:16+00:00","og_image":[{"width":650,"height":366,"url":"https:\/\/radiounodigital.com\/web\/wp-content\/uploads\/2019\/10\/muddy-mickjagger-radiounodigital.jpg","type":"image\/jpeg"}],"author":"diegoc","twitter_card":"summary_large_image","twitter_misc":{"Escrito por":"diegoc","Tiempo de lectura":"2 minutos"},"schema":{"@context":"https:\/\/schema.org","@graph":[{"@type":"Article","@id":"https:\/\/radiounodigital.com\/web\/2019\/10\/31\/radio-uno-digital-y-su-regreso-en-la-web-con-nueva-linea-editorial\/#article","isPartOf":{"@id":"https:\/\/radiounodigital.com\/web\/2019\/10\/31\/radio-uno-digital-y-su-regreso-en-la-web-con-nueva-linea-editorial\/"},"author":{"name":"diegoc","@id":"https:\/\/radiounodigital.com\/web\/#\/schema\/person\/00b93151fa54f619ecf9c183d1fc9758"},"headline":"Radio UNO Digital y su regreso en la Web con nueva l\u00ednea editorial","datePublished":"2019-10-31T16:58:17+00:00","dateModified":"2019-11-08T16:19:16+00:00","mainEntityOfPage":{"@id":"https:\/\/radiounodigital.com\/web\/2019\/10\/31\/radio-uno-digital-y-su-regreso-en-la-web-con-nueva-linea-editorial\/"},"wordCount":496,"commentCount":0,"image":{"@id":"https:\/\/radiounodigital.com\/web\/2019\/10\/31\/radio-uno-digital-y-su-regreso-en-la-web-con-nueva-linea-editorial\/#primaryimage"},"thumbnailUrl":"https:\/\/radiounodigital.com\/web\/wp-content\/uploads\/2019\/10\/muddy-mickjagger-radiounodigital.jpg","keywords":["2019","blues","editorial","radio uno digital","rock"],"articleSection":["news"],"inLanguage":"es","potentialAction":[{"@type":"CommentAction","name":"Comment","target":["https:\/\/radiounodigital.com\/web\/2019\/10\/31\/radio-uno-digital-y-su-regreso-en-la-web-con-nueva-linea-editorial\/#respond"]}]},{"@type":"WebPage","@id":"https:\/\/radiounodigital.com\/web\/2019\/10\/31\/radio-uno-digital-y-su-regreso-en-la-web-con-nueva-linea-editorial\/","url":"https:\/\/radiounodigital.com\/web\/2019\/10\/31\/radio-uno-digital-y-su-regreso-en-la-web-con-nueva-linea-editorial\/","name":"Radio UNO Digital y su regreso en la Web con nueva l\u00ednea editorial - Radio UNO Digital","isPartOf":{"@id":"https:\/\/radiounodigital.com\/web\/#website"},"primaryImageOfPage":{"@id":"https:\/\/radiounodigital.com\/web\/2019\/10\/31\/radio-uno-digital-y-su-regreso-en-la-web-con-nueva-linea-editorial\/#primaryimage"},"image":{"@id":"https:\/\/radiounodigital.com\/web\/2019\/10\/31\/radio-uno-digital-y-su-regreso-en-la-web-con-nueva-linea-editorial\/#primaryimage"},"thumbnailUrl":"https:\/\/radiounodigital.com\/web\/wp-content\/uploads\/2019\/10\/muddy-mickjagger-radiounodigital.jpg","datePublished":"2019-10-31T16:58:17+00:00","dateModified":"2019-11-08T16:19:16+00:00","author":{"@id":"https:\/\/radiounodigital.com\/web\/#\/schema\/person\/00b93151fa54f619ecf9c183d1fc9758"},"breadcrumb":{"@id":"https:\/\/radiounodigital.com\/web\/2019\/10\/31\/radio-uno-digital-y-su-regreso-en-la-web-con-nueva-linea-editorial\/#breadcrumb"},"inLanguage":"es","potentialAction":[{"@type":"ReadAction","target":["https:\/\/radiounodigital.com\/web\/2019\/10\/31\/radio-uno-digital-y-su-regreso-en-la-web-con-nueva-linea-editorial\/"]}]},{"@type":"ImageObject","inLanguage":"es","@id":"https:\/\/radiounodigital.com\/web\/2019\/10\/31\/radio-uno-digital-y-su-regreso-en-la-web-con-nueva-linea-editorial\/#primaryimage","url":"https:\/\/radiounodigital.com\/web\/wp-content\/uploads\/2019\/10\/muddy-mickjagger-radiounodigital.jpg","contentUrl":"https:\/\/radiounodigital.com\/web\/wp-content\/uploads\/2019\/10\/muddy-mickjagger-radiounodigital.jpg","width":650,"height":366},{"@type":"BreadcrumbList","@id":"https:\/\/radiounodigital.com\/web\/2019\/10\/31\/radio-uno-digital-y-su-regreso-en-la-web-con-nueva-linea-editorial\/#breadcrumb","itemListElement":[{"@type":"ListItem","position":1,"name":"Home","item":"https:\/\/radiounodigital.com\/web\/"},{"@type":"ListItem","position":2,"name":"Radio UNO Digital y su regreso en la Web con nueva l\u00ednea editorial"}]},{"@type":"WebSite","@id":"https:\/\/radiounodigital.com\/web\/#website","url":"https:\/\/radiounodigital.com\/web\/","name":"Radio UNO Digital","description":"Donde la cultura del rock se siente","potentialAction":[{"@type":"SearchAction","target":{"@type":"EntryPoint","urlTemplate":"https:\/\/radiounodigital.com\/web\/?s={search_term_string}"},"query-input":{"@type":"PropertyValueSpecification","valueRequired":true,"valueName":"search_term_string"}}],"inLanguage":"es"},{"@type":"Person","@id":"https:\/\/radiounodigital.com\/web\/#\/schema\/person\/00b93151fa54f619ecf9c183d1fc9758","name":"diegoc","image":{"@type":"ImageObject","inLanguage":"es","@id":"https:\/\/secure.gravatar.com\/avatar\/0a67041d44c702fb0660d81a5a32c7ce6007341cf92afeb718b75883bf415864?s=96&d=blank&r=g","url":"https:\/\/secure.gravatar.com\/avatar\/0a67041d44c702fb0660d81a5a32c7ce6007341cf92afeb718b75883bf415864?s=96&d=blank&r=g","contentUrl":"https:\/\/secure.gravatar.com\/avatar\/0a67041d44c702fb0660d81a5a32c7ce6007341cf92afeb718b75883bf415864?s=96&d=blank&r=g","caption":"diegoc"},"url":"https:\/\/radiounodigital.com\/web\/author\/diegoc\/"}]}},"_links":{"self":[{"href":"https:\/\/radiounodigital.com\/web\/wp-json\/wp\/v2\/posts\/2920","targetHints":{"allow":["GET"]}}],"collection":[{"href":"https:\/\/radiounodigital.com\/web\/wp-json\/wp\/v2\/posts"}],"about":[{"href":"https:\/\/radiounodigital.com\/web\/wp-json\/wp\/v2\/types\/post"}],"author":[{"embeddable":true,"href":"https:\/\/radiounodigital.com\/web\/wp-json\/wp\/v2\/users\/1"}],"replies":[{"embeddable":true,"href":"https:\/\/radiounodigital.com\/web\/wp-json\/wp\/v2\/comments?post=2920"}],"version-history":[{"count":1,"href":"https:\/\/radiounodigital.com\/web\/wp-json\/wp\/v2\/posts\/2920\/revisions"}],"predecessor-version":[{"id":2922,"href":"https:\/\/radiounodigital.com\/web\/wp-json\/wp\/v2\/posts\/2920\/revisions\/2922"}],"wp:featuredmedia":[{"embeddable":true,"href":"https:\/\/radiounodigital.com\/web\/wp-json\/wp\/v2\/media\/2921"}],"wp:attachment":[{"href":"https:\/\/radiounodigital.com\/web\/wp-json\/wp\/v2\/media?parent=2920"}],"wp:term":[{"taxonomy":"category","embeddable":true,"href":"https:\/\/radiounodigital.com\/web\/wp-json\/wp\/v2\/categories?post=2920"},{"taxonomy":"post_tag","embeddable":true,"href":"https:\/\/radiounodigital.com\/web\/wp-json\/wp\/v2\/tags?post=2920"}],"curies":[{"name":"wp","href":"https:\/\/api.w.org\/{rel}","templated":true}]}}