{"id":3062,"date":"2019-11-05T13:00:46","date_gmt":"2019-11-05T13:00:46","guid":{"rendered":"https:\/\/radiounodigital.com\/web\/?p=3062"},"modified":"2019-11-16T16:32:55","modified_gmt":"2019-11-16T16:32:55","slug":"volbeat-estrena-el-video-de-die-to-live","status":"publish","type":"post","link":"https:\/\/radiounodigital.com\/web\/2019\/11\/05\/volbeat-estrena-el-video-de-die-to-live\/","title":{"rendered":"Volbeat estrena el video de Die to Live"},"content":{"rendered":"<h3>Volbeat lanza su nuevo video para Die To Live, tema incluido en su \u00faltimo disco de estudio \u00abRewind, Replay, Rebound\u00bb editado este a\u00f1o.<\/h3>\n<p>&nbsp;<\/p>\n<p><iframe loading=\"lazy\" src=\"https:\/\/www.youtube.com\/embed\/wBZi7JIdSps\" width=\"560\" height=\"315\" frameborder=\"0\" allowfullscreen=\"allowfullscreen\"><\/iframe><\/p>\n<p>&nbsp;<\/p>\n<p>Volbeat ha lanzado el video de su \u00faltimo sencillo Die To Live,junto al lider de Clutch, Neil Fallon. La canci\u00f3n est\u00e1 tomada del s\u00e9ptimo \u00e1lbum de estudio de Volbeat, Rewind, Replay, Rebound, y tambi\u00e9n presenta a Raynier Jacob Jacildo y Doug Corcoran de la banda del cantante y compositor estadounidense JD McPherson.<\/p>\n<p>\u00abHace un par de meses vol\u00e9 a Boston para reunirme con Volbeat para filmar el video de su nuevo sencillo, Die to Live\u00bb, dice Fallon. \u00abFue muy f\u00e1cil de hacer, tal vez cuatro horas. Es un pegadizo rockero directo de una canci\u00f3n y me siento halagado de que me hayan invitado a participar\u00bb.<\/p>\n<p>El cantante de Volbeat, Michael Poulsen, agrega: \u00abEst\u00e1bamos encantados de poder reunir a Neil, Raynier y Doug con nosotros en la misma sala para filmar este video, y estamos muy orgullosos de c\u00f3mo sali\u00f3\u00bb. \u00a1Esperamos que te diviertas tanto mir\u00e1ndolo como nosotros haci\u00e9ndolo!<\/p>\n<div class=\"fb-background-color\">\n\t\t\t  <div \n\t\t\t  \tclass = \"fb-comments\" \n\t\t\t  \tdata-href = \"https:\/\/radiounodigital.com\/web\/2019\/11\/05\/volbeat-estrena-el-video-de-die-to-live\/\"\n\t\t\t  \tdata-numposts = \"10\"\n\t\t\t  \tdata-lazy = \"true\"\n\t\t\t\tdata-colorscheme = \"dark\"\n\t\t\t\tdata-order-by = \"reverse_time\"\n\t\t\t\tdata-mobile=true>\n\t\t\t  <\/div><\/div>\n\t\t  <style>\n\t\t    .fb-background-color {\n\t\t\t\tbackground: #ffffff !important;\n\t\t\t}\n\t\t\t.fb_iframe_widget_fluid_desktop iframe {\n\t\t\t    width: 100% !important;\n\t\t\t}\n\t\t  <\/style>\n\t\t  ","protected":false},"excerpt":{"rendered":"<p>Volbeat lanza su nuevo video para Die To Live, tema incluido en su \u00faltimo disco de estudio \u00abRewind, Replay, Rebound\u00bb editado este a\u00f1o. &nbsp; &nbsp; Volbeat ha lanzado el video de su \u00faltimo sencillo Die To Live,junto al lider de Clutch, Neil Fallon. La canci\u00f3n est\u00e1 tomada del s\u00e9ptimo \u00e1lbum de estudio de Volbeat, Rewind,&#8230; <a href=\"https:\/\/radiounodigital.com\/web\/2019\/11\/05\/volbeat-estrena-el-video-de-die-to-live\/\" class=\"excerpt-read-more\">Read More<\/a><\/p>\n","protected":false},"author":1,"featured_media":3063,"comment_status":"open","ping_status":"open","sticky":false,"template":"","format":"standard","meta":{"footnotes":""},"categories":[180,127],"tags":[227,228,24,226],"class_list":["post-3062","post","type-post","status-publish","format-standard","has-post-thumbnail","hentry","category-news","category-rock","tag-die-to-live","tag-neil-fallon","tag-video","tag-volbeat"],"yoast_head":"<!-- This site is optimized with the Yoast SEO plugin v27.4 - https:\/\/yoast.com\/product\/yoast-seo-wordpress\/ -->\n<title>Volbeat estrena el video de Die to Live - Radio UNO Digital<\/title>\n<meta name=\"robots\" content=\"index, follow, max-snippet:-1, max-image-preview:large, max-video-preview:-1\" \/>\n<link rel=\"canonical\" href=\"https:\/\/radiounodigital.com\/web\/2019\/11\/05\/volbeat-estrena-el-video-de-die-to-live\/\" \/>\n<meta property=\"og:locale\" content=\"es_ES\" \/>\n<meta property=\"og:type\" content=\"article\" \/>\n<meta property=\"og:title\" content=\"Volbeat estrena el video de Die to Live - Radio UNO Digital\" \/>\n<meta property=\"og:description\" content=\"Volbeat lanza su nuevo video para Die To Live, tema incluido en su \u00faltimo disco de estudio \u00abRewind, Replay, Rebound\u00bb editado este a\u00f1o. &nbsp; &nbsp; Volbeat ha lanzado el video de su \u00faltimo sencillo Die To Live,junto al lider de Clutch, Neil Fallon. La canci\u00f3n est\u00e1 tomada del s\u00e9ptimo \u00e1lbum de estudio de Volbeat, Rewind,... Read More\" \/>\n<meta property=\"og:url\" content=\"https:\/\/radiounodigital.com\/web\/2019\/11\/05\/volbeat-estrena-el-video-de-die-to-live\/\" \/>\n<meta property=\"og:site_name\" content=\"Radio UNO Digital\" \/>\n<meta property=\"article:published_time\" content=\"2019-11-05T13:00:46+00:00\" \/>\n<meta property=\"article:modified_time\" content=\"2019-11-16T16:32:55+00:00\" \/>\n<meta property=\"og:image\" content=\"https:\/\/radiounodigital.com\/web\/wp-content\/uploads\/2019\/11\/volbeat.dietolive.jpg\" \/>\n\t<meta property=\"og:image:width\" content=\"650\" \/>\n\t<meta property=\"og:image:height\" content=\"365\" \/>\n\t<meta property=\"og:image:type\" content=\"image\/jpeg\" \/>\n<meta name=\"author\" content=\"diegoc\" \/>\n<meta name=\"twitter:card\" content=\"summary_large_image\" \/>\n<meta name=\"twitter:label1\" content=\"Escrito por\" \/>\n\t<meta name=\"twitter:data1\" content=\"diegoc\" \/>\n\t<meta name=\"twitter:label2\" content=\"Tiempo de lectura\" \/>\n\t<meta name=\"twitter:data2\" content=\"1 minuto\" \/>\n<script type=\"application\/ld+json\" class=\"yoast-schema-graph\">{\"@context\":\"https:\\\/\\\/schema.org\",\"@graph\":[{\"@type\":\"Article\",\"@id\":\"https:\\\/\\\/radiounodigital.com\\\/web\\\/2019\\\/11\\\/05\\\/volbeat-estrena-el-video-de-die-to-live\\\/#article\",\"isPartOf\":{\"@id\":\"https:\\\/\\\/radiounodigital.com\\\/web\\\/2019\\\/11\\\/05\\\/volbeat-estrena-el-video-de-die-to-live\\\/\"},\"author\":{\"name\":\"diegoc\",\"@id\":\"https:\\\/\\\/radiounodigital.com\\\/web\\\/#\\\/schema\\\/person\\\/00b93151fa54f619ecf9c183d1fc9758\"},\"headline\":\"Volbeat estrena el video de Die to Live\",\"datePublished\":\"2019-11-05T13:00:46+00:00\",\"dateModified\":\"2019-11-16T16:32:55+00:00\",\"mainEntityOfPage\":{\"@id\":\"https:\\\/\\\/radiounodigital.com\\\/web\\\/2019\\\/11\\\/05\\\/volbeat-estrena-el-video-de-die-to-live\\\/\"},\"wordCount\":192,\"commentCount\":0,\"image\":{\"@id\":\"https:\\\/\\\/radiounodigital.com\\\/web\\\/2019\\\/11\\\/05\\\/volbeat-estrena-el-video-de-die-to-live\\\/#primaryimage\"},\"thumbnailUrl\":\"https:\\\/\\\/radiounodigital.com\\\/web\\\/wp-content\\\/uploads\\\/2019\\\/11\\\/volbeat.dietolive.jpg\",\"keywords\":[\"die to live\",\"neil fallon\",\"Video\",\"volbeat\"],\"articleSection\":[\"news\",\"Rock\"],\"inLanguage\":\"es\",\"potentialAction\":[{\"@type\":\"CommentAction\",\"name\":\"Comment\",\"target\":[\"https:\\\/\\\/radiounodigital.com\\\/web\\\/2019\\\/11\\\/05\\\/volbeat-estrena-el-video-de-die-to-live\\\/#respond\"]}]},{\"@type\":\"WebPage\",\"@id\":\"https:\\\/\\\/radiounodigital.com\\\/web\\\/2019\\\/11\\\/05\\\/volbeat-estrena-el-video-de-die-to-live\\\/\",\"url\":\"https:\\\/\\\/radiounodigital.com\\\/web\\\/2019\\\/11\\\/05\\\/volbeat-estrena-el-video-de-die-to-live\\\/\",\"name\":\"Volbeat estrena el video de Die to Live - Radio UNO Digital\",\"isPartOf\":{\"@id\":\"https:\\\/\\\/radiounodigital.com\\\/web\\\/#website\"},\"primaryImageOfPage\":{\"@id\":\"https:\\\/\\\/radiounodigital.com\\\/web\\\/2019\\\/11\\\/05\\\/volbeat-estrena-el-video-de-die-to-live\\\/#primaryimage\"},\"image\":{\"@id\":\"https:\\\/\\\/radiounodigital.com\\\/web\\\/2019\\\/11\\\/05\\\/volbeat-estrena-el-video-de-die-to-live\\\/#primaryimage\"},\"thumbnailUrl\":\"https:\\\/\\\/radiounodigital.com\\\/web\\\/wp-content\\\/uploads\\\/2019\\\/11\\\/volbeat.dietolive.jpg\",\"datePublished\":\"2019-11-05T13:00:46+00:00\",\"dateModified\":\"2019-11-16T16:32:55+00:00\",\"author\":{\"@id\":\"https:\\\/\\\/radiounodigital.com\\\/web\\\/#\\\/schema\\\/person\\\/00b93151fa54f619ecf9c183d1fc9758\"},\"breadcrumb\":{\"@id\":\"https:\\\/\\\/radiounodigital.com\\\/web\\\/2019\\\/11\\\/05\\\/volbeat-estrena-el-video-de-die-to-live\\\/#breadcrumb\"},\"inLanguage\":\"es\",\"potentialAction\":[{\"@type\":\"ReadAction\",\"target\":[\"https:\\\/\\\/radiounodigital.com\\\/web\\\/2019\\\/11\\\/05\\\/volbeat-estrena-el-video-de-die-to-live\\\/\"]}]},{\"@type\":\"ImageObject\",\"inLanguage\":\"es\",\"@id\":\"https:\\\/\\\/radiounodigital.com\\\/web\\\/2019\\\/11\\\/05\\\/volbeat-estrena-el-video-de-die-to-live\\\/#primaryimage\",\"url\":\"https:\\\/\\\/radiounodigital.com\\\/web\\\/wp-content\\\/uploads\\\/2019\\\/11\\\/volbeat.dietolive.jpg\",\"contentUrl\":\"https:\\\/\\\/radiounodigital.com\\\/web\\\/wp-content\\\/uploads\\\/2019\\\/11\\\/volbeat.dietolive.jpg\",\"width\":650,\"height\":365,\"caption\":\"(Image credit: Ross Halfin)\"},{\"@type\":\"BreadcrumbList\",\"@id\":\"https:\\\/\\\/radiounodigital.com\\\/web\\\/2019\\\/11\\\/05\\\/volbeat-estrena-el-video-de-die-to-live\\\/#breadcrumb\",\"itemListElement\":[{\"@type\":\"ListItem\",\"position\":1,\"name\":\"Home\",\"item\":\"https:\\\/\\\/radiounodigital.com\\\/web\\\/\"},{\"@type\":\"ListItem\",\"position\":2,\"name\":\"Volbeat estrena el video de Die to Live\"}]},{\"@type\":\"WebSite\",\"@id\":\"https:\\\/\\\/radiounodigital.com\\\/web\\\/#website\",\"url\":\"https:\\\/\\\/radiounodigital.com\\\/web\\\/\",\"name\":\"Radio UNO Digital\",\"description\":\"Donde la cultura del rock se siente\",\"potentialAction\":[{\"@type\":\"SearchAction\",\"target\":{\"@type\":\"EntryPoint\",\"urlTemplate\":\"https:\\\/\\\/radiounodigital.com\\\/web\\\/?s={search_term_string}\"},\"query-input\":{\"@type\":\"PropertyValueSpecification\",\"valueRequired\":true,\"valueName\":\"search_term_string\"}}],\"inLanguage\":\"es\"},{\"@type\":\"Person\",\"@id\":\"https:\\\/\\\/radiounodigital.com\\\/web\\\/#\\\/schema\\\/person\\\/00b93151fa54f619ecf9c183d1fc9758\",\"name\":\"diegoc\",\"image\":{\"@type\":\"ImageObject\",\"inLanguage\":\"es\",\"@id\":\"https:\\\/\\\/secure.gravatar.com\\\/avatar\\\/0a67041d44c702fb0660d81a5a32c7ce6007341cf92afeb718b75883bf415864?s=96&d=blank&r=g\",\"url\":\"https:\\\/\\\/secure.gravatar.com\\\/avatar\\\/0a67041d44c702fb0660d81a5a32c7ce6007341cf92afeb718b75883bf415864?s=96&d=blank&r=g\",\"contentUrl\":\"https:\\\/\\\/secure.gravatar.com\\\/avatar\\\/0a67041d44c702fb0660d81a5a32c7ce6007341cf92afeb718b75883bf415864?s=96&d=blank&r=g\",\"caption\":\"diegoc\"},\"url\":\"https:\\\/\\\/radiounodigital.com\\\/web\\\/author\\\/diegoc\\\/\"}]}<\/script>\n<!-- \/ Yoast SEO plugin. -->","yoast_head_json":{"title":"Volbeat estrena el video de Die to Live - Radio UNO Digital","robots":{"index":"index","follow":"follow","max-snippet":"max-snippet:-1","max-image-preview":"max-image-preview:large","max-video-preview":"max-video-preview:-1"},"canonical":"https:\/\/radiounodigital.com\/web\/2019\/11\/05\/volbeat-estrena-el-video-de-die-to-live\/","og_locale":"es_ES","og_type":"article","og_title":"Volbeat estrena el video de Die to Live - Radio UNO Digital","og_description":"Volbeat lanza su nuevo video para Die To Live, tema incluido en su \u00faltimo disco de estudio \u00abRewind, Replay, Rebound\u00bb editado este a\u00f1o. &nbsp; &nbsp; Volbeat ha lanzado el video de su \u00faltimo sencillo Die To Live,junto al lider de Clutch, Neil Fallon. La canci\u00f3n est\u00e1 tomada del s\u00e9ptimo \u00e1lbum de estudio de Volbeat, Rewind,... Read More","og_url":"https:\/\/radiounodigital.com\/web\/2019\/11\/05\/volbeat-estrena-el-video-de-die-to-live\/","og_site_name":"Radio UNO Digital","article_published_time":"2019-11-05T13:00:46+00:00","article_modified_time":"2019-11-16T16:32:55+00:00","og_image":[{"width":650,"height":365,"url":"https:\/\/radiounodigital.com\/web\/wp-content\/uploads\/2019\/11\/volbeat.dietolive.jpg","type":"image\/jpeg"}],"author":"diegoc","twitter_card":"summary_large_image","twitter_misc":{"Escrito por":"diegoc","Tiempo de lectura":"1 minuto"},"schema":{"@context":"https:\/\/schema.org","@graph":[{"@type":"Article","@id":"https:\/\/radiounodigital.com\/web\/2019\/11\/05\/volbeat-estrena-el-video-de-die-to-live\/#article","isPartOf":{"@id":"https:\/\/radiounodigital.com\/web\/2019\/11\/05\/volbeat-estrena-el-video-de-die-to-live\/"},"author":{"name":"diegoc","@id":"https:\/\/radiounodigital.com\/web\/#\/schema\/person\/00b93151fa54f619ecf9c183d1fc9758"},"headline":"Volbeat estrena el video de Die to Live","datePublished":"2019-11-05T13:00:46+00:00","dateModified":"2019-11-16T16:32:55+00:00","mainEntityOfPage":{"@id":"https:\/\/radiounodigital.com\/web\/2019\/11\/05\/volbeat-estrena-el-video-de-die-to-live\/"},"wordCount":192,"commentCount":0,"image":{"@id":"https:\/\/radiounodigital.com\/web\/2019\/11\/05\/volbeat-estrena-el-video-de-die-to-live\/#primaryimage"},"thumbnailUrl":"https:\/\/radiounodigital.com\/web\/wp-content\/uploads\/2019\/11\/volbeat.dietolive.jpg","keywords":["die to live","neil fallon","Video","volbeat"],"articleSection":["news","Rock"],"inLanguage":"es","potentialAction":[{"@type":"CommentAction","name":"Comment","target":["https:\/\/radiounodigital.com\/web\/2019\/11\/05\/volbeat-estrena-el-video-de-die-to-live\/#respond"]}]},{"@type":"WebPage","@id":"https:\/\/radiounodigital.com\/web\/2019\/11\/05\/volbeat-estrena-el-video-de-die-to-live\/","url":"https:\/\/radiounodigital.com\/web\/2019\/11\/05\/volbeat-estrena-el-video-de-die-to-live\/","name":"Volbeat estrena el video de Die to Live - Radio UNO Digital","isPartOf":{"@id":"https:\/\/radiounodigital.com\/web\/#website"},"primaryImageOfPage":{"@id":"https:\/\/radiounodigital.com\/web\/2019\/11\/05\/volbeat-estrena-el-video-de-die-to-live\/#primaryimage"},"image":{"@id":"https:\/\/radiounodigital.com\/web\/2019\/11\/05\/volbeat-estrena-el-video-de-die-to-live\/#primaryimage"},"thumbnailUrl":"https:\/\/radiounodigital.com\/web\/wp-content\/uploads\/2019\/11\/volbeat.dietolive.jpg","datePublished":"2019-11-05T13:00:46+00:00","dateModified":"2019-11-16T16:32:55+00:00","author":{"@id":"https:\/\/radiounodigital.com\/web\/#\/schema\/person\/00b93151fa54f619ecf9c183d1fc9758"},"breadcrumb":{"@id":"https:\/\/radiounodigital.com\/web\/2019\/11\/05\/volbeat-estrena-el-video-de-die-to-live\/#breadcrumb"},"inLanguage":"es","potentialAction":[{"@type":"ReadAction","target":["https:\/\/radiounodigital.com\/web\/2019\/11\/05\/volbeat-estrena-el-video-de-die-to-live\/"]}]},{"@type":"ImageObject","inLanguage":"es","@id":"https:\/\/radiounodigital.com\/web\/2019\/11\/05\/volbeat-estrena-el-video-de-die-to-live\/#primaryimage","url":"https:\/\/radiounodigital.com\/web\/wp-content\/uploads\/2019\/11\/volbeat.dietolive.jpg","contentUrl":"https:\/\/radiounodigital.com\/web\/wp-content\/uploads\/2019\/11\/volbeat.dietolive.jpg","width":650,"height":365,"caption":"(Image credit: Ross Halfin)"},{"@type":"BreadcrumbList","@id":"https:\/\/radiounodigital.com\/web\/2019\/11\/05\/volbeat-estrena-el-video-de-die-to-live\/#breadcrumb","itemListElement":[{"@type":"ListItem","position":1,"name":"Home","item":"https:\/\/radiounodigital.com\/web\/"},{"@type":"ListItem","position":2,"name":"Volbeat estrena el video de Die to Live"}]},{"@type":"WebSite","@id":"https:\/\/radiounodigital.com\/web\/#website","url":"https:\/\/radiounodigital.com\/web\/","name":"Radio UNO Digital","description":"Donde la cultura del rock se siente","potentialAction":[{"@type":"SearchAction","target":{"@type":"EntryPoint","urlTemplate":"https:\/\/radiounodigital.com\/web\/?s={search_term_string}"},"query-input":{"@type":"PropertyValueSpecification","valueRequired":true,"valueName":"search_term_string"}}],"inLanguage":"es"},{"@type":"Person","@id":"https:\/\/radiounodigital.com\/web\/#\/schema\/person\/00b93151fa54f619ecf9c183d1fc9758","name":"diegoc","image":{"@type":"ImageObject","inLanguage":"es","@id":"https:\/\/secure.gravatar.com\/avatar\/0a67041d44c702fb0660d81a5a32c7ce6007341cf92afeb718b75883bf415864?s=96&d=blank&r=g","url":"https:\/\/secure.gravatar.com\/avatar\/0a67041d44c702fb0660d81a5a32c7ce6007341cf92afeb718b75883bf415864?s=96&d=blank&r=g","contentUrl":"https:\/\/secure.gravatar.com\/avatar\/0a67041d44c702fb0660d81a5a32c7ce6007341cf92afeb718b75883bf415864?s=96&d=blank&r=g","caption":"diegoc"},"url":"https:\/\/radiounodigital.com\/web\/author\/diegoc\/"}]}},"_links":{"self":[{"href":"https:\/\/radiounodigital.com\/web\/wp-json\/wp\/v2\/posts\/3062","targetHints":{"allow":["GET"]}}],"collection":[{"href":"https:\/\/radiounodigital.com\/web\/wp-json\/wp\/v2\/posts"}],"about":[{"href":"https:\/\/radiounodigital.com\/web\/wp-json\/wp\/v2\/types\/post"}],"author":[{"embeddable":true,"href":"https:\/\/radiounodigital.com\/web\/wp-json\/wp\/v2\/users\/1"}],"replies":[{"embeddable":true,"href":"https:\/\/radiounodigital.com\/web\/wp-json\/wp\/v2\/comments?post=3062"}],"version-history":[{"count":2,"href":"https:\/\/radiounodigital.com\/web\/wp-json\/wp\/v2\/posts\/3062\/revisions"}],"predecessor-version":[{"id":3137,"href":"https:\/\/radiounodigital.com\/web\/wp-json\/wp\/v2\/posts\/3062\/revisions\/3137"}],"wp:featuredmedia":[{"embeddable":true,"href":"https:\/\/radiounodigital.com\/web\/wp-json\/wp\/v2\/media\/3063"}],"wp:attachment":[{"href":"https:\/\/radiounodigital.com\/web\/wp-json\/wp\/v2\/media?parent=3062"}],"wp:term":[{"taxonomy":"category","embeddable":true,"href":"https:\/\/radiounodigital.com\/web\/wp-json\/wp\/v2\/categories?post=3062"},{"taxonomy":"post_tag","embeddable":true,"href":"https:\/\/radiounodigital.com\/web\/wp-json\/wp\/v2\/tags?post=3062"}],"curies":[{"name":"wp","href":"https:\/\/api.w.org\/{rel}","templated":true}]}}