{"id":3105,"date":"2019-11-08T16:13:44","date_gmt":"2019-11-08T16:13:44","guid":{"rendered":"https:\/\/radiounodigital.com\/web\/?p=3105"},"modified":"2019-11-08T16:13:44","modified_gmt":"2019-11-08T16:13:44","slug":"escucha-la-primera-cancion-en-solitario-de-ozzy-osbourne-en-casi-una-decada-under-the-graveyard","status":"publish","type":"post","link":"https:\/\/radiounodigital.com\/web\/2019\/11\/08\/escucha-la-primera-cancion-en-solitario-de-ozzy-osbourne-en-casi-una-decada-under-the-graveyard\/","title":{"rendered":"Escucha la primera canci\u00f3n en solitario de Ozzy Osbourne en casi una d\u00e9cada, \u00abUnder the Graveyard\u00bb"},"content":{"rendered":"<h3>La canci\u00f3n aparecer\u00e1 en el pr\u00f3ximo LP de \u00abEl Principe de las Tinieblas\u00bb, Ordinary Man, que seg\u00fan \u00e9l es el \u00ab\u00e1lbum m\u00e1s importante que he hecho en mucho tiempo\u00bb<\/h3>\n<p><iframe loading=\"lazy\" src=\"https:\/\/www.youtube.com\/embed\/YERKoDyTMH4\" width=\"560\" height=\"315\" frameborder=\"0\" allowfullscreen=\"allowfullscreen\"><\/iframe><\/p>\n<p>Casi una d\u00e9cada despu\u00e9s de su \u00faltimo \u00e1lbum en solitario, Ozzy Osbourne ha lanzado \u00abUnder the Graveyard\u00bb, el primer sencillo de su pr\u00f3ximo LP de 2020, Ordinary Man.<\/p>\n<p>En los \u00faltimos a\u00f1os, Osbourne hab\u00eda tenido dudas sobre c\u00f3mo hacer un nuevo LP, pero despu\u00e9s de lidiar con una serie de problemas de salud, pudo centrar su atenci\u00f3n en su primera m\u00fasica nueva desde el disco de Black Sabbath de 2013, titulado 13.<\/p>\n<p>La canci\u00f3n comienza con la guitarra ac\u00fastica y Osbourne cantando: \u00abHoy me despert\u00e9 y me odio\u00bb, ya que parece narrar c\u00f3mo se ha estado sintiendo en tiempo real. En la canci\u00f3n, finalmente se da cuenta de que \u00abmi miseria me posee ahora\u00bb. Por el coro, que se ve reforzado por guitarras aplastantes y voces de respaldo espectrales, jura: \u00abYa no estoy viviendo esto en vivo\u00bb. \u00abEs una descripci\u00f3n adecuada de su proceso de recuperaci\u00f3n.<\/p>\n<p>\u00abEste es posiblemente el \u00e1lbum m\u00e1s importante que he hecho en mucho tiempo, probablemente desde No More Tears\u00bb, dijo Osbourne en un comunicado, refiri\u00e9ndose a su \u00e1lbum cu\u00e1druple de platino de 1991. Ese disco conten\u00eda los \u00e9xitos \u00abMama, I&#8217;m Coming Home\u00bb y el ganador del Grammy \u00abNo quiero cambiar el mundo\u00bb.<\/p>\n<p>El m\u00fasico se inspir\u00f3 para escribir m\u00fasica nueva despu\u00e9s de que su hija, Kelly, le pregunt\u00f3 si quer\u00eda trabajar en una canci\u00f3n de Post Malone, que se convirti\u00f3 en \u00abTake What You Want\u00bb. A pesar de no estar familiarizado con el rapero, Osbourne estuvo de acuerdo. La canci\u00f3n se convirti\u00f3 en un \u00e9xito Top 10, y la experiencia lo llev\u00f3 a hacer m\u00e1s m\u00fasica con el productor de Post Malone, Andrew Watt. Juntos, hicieron un \u00e1lbum de nueve pistas, que tard\u00f3 mucho en llegar, ya que no estaba seguro de la posibilidad de lanzar nueva m\u00fasica. \u00abMe gustar\u00eda hacer otro disco\u00bb, dijo a Rolling Stone en 2017. \u00abPero est\u00e1 desperdiciando dinero. &#8230; Nadie los compra \u00ab.<\/p>\n<div class=\"tlid-results-container results-container\">\n<div class=\"tlid-result result-dict-wrapper\">\n<div class=\"result tlid-copy-target\">\n<div class=\"text-wrap tlid-copy-target\">\n<div class=\"result-shield-container tlid-copy-target\" tabindex=\"0\"><span class=\"tlid-translation translation\" lang=\"es\"><span title=\"\">Para Ordinary Man, Watt produjo y toc\u00f3 la guitarra, Duff McKagan de Guns N &#8216;Roses&#8217; manej\u00f3 el bajo y Chad Smith de los Red Hot Chili Peppers &#8216;.<\/span> <span title=\"\">Lo grabaron en Los \u00c1ngeles mientras Osbourne se recuperaba de las heridas.<\/span><br \/>\n<span title=\"\">Despu\u00e9s de que se recupere, Osbourne planea relanzar su gira aplazada No More Tours 2, programada para comenzar nuevamente el 27 de mayo en Atlanta.<\/span> <span class=\"\" title=\"\">Las fechas para la etapa norteamericana terminan el 31 de julio con un concierto en Las Vegas.<\/span><\/span><\/div>\n<\/div>\n<\/div>\n<\/div>\n<\/div>\n<div class=\"fb-background-color\">\n\t\t\t  <div \n\t\t\t  \tclass = \"fb-comments\" \n\t\t\t  \tdata-href = \"https:\/\/radiounodigital.com\/web\/2019\/11\/08\/escucha-la-primera-cancion-en-solitario-de-ozzy-osbourne-en-casi-una-decada-under-the-graveyard\/\"\n\t\t\t  \tdata-numposts = \"10\"\n\t\t\t  \tdata-lazy = \"true\"\n\t\t\t\tdata-colorscheme = \"dark\"\n\t\t\t\tdata-order-by = \"reverse_time\"\n\t\t\t\tdata-mobile=true>\n\t\t\t  <\/div><\/div>\n\t\t  <style>\n\t\t    .fb-background-color {\n\t\t\t\tbackground: #ffffff !important;\n\t\t\t}\n\t\t\t.fb_iframe_widget_fluid_desktop iframe {\n\t\t\t    width: 100% !important;\n\t\t\t}\n\t\t  <\/style>\n\t\t  ","protected":false},"excerpt":{"rendered":"<p>La canci\u00f3n aparecer\u00e1 en el pr\u00f3ximo LP de \u00abEl Principe de las Tinieblas\u00bb, Ordinary Man, que seg\u00fan \u00e9l es el \u00ab\u00e1lbum m\u00e1s importante que he hecho en mucho tiempo\u00bb Casi una d\u00e9cada despu\u00e9s de su \u00faltimo \u00e1lbum en solitario, Ozzy Osbourne ha lanzado \u00abUnder the Graveyard\u00bb, el primer sencillo de su pr\u00f3ximo LP de 2020,&#8230; <a href=\"https:\/\/radiounodigital.com\/web\/2019\/11\/08\/escucha-la-primera-cancion-en-solitario-de-ozzy-osbourne-en-casi-una-decada-under-the-graveyard\/\" class=\"excerpt-read-more\">Read More<\/a><\/p>\n","protected":false},"author":1,"featured_media":3106,"comment_status":"open","ping_status":"open","sticky":false,"template":"","format":"standard","meta":{"footnotes":""},"categories":[180,128],"tags":[276,274,275],"class_list":["post-3105","post","type-post","status-publish","format-standard","has-post-thumbnail","hentry","category-news","category-rock-clasico","tag-nueva-cancion","tag-ozzy-osbourne","tag-under-the-graveyard"],"yoast_head":"<!-- This site is optimized with the Yoast SEO plugin v27.5 - https:\/\/yoast.com\/product\/yoast-seo-wordpress\/ -->\n<title>Escucha la primera canci\u00f3n en solitario de Ozzy Osbourne en casi una d\u00e9cada, &quot;Under the Graveyard&quot; - Radio UNO Digital<\/title>\n<meta name=\"robots\" content=\"index, follow, max-snippet:-1, max-image-preview:large, max-video-preview:-1\" \/>\n<link rel=\"canonical\" href=\"https:\/\/radiounodigital.com\/web\/2019\/11\/08\/escucha-la-primera-cancion-en-solitario-de-ozzy-osbourne-en-casi-una-decada-under-the-graveyard\/\" \/>\n<meta property=\"og:locale\" content=\"es_ES\" \/>\n<meta property=\"og:type\" content=\"article\" \/>\n<meta property=\"og:title\" content=\"Escucha la primera canci\u00f3n en solitario de Ozzy Osbourne en casi una d\u00e9cada, &quot;Under the Graveyard&quot; - Radio UNO Digital\" \/>\n<meta property=\"og:description\" content=\"La canci\u00f3n aparecer\u00e1 en el pr\u00f3ximo LP de \u00abEl Principe de las Tinieblas\u00bb, Ordinary Man, que seg\u00fan \u00e9l es el \u00ab\u00e1lbum m\u00e1s importante que he hecho en mucho tiempo\u00bb Casi una d\u00e9cada despu\u00e9s de su \u00faltimo \u00e1lbum en solitario, Ozzy Osbourne ha lanzado \u00abUnder the Graveyard\u00bb, el primer sencillo de su pr\u00f3ximo LP de 2020,... Read More\" \/>\n<meta property=\"og:url\" content=\"https:\/\/radiounodigital.com\/web\/2019\/11\/08\/escucha-la-primera-cancion-en-solitario-de-ozzy-osbourne-en-casi-una-decada-under-the-graveyard\/\" \/>\n<meta property=\"og:site_name\" content=\"Radio UNO Digital\" \/>\n<meta property=\"article:published_time\" content=\"2019-11-08T16:13:44+00:00\" \/>\n<meta property=\"og:image\" content=\"https:\/\/radiounodigital.com\/web\/wp-content\/uploads\/2019\/11\/ozzy.jpg\" \/>\n\t<meta property=\"og:image:width\" content=\"1140\" \/>\n\t<meta property=\"og:image:height\" content=\"757\" \/>\n\t<meta property=\"og:image:type\" content=\"image\/jpeg\" \/>\n<meta name=\"author\" content=\"diegoc\" \/>\n<meta name=\"twitter:card\" content=\"summary_large_image\" \/>\n<meta name=\"twitter:label1\" content=\"Escrito por\" \/>\n\t<meta name=\"twitter:data1\" content=\"diegoc\" \/>\n\t<meta name=\"twitter:label2\" content=\"Tiempo de lectura\" \/>\n\t<meta name=\"twitter:data2\" content=\"2 minutos\" \/>\n<script type=\"application\/ld+json\" class=\"yoast-schema-graph\">{\"@context\":\"https:\\\/\\\/schema.org\",\"@graph\":[{\"@type\":\"Article\",\"@id\":\"https:\\\/\\\/radiounodigital.com\\\/web\\\/2019\\\/11\\\/08\\\/escucha-la-primera-cancion-en-solitario-de-ozzy-osbourne-en-casi-una-decada-under-the-graveyard\\\/#article\",\"isPartOf\":{\"@id\":\"https:\\\/\\\/radiounodigital.com\\\/web\\\/2019\\\/11\\\/08\\\/escucha-la-primera-cancion-en-solitario-de-ozzy-osbourne-en-casi-una-decada-under-the-graveyard\\\/\"},\"author\":{\"name\":\"diegoc\",\"@id\":\"https:\\\/\\\/radiounodigital.com\\\/web\\\/#\\\/schema\\\/person\\\/00b93151fa54f619ecf9c183d1fc9758\"},\"headline\":\"Escucha la primera canci\u00f3n en solitario de Ozzy Osbourne en casi una d\u00e9cada, \u00abUnder the Graveyard\u00bb\",\"datePublished\":\"2019-11-08T16:13:44+00:00\",\"mainEntityOfPage\":{\"@id\":\"https:\\\/\\\/radiounodigital.com\\\/web\\\/2019\\\/11\\\/08\\\/escucha-la-primera-cancion-en-solitario-de-ozzy-osbourne-en-casi-una-decada-under-the-graveyard\\\/\"},\"wordCount\":465,\"commentCount\":0,\"image\":{\"@id\":\"https:\\\/\\\/radiounodigital.com\\\/web\\\/2019\\\/11\\\/08\\\/escucha-la-primera-cancion-en-solitario-de-ozzy-osbourne-en-casi-una-decada-under-the-graveyard\\\/#primaryimage\"},\"thumbnailUrl\":\"https:\\\/\\\/radiounodigital.com\\\/web\\\/wp-content\\\/uploads\\\/2019\\\/11\\\/ozzy.jpg\",\"keywords\":[\"nueva cancion\",\"ozzy osbourne\",\"Under the Graveyard\"],\"articleSection\":[\"news\",\"Rock Clasico\"],\"inLanguage\":\"es\",\"potentialAction\":[{\"@type\":\"CommentAction\",\"name\":\"Comment\",\"target\":[\"https:\\\/\\\/radiounodigital.com\\\/web\\\/2019\\\/11\\\/08\\\/escucha-la-primera-cancion-en-solitario-de-ozzy-osbourne-en-casi-una-decada-under-the-graveyard\\\/#respond\"]}]},{\"@type\":\"WebPage\",\"@id\":\"https:\\\/\\\/radiounodigital.com\\\/web\\\/2019\\\/11\\\/08\\\/escucha-la-primera-cancion-en-solitario-de-ozzy-osbourne-en-casi-una-decada-under-the-graveyard\\\/\",\"url\":\"https:\\\/\\\/radiounodigital.com\\\/web\\\/2019\\\/11\\\/08\\\/escucha-la-primera-cancion-en-solitario-de-ozzy-osbourne-en-casi-una-decada-under-the-graveyard\\\/\",\"name\":\"Escucha la primera canci\u00f3n en solitario de Ozzy Osbourne en casi una d\u00e9cada, \\\"Under the Graveyard\\\" - Radio UNO Digital\",\"isPartOf\":{\"@id\":\"https:\\\/\\\/radiounodigital.com\\\/web\\\/#website\"},\"primaryImageOfPage\":{\"@id\":\"https:\\\/\\\/radiounodigital.com\\\/web\\\/2019\\\/11\\\/08\\\/escucha-la-primera-cancion-en-solitario-de-ozzy-osbourne-en-casi-una-decada-under-the-graveyard\\\/#primaryimage\"},\"image\":{\"@id\":\"https:\\\/\\\/radiounodigital.com\\\/web\\\/2019\\\/11\\\/08\\\/escucha-la-primera-cancion-en-solitario-de-ozzy-osbourne-en-casi-una-decada-under-the-graveyard\\\/#primaryimage\"},\"thumbnailUrl\":\"https:\\\/\\\/radiounodigital.com\\\/web\\\/wp-content\\\/uploads\\\/2019\\\/11\\\/ozzy.jpg\",\"datePublished\":\"2019-11-08T16:13:44+00:00\",\"author\":{\"@id\":\"https:\\\/\\\/radiounodigital.com\\\/web\\\/#\\\/schema\\\/person\\\/00b93151fa54f619ecf9c183d1fc9758\"},\"breadcrumb\":{\"@id\":\"https:\\\/\\\/radiounodigital.com\\\/web\\\/2019\\\/11\\\/08\\\/escucha-la-primera-cancion-en-solitario-de-ozzy-osbourne-en-casi-una-decada-under-the-graveyard\\\/#breadcrumb\"},\"inLanguage\":\"es\",\"potentialAction\":[{\"@type\":\"ReadAction\",\"target\":[\"https:\\\/\\\/radiounodigital.com\\\/web\\\/2019\\\/11\\\/08\\\/escucha-la-primera-cancion-en-solitario-de-ozzy-osbourne-en-casi-una-decada-under-the-graveyard\\\/\"]}]},{\"@type\":\"ImageObject\",\"inLanguage\":\"es\",\"@id\":\"https:\\\/\\\/radiounodigital.com\\\/web\\\/2019\\\/11\\\/08\\\/escucha-la-primera-cancion-en-solitario-de-ozzy-osbourne-en-casi-una-decada-under-the-graveyard\\\/#primaryimage\",\"url\":\"https:\\\/\\\/radiounodigital.com\\\/web\\\/wp-content\\\/uploads\\\/2019\\\/11\\\/ozzy.jpg\",\"contentUrl\":\"https:\\\/\\\/radiounodigital.com\\\/web\\\/wp-content\\\/uploads\\\/2019\\\/11\\\/ozzy.jpg\",\"width\":1140,\"height\":757},{\"@type\":\"BreadcrumbList\",\"@id\":\"https:\\\/\\\/radiounodigital.com\\\/web\\\/2019\\\/11\\\/08\\\/escucha-la-primera-cancion-en-solitario-de-ozzy-osbourne-en-casi-una-decada-under-the-graveyard\\\/#breadcrumb\",\"itemListElement\":[{\"@type\":\"ListItem\",\"position\":1,\"name\":\"Home\",\"item\":\"https:\\\/\\\/radiounodigital.com\\\/web\\\/\"},{\"@type\":\"ListItem\",\"position\":2,\"name\":\"Escucha la primera canci\u00f3n en solitario de Ozzy Osbourne en casi una d\u00e9cada, \u00abUnder the Graveyard\u00bb\"}]},{\"@type\":\"WebSite\",\"@id\":\"https:\\\/\\\/radiounodigital.com\\\/web\\\/#website\",\"url\":\"https:\\\/\\\/radiounodigital.com\\\/web\\\/\",\"name\":\"Radio UNO Digital\",\"description\":\"Donde la cultura del rock se siente\",\"potentialAction\":[{\"@type\":\"SearchAction\",\"target\":{\"@type\":\"EntryPoint\",\"urlTemplate\":\"https:\\\/\\\/radiounodigital.com\\\/web\\\/?s={search_term_string}\"},\"query-input\":{\"@type\":\"PropertyValueSpecification\",\"valueRequired\":true,\"valueName\":\"search_term_string\"}}],\"inLanguage\":\"es\"},{\"@type\":\"Person\",\"@id\":\"https:\\\/\\\/radiounodigital.com\\\/web\\\/#\\\/schema\\\/person\\\/00b93151fa54f619ecf9c183d1fc9758\",\"name\":\"diegoc\",\"image\":{\"@type\":\"ImageObject\",\"inLanguage\":\"es\",\"@id\":\"https:\\\/\\\/secure.gravatar.com\\\/avatar\\\/0a67041d44c702fb0660d81a5a32c7ce6007341cf92afeb718b75883bf415864?s=96&d=blank&r=g\",\"url\":\"https:\\\/\\\/secure.gravatar.com\\\/avatar\\\/0a67041d44c702fb0660d81a5a32c7ce6007341cf92afeb718b75883bf415864?s=96&d=blank&r=g\",\"contentUrl\":\"https:\\\/\\\/secure.gravatar.com\\\/avatar\\\/0a67041d44c702fb0660d81a5a32c7ce6007341cf92afeb718b75883bf415864?s=96&d=blank&r=g\",\"caption\":\"diegoc\"},\"url\":\"https:\\\/\\\/radiounodigital.com\\\/web\\\/author\\\/diegoc\\\/\"}]}<\/script>\n<!-- \/ Yoast SEO plugin. -->","yoast_head_json":{"title":"Escucha la primera canci\u00f3n en solitario de Ozzy Osbourne en casi una d\u00e9cada, \"Under the Graveyard\" - Radio UNO Digital","robots":{"index":"index","follow":"follow","max-snippet":"max-snippet:-1","max-image-preview":"max-image-preview:large","max-video-preview":"max-video-preview:-1"},"canonical":"https:\/\/radiounodigital.com\/web\/2019\/11\/08\/escucha-la-primera-cancion-en-solitario-de-ozzy-osbourne-en-casi-una-decada-under-the-graveyard\/","og_locale":"es_ES","og_type":"article","og_title":"Escucha la primera canci\u00f3n en solitario de Ozzy Osbourne en casi una d\u00e9cada, \"Under the Graveyard\" - Radio UNO Digital","og_description":"La canci\u00f3n aparecer\u00e1 en el pr\u00f3ximo LP de \u00abEl Principe de las Tinieblas\u00bb, Ordinary Man, que seg\u00fan \u00e9l es el \u00ab\u00e1lbum m\u00e1s importante que he hecho en mucho tiempo\u00bb Casi una d\u00e9cada despu\u00e9s de su \u00faltimo \u00e1lbum en solitario, Ozzy Osbourne ha lanzado \u00abUnder the Graveyard\u00bb, el primer sencillo de su pr\u00f3ximo LP de 2020,... Read More","og_url":"https:\/\/radiounodigital.com\/web\/2019\/11\/08\/escucha-la-primera-cancion-en-solitario-de-ozzy-osbourne-en-casi-una-decada-under-the-graveyard\/","og_site_name":"Radio UNO Digital","article_published_time":"2019-11-08T16:13:44+00:00","og_image":[{"width":1140,"height":757,"url":"https:\/\/radiounodigital.com\/web\/wp-content\/uploads\/2019\/11\/ozzy.jpg","type":"image\/jpeg"}],"author":"diegoc","twitter_card":"summary_large_image","twitter_misc":{"Escrito por":"diegoc","Tiempo de lectura":"2 minutos"},"schema":{"@context":"https:\/\/schema.org","@graph":[{"@type":"Article","@id":"https:\/\/radiounodigital.com\/web\/2019\/11\/08\/escucha-la-primera-cancion-en-solitario-de-ozzy-osbourne-en-casi-una-decada-under-the-graveyard\/#article","isPartOf":{"@id":"https:\/\/radiounodigital.com\/web\/2019\/11\/08\/escucha-la-primera-cancion-en-solitario-de-ozzy-osbourne-en-casi-una-decada-under-the-graveyard\/"},"author":{"name":"diegoc","@id":"https:\/\/radiounodigital.com\/web\/#\/schema\/person\/00b93151fa54f619ecf9c183d1fc9758"},"headline":"Escucha la primera canci\u00f3n en solitario de Ozzy Osbourne en casi una d\u00e9cada, \u00abUnder the Graveyard\u00bb","datePublished":"2019-11-08T16:13:44+00:00","mainEntityOfPage":{"@id":"https:\/\/radiounodigital.com\/web\/2019\/11\/08\/escucha-la-primera-cancion-en-solitario-de-ozzy-osbourne-en-casi-una-decada-under-the-graveyard\/"},"wordCount":465,"commentCount":0,"image":{"@id":"https:\/\/radiounodigital.com\/web\/2019\/11\/08\/escucha-la-primera-cancion-en-solitario-de-ozzy-osbourne-en-casi-una-decada-under-the-graveyard\/#primaryimage"},"thumbnailUrl":"https:\/\/radiounodigital.com\/web\/wp-content\/uploads\/2019\/11\/ozzy.jpg","keywords":["nueva cancion","ozzy osbourne","Under the Graveyard"],"articleSection":["news","Rock Clasico"],"inLanguage":"es","potentialAction":[{"@type":"CommentAction","name":"Comment","target":["https:\/\/radiounodigital.com\/web\/2019\/11\/08\/escucha-la-primera-cancion-en-solitario-de-ozzy-osbourne-en-casi-una-decada-under-the-graveyard\/#respond"]}]},{"@type":"WebPage","@id":"https:\/\/radiounodigital.com\/web\/2019\/11\/08\/escucha-la-primera-cancion-en-solitario-de-ozzy-osbourne-en-casi-una-decada-under-the-graveyard\/","url":"https:\/\/radiounodigital.com\/web\/2019\/11\/08\/escucha-la-primera-cancion-en-solitario-de-ozzy-osbourne-en-casi-una-decada-under-the-graveyard\/","name":"Escucha la primera canci\u00f3n en solitario de Ozzy Osbourne en casi una d\u00e9cada, \"Under the Graveyard\" - Radio UNO Digital","isPartOf":{"@id":"https:\/\/radiounodigital.com\/web\/#website"},"primaryImageOfPage":{"@id":"https:\/\/radiounodigital.com\/web\/2019\/11\/08\/escucha-la-primera-cancion-en-solitario-de-ozzy-osbourne-en-casi-una-decada-under-the-graveyard\/#primaryimage"},"image":{"@id":"https:\/\/radiounodigital.com\/web\/2019\/11\/08\/escucha-la-primera-cancion-en-solitario-de-ozzy-osbourne-en-casi-una-decada-under-the-graveyard\/#primaryimage"},"thumbnailUrl":"https:\/\/radiounodigital.com\/web\/wp-content\/uploads\/2019\/11\/ozzy.jpg","datePublished":"2019-11-08T16:13:44+00:00","author":{"@id":"https:\/\/radiounodigital.com\/web\/#\/schema\/person\/00b93151fa54f619ecf9c183d1fc9758"},"breadcrumb":{"@id":"https:\/\/radiounodigital.com\/web\/2019\/11\/08\/escucha-la-primera-cancion-en-solitario-de-ozzy-osbourne-en-casi-una-decada-under-the-graveyard\/#breadcrumb"},"inLanguage":"es","potentialAction":[{"@type":"ReadAction","target":["https:\/\/radiounodigital.com\/web\/2019\/11\/08\/escucha-la-primera-cancion-en-solitario-de-ozzy-osbourne-en-casi-una-decada-under-the-graveyard\/"]}]},{"@type":"ImageObject","inLanguage":"es","@id":"https:\/\/radiounodigital.com\/web\/2019\/11\/08\/escucha-la-primera-cancion-en-solitario-de-ozzy-osbourne-en-casi-una-decada-under-the-graveyard\/#primaryimage","url":"https:\/\/radiounodigital.com\/web\/wp-content\/uploads\/2019\/11\/ozzy.jpg","contentUrl":"https:\/\/radiounodigital.com\/web\/wp-content\/uploads\/2019\/11\/ozzy.jpg","width":1140,"height":757},{"@type":"BreadcrumbList","@id":"https:\/\/radiounodigital.com\/web\/2019\/11\/08\/escucha-la-primera-cancion-en-solitario-de-ozzy-osbourne-en-casi-una-decada-under-the-graveyard\/#breadcrumb","itemListElement":[{"@type":"ListItem","position":1,"name":"Home","item":"https:\/\/radiounodigital.com\/web\/"},{"@type":"ListItem","position":2,"name":"Escucha la primera canci\u00f3n en solitario de Ozzy Osbourne en casi una d\u00e9cada, \u00abUnder the Graveyard\u00bb"}]},{"@type":"WebSite","@id":"https:\/\/radiounodigital.com\/web\/#website","url":"https:\/\/radiounodigital.com\/web\/","name":"Radio UNO Digital","description":"Donde la cultura del rock se siente","potentialAction":[{"@type":"SearchAction","target":{"@type":"EntryPoint","urlTemplate":"https:\/\/radiounodigital.com\/web\/?s={search_term_string}"},"query-input":{"@type":"PropertyValueSpecification","valueRequired":true,"valueName":"search_term_string"}}],"inLanguage":"es"},{"@type":"Person","@id":"https:\/\/radiounodigital.com\/web\/#\/schema\/person\/00b93151fa54f619ecf9c183d1fc9758","name":"diegoc","image":{"@type":"ImageObject","inLanguage":"es","@id":"https:\/\/secure.gravatar.com\/avatar\/0a67041d44c702fb0660d81a5a32c7ce6007341cf92afeb718b75883bf415864?s=96&d=blank&r=g","url":"https:\/\/secure.gravatar.com\/avatar\/0a67041d44c702fb0660d81a5a32c7ce6007341cf92afeb718b75883bf415864?s=96&d=blank&r=g","contentUrl":"https:\/\/secure.gravatar.com\/avatar\/0a67041d44c702fb0660d81a5a32c7ce6007341cf92afeb718b75883bf415864?s=96&d=blank&r=g","caption":"diegoc"},"url":"https:\/\/radiounodigital.com\/web\/author\/diegoc\/"}]}},"_links":{"self":[{"href":"https:\/\/radiounodigital.com\/web\/wp-json\/wp\/v2\/posts\/3105","targetHints":{"allow":["GET"]}}],"collection":[{"href":"https:\/\/radiounodigital.com\/web\/wp-json\/wp\/v2\/posts"}],"about":[{"href":"https:\/\/radiounodigital.com\/web\/wp-json\/wp\/v2\/types\/post"}],"author":[{"embeddable":true,"href":"https:\/\/radiounodigital.com\/web\/wp-json\/wp\/v2\/users\/1"}],"replies":[{"embeddable":true,"href":"https:\/\/radiounodigital.com\/web\/wp-json\/wp\/v2\/comments?post=3105"}],"version-history":[{"count":1,"href":"https:\/\/radiounodigital.com\/web\/wp-json\/wp\/v2\/posts\/3105\/revisions"}],"predecessor-version":[{"id":3107,"href":"https:\/\/radiounodigital.com\/web\/wp-json\/wp\/v2\/posts\/3105\/revisions\/3107"}],"wp:featuredmedia":[{"embeddable":true,"href":"https:\/\/radiounodigital.com\/web\/wp-json\/wp\/v2\/media\/3106"}],"wp:attachment":[{"href":"https:\/\/radiounodigital.com\/web\/wp-json\/wp\/v2\/media?parent=3105"}],"wp:term":[{"taxonomy":"category","embeddable":true,"href":"https:\/\/radiounodigital.com\/web\/wp-json\/wp\/v2\/categories?post=3105"},{"taxonomy":"post_tag","embeddable":true,"href":"https:\/\/radiounodigital.com\/web\/wp-json\/wp\/v2\/tags?post=3105"}],"curies":[{"name":"wp","href":"https:\/\/api.w.org\/{rel}","templated":true}]}}