{"id":3126,"date":"2019-11-13T12:51:09","date_gmt":"2019-11-13T12:51:09","guid":{"rendered":"https:\/\/radiounodigital.com\/web\/?p=3126"},"modified":"2019-11-13T12:51:09","modified_gmt":"2019-11-13T12:51:09","slug":"cosquin-rock-2020-festeja-a-lo-grande-los-primeros-20-anos-del-festival","status":"publish","type":"post","link":"https:\/\/radiounodigital.com\/web\/2019\/11\/13\/cosquin-rock-2020-festeja-a-lo-grande-los-primeros-20-anos-del-festival\/","title":{"rendered":"Cosquin Rock 2020 festeja a lo grande los primeros 20 a\u00f1os del festival"},"content":{"rendered":"<h3>Han pasado 20 a\u00f1os desde la primera edici\u00f3n del Cosqu\u00edn Rock en Argentina y la organizaci\u00f3n se prepara para festejarlo a lo grande.<\/h3>\n<p><img loading=\"lazy\" decoding=\"async\" class=\"aligncenter size-full wp-image-3128\" src=\"https:\/\/radiounodigital.com\/web\/wp-content\/uploads\/2019\/11\/lineup-cosquin-rock-2020.jpg\" alt=\"\" width=\"740\" height=\"1219\" srcset=\"https:\/\/radiounodigital.com\/web\/wp-content\/uploads\/2019\/11\/lineup-cosquin-rock-2020.jpg 740w, https:\/\/radiounodigital.com\/web\/wp-content\/uploads\/2019\/11\/lineup-cosquin-rock-2020-182x300.jpg 182w, https:\/\/radiounodigital.com\/web\/wp-content\/uploads\/2019\/11\/lineup-cosquin-rock-2020-622x1024.jpg 622w\" sizes=\"auto, (max-width: 740px) 100vw, 740px\" \/><\/p>\n<p class=\"capital\">Charly Garcia que hace seis a\u00f1os que no participa del evento junto a Divididos y Ciro y los Persas quienes fueron parte de la primera edici\u00f3n del festival son quienes encabezaran el cartel del prestigioso festival Cordob\u00e9s.<\/p>\n<p>Tambi\u00e9n encabezaran el festival, Skay y Los Fakires, Las Pelotas, Ratones Paranoicos, y La Vela Puerca entre tantos otros.<\/p>\n<div>\n<div id=\"aniBox\">\n<div id=\"aniplayer_aniviewJS777997839\">\n<div id=\"aniplayer_aniviewJS777997839gui\">\n<div id=\"av-container\" class=\" desktop hide-controls\">\n<div id=\"av-inner\">\n<div id=\"slot\">\n<div id=\"imgpreloader\">El festival se llevar\u00e1 a cabo como de costumbre en Aer\u00f3dromo de Santa Mar\u00eda de Punilla cercano a la ciudad de Cordoba el pr\u00f3ximo 8 y 9 de febrero de 2020. La grilla contar\u00e1 con destacados artistas del trap y el rap local, Duki Wos y Cazzu, acercando claramente a las nuevas generaciones a participar del Cosqu\u00edn Rock.<\/div>\n<\/div>\n<div><\/div>\n<\/div>\n<\/div>\n<\/div>\n<\/div>\n<\/div>\n<\/div>\n<div class=\"fb-background-color\">\n\t\t\t  <div \n\t\t\t  \tclass = \"fb-comments\" \n\t\t\t  \tdata-href = \"https:\/\/radiounodigital.com\/web\/2019\/11\/13\/cosquin-rock-2020-festeja-a-lo-grande-los-primeros-20-anos-del-festival\/\"\n\t\t\t  \tdata-numposts = \"10\"\n\t\t\t  \tdata-lazy = \"true\"\n\t\t\t\tdata-colorscheme = \"dark\"\n\t\t\t\tdata-order-by = \"reverse_time\"\n\t\t\t\tdata-mobile=true>\n\t\t\t  <\/div><\/div>\n\t\t  <style>\n\t\t    .fb-background-color {\n\t\t\t\tbackground: #ffffff !important;\n\t\t\t}\n\t\t\t.fb_iframe_widget_fluid_desktop iframe {\n\t\t\t    width: 100% !important;\n\t\t\t}\n\t\t  <\/style>\n\t\t  ","protected":false},"excerpt":{"rendered":"<p>Han pasado 20 a\u00f1os desde la primera edici\u00f3n del Cosqu\u00edn Rock en Argentina y la organizaci\u00f3n se prepara para festejarlo a lo grande. Charly Garcia que hace seis a\u00f1os que no participa del evento junto a Divididos y Ciro y los Persas quienes fueron parte de la primera edici\u00f3n del festival son quienes encabezaran el&#8230; <a href=\"https:\/\/radiounodigital.com\/web\/2019\/11\/13\/cosquin-rock-2020-festeja-a-lo-grande-los-primeros-20-anos-del-festival\/\" class=\"excerpt-read-more\">Read More<\/a><\/p>\n","protected":false},"author":1,"featured_media":3127,"comment_status":"open","ping_status":"open","sticky":false,"template":"","format":"standard","meta":{"footnotes":""},"categories":[180,127],"tags":[100,296,295],"class_list":["post-3126","post","type-post","status-publish","format-standard","has-post-thumbnail","hentry","category-news","category-rock","tag-100","tag-argentina","tag-cosquon-rock"],"yoast_head":"<!-- This site is optimized with the Yoast SEO plugin v27.4 - https:\/\/yoast.com\/product\/yoast-seo-wordpress\/ -->\n<title>Cosquin Rock 2020 festeja a lo grande los primeros 20 a\u00f1os del festival - Radio UNO Digital<\/title>\n<meta name=\"robots\" content=\"index, follow, max-snippet:-1, max-image-preview:large, max-video-preview:-1\" \/>\n<link rel=\"canonical\" href=\"https:\/\/radiounodigital.com\/web\/2019\/11\/13\/cosquin-rock-2020-festeja-a-lo-grande-los-primeros-20-anos-del-festival\/\" \/>\n<meta property=\"og:locale\" content=\"es_ES\" \/>\n<meta property=\"og:type\" content=\"article\" \/>\n<meta property=\"og:title\" content=\"Cosquin Rock 2020 festeja a lo grande los primeros 20 a\u00f1os del festival - Radio UNO Digital\" \/>\n<meta property=\"og:description\" content=\"Han pasado 20 a\u00f1os desde la primera edici\u00f3n del Cosqu\u00edn Rock en Argentina y la organizaci\u00f3n se prepara para festejarlo a lo grande. Charly Garcia que hace seis a\u00f1os que no participa del evento junto a Divididos y Ciro y los Persas quienes fueron parte de la primera edici\u00f3n del festival son quienes encabezaran el... Read More\" \/>\n<meta property=\"og:url\" content=\"https:\/\/radiounodigital.com\/web\/2019\/11\/13\/cosquin-rock-2020-festeja-a-lo-grande-los-primeros-20-anos-del-festival\/\" \/>\n<meta property=\"og:site_name\" content=\"Radio UNO Digital\" \/>\n<meta property=\"article:published_time\" content=\"2019-11-13T12:51:09+00:00\" \/>\n<meta property=\"og:image\" content=\"https:\/\/radiounodigital.com\/web\/wp-content\/uploads\/2019\/11\/cosquin-rock-2020.png\" \/>\n\t<meta property=\"og:image:width\" content=\"820\" \/>\n\t<meta property=\"og:image:height\" content=\"315\" \/>\n\t<meta property=\"og:image:type\" content=\"image\/png\" \/>\n<meta name=\"author\" content=\"diegoc\" \/>\n<meta name=\"twitter:card\" content=\"summary_large_image\" \/>\n<meta name=\"twitter:label1\" content=\"Escrito por\" \/>\n\t<meta name=\"twitter:data1\" content=\"diegoc\" \/>\n\t<meta name=\"twitter:label2\" content=\"Tiempo de lectura\" \/>\n\t<meta name=\"twitter:data2\" content=\"1 minuto\" \/>\n<script type=\"application\/ld+json\" class=\"yoast-schema-graph\">{\"@context\":\"https:\\\/\\\/schema.org\",\"@graph\":[{\"@type\":\"Article\",\"@id\":\"https:\\\/\\\/radiounodigital.com\\\/web\\\/2019\\\/11\\\/13\\\/cosquin-rock-2020-festeja-a-lo-grande-los-primeros-20-anos-del-festival\\\/#article\",\"isPartOf\":{\"@id\":\"https:\\\/\\\/radiounodigital.com\\\/web\\\/2019\\\/11\\\/13\\\/cosquin-rock-2020-festeja-a-lo-grande-los-primeros-20-anos-del-festival\\\/\"},\"author\":{\"name\":\"diegoc\",\"@id\":\"https:\\\/\\\/radiounodigital.com\\\/web\\\/#\\\/schema\\\/person\\\/00b93151fa54f619ecf9c183d1fc9758\"},\"headline\":\"Cosquin Rock 2020 festeja a lo grande los primeros 20 a\u00f1os del festival\",\"datePublished\":\"2019-11-13T12:51:09+00:00\",\"mainEntityOfPage\":{\"@id\":\"https:\\\/\\\/radiounodigital.com\\\/web\\\/2019\\\/11\\\/13\\\/cosquin-rock-2020-festeja-a-lo-grande-los-primeros-20-anos-del-festival\\\/\"},\"wordCount\":157,\"commentCount\":0,\"image\":{\"@id\":\"https:\\\/\\\/radiounodigital.com\\\/web\\\/2019\\\/11\\\/13\\\/cosquin-rock-2020-festeja-a-lo-grande-los-primeros-20-anos-del-festival\\\/#primaryimage\"},\"thumbnailUrl\":\"https:\\\/\\\/radiounodigital.com\\\/web\\\/wp-content\\\/uploads\\\/2019\\\/11\\\/cosquin-rock-2020.png\",\"keywords\":[\"2020\",\"argentina\",\"cosquon rock\"],\"articleSection\":[\"news\",\"Rock\"],\"inLanguage\":\"es\",\"potentialAction\":[{\"@type\":\"CommentAction\",\"name\":\"Comment\",\"target\":[\"https:\\\/\\\/radiounodigital.com\\\/web\\\/2019\\\/11\\\/13\\\/cosquin-rock-2020-festeja-a-lo-grande-los-primeros-20-anos-del-festival\\\/#respond\"]}]},{\"@type\":\"WebPage\",\"@id\":\"https:\\\/\\\/radiounodigital.com\\\/web\\\/2019\\\/11\\\/13\\\/cosquin-rock-2020-festeja-a-lo-grande-los-primeros-20-anos-del-festival\\\/\",\"url\":\"https:\\\/\\\/radiounodigital.com\\\/web\\\/2019\\\/11\\\/13\\\/cosquin-rock-2020-festeja-a-lo-grande-los-primeros-20-anos-del-festival\\\/\",\"name\":\"Cosquin Rock 2020 festeja a lo grande los primeros 20 a\u00f1os del festival - Radio UNO Digital\",\"isPartOf\":{\"@id\":\"https:\\\/\\\/radiounodigital.com\\\/web\\\/#website\"},\"primaryImageOfPage\":{\"@id\":\"https:\\\/\\\/radiounodigital.com\\\/web\\\/2019\\\/11\\\/13\\\/cosquin-rock-2020-festeja-a-lo-grande-los-primeros-20-anos-del-festival\\\/#primaryimage\"},\"image\":{\"@id\":\"https:\\\/\\\/radiounodigital.com\\\/web\\\/2019\\\/11\\\/13\\\/cosquin-rock-2020-festeja-a-lo-grande-los-primeros-20-anos-del-festival\\\/#primaryimage\"},\"thumbnailUrl\":\"https:\\\/\\\/radiounodigital.com\\\/web\\\/wp-content\\\/uploads\\\/2019\\\/11\\\/cosquin-rock-2020.png\",\"datePublished\":\"2019-11-13T12:51:09+00:00\",\"author\":{\"@id\":\"https:\\\/\\\/radiounodigital.com\\\/web\\\/#\\\/schema\\\/person\\\/00b93151fa54f619ecf9c183d1fc9758\"},\"breadcrumb\":{\"@id\":\"https:\\\/\\\/radiounodigital.com\\\/web\\\/2019\\\/11\\\/13\\\/cosquin-rock-2020-festeja-a-lo-grande-los-primeros-20-anos-del-festival\\\/#breadcrumb\"},\"inLanguage\":\"es\",\"potentialAction\":[{\"@type\":\"ReadAction\",\"target\":[\"https:\\\/\\\/radiounodigital.com\\\/web\\\/2019\\\/11\\\/13\\\/cosquin-rock-2020-festeja-a-lo-grande-los-primeros-20-anos-del-festival\\\/\"]}]},{\"@type\":\"ImageObject\",\"inLanguage\":\"es\",\"@id\":\"https:\\\/\\\/radiounodigital.com\\\/web\\\/2019\\\/11\\\/13\\\/cosquin-rock-2020-festeja-a-lo-grande-los-primeros-20-anos-del-festival\\\/#primaryimage\",\"url\":\"https:\\\/\\\/radiounodigital.com\\\/web\\\/wp-content\\\/uploads\\\/2019\\\/11\\\/cosquin-rock-2020.png\",\"contentUrl\":\"https:\\\/\\\/radiounodigital.com\\\/web\\\/wp-content\\\/uploads\\\/2019\\\/11\\\/cosquin-rock-2020.png\",\"width\":820,\"height\":315},{\"@type\":\"BreadcrumbList\",\"@id\":\"https:\\\/\\\/radiounodigital.com\\\/web\\\/2019\\\/11\\\/13\\\/cosquin-rock-2020-festeja-a-lo-grande-los-primeros-20-anos-del-festival\\\/#breadcrumb\",\"itemListElement\":[{\"@type\":\"ListItem\",\"position\":1,\"name\":\"Home\",\"item\":\"https:\\\/\\\/radiounodigital.com\\\/web\\\/\"},{\"@type\":\"ListItem\",\"position\":2,\"name\":\"Cosquin Rock 2020 festeja a lo grande los primeros 20 a\u00f1os del festival\"}]},{\"@type\":\"WebSite\",\"@id\":\"https:\\\/\\\/radiounodigital.com\\\/web\\\/#website\",\"url\":\"https:\\\/\\\/radiounodigital.com\\\/web\\\/\",\"name\":\"Radio UNO Digital\",\"description\":\"Donde la cultura del rock se siente\",\"potentialAction\":[{\"@type\":\"SearchAction\",\"target\":{\"@type\":\"EntryPoint\",\"urlTemplate\":\"https:\\\/\\\/radiounodigital.com\\\/web\\\/?s={search_term_string}\"},\"query-input\":{\"@type\":\"PropertyValueSpecification\",\"valueRequired\":true,\"valueName\":\"search_term_string\"}}],\"inLanguage\":\"es\"},{\"@type\":\"Person\",\"@id\":\"https:\\\/\\\/radiounodigital.com\\\/web\\\/#\\\/schema\\\/person\\\/00b93151fa54f619ecf9c183d1fc9758\",\"name\":\"diegoc\",\"image\":{\"@type\":\"ImageObject\",\"inLanguage\":\"es\",\"@id\":\"https:\\\/\\\/secure.gravatar.com\\\/avatar\\\/0a67041d44c702fb0660d81a5a32c7ce6007341cf92afeb718b75883bf415864?s=96&d=blank&r=g\",\"url\":\"https:\\\/\\\/secure.gravatar.com\\\/avatar\\\/0a67041d44c702fb0660d81a5a32c7ce6007341cf92afeb718b75883bf415864?s=96&d=blank&r=g\",\"contentUrl\":\"https:\\\/\\\/secure.gravatar.com\\\/avatar\\\/0a67041d44c702fb0660d81a5a32c7ce6007341cf92afeb718b75883bf415864?s=96&d=blank&r=g\",\"caption\":\"diegoc\"},\"url\":\"https:\\\/\\\/radiounodigital.com\\\/web\\\/author\\\/diegoc\\\/\"}]}<\/script>\n<!-- \/ Yoast SEO plugin. -->","yoast_head_json":{"title":"Cosquin Rock 2020 festeja a lo grande los primeros 20 a\u00f1os del festival - Radio UNO Digital","robots":{"index":"index","follow":"follow","max-snippet":"max-snippet:-1","max-image-preview":"max-image-preview:large","max-video-preview":"max-video-preview:-1"},"canonical":"https:\/\/radiounodigital.com\/web\/2019\/11\/13\/cosquin-rock-2020-festeja-a-lo-grande-los-primeros-20-anos-del-festival\/","og_locale":"es_ES","og_type":"article","og_title":"Cosquin Rock 2020 festeja a lo grande los primeros 20 a\u00f1os del festival - Radio UNO Digital","og_description":"Han pasado 20 a\u00f1os desde la primera edici\u00f3n del Cosqu\u00edn Rock en Argentina y la organizaci\u00f3n se prepara para festejarlo a lo grande. Charly Garcia que hace seis a\u00f1os que no participa del evento junto a Divididos y Ciro y los Persas quienes fueron parte de la primera edici\u00f3n del festival son quienes encabezaran el... Read More","og_url":"https:\/\/radiounodigital.com\/web\/2019\/11\/13\/cosquin-rock-2020-festeja-a-lo-grande-los-primeros-20-anos-del-festival\/","og_site_name":"Radio UNO Digital","article_published_time":"2019-11-13T12:51:09+00:00","og_image":[{"width":820,"height":315,"url":"https:\/\/radiounodigital.com\/web\/wp-content\/uploads\/2019\/11\/cosquin-rock-2020.png","type":"image\/png"}],"author":"diegoc","twitter_card":"summary_large_image","twitter_misc":{"Escrito por":"diegoc","Tiempo de lectura":"1 minuto"},"schema":{"@context":"https:\/\/schema.org","@graph":[{"@type":"Article","@id":"https:\/\/radiounodigital.com\/web\/2019\/11\/13\/cosquin-rock-2020-festeja-a-lo-grande-los-primeros-20-anos-del-festival\/#article","isPartOf":{"@id":"https:\/\/radiounodigital.com\/web\/2019\/11\/13\/cosquin-rock-2020-festeja-a-lo-grande-los-primeros-20-anos-del-festival\/"},"author":{"name":"diegoc","@id":"https:\/\/radiounodigital.com\/web\/#\/schema\/person\/00b93151fa54f619ecf9c183d1fc9758"},"headline":"Cosquin Rock 2020 festeja a lo grande los primeros 20 a\u00f1os del festival","datePublished":"2019-11-13T12:51:09+00:00","mainEntityOfPage":{"@id":"https:\/\/radiounodigital.com\/web\/2019\/11\/13\/cosquin-rock-2020-festeja-a-lo-grande-los-primeros-20-anos-del-festival\/"},"wordCount":157,"commentCount":0,"image":{"@id":"https:\/\/radiounodigital.com\/web\/2019\/11\/13\/cosquin-rock-2020-festeja-a-lo-grande-los-primeros-20-anos-del-festival\/#primaryimage"},"thumbnailUrl":"https:\/\/radiounodigital.com\/web\/wp-content\/uploads\/2019\/11\/cosquin-rock-2020.png","keywords":["2020","argentina","cosquon rock"],"articleSection":["news","Rock"],"inLanguage":"es","potentialAction":[{"@type":"CommentAction","name":"Comment","target":["https:\/\/radiounodigital.com\/web\/2019\/11\/13\/cosquin-rock-2020-festeja-a-lo-grande-los-primeros-20-anos-del-festival\/#respond"]}]},{"@type":"WebPage","@id":"https:\/\/radiounodigital.com\/web\/2019\/11\/13\/cosquin-rock-2020-festeja-a-lo-grande-los-primeros-20-anos-del-festival\/","url":"https:\/\/radiounodigital.com\/web\/2019\/11\/13\/cosquin-rock-2020-festeja-a-lo-grande-los-primeros-20-anos-del-festival\/","name":"Cosquin Rock 2020 festeja a lo grande los primeros 20 a\u00f1os del festival - Radio UNO Digital","isPartOf":{"@id":"https:\/\/radiounodigital.com\/web\/#website"},"primaryImageOfPage":{"@id":"https:\/\/radiounodigital.com\/web\/2019\/11\/13\/cosquin-rock-2020-festeja-a-lo-grande-los-primeros-20-anos-del-festival\/#primaryimage"},"image":{"@id":"https:\/\/radiounodigital.com\/web\/2019\/11\/13\/cosquin-rock-2020-festeja-a-lo-grande-los-primeros-20-anos-del-festival\/#primaryimage"},"thumbnailUrl":"https:\/\/radiounodigital.com\/web\/wp-content\/uploads\/2019\/11\/cosquin-rock-2020.png","datePublished":"2019-11-13T12:51:09+00:00","author":{"@id":"https:\/\/radiounodigital.com\/web\/#\/schema\/person\/00b93151fa54f619ecf9c183d1fc9758"},"breadcrumb":{"@id":"https:\/\/radiounodigital.com\/web\/2019\/11\/13\/cosquin-rock-2020-festeja-a-lo-grande-los-primeros-20-anos-del-festival\/#breadcrumb"},"inLanguage":"es","potentialAction":[{"@type":"ReadAction","target":["https:\/\/radiounodigital.com\/web\/2019\/11\/13\/cosquin-rock-2020-festeja-a-lo-grande-los-primeros-20-anos-del-festival\/"]}]},{"@type":"ImageObject","inLanguage":"es","@id":"https:\/\/radiounodigital.com\/web\/2019\/11\/13\/cosquin-rock-2020-festeja-a-lo-grande-los-primeros-20-anos-del-festival\/#primaryimage","url":"https:\/\/radiounodigital.com\/web\/wp-content\/uploads\/2019\/11\/cosquin-rock-2020.png","contentUrl":"https:\/\/radiounodigital.com\/web\/wp-content\/uploads\/2019\/11\/cosquin-rock-2020.png","width":820,"height":315},{"@type":"BreadcrumbList","@id":"https:\/\/radiounodigital.com\/web\/2019\/11\/13\/cosquin-rock-2020-festeja-a-lo-grande-los-primeros-20-anos-del-festival\/#breadcrumb","itemListElement":[{"@type":"ListItem","position":1,"name":"Home","item":"https:\/\/radiounodigital.com\/web\/"},{"@type":"ListItem","position":2,"name":"Cosquin Rock 2020 festeja a lo grande los primeros 20 a\u00f1os del festival"}]},{"@type":"WebSite","@id":"https:\/\/radiounodigital.com\/web\/#website","url":"https:\/\/radiounodigital.com\/web\/","name":"Radio UNO Digital","description":"Donde la cultura del rock se siente","potentialAction":[{"@type":"SearchAction","target":{"@type":"EntryPoint","urlTemplate":"https:\/\/radiounodigital.com\/web\/?s={search_term_string}"},"query-input":{"@type":"PropertyValueSpecification","valueRequired":true,"valueName":"search_term_string"}}],"inLanguage":"es"},{"@type":"Person","@id":"https:\/\/radiounodigital.com\/web\/#\/schema\/person\/00b93151fa54f619ecf9c183d1fc9758","name":"diegoc","image":{"@type":"ImageObject","inLanguage":"es","@id":"https:\/\/secure.gravatar.com\/avatar\/0a67041d44c702fb0660d81a5a32c7ce6007341cf92afeb718b75883bf415864?s=96&d=blank&r=g","url":"https:\/\/secure.gravatar.com\/avatar\/0a67041d44c702fb0660d81a5a32c7ce6007341cf92afeb718b75883bf415864?s=96&d=blank&r=g","contentUrl":"https:\/\/secure.gravatar.com\/avatar\/0a67041d44c702fb0660d81a5a32c7ce6007341cf92afeb718b75883bf415864?s=96&d=blank&r=g","caption":"diegoc"},"url":"https:\/\/radiounodigital.com\/web\/author\/diegoc\/"}]}},"_links":{"self":[{"href":"https:\/\/radiounodigital.com\/web\/wp-json\/wp\/v2\/posts\/3126","targetHints":{"allow":["GET"]}}],"collection":[{"href":"https:\/\/radiounodigital.com\/web\/wp-json\/wp\/v2\/posts"}],"about":[{"href":"https:\/\/radiounodigital.com\/web\/wp-json\/wp\/v2\/types\/post"}],"author":[{"embeddable":true,"href":"https:\/\/radiounodigital.com\/web\/wp-json\/wp\/v2\/users\/1"}],"replies":[{"embeddable":true,"href":"https:\/\/radiounodigital.com\/web\/wp-json\/wp\/v2\/comments?post=3126"}],"version-history":[{"count":1,"href":"https:\/\/radiounodigital.com\/web\/wp-json\/wp\/v2\/posts\/3126\/revisions"}],"predecessor-version":[{"id":3129,"href":"https:\/\/radiounodigital.com\/web\/wp-json\/wp\/v2\/posts\/3126\/revisions\/3129"}],"wp:featuredmedia":[{"embeddable":true,"href":"https:\/\/radiounodigital.com\/web\/wp-json\/wp\/v2\/media\/3127"}],"wp:attachment":[{"href":"https:\/\/radiounodigital.com\/web\/wp-json\/wp\/v2\/media?parent=3126"}],"wp:term":[{"taxonomy":"category","embeddable":true,"href":"https:\/\/radiounodigital.com\/web\/wp-json\/wp\/v2\/categories?post=3126"},{"taxonomy":"post_tag","embeddable":true,"href":"https:\/\/radiounodigital.com\/web\/wp-json\/wp\/v2\/tags?post=3126"}],"curies":[{"name":"wp","href":"https:\/\/api.w.org\/{rel}","templated":true}]}}