{"id":3147,"date":"2019-11-18T13:24:28","date_gmt":"2019-11-18T13:24:28","guid":{"rendered":"https:\/\/radiounodigital.com\/web\/?p=3147"},"modified":"2019-11-18T13:24:28","modified_gmt":"2019-11-18T13:24:28","slug":"recordamos-a-malcolm-young-a-dos-anos-de-su-partida","status":"publish","type":"post","link":"https:\/\/radiounodigital.com\/web\/2019\/11\/18\/recordamos-a-malcolm-young-a-dos-anos-de-su-partida\/","title":{"rendered":"Recordamos a Malcolm Young a dos a\u00f1os de su partida"},"content":{"rendered":"<h3>A la sombra de las luces sobre el escenario estaba siempre \u00e9l para colocar con gran potencia la base r\u00edtmica de AC\/DC en cada actuaci\u00f3n y grabaci\u00f3n en estudios.<\/h3>\n<p><iframe loading=\"lazy\" src=\"https:\/\/www.youtube.com\/embed\/Mj9LUG_JiUw\" width=\"560\" height=\"315\" frameborder=\"0\" allowfullscreen=\"allowfullscreen\"><\/iframe><\/p>\n<p>&nbsp;<\/p>\n<p>Como todos ya saben, luego de pasar tres a\u00f1os alejando de la banda por su demencia senil, part\u00eda de este mundo el 18 de noviembre de 2017, dejando un vac\u00edo en la banda que luego ser\u00eda ocupado por su sobrino Stevie para que todo siga quedando dentro de la familia Young. Cabe recordar que un a\u00f1os atr\u00e1s Malcolm ya hab\u00eda sufrido episodios de demencia senil y debido a ello hab\u00eda olvidado como se tocaba la guitarra y por ello tuve que volver a aprender a tocar nuevamente cada una de las canciones de la banda.<\/p>\n<p>&nbsp;<\/p>\n<p>&nbsp;<\/p>\n<div class=\"fb-background-color\">\n\t\t\t  <div \n\t\t\t  \tclass = \"fb-comments\" \n\t\t\t  \tdata-href = \"https:\/\/radiounodigital.com\/web\/2019\/11\/18\/recordamos-a-malcolm-young-a-dos-anos-de-su-partida\/\"\n\t\t\t  \tdata-numposts = \"10\"\n\t\t\t  \tdata-lazy = \"true\"\n\t\t\t\tdata-colorscheme = \"dark\"\n\t\t\t\tdata-order-by = \"reverse_time\"\n\t\t\t\tdata-mobile=true>\n\t\t\t  <\/div><\/div>\n\t\t  <style>\n\t\t    .fb-background-color {\n\t\t\t\tbackground: #ffffff !important;\n\t\t\t}\n\t\t\t.fb_iframe_widget_fluid_desktop iframe {\n\t\t\t    width: 100% !important;\n\t\t\t}\n\t\t  <\/style>\n\t\t  ","protected":false},"excerpt":{"rendered":"<p>A la sombra de las luces sobre el escenario estaba siempre \u00e9l para colocar con gran potencia la base r\u00edtmica de AC\/DC en cada actuaci\u00f3n y grabaci\u00f3n en estudios. &nbsp; Como todos ya saben, luego de pasar tres a\u00f1os alejando de la banda por su demencia senil, part\u00eda de este mundo el 18 de noviembre&#8230; <a href=\"https:\/\/radiounodigital.com\/web\/2019\/11\/18\/recordamos-a-malcolm-young-a-dos-anos-de-su-partida\/\" class=\"excerpt-read-more\">Read More<\/a><\/p>\n","protected":false},"author":1,"featured_media":3148,"comment_status":"open","ping_status":"open","sticky":false,"template":"","format":"standard","meta":{"footnotes":""},"categories":[180,128],"tags":[148,301,300,84],"class_list":["post-3147","post","type-post","status-publish","format-standard","has-post-thumbnail","hentry","category-news","category-rock-clasico","tag-ac-dc","tag-aniversario","tag-malcolm-young","tag-muerte"],"yoast_head":"<!-- This site is optimized with the Yoast SEO plugin v27.5 - https:\/\/yoast.com\/product\/yoast-seo-wordpress\/ -->\n<title>Recordamos a Malcolm Young a dos a\u00f1os de su partida - Radio UNO Digital<\/title>\n<meta name=\"robots\" content=\"index, follow, max-snippet:-1, max-image-preview:large, max-video-preview:-1\" \/>\n<link rel=\"canonical\" href=\"https:\/\/radiounodigital.com\/web\/2019\/11\/18\/recordamos-a-malcolm-young-a-dos-anos-de-su-partida\/\" \/>\n<meta property=\"og:locale\" content=\"es_ES\" \/>\n<meta property=\"og:type\" content=\"article\" \/>\n<meta property=\"og:title\" content=\"Recordamos a Malcolm Young a dos a\u00f1os de su partida - Radio UNO Digital\" \/>\n<meta property=\"og:description\" content=\"A la sombra de las luces sobre el escenario estaba siempre \u00e9l para colocar con gran potencia la base r\u00edtmica de AC\/DC en cada actuaci\u00f3n y grabaci\u00f3n en estudios. &nbsp; Como todos ya saben, luego de pasar tres a\u00f1os alejando de la banda por su demencia senil, part\u00eda de este mundo el 18 de noviembre... Read More\" \/>\n<meta property=\"og:url\" content=\"https:\/\/radiounodigital.com\/web\/2019\/11\/18\/recordamos-a-malcolm-young-a-dos-anos-de-su-partida\/\" \/>\n<meta property=\"og:site_name\" content=\"Radio UNO Digital\" \/>\n<meta property=\"article:published_time\" content=\"2019-11-18T13:24:28+00:00\" \/>\n<meta property=\"og:image\" content=\"https:\/\/radiounodigital.com\/web\/wp-content\/uploads\/2019\/11\/malcolm-young.jpg\" \/>\n\t<meta property=\"og:image:width\" content=\"1920\" \/>\n\t<meta property=\"og:image:height\" content=\"1080\" \/>\n\t<meta property=\"og:image:type\" content=\"image\/jpeg\" \/>\n<meta name=\"author\" content=\"diegoc\" \/>\n<meta name=\"twitter:card\" content=\"summary_large_image\" \/>\n<meta name=\"twitter:label1\" content=\"Escrito por\" \/>\n\t<meta name=\"twitter:data1\" content=\"diegoc\" \/>\n\t<meta name=\"twitter:label2\" content=\"Tiempo de lectura\" \/>\n\t<meta name=\"twitter:data2\" content=\"1 minuto\" \/>\n<script type=\"application\/ld+json\" class=\"yoast-schema-graph\">{\"@context\":\"https:\\\/\\\/schema.org\",\"@graph\":[{\"@type\":\"Article\",\"@id\":\"https:\\\/\\\/radiounodigital.com\\\/web\\\/2019\\\/11\\\/18\\\/recordamos-a-malcolm-young-a-dos-anos-de-su-partida\\\/#article\",\"isPartOf\":{\"@id\":\"https:\\\/\\\/radiounodigital.com\\\/web\\\/2019\\\/11\\\/18\\\/recordamos-a-malcolm-young-a-dos-anos-de-su-partida\\\/\"},\"author\":{\"name\":\"diegoc\",\"@id\":\"https:\\\/\\\/radiounodigital.com\\\/web\\\/#\\\/schema\\\/person\\\/00b93151fa54f619ecf9c183d1fc9758\"},\"headline\":\"Recordamos a Malcolm Young a dos a\u00f1os de su partida\",\"datePublished\":\"2019-11-18T13:24:28+00:00\",\"mainEntityOfPage\":{\"@id\":\"https:\\\/\\\/radiounodigital.com\\\/web\\\/2019\\\/11\\\/18\\\/recordamos-a-malcolm-young-a-dos-anos-de-su-partida\\\/\"},\"wordCount\":148,\"commentCount\":0,\"image\":{\"@id\":\"https:\\\/\\\/radiounodigital.com\\\/web\\\/2019\\\/11\\\/18\\\/recordamos-a-malcolm-young-a-dos-anos-de-su-partida\\\/#primaryimage\"},\"thumbnailUrl\":\"https:\\\/\\\/radiounodigital.com\\\/web\\\/wp-content\\\/uploads\\\/2019\\\/11\\\/malcolm-young.jpg\",\"keywords\":[\"AC\\\/DC\",\"aniversario\",\"malcolm young\",\"muerte\"],\"articleSection\":[\"news\",\"Rock Clasico\"],\"inLanguage\":\"es\",\"potentialAction\":[{\"@type\":\"CommentAction\",\"name\":\"Comment\",\"target\":[\"https:\\\/\\\/radiounodigital.com\\\/web\\\/2019\\\/11\\\/18\\\/recordamos-a-malcolm-young-a-dos-anos-de-su-partida\\\/#respond\"]}]},{\"@type\":\"WebPage\",\"@id\":\"https:\\\/\\\/radiounodigital.com\\\/web\\\/2019\\\/11\\\/18\\\/recordamos-a-malcolm-young-a-dos-anos-de-su-partida\\\/\",\"url\":\"https:\\\/\\\/radiounodigital.com\\\/web\\\/2019\\\/11\\\/18\\\/recordamos-a-malcolm-young-a-dos-anos-de-su-partida\\\/\",\"name\":\"Recordamos a Malcolm Young a dos a\u00f1os de su partida - Radio UNO Digital\",\"isPartOf\":{\"@id\":\"https:\\\/\\\/radiounodigital.com\\\/web\\\/#website\"},\"primaryImageOfPage\":{\"@id\":\"https:\\\/\\\/radiounodigital.com\\\/web\\\/2019\\\/11\\\/18\\\/recordamos-a-malcolm-young-a-dos-anos-de-su-partida\\\/#primaryimage\"},\"image\":{\"@id\":\"https:\\\/\\\/radiounodigital.com\\\/web\\\/2019\\\/11\\\/18\\\/recordamos-a-malcolm-young-a-dos-anos-de-su-partida\\\/#primaryimage\"},\"thumbnailUrl\":\"https:\\\/\\\/radiounodigital.com\\\/web\\\/wp-content\\\/uploads\\\/2019\\\/11\\\/malcolm-young.jpg\",\"datePublished\":\"2019-11-18T13:24:28+00:00\",\"author\":{\"@id\":\"https:\\\/\\\/radiounodigital.com\\\/web\\\/#\\\/schema\\\/person\\\/00b93151fa54f619ecf9c183d1fc9758\"},\"breadcrumb\":{\"@id\":\"https:\\\/\\\/radiounodigital.com\\\/web\\\/2019\\\/11\\\/18\\\/recordamos-a-malcolm-young-a-dos-anos-de-su-partida\\\/#breadcrumb\"},\"inLanguage\":\"es\",\"potentialAction\":[{\"@type\":\"ReadAction\",\"target\":[\"https:\\\/\\\/radiounodigital.com\\\/web\\\/2019\\\/11\\\/18\\\/recordamos-a-malcolm-young-a-dos-anos-de-su-partida\\\/\"]}]},{\"@type\":\"ImageObject\",\"inLanguage\":\"es\",\"@id\":\"https:\\\/\\\/radiounodigital.com\\\/web\\\/2019\\\/11\\\/18\\\/recordamos-a-malcolm-young-a-dos-anos-de-su-partida\\\/#primaryimage\",\"url\":\"https:\\\/\\\/radiounodigital.com\\\/web\\\/wp-content\\\/uploads\\\/2019\\\/11\\\/malcolm-young.jpg\",\"contentUrl\":\"https:\\\/\\\/radiounodigital.com\\\/web\\\/wp-content\\\/uploads\\\/2019\\\/11\\\/malcolm-young.jpg\",\"width\":1920,\"height\":1080},{\"@type\":\"BreadcrumbList\",\"@id\":\"https:\\\/\\\/radiounodigital.com\\\/web\\\/2019\\\/11\\\/18\\\/recordamos-a-malcolm-young-a-dos-anos-de-su-partida\\\/#breadcrumb\",\"itemListElement\":[{\"@type\":\"ListItem\",\"position\":1,\"name\":\"Home\",\"item\":\"https:\\\/\\\/radiounodigital.com\\\/web\\\/\"},{\"@type\":\"ListItem\",\"position\":2,\"name\":\"Recordamos a Malcolm Young a dos a\u00f1os de su partida\"}]},{\"@type\":\"WebSite\",\"@id\":\"https:\\\/\\\/radiounodigital.com\\\/web\\\/#website\",\"url\":\"https:\\\/\\\/radiounodigital.com\\\/web\\\/\",\"name\":\"Radio UNO Digital\",\"description\":\"Donde la cultura del rock se siente\",\"potentialAction\":[{\"@type\":\"SearchAction\",\"target\":{\"@type\":\"EntryPoint\",\"urlTemplate\":\"https:\\\/\\\/radiounodigital.com\\\/web\\\/?s={search_term_string}\"},\"query-input\":{\"@type\":\"PropertyValueSpecification\",\"valueRequired\":true,\"valueName\":\"search_term_string\"}}],\"inLanguage\":\"es\"},{\"@type\":\"Person\",\"@id\":\"https:\\\/\\\/radiounodigital.com\\\/web\\\/#\\\/schema\\\/person\\\/00b93151fa54f619ecf9c183d1fc9758\",\"name\":\"diegoc\",\"image\":{\"@type\":\"ImageObject\",\"inLanguage\":\"es\",\"@id\":\"https:\\\/\\\/secure.gravatar.com\\\/avatar\\\/0a67041d44c702fb0660d81a5a32c7ce6007341cf92afeb718b75883bf415864?s=96&d=blank&r=g\",\"url\":\"https:\\\/\\\/secure.gravatar.com\\\/avatar\\\/0a67041d44c702fb0660d81a5a32c7ce6007341cf92afeb718b75883bf415864?s=96&d=blank&r=g\",\"contentUrl\":\"https:\\\/\\\/secure.gravatar.com\\\/avatar\\\/0a67041d44c702fb0660d81a5a32c7ce6007341cf92afeb718b75883bf415864?s=96&d=blank&r=g\",\"caption\":\"diegoc\"},\"url\":\"https:\\\/\\\/radiounodigital.com\\\/web\\\/author\\\/diegoc\\\/\"}]}<\/script>\n<!-- \/ Yoast SEO plugin. -->","yoast_head_json":{"title":"Recordamos a Malcolm Young a dos a\u00f1os de su partida - Radio UNO Digital","robots":{"index":"index","follow":"follow","max-snippet":"max-snippet:-1","max-image-preview":"max-image-preview:large","max-video-preview":"max-video-preview:-1"},"canonical":"https:\/\/radiounodigital.com\/web\/2019\/11\/18\/recordamos-a-malcolm-young-a-dos-anos-de-su-partida\/","og_locale":"es_ES","og_type":"article","og_title":"Recordamos a Malcolm Young a dos a\u00f1os de su partida - Radio UNO Digital","og_description":"A la sombra de las luces sobre el escenario estaba siempre \u00e9l para colocar con gran potencia la base r\u00edtmica de AC\/DC en cada actuaci\u00f3n y grabaci\u00f3n en estudios. &nbsp; Como todos ya saben, luego de pasar tres a\u00f1os alejando de la banda por su demencia senil, part\u00eda de este mundo el 18 de noviembre... Read More","og_url":"https:\/\/radiounodigital.com\/web\/2019\/11\/18\/recordamos-a-malcolm-young-a-dos-anos-de-su-partida\/","og_site_name":"Radio UNO Digital","article_published_time":"2019-11-18T13:24:28+00:00","og_image":[{"width":1920,"height":1080,"url":"https:\/\/radiounodigital.com\/web\/wp-content\/uploads\/2019\/11\/malcolm-young.jpg","type":"image\/jpeg"}],"author":"diegoc","twitter_card":"summary_large_image","twitter_misc":{"Escrito por":"diegoc","Tiempo de lectura":"1 minuto"},"schema":{"@context":"https:\/\/schema.org","@graph":[{"@type":"Article","@id":"https:\/\/radiounodigital.com\/web\/2019\/11\/18\/recordamos-a-malcolm-young-a-dos-anos-de-su-partida\/#article","isPartOf":{"@id":"https:\/\/radiounodigital.com\/web\/2019\/11\/18\/recordamos-a-malcolm-young-a-dos-anos-de-su-partida\/"},"author":{"name":"diegoc","@id":"https:\/\/radiounodigital.com\/web\/#\/schema\/person\/00b93151fa54f619ecf9c183d1fc9758"},"headline":"Recordamos a Malcolm Young a dos a\u00f1os de su partida","datePublished":"2019-11-18T13:24:28+00:00","mainEntityOfPage":{"@id":"https:\/\/radiounodigital.com\/web\/2019\/11\/18\/recordamos-a-malcolm-young-a-dos-anos-de-su-partida\/"},"wordCount":148,"commentCount":0,"image":{"@id":"https:\/\/radiounodigital.com\/web\/2019\/11\/18\/recordamos-a-malcolm-young-a-dos-anos-de-su-partida\/#primaryimage"},"thumbnailUrl":"https:\/\/radiounodigital.com\/web\/wp-content\/uploads\/2019\/11\/malcolm-young.jpg","keywords":["AC\/DC","aniversario","malcolm young","muerte"],"articleSection":["news","Rock Clasico"],"inLanguage":"es","potentialAction":[{"@type":"CommentAction","name":"Comment","target":["https:\/\/radiounodigital.com\/web\/2019\/11\/18\/recordamos-a-malcolm-young-a-dos-anos-de-su-partida\/#respond"]}]},{"@type":"WebPage","@id":"https:\/\/radiounodigital.com\/web\/2019\/11\/18\/recordamos-a-malcolm-young-a-dos-anos-de-su-partida\/","url":"https:\/\/radiounodigital.com\/web\/2019\/11\/18\/recordamos-a-malcolm-young-a-dos-anos-de-su-partida\/","name":"Recordamos a Malcolm Young a dos a\u00f1os de su partida - Radio UNO Digital","isPartOf":{"@id":"https:\/\/radiounodigital.com\/web\/#website"},"primaryImageOfPage":{"@id":"https:\/\/radiounodigital.com\/web\/2019\/11\/18\/recordamos-a-malcolm-young-a-dos-anos-de-su-partida\/#primaryimage"},"image":{"@id":"https:\/\/radiounodigital.com\/web\/2019\/11\/18\/recordamos-a-malcolm-young-a-dos-anos-de-su-partida\/#primaryimage"},"thumbnailUrl":"https:\/\/radiounodigital.com\/web\/wp-content\/uploads\/2019\/11\/malcolm-young.jpg","datePublished":"2019-11-18T13:24:28+00:00","author":{"@id":"https:\/\/radiounodigital.com\/web\/#\/schema\/person\/00b93151fa54f619ecf9c183d1fc9758"},"breadcrumb":{"@id":"https:\/\/radiounodigital.com\/web\/2019\/11\/18\/recordamos-a-malcolm-young-a-dos-anos-de-su-partida\/#breadcrumb"},"inLanguage":"es","potentialAction":[{"@type":"ReadAction","target":["https:\/\/radiounodigital.com\/web\/2019\/11\/18\/recordamos-a-malcolm-young-a-dos-anos-de-su-partida\/"]}]},{"@type":"ImageObject","inLanguage":"es","@id":"https:\/\/radiounodigital.com\/web\/2019\/11\/18\/recordamos-a-malcolm-young-a-dos-anos-de-su-partida\/#primaryimage","url":"https:\/\/radiounodigital.com\/web\/wp-content\/uploads\/2019\/11\/malcolm-young.jpg","contentUrl":"https:\/\/radiounodigital.com\/web\/wp-content\/uploads\/2019\/11\/malcolm-young.jpg","width":1920,"height":1080},{"@type":"BreadcrumbList","@id":"https:\/\/radiounodigital.com\/web\/2019\/11\/18\/recordamos-a-malcolm-young-a-dos-anos-de-su-partida\/#breadcrumb","itemListElement":[{"@type":"ListItem","position":1,"name":"Home","item":"https:\/\/radiounodigital.com\/web\/"},{"@type":"ListItem","position":2,"name":"Recordamos a Malcolm Young a dos a\u00f1os de su partida"}]},{"@type":"WebSite","@id":"https:\/\/radiounodigital.com\/web\/#website","url":"https:\/\/radiounodigital.com\/web\/","name":"Radio UNO Digital","description":"Donde la cultura del rock se siente","potentialAction":[{"@type":"SearchAction","target":{"@type":"EntryPoint","urlTemplate":"https:\/\/radiounodigital.com\/web\/?s={search_term_string}"},"query-input":{"@type":"PropertyValueSpecification","valueRequired":true,"valueName":"search_term_string"}}],"inLanguage":"es"},{"@type":"Person","@id":"https:\/\/radiounodigital.com\/web\/#\/schema\/person\/00b93151fa54f619ecf9c183d1fc9758","name":"diegoc","image":{"@type":"ImageObject","inLanguage":"es","@id":"https:\/\/secure.gravatar.com\/avatar\/0a67041d44c702fb0660d81a5a32c7ce6007341cf92afeb718b75883bf415864?s=96&d=blank&r=g","url":"https:\/\/secure.gravatar.com\/avatar\/0a67041d44c702fb0660d81a5a32c7ce6007341cf92afeb718b75883bf415864?s=96&d=blank&r=g","contentUrl":"https:\/\/secure.gravatar.com\/avatar\/0a67041d44c702fb0660d81a5a32c7ce6007341cf92afeb718b75883bf415864?s=96&d=blank&r=g","caption":"diegoc"},"url":"https:\/\/radiounodigital.com\/web\/author\/diegoc\/"}]}},"_links":{"self":[{"href":"https:\/\/radiounodigital.com\/web\/wp-json\/wp\/v2\/posts\/3147","targetHints":{"allow":["GET"]}}],"collection":[{"href":"https:\/\/radiounodigital.com\/web\/wp-json\/wp\/v2\/posts"}],"about":[{"href":"https:\/\/radiounodigital.com\/web\/wp-json\/wp\/v2\/types\/post"}],"author":[{"embeddable":true,"href":"https:\/\/radiounodigital.com\/web\/wp-json\/wp\/v2\/users\/1"}],"replies":[{"embeddable":true,"href":"https:\/\/radiounodigital.com\/web\/wp-json\/wp\/v2\/comments?post=3147"}],"version-history":[{"count":1,"href":"https:\/\/radiounodigital.com\/web\/wp-json\/wp\/v2\/posts\/3147\/revisions"}],"predecessor-version":[{"id":3149,"href":"https:\/\/radiounodigital.com\/web\/wp-json\/wp\/v2\/posts\/3147\/revisions\/3149"}],"wp:featuredmedia":[{"embeddable":true,"href":"https:\/\/radiounodigital.com\/web\/wp-json\/wp\/v2\/media\/3148"}],"wp:attachment":[{"href":"https:\/\/radiounodigital.com\/web\/wp-json\/wp\/v2\/media?parent=3147"}],"wp:term":[{"taxonomy":"category","embeddable":true,"href":"https:\/\/radiounodigital.com\/web\/wp-json\/wp\/v2\/categories?post=3147"},{"taxonomy":"post_tag","embeddable":true,"href":"https:\/\/radiounodigital.com\/web\/wp-json\/wp\/v2\/tags?post=3147"}],"curies":[{"name":"wp","href":"https:\/\/api.w.org\/{rel}","templated":true}]}}