{"id":3163,"date":"2019-11-20T19:32:47","date_gmt":"2019-11-20T19:32:47","guid":{"rendered":"https:\/\/radiounodigital.com\/web\/?p=3163"},"modified":"2019-11-21T01:10:44","modified_gmt":"2019-11-21T01:10:44","slug":"paul-carrack-the-golden-voice-quien-es","status":"publish","type":"post","link":"https:\/\/radiounodigital.com\/web\/2019\/11\/20\/paul-carrack-the-golden-voice-quien-es\/","title":{"rendered":"Paul Carrack \u00abThe Golden Voice\u00bb \u00bfQuien es?"},"content":{"rendered":"<h3>Paul Carrack fue el \u00faltimo oficial de la m\u00fasica pop. Un vocalista y tecladista que disfrut\u00f3 de un \u00e9xito considerable en el transcurso de su larga carrera al servicio de bandas que iban desde Ace a Squeeze hasta Mike + the Mechanics.<\/h3>\n<p><img loading=\"lazy\" decoding=\"async\" class=\"aligncenter size-full wp-image-3164\" src=\"https:\/\/radiounodigital.com\/web\/wp-content\/uploads\/2019\/11\/paul-carrack.jpg\" alt=\"\" width=\"960\" height=\"540\" srcset=\"https:\/\/radiounodigital.com\/web\/wp-content\/uploads\/2019\/11\/paul-carrack.jpg 960w, https:\/\/radiounodigital.com\/web\/wp-content\/uploads\/2019\/11\/paul-carrack-300x169.jpg 300w, https:\/\/radiounodigital.com\/web\/wp-content\/uploads\/2019\/11\/paul-carrack-768x432.jpg 768w\" sizes=\"auto, (max-width: 960px) 100vw, 960px\" \/><\/p>\n<p>Su mejor trabajo a menudo se produjo a expensas de su propia identidad como int\u00e9rprete; de hecho, de los muchos grandes \u00e9xitos en los que se destac\u00f3 al modesto cantante, solo uno, \u00abDon&#8217;t Shed a Tear\u00bb, de 1987, llevaba su propio nombre. Carrack naci\u00f3 el 22 de abril de 1951 en Sheffield, Inglaterra; se uni\u00f3 al grupo de pub rock Ace en 1972, eventualmente escribiendo y cantando su sencillo debut, \u00abHow Long\u00bb. Despu\u00e9s de alcanzar el Top 20 en la Gran Breta\u00f1a natal del grupo, el r\u00e9cord alcanz\u00f3 la posici\u00f3n n\u00famero tres en los Estados Unidos; sin embargo, despu\u00e9s de que el material posterior no coincidiera con el \u00e9xito de \u00abHow Long\u00bb, Ace se disolvi\u00f3 en 1977, y Carrack firm\u00f3 con Frankie Miller.<\/p>\n<p><iframe loading=\"lazy\" src=\"https:\/\/www.youtube.com\/embed\/Vo_GMMLULXw\" width=\"560\" height=\"315\" frameborder=\"0\" allowfullscreen=\"allowfullscreen\"><\/iframe><\/p>\n<p>Pronto reapareci\u00f3 en Roxy Music, apareciendo en los LP Manifesto y Flesh and Blood antes de lanzar su debut en solitario, Nightbird, en 1980. Carrack luego se uni\u00f3 a Squeeze, reemplazando al tecladista Jools Holland; Adem\u00e1s de contribuir al pin\u00e1culo creativo del grupo en 1981 East Side Story, tambi\u00e9n asumi\u00f3 los deberes vocales principales en el sencillo \u00abTempted\u00bb, su \u00e9xito m\u00e1s conocido.<\/p>\n<p><iframe loading=\"lazy\" src=\"https:\/\/www.youtube.com\/embed\/vZic9ZHU_40\" width=\"560\" height=\"315\" frameborder=\"0\" allowfullscreen=\"allowfullscreen\"><\/iframe><\/p>\n<p>Sin embargo, la estad\u00eda de Carrack en Squeeze fue breve, y despu\u00e9s de trabajar con Nick Lowe intent\u00f3 nuevamente forjar una carrera en solitario con el LP Suburban Voodoo de 1982, rompiendo el Top 40 de Estados Unidos con el sencillo \u00abI Need You\u00bb. Le sigui\u00f3 una permanencia como acompa\u00f1ante con Eric Clapton, y en 1985 se uni\u00f3 a Mike Rutherford de Genesis en su proyecto paralelo Mike + the Mechanics. Sus \u00e9xitos incluyen \u00abSilent Running (On Dangerous Ground)\u00bb y \u00abAll I Need Is a Miracle.\u00bb<\/p>\n<p><iframe loading=\"lazy\" src=\"https:\/\/www.youtube.com\/embed\/cAMLa5ZC-B4\" width=\"560\" height=\"315\" frameborder=\"0\" allowfullscreen=\"allowfullscreen\"><\/iframe><\/p>\n<p><iframe loading=\"lazy\" src=\"https:\/\/www.youtube.com\/embed\/ep7W89I_V_g\" width=\"560\" height=\"315\" frameborder=\"0\" allowfullscreen=\"allowfullscreen\"><\/iframe><\/p>\n<p>Mientras segu\u00eda siendo una figura bastante an\u00f3nima en casa, Carrack logr\u00f3 un mayor nivel de visibilidad en Estados Unidos como resultado del \u00e9xito de Mike + the Mechanics; posteriormente, su tercer \u00e1lbum en solitario, One Good Reason, demostr\u00f3 ser, con mucho, su esfuerzo m\u00e1s popular hasta la fecha, con el sencillo \u00abDon&#8217;t Shed a Tear\u00bb llegando al Top Ten.<\/p>\n<p><iframe loading=\"lazy\" src=\"https:\/\/www.youtube.com\/embed\/gJs-9YYiHD0\" width=\"560\" height=\"315\" frameborder=\"0\" allowfullscreen=\"allowfullscreen\"><\/iframe><\/p>\n<p>Sigui\u00f3 otra tenencia con los Mec\u00e1nicos, y con la canci\u00f3n principal de The Living Years de 1988, el grupo obtuvo su primer \u00e9xito n\u00famero uno.<\/p>\n<p><iframe loading=\"lazy\" src=\"https:\/\/www.youtube.com\/embed\/5hr64MxYpgk\" width=\"560\" height=\"315\" frameborder=\"0\" allowfullscreen=\"allowfullscreen\"><\/iframe><\/p>\n<p>Despu\u00e9s de que el LP Groove Approved en 1989, Mike + the Mechanics, emitiera Word of Mouth en 1991, que no pudo repetir el desempe\u00f1o de sus predecesores, pero que sin embargo inclu\u00eda una de las m\u00e1s hermosas baladas que le hemos escuchado cantar como los es Everybody Gets A Second Chance.<\/p>\n<p><iframe loading=\"lazy\" src=\"https:\/\/www.youtube.com\/embed\/6UKLdG_xcIU\" width=\"560\" height=\"315\" frameborder=\"0\" allowfullscreen=\"allowfullscreen\"><\/iframe><\/p>\n<p>Simult\u00e1neamente a estos trabajos, participa en el concierto de The Wall Live in Berlin 1990 de Roger Waters luego de la ca\u00edda del Muro de Berl\u00edn.<\/p>\n<p><iframe loading=\"lazy\" src=\"https:\/\/www.youtube.com\/embed\/pBHvT6XievE\" width=\"560\" height=\"315\" frameborder=\"0\" allowfullscreen=\"allowfullscreen\"><\/iframe><\/p>\n<p>En 1993, Carrack fue nuevamente miembro de Squeeze, apareci\u00f3 en el \u00e1lbum Some Fantastic Place y tambi\u00e9n reanud\u00f3 las tareas principales para una nueva grabaci\u00f3n de \u00abTempted\u00bb. Sin embargo, volvi\u00f3 a estar en el redil de los Mec\u00e1nicos para Beggar on a Beach of Gold de 1995; el Blue Views en solitario se emiti\u00f3 al a\u00f1o siguiente, seguido en 1997 por Beautiful World. Satisfy My Soul se public\u00f3 en 2000, su primer \u00e1lbum para Compass Records. Carrack pas\u00f3 la primera mitad de la gira de 2000, tanto como solista como como l\u00edder de Mike + the Mechanics, lanzando Groovin &#8216;en 2001 y It Ain&#8217;t Over en 2003. Un \u00e1lbum navide\u00f1o apareci\u00f3 en 2005, seguido en 2007 por Old , Nuevo, prestado y azul. Despu\u00e9s del t\u00edtulo titulado I Know That Name de 2008, Carrack se desvi\u00f3 en A Different Hat de 2010, un \u00e1lbum cortado con la Royal Philharmonic Orchestra. Dos a\u00f1os despu\u00e9s, regres\u00f3 con el emotivo \u00e1lbum de 2012 Good Feeling. Siempre un m\u00fasico prol\u00edfico, Carrack lanz\u00f3 Rain o Shine un a\u00f1o despu\u00e9s en 2013, trabajando con el productor Peter Van Hooke. Carrack toc\u00f3 con Eric Clapton en la gira del 50 aniversario del guitarrista en 2013, tambi\u00e9n apareci\u00f3 en dos celebraciones del 70 cumplea\u00f1os de Clapton en 2015. En ese momento, Carrack se hab\u00eda reunido con Van Hooke para Soul Shadows de 2016.<\/p>\n<p><iframe loading=\"lazy\" src=\"https:\/\/www.youtube.com\/embed\/sg4u5_2Slzk\" width=\"560\" height=\"315\" frameborder=\"0\" allowfullscreen=\"allowfullscreen\"><\/iframe><\/p>\n<p>En 2018 lanza su \u00faltimo trabajo titulado These Days en el que se destacan canciones como \u2018Life In A Bubble\u2019 con su tinte Steely Dan-ish (cortes\u00eda del guitarrista Robbie McIntosh) y el contraste Stax-ish de Make You Make Me Feel Good y\u00a0 In The Cold Light Of Day \u2019. Varias letras son proporcionadas por su compa\u00f1ero de banda de Squeeze, Chris Difford.<\/p>\n<p>&nbsp;<\/p>\n<div class=\"fb-background-color\">\n\t\t\t  <div \n\t\t\t  \tclass = \"fb-comments\" \n\t\t\t  \tdata-href = \"https:\/\/radiounodigital.com\/web\/2019\/11\/20\/paul-carrack-the-golden-voice-quien-es\/\"\n\t\t\t  \tdata-numposts = \"10\"\n\t\t\t  \tdata-lazy = \"true\"\n\t\t\t\tdata-colorscheme = \"dark\"\n\t\t\t\tdata-order-by = \"reverse_time\"\n\t\t\t\tdata-mobile=true>\n\t\t\t  <\/div><\/div>\n\t\t  <style>\n\t\t    .fb-background-color {\n\t\t\t\tbackground: #ffffff !important;\n\t\t\t}\n\t\t\t.fb_iframe_widget_fluid_desktop iframe {\n\t\t\t    width: 100% !important;\n\t\t\t}\n\t\t  <\/style>\n\t\t  ","protected":false},"excerpt":{"rendered":"<p>Paul Carrack fue el \u00faltimo oficial de la m\u00fasica pop. Un vocalista y tecladista que disfrut\u00f3 de un \u00e9xito considerable en el transcurso de su larga carrera al servicio de bandas que iban desde Ace a Squeeze hasta Mike + the Mechanics. Su mejor trabajo a menudo se produjo a expensas de su propia identidad&#8230; <a href=\"https:\/\/radiounodigital.com\/web\/2019\/11\/20\/paul-carrack-the-golden-voice-quien-es\/\" class=\"excerpt-read-more\">Read More<\/a><\/p>\n","protected":false},"author":1,"featured_media":3165,"comment_status":"open","ping_status":"open","sticky":false,"template":"","format":"standard","meta":{"footnotes":""},"categories":[180,128],"tags":[315,314,317,312,316,313],"class_list":["post-3163","post","type-post","status-publish","format-standard","has-post-thumbnail","hentry","category-news","category-rock-clasico","tag-ace","tag-la-voz-de-oro","tag-mike-and-the-mechanics","tag-paul-carrack","tag-squeeze","tag-the-golden-voice"],"yoast_head":"<!-- This site is optimized with the Yoast SEO plugin v27.4 - https:\/\/yoast.com\/product\/yoast-seo-wordpress\/ -->\n<title>Paul Carrack &quot;The Golden Voice&quot; \u00bfQuien es? - Radio UNO Digital<\/title>\n<meta name=\"robots\" content=\"index, follow, max-snippet:-1, max-image-preview:large, max-video-preview:-1\" \/>\n<link rel=\"canonical\" href=\"https:\/\/radiounodigital.com\/web\/2019\/11\/20\/paul-carrack-the-golden-voice-quien-es\/\" \/>\n<meta property=\"og:locale\" content=\"es_ES\" \/>\n<meta property=\"og:type\" content=\"article\" \/>\n<meta property=\"og:title\" content=\"Paul Carrack &quot;The Golden Voice&quot; \u00bfQuien es? - Radio UNO Digital\" \/>\n<meta property=\"og:description\" content=\"Paul Carrack fue el \u00faltimo oficial de la m\u00fasica pop. Un vocalista y tecladista que disfrut\u00f3 de un \u00e9xito considerable en el transcurso de su larga carrera al servicio de bandas que iban desde Ace a Squeeze hasta Mike + the Mechanics. Su mejor trabajo a menudo se produjo a expensas de su propia identidad... Read More\" \/>\n<meta property=\"og:url\" content=\"https:\/\/radiounodigital.com\/web\/2019\/11\/20\/paul-carrack-the-golden-voice-quien-es\/\" \/>\n<meta property=\"og:site_name\" content=\"Radio UNO Digital\" \/>\n<meta property=\"article:published_time\" content=\"2019-11-20T19:32:47+00:00\" \/>\n<meta property=\"article:modified_time\" content=\"2019-11-21T01:10:44+00:00\" \/>\n<meta property=\"og:image\" content=\"https:\/\/radiounodigital.com\/web\/wp-content\/uploads\/2019\/11\/paul-carrack-1.jpg\" \/>\n\t<meta property=\"og:image:width\" content=\"1024\" \/>\n\t<meta property=\"og:image:height\" content=\"683\" \/>\n\t<meta property=\"og:image:type\" content=\"image\/jpeg\" \/>\n<meta name=\"author\" content=\"diegoc\" \/>\n<meta name=\"twitter:card\" content=\"summary_large_image\" \/>\n<meta name=\"twitter:label1\" content=\"Escrito por\" \/>\n\t<meta name=\"twitter:data1\" content=\"diegoc\" \/>\n\t<meta name=\"twitter:label2\" content=\"Tiempo de lectura\" \/>\n\t<meta name=\"twitter:data2\" content=\"4 minutos\" \/>\n<script type=\"application\/ld+json\" class=\"yoast-schema-graph\">{\"@context\":\"https:\\\/\\\/schema.org\",\"@graph\":[{\"@type\":\"Article\",\"@id\":\"https:\\\/\\\/radiounodigital.com\\\/web\\\/2019\\\/11\\\/20\\\/paul-carrack-the-golden-voice-quien-es\\\/#article\",\"isPartOf\":{\"@id\":\"https:\\\/\\\/radiounodigital.com\\\/web\\\/2019\\\/11\\\/20\\\/paul-carrack-the-golden-voice-quien-es\\\/\"},\"author\":{\"name\":\"diegoc\",\"@id\":\"https:\\\/\\\/radiounodigital.com\\\/web\\\/#\\\/schema\\\/person\\\/00b93151fa54f619ecf9c183d1fc9758\"},\"headline\":\"Paul Carrack \u00abThe Golden Voice\u00bb \u00bfQuien es?\",\"datePublished\":\"2019-11-20T19:32:47+00:00\",\"dateModified\":\"2019-11-21T01:10:44+00:00\",\"mainEntityOfPage\":{\"@id\":\"https:\\\/\\\/radiounodigital.com\\\/web\\\/2019\\\/11\\\/20\\\/paul-carrack-the-golden-voice-quien-es\\\/\"},\"wordCount\":779,\"commentCount\":0,\"image\":{\"@id\":\"https:\\\/\\\/radiounodigital.com\\\/web\\\/2019\\\/11\\\/20\\\/paul-carrack-the-golden-voice-quien-es\\\/#primaryimage\"},\"thumbnailUrl\":\"https:\\\/\\\/radiounodigital.com\\\/web\\\/wp-content\\\/uploads\\\/2019\\\/11\\\/paul-carrack-1.jpg\",\"keywords\":[\"ace\",\"la voz de oro\",\"mike and the mechanics\",\"paul carrack\",\"squeeze\",\"the golden voice\"],\"articleSection\":[\"news\",\"Rock Clasico\"],\"inLanguage\":\"es\",\"potentialAction\":[{\"@type\":\"CommentAction\",\"name\":\"Comment\",\"target\":[\"https:\\\/\\\/radiounodigital.com\\\/web\\\/2019\\\/11\\\/20\\\/paul-carrack-the-golden-voice-quien-es\\\/#respond\"]}]},{\"@type\":\"WebPage\",\"@id\":\"https:\\\/\\\/radiounodigital.com\\\/web\\\/2019\\\/11\\\/20\\\/paul-carrack-the-golden-voice-quien-es\\\/\",\"url\":\"https:\\\/\\\/radiounodigital.com\\\/web\\\/2019\\\/11\\\/20\\\/paul-carrack-the-golden-voice-quien-es\\\/\",\"name\":\"Paul Carrack \\\"The Golden Voice\\\" \u00bfQuien es? - Radio UNO Digital\",\"isPartOf\":{\"@id\":\"https:\\\/\\\/radiounodigital.com\\\/web\\\/#website\"},\"primaryImageOfPage\":{\"@id\":\"https:\\\/\\\/radiounodigital.com\\\/web\\\/2019\\\/11\\\/20\\\/paul-carrack-the-golden-voice-quien-es\\\/#primaryimage\"},\"image\":{\"@id\":\"https:\\\/\\\/radiounodigital.com\\\/web\\\/2019\\\/11\\\/20\\\/paul-carrack-the-golden-voice-quien-es\\\/#primaryimage\"},\"thumbnailUrl\":\"https:\\\/\\\/radiounodigital.com\\\/web\\\/wp-content\\\/uploads\\\/2019\\\/11\\\/paul-carrack-1.jpg\",\"datePublished\":\"2019-11-20T19:32:47+00:00\",\"dateModified\":\"2019-11-21T01:10:44+00:00\",\"author\":{\"@id\":\"https:\\\/\\\/radiounodigital.com\\\/web\\\/#\\\/schema\\\/person\\\/00b93151fa54f619ecf9c183d1fc9758\"},\"breadcrumb\":{\"@id\":\"https:\\\/\\\/radiounodigital.com\\\/web\\\/2019\\\/11\\\/20\\\/paul-carrack-the-golden-voice-quien-es\\\/#breadcrumb\"},\"inLanguage\":\"es\",\"potentialAction\":[{\"@type\":\"ReadAction\",\"target\":[\"https:\\\/\\\/radiounodigital.com\\\/web\\\/2019\\\/11\\\/20\\\/paul-carrack-the-golden-voice-quien-es\\\/\"]}]},{\"@type\":\"ImageObject\",\"inLanguage\":\"es\",\"@id\":\"https:\\\/\\\/radiounodigital.com\\\/web\\\/2019\\\/11\\\/20\\\/paul-carrack-the-golden-voice-quien-es\\\/#primaryimage\",\"url\":\"https:\\\/\\\/radiounodigital.com\\\/web\\\/wp-content\\\/uploads\\\/2019\\\/11\\\/paul-carrack-1.jpg\",\"contentUrl\":\"https:\\\/\\\/radiounodigital.com\\\/web\\\/wp-content\\\/uploads\\\/2019\\\/11\\\/paul-carrack-1.jpg\",\"width\":1024,\"height\":683},{\"@type\":\"BreadcrumbList\",\"@id\":\"https:\\\/\\\/radiounodigital.com\\\/web\\\/2019\\\/11\\\/20\\\/paul-carrack-the-golden-voice-quien-es\\\/#breadcrumb\",\"itemListElement\":[{\"@type\":\"ListItem\",\"position\":1,\"name\":\"Home\",\"item\":\"https:\\\/\\\/radiounodigital.com\\\/web\\\/\"},{\"@type\":\"ListItem\",\"position\":2,\"name\":\"Paul Carrack \u00abThe Golden Voice\u00bb \u00bfQuien es?\"}]},{\"@type\":\"WebSite\",\"@id\":\"https:\\\/\\\/radiounodigital.com\\\/web\\\/#website\",\"url\":\"https:\\\/\\\/radiounodigital.com\\\/web\\\/\",\"name\":\"Radio UNO Digital\",\"description\":\"Donde la cultura del rock se siente\",\"potentialAction\":[{\"@type\":\"SearchAction\",\"target\":{\"@type\":\"EntryPoint\",\"urlTemplate\":\"https:\\\/\\\/radiounodigital.com\\\/web\\\/?s={search_term_string}\"},\"query-input\":{\"@type\":\"PropertyValueSpecification\",\"valueRequired\":true,\"valueName\":\"search_term_string\"}}],\"inLanguage\":\"es\"},{\"@type\":\"Person\",\"@id\":\"https:\\\/\\\/radiounodigital.com\\\/web\\\/#\\\/schema\\\/person\\\/00b93151fa54f619ecf9c183d1fc9758\",\"name\":\"diegoc\",\"image\":{\"@type\":\"ImageObject\",\"inLanguage\":\"es\",\"@id\":\"https:\\\/\\\/secure.gravatar.com\\\/avatar\\\/0a67041d44c702fb0660d81a5a32c7ce6007341cf92afeb718b75883bf415864?s=96&d=blank&r=g\",\"url\":\"https:\\\/\\\/secure.gravatar.com\\\/avatar\\\/0a67041d44c702fb0660d81a5a32c7ce6007341cf92afeb718b75883bf415864?s=96&d=blank&r=g\",\"contentUrl\":\"https:\\\/\\\/secure.gravatar.com\\\/avatar\\\/0a67041d44c702fb0660d81a5a32c7ce6007341cf92afeb718b75883bf415864?s=96&d=blank&r=g\",\"caption\":\"diegoc\"},\"url\":\"https:\\\/\\\/radiounodigital.com\\\/web\\\/author\\\/diegoc\\\/\"}]}<\/script>\n<!-- \/ Yoast SEO plugin. -->","yoast_head_json":{"title":"Paul Carrack \"The Golden Voice\" \u00bfQuien es? - Radio UNO Digital","robots":{"index":"index","follow":"follow","max-snippet":"max-snippet:-1","max-image-preview":"max-image-preview:large","max-video-preview":"max-video-preview:-1"},"canonical":"https:\/\/radiounodigital.com\/web\/2019\/11\/20\/paul-carrack-the-golden-voice-quien-es\/","og_locale":"es_ES","og_type":"article","og_title":"Paul Carrack \"The Golden Voice\" \u00bfQuien es? - Radio UNO Digital","og_description":"Paul Carrack fue el \u00faltimo oficial de la m\u00fasica pop. Un vocalista y tecladista que disfrut\u00f3 de un \u00e9xito considerable en el transcurso de su larga carrera al servicio de bandas que iban desde Ace a Squeeze hasta Mike + the Mechanics. Su mejor trabajo a menudo se produjo a expensas de su propia identidad... Read More","og_url":"https:\/\/radiounodigital.com\/web\/2019\/11\/20\/paul-carrack-the-golden-voice-quien-es\/","og_site_name":"Radio UNO Digital","article_published_time":"2019-11-20T19:32:47+00:00","article_modified_time":"2019-11-21T01:10:44+00:00","og_image":[{"width":1024,"height":683,"url":"https:\/\/radiounodigital.com\/web\/wp-content\/uploads\/2019\/11\/paul-carrack-1.jpg","type":"image\/jpeg"}],"author":"diegoc","twitter_card":"summary_large_image","twitter_misc":{"Escrito por":"diegoc","Tiempo de lectura":"4 minutos"},"schema":{"@context":"https:\/\/schema.org","@graph":[{"@type":"Article","@id":"https:\/\/radiounodigital.com\/web\/2019\/11\/20\/paul-carrack-the-golden-voice-quien-es\/#article","isPartOf":{"@id":"https:\/\/radiounodigital.com\/web\/2019\/11\/20\/paul-carrack-the-golden-voice-quien-es\/"},"author":{"name":"diegoc","@id":"https:\/\/radiounodigital.com\/web\/#\/schema\/person\/00b93151fa54f619ecf9c183d1fc9758"},"headline":"Paul Carrack \u00abThe Golden Voice\u00bb \u00bfQuien es?","datePublished":"2019-11-20T19:32:47+00:00","dateModified":"2019-11-21T01:10:44+00:00","mainEntityOfPage":{"@id":"https:\/\/radiounodigital.com\/web\/2019\/11\/20\/paul-carrack-the-golden-voice-quien-es\/"},"wordCount":779,"commentCount":0,"image":{"@id":"https:\/\/radiounodigital.com\/web\/2019\/11\/20\/paul-carrack-the-golden-voice-quien-es\/#primaryimage"},"thumbnailUrl":"https:\/\/radiounodigital.com\/web\/wp-content\/uploads\/2019\/11\/paul-carrack-1.jpg","keywords":["ace","la voz de oro","mike and the mechanics","paul carrack","squeeze","the golden voice"],"articleSection":["news","Rock Clasico"],"inLanguage":"es","potentialAction":[{"@type":"CommentAction","name":"Comment","target":["https:\/\/radiounodigital.com\/web\/2019\/11\/20\/paul-carrack-the-golden-voice-quien-es\/#respond"]}]},{"@type":"WebPage","@id":"https:\/\/radiounodigital.com\/web\/2019\/11\/20\/paul-carrack-the-golden-voice-quien-es\/","url":"https:\/\/radiounodigital.com\/web\/2019\/11\/20\/paul-carrack-the-golden-voice-quien-es\/","name":"Paul Carrack \"The Golden Voice\" \u00bfQuien es? - Radio UNO Digital","isPartOf":{"@id":"https:\/\/radiounodigital.com\/web\/#website"},"primaryImageOfPage":{"@id":"https:\/\/radiounodigital.com\/web\/2019\/11\/20\/paul-carrack-the-golden-voice-quien-es\/#primaryimage"},"image":{"@id":"https:\/\/radiounodigital.com\/web\/2019\/11\/20\/paul-carrack-the-golden-voice-quien-es\/#primaryimage"},"thumbnailUrl":"https:\/\/radiounodigital.com\/web\/wp-content\/uploads\/2019\/11\/paul-carrack-1.jpg","datePublished":"2019-11-20T19:32:47+00:00","dateModified":"2019-11-21T01:10:44+00:00","author":{"@id":"https:\/\/radiounodigital.com\/web\/#\/schema\/person\/00b93151fa54f619ecf9c183d1fc9758"},"breadcrumb":{"@id":"https:\/\/radiounodigital.com\/web\/2019\/11\/20\/paul-carrack-the-golden-voice-quien-es\/#breadcrumb"},"inLanguage":"es","potentialAction":[{"@type":"ReadAction","target":["https:\/\/radiounodigital.com\/web\/2019\/11\/20\/paul-carrack-the-golden-voice-quien-es\/"]}]},{"@type":"ImageObject","inLanguage":"es","@id":"https:\/\/radiounodigital.com\/web\/2019\/11\/20\/paul-carrack-the-golden-voice-quien-es\/#primaryimage","url":"https:\/\/radiounodigital.com\/web\/wp-content\/uploads\/2019\/11\/paul-carrack-1.jpg","contentUrl":"https:\/\/radiounodigital.com\/web\/wp-content\/uploads\/2019\/11\/paul-carrack-1.jpg","width":1024,"height":683},{"@type":"BreadcrumbList","@id":"https:\/\/radiounodigital.com\/web\/2019\/11\/20\/paul-carrack-the-golden-voice-quien-es\/#breadcrumb","itemListElement":[{"@type":"ListItem","position":1,"name":"Home","item":"https:\/\/radiounodigital.com\/web\/"},{"@type":"ListItem","position":2,"name":"Paul Carrack \u00abThe Golden Voice\u00bb \u00bfQuien es?"}]},{"@type":"WebSite","@id":"https:\/\/radiounodigital.com\/web\/#website","url":"https:\/\/radiounodigital.com\/web\/","name":"Radio UNO Digital","description":"Donde la cultura del rock se siente","potentialAction":[{"@type":"SearchAction","target":{"@type":"EntryPoint","urlTemplate":"https:\/\/radiounodigital.com\/web\/?s={search_term_string}"},"query-input":{"@type":"PropertyValueSpecification","valueRequired":true,"valueName":"search_term_string"}}],"inLanguage":"es"},{"@type":"Person","@id":"https:\/\/radiounodigital.com\/web\/#\/schema\/person\/00b93151fa54f619ecf9c183d1fc9758","name":"diegoc","image":{"@type":"ImageObject","inLanguage":"es","@id":"https:\/\/secure.gravatar.com\/avatar\/0a67041d44c702fb0660d81a5a32c7ce6007341cf92afeb718b75883bf415864?s=96&d=blank&r=g","url":"https:\/\/secure.gravatar.com\/avatar\/0a67041d44c702fb0660d81a5a32c7ce6007341cf92afeb718b75883bf415864?s=96&d=blank&r=g","contentUrl":"https:\/\/secure.gravatar.com\/avatar\/0a67041d44c702fb0660d81a5a32c7ce6007341cf92afeb718b75883bf415864?s=96&d=blank&r=g","caption":"diegoc"},"url":"https:\/\/radiounodigital.com\/web\/author\/diegoc\/"}]}},"_links":{"self":[{"href":"https:\/\/radiounodigital.com\/web\/wp-json\/wp\/v2\/posts\/3163","targetHints":{"allow":["GET"]}}],"collection":[{"href":"https:\/\/radiounodigital.com\/web\/wp-json\/wp\/v2\/posts"}],"about":[{"href":"https:\/\/radiounodigital.com\/web\/wp-json\/wp\/v2\/types\/post"}],"author":[{"embeddable":true,"href":"https:\/\/radiounodigital.com\/web\/wp-json\/wp\/v2\/users\/1"}],"replies":[{"embeddable":true,"href":"https:\/\/radiounodigital.com\/web\/wp-json\/wp\/v2\/comments?post=3163"}],"version-history":[{"count":1,"href":"https:\/\/radiounodigital.com\/web\/wp-json\/wp\/v2\/posts\/3163\/revisions"}],"predecessor-version":[{"id":3166,"href":"https:\/\/radiounodigital.com\/web\/wp-json\/wp\/v2\/posts\/3163\/revisions\/3166"}],"wp:featuredmedia":[{"embeddable":true,"href":"https:\/\/radiounodigital.com\/web\/wp-json\/wp\/v2\/media\/3165"}],"wp:attachment":[{"href":"https:\/\/radiounodigital.com\/web\/wp-json\/wp\/v2\/media?parent=3163"}],"wp:term":[{"taxonomy":"category","embeddable":true,"href":"https:\/\/radiounodigital.com\/web\/wp-json\/wp\/v2\/categories?post=3163"},{"taxonomy":"post_tag","embeddable":true,"href":"https:\/\/radiounodigital.com\/web\/wp-json\/wp\/v2\/tags?post=3163"}],"curies":[{"name":"wp","href":"https:\/\/api.w.org\/{rel}","templated":true}]}}