{"id":3167,"date":"2019-11-21T12:52:13","date_gmt":"2019-11-21T12:52:13","guid":{"rendered":"https:\/\/radiounodigital.com\/web\/?p=3167"},"modified":"2019-11-21T12:54:18","modified_gmt":"2019-11-21T12:54:18","slug":"the-who-se-convirtio-en-el-primer-artista-en-ser-honrado-en-el-music-walk-of-fame-de-londres","status":"publish","type":"post","link":"https:\/\/radiounodigital.com\/web\/2019\/11\/21\/the-who-se-convirtio-en-el-primer-artista-en-ser-honrado-en-el-music-walk-of-fame-de-londres\/","title":{"rendered":"The Who se convirti\u00f3 en el primer artista en ser honrado en el Music Walk Of Fame de Londres"},"content":{"rendered":"<h3>Roger Daltrey y Pete Townshend estuvieron presentes para recibir el honor que les fuera entregado por Bobby Gillespie de Primal Scream.<\/h3>\n<p><iframe loading=\"lazy\" src=\"https:\/\/www.youtube.com\/embed\/MXkzr3oaccw\" width=\"560\" height=\"315\" frameborder=\"0\" allowfullscreen=\"allowfullscreen\"><\/iframe><\/p>\n<p>The Who se ha convertido en el primer artista en ser reconocido en el nuevo Music Walk Of Fame de Londres.<\/p>\n<p>Roger Daltrey y Pete Townshend estuvieron presentes para recibir el elogio del l\u00edder de Primal Scream, Bobby Gillespie, en el \u00e1rea de Camden de la ciudad.<\/p>\n<p>El Paseo de la Fama ha sido dise\u00f1ado como una nueva atracci\u00f3n cultural en Londres y utiliza la tecnolog\u00eda de Realidad Aumentada que permite a los visitantes escanear la piedra fundacional donde ser\u00e1n \u00abllevados en un viaje a trav\u00e9s de la cultura y la historia de la m\u00fasica, utilizando piedras y puntos de referencia puntos gatillo para aprender m\u00e1s \u00ab.<\/p>\n<p>The Who dice: \u00abNos sentimos honrados de ser la primera banda con una piedra en el Paseo de la Fama de la M\u00fasica. Camden siempre ha sido vital para la pr\u00f3spera escena musical de Londres y es, como todos sabemos, un centro de renombre mundial para las artes.<\/p>\n<p><iframe loading=\"lazy\" src=\"https:\/\/www.youtube.com\/embed\/nnHkel8U258\" width=\"560\" height=\"315\" frameborder=\"0\" allowfullscreen=\"allowfullscreen\"><\/iframe><\/p>\n<p>\u00abComo londinenses, es muy surrealista ser inmortalizado en piedra en Camden High Street, y es algo muy importante saber que la gente puede pasar y vernos en cualquier momento, \u00a1aunque sea virtualmente!\u00bb<\/p>\n<p>El fundador de Music Walk Of Fame, Lee Bennett, agrega: \u201cQu\u00e9 gran d\u00eda para la m\u00fasica, los fan\u00e1ticos, el mundo, Londres y Camden. Para colmo, tener una de las mejores bandas de todos los tiempos, estoy encantado \u00ab.<\/p>\n<p>Los visitantes tambi\u00e9n pueden obtener una vista previa exclusiva de la nueva canci\u00f3n de The Who I Don&#8217;t Wanna Get Wise escaneando la piedra usando la aplicaci\u00f3n Music Walk of Fame.<\/p>\n<p>El single saldr\u00e1 a la venta el pr\u00f3ximo viernes (22 de noviembre). Se tom\u00f3 del pr\u00f3ximo \u00e1lbum de la banda Who, que se lanzar\u00e1 el 6 de diciembre.<\/p>\n<div class=\"fb-background-color\">\n\t\t\t  <div \n\t\t\t  \tclass = \"fb-comments\" \n\t\t\t  \tdata-href = \"https:\/\/radiounodigital.com\/web\/2019\/11\/21\/the-who-se-convirtio-en-el-primer-artista-en-ser-honrado-en-el-music-walk-of-fame-de-londres\/\"\n\t\t\t  \tdata-numposts = \"10\"\n\t\t\t  \tdata-lazy = \"true\"\n\t\t\t\tdata-colorscheme = \"dark\"\n\t\t\t\tdata-order-by = \"reverse_time\"\n\t\t\t\tdata-mobile=true>\n\t\t\t  <\/div><\/div>\n\t\t  <style>\n\t\t    .fb-background-color {\n\t\t\t\tbackground: #ffffff !important;\n\t\t\t}\n\t\t\t.fb_iframe_widget_fluid_desktop iframe {\n\t\t\t    width: 100% !important;\n\t\t\t}\n\t\t  <\/style>\n\t\t  ","protected":false},"excerpt":{"rendered":"<p>Roger Daltrey y Pete Townshend estuvieron presentes para recibir el honor que les fuera entregado por Bobby Gillespie de Primal Scream. The Who se ha convertido en el primer artista en ser reconocido en el nuevo Music Walk Of Fame de Londres. Roger Daltrey y Pete Townshend estuvieron presentes para recibir el elogio del l\u00edder&#8230; <a href=\"https:\/\/radiounodigital.com\/web\/2019\/11\/21\/the-who-se-convirtio-en-el-primer-artista-en-ser-honrado-en-el-music-walk-of-fame-de-londres\/\" class=\"excerpt-read-more\">Read More<\/a><\/p>\n","protected":false},"author":1,"featured_media":3168,"comment_status":"open","ping_status":"open","sticky":false,"template":"","format":"standard","meta":{"footnotes":""},"categories":[180,128],"tags":[319,320,318,321,90],"class_list":["post-3167","post","type-post","status-publish","format-standard","has-post-thumbnail","hentry","category-news","category-rock-clasico","tag-london","tag-londres","tag-music-walk-of-fame","tag-premio","tag-the-who"],"yoast_head":"<!-- This site is optimized with the Yoast SEO plugin v27.4 - https:\/\/yoast.com\/product\/yoast-seo-wordpress\/ -->\n<title>The Who se convirti\u00f3 en el primer artista en ser honrado en el Music Walk Of Fame de Londres - Radio UNO Digital<\/title>\n<meta name=\"robots\" content=\"index, follow, max-snippet:-1, max-image-preview:large, max-video-preview:-1\" \/>\n<link rel=\"canonical\" href=\"https:\/\/radiounodigital.com\/web\/2019\/11\/21\/the-who-se-convirtio-en-el-primer-artista-en-ser-honrado-en-el-music-walk-of-fame-de-londres\/\" \/>\n<meta property=\"og:locale\" content=\"es_ES\" \/>\n<meta property=\"og:type\" content=\"article\" \/>\n<meta property=\"og:title\" content=\"The Who se convirti\u00f3 en el primer artista en ser honrado en el Music Walk Of Fame de Londres - Radio UNO Digital\" \/>\n<meta property=\"og:description\" content=\"Roger Daltrey y Pete Townshend estuvieron presentes para recibir el honor que les fuera entregado por Bobby Gillespie de Primal Scream. The Who se ha convertido en el primer artista en ser reconocido en el nuevo Music Walk Of Fame de Londres. Roger Daltrey y Pete Townshend estuvieron presentes para recibir el elogio del l\u00edder... Read More\" \/>\n<meta property=\"og:url\" content=\"https:\/\/radiounodigital.com\/web\/2019\/11\/21\/the-who-se-convirtio-en-el-primer-artista-en-ser-honrado-en-el-music-walk-of-fame-de-londres\/\" \/>\n<meta property=\"og:site_name\" content=\"Radio UNO Digital\" \/>\n<meta property=\"article:published_time\" content=\"2019-11-21T12:52:13+00:00\" \/>\n<meta property=\"article:modified_time\" content=\"2019-11-21T12:54:18+00:00\" \/>\n<meta property=\"og:image\" content=\"https:\/\/radiounodigital.com\/web\/wp-content\/uploads\/2019\/11\/daltrey-townshend.jpg\" \/>\n\t<meta property=\"og:image:width\" content=\"970\" \/>\n\t<meta property=\"og:image:height\" content=\"545\" \/>\n\t<meta property=\"og:image:type\" content=\"image\/jpeg\" \/>\n<meta name=\"author\" content=\"diegoc\" \/>\n<meta name=\"twitter:card\" content=\"summary_large_image\" \/>\n<meta name=\"twitter:label1\" content=\"Escrito por\" \/>\n\t<meta name=\"twitter:data1\" content=\"diegoc\" \/>\n\t<meta name=\"twitter:label2\" content=\"Tiempo de lectura\" \/>\n\t<meta name=\"twitter:data2\" content=\"2 minutos\" \/>\n<script type=\"application\/ld+json\" class=\"yoast-schema-graph\">{\"@context\":\"https:\\\/\\\/schema.org\",\"@graph\":[{\"@type\":\"Article\",\"@id\":\"https:\\\/\\\/radiounodigital.com\\\/web\\\/2019\\\/11\\\/21\\\/the-who-se-convirtio-en-el-primer-artista-en-ser-honrado-en-el-music-walk-of-fame-de-londres\\\/#article\",\"isPartOf\":{\"@id\":\"https:\\\/\\\/radiounodigital.com\\\/web\\\/2019\\\/11\\\/21\\\/the-who-se-convirtio-en-el-primer-artista-en-ser-honrado-en-el-music-walk-of-fame-de-londres\\\/\"},\"author\":{\"name\":\"diegoc\",\"@id\":\"https:\\\/\\\/radiounodigital.com\\\/web\\\/#\\\/schema\\\/person\\\/00b93151fa54f619ecf9c183d1fc9758\"},\"headline\":\"The Who se convirti\u00f3 en el primer artista en ser honrado en el Music Walk Of Fame de Londres\",\"datePublished\":\"2019-11-21T12:52:13+00:00\",\"dateModified\":\"2019-11-21T12:54:18+00:00\",\"mainEntityOfPage\":{\"@id\":\"https:\\\/\\\/radiounodigital.com\\\/web\\\/2019\\\/11\\\/21\\\/the-who-se-convirtio-en-el-primer-artista-en-ser-honrado-en-el-music-walk-of-fame-de-londres\\\/\"},\"wordCount\":339,\"commentCount\":0,\"image\":{\"@id\":\"https:\\\/\\\/radiounodigital.com\\\/web\\\/2019\\\/11\\\/21\\\/the-who-se-convirtio-en-el-primer-artista-en-ser-honrado-en-el-music-walk-of-fame-de-londres\\\/#primaryimage\"},\"thumbnailUrl\":\"https:\\\/\\\/radiounodigital.com\\\/web\\\/wp-content\\\/uploads\\\/2019\\\/11\\\/daltrey-townshend.jpg\",\"keywords\":[\"london\",\"londres\",\"music walk of fame\",\"premio\",\"the who\"],\"articleSection\":[\"news\",\"Rock Clasico\"],\"inLanguage\":\"es\",\"potentialAction\":[{\"@type\":\"CommentAction\",\"name\":\"Comment\",\"target\":[\"https:\\\/\\\/radiounodigital.com\\\/web\\\/2019\\\/11\\\/21\\\/the-who-se-convirtio-en-el-primer-artista-en-ser-honrado-en-el-music-walk-of-fame-de-londres\\\/#respond\"]}]},{\"@type\":\"WebPage\",\"@id\":\"https:\\\/\\\/radiounodigital.com\\\/web\\\/2019\\\/11\\\/21\\\/the-who-se-convirtio-en-el-primer-artista-en-ser-honrado-en-el-music-walk-of-fame-de-londres\\\/\",\"url\":\"https:\\\/\\\/radiounodigital.com\\\/web\\\/2019\\\/11\\\/21\\\/the-who-se-convirtio-en-el-primer-artista-en-ser-honrado-en-el-music-walk-of-fame-de-londres\\\/\",\"name\":\"The Who se convirti\u00f3 en el primer artista en ser honrado en el Music Walk Of Fame de Londres - Radio UNO Digital\",\"isPartOf\":{\"@id\":\"https:\\\/\\\/radiounodigital.com\\\/web\\\/#website\"},\"primaryImageOfPage\":{\"@id\":\"https:\\\/\\\/radiounodigital.com\\\/web\\\/2019\\\/11\\\/21\\\/the-who-se-convirtio-en-el-primer-artista-en-ser-honrado-en-el-music-walk-of-fame-de-londres\\\/#primaryimage\"},\"image\":{\"@id\":\"https:\\\/\\\/radiounodigital.com\\\/web\\\/2019\\\/11\\\/21\\\/the-who-se-convirtio-en-el-primer-artista-en-ser-honrado-en-el-music-walk-of-fame-de-londres\\\/#primaryimage\"},\"thumbnailUrl\":\"https:\\\/\\\/radiounodigital.com\\\/web\\\/wp-content\\\/uploads\\\/2019\\\/11\\\/daltrey-townshend.jpg\",\"datePublished\":\"2019-11-21T12:52:13+00:00\",\"dateModified\":\"2019-11-21T12:54:18+00:00\",\"author\":{\"@id\":\"https:\\\/\\\/radiounodigital.com\\\/web\\\/#\\\/schema\\\/person\\\/00b93151fa54f619ecf9c183d1fc9758\"},\"breadcrumb\":{\"@id\":\"https:\\\/\\\/radiounodigital.com\\\/web\\\/2019\\\/11\\\/21\\\/the-who-se-convirtio-en-el-primer-artista-en-ser-honrado-en-el-music-walk-of-fame-de-londres\\\/#breadcrumb\"},\"inLanguage\":\"es\",\"potentialAction\":[{\"@type\":\"ReadAction\",\"target\":[\"https:\\\/\\\/radiounodigital.com\\\/web\\\/2019\\\/11\\\/21\\\/the-who-se-convirtio-en-el-primer-artista-en-ser-honrado-en-el-music-walk-of-fame-de-londres\\\/\"]}]},{\"@type\":\"ImageObject\",\"inLanguage\":\"es\",\"@id\":\"https:\\\/\\\/radiounodigital.com\\\/web\\\/2019\\\/11\\\/21\\\/the-who-se-convirtio-en-el-primer-artista-en-ser-honrado-en-el-music-walk-of-fame-de-londres\\\/#primaryimage\",\"url\":\"https:\\\/\\\/radiounodigital.com\\\/web\\\/wp-content\\\/uploads\\\/2019\\\/11\\\/daltrey-townshend.jpg\",\"contentUrl\":\"https:\\\/\\\/radiounodigital.com\\\/web\\\/wp-content\\\/uploads\\\/2019\\\/11\\\/daltrey-townshend.jpg\",\"width\":970,\"height\":545,\"caption\":\"The Who's Pete Townshend and Roger Daltrey (Image credit: Rick Guest)\"},{\"@type\":\"BreadcrumbList\",\"@id\":\"https:\\\/\\\/radiounodigital.com\\\/web\\\/2019\\\/11\\\/21\\\/the-who-se-convirtio-en-el-primer-artista-en-ser-honrado-en-el-music-walk-of-fame-de-londres\\\/#breadcrumb\",\"itemListElement\":[{\"@type\":\"ListItem\",\"position\":1,\"name\":\"Home\",\"item\":\"https:\\\/\\\/radiounodigital.com\\\/web\\\/\"},{\"@type\":\"ListItem\",\"position\":2,\"name\":\"The Who se convirti\u00f3 en el primer artista en ser honrado en el Music Walk Of Fame de Londres\"}]},{\"@type\":\"WebSite\",\"@id\":\"https:\\\/\\\/radiounodigital.com\\\/web\\\/#website\",\"url\":\"https:\\\/\\\/radiounodigital.com\\\/web\\\/\",\"name\":\"Radio UNO Digital\",\"description\":\"Donde la cultura del rock se siente\",\"potentialAction\":[{\"@type\":\"SearchAction\",\"target\":{\"@type\":\"EntryPoint\",\"urlTemplate\":\"https:\\\/\\\/radiounodigital.com\\\/web\\\/?s={search_term_string}\"},\"query-input\":{\"@type\":\"PropertyValueSpecification\",\"valueRequired\":true,\"valueName\":\"search_term_string\"}}],\"inLanguage\":\"es\"},{\"@type\":\"Person\",\"@id\":\"https:\\\/\\\/radiounodigital.com\\\/web\\\/#\\\/schema\\\/person\\\/00b93151fa54f619ecf9c183d1fc9758\",\"name\":\"diegoc\",\"image\":{\"@type\":\"ImageObject\",\"inLanguage\":\"es\",\"@id\":\"https:\\\/\\\/secure.gravatar.com\\\/avatar\\\/0a67041d44c702fb0660d81a5a32c7ce6007341cf92afeb718b75883bf415864?s=96&d=blank&r=g\",\"url\":\"https:\\\/\\\/secure.gravatar.com\\\/avatar\\\/0a67041d44c702fb0660d81a5a32c7ce6007341cf92afeb718b75883bf415864?s=96&d=blank&r=g\",\"contentUrl\":\"https:\\\/\\\/secure.gravatar.com\\\/avatar\\\/0a67041d44c702fb0660d81a5a32c7ce6007341cf92afeb718b75883bf415864?s=96&d=blank&r=g\",\"caption\":\"diegoc\"},\"url\":\"https:\\\/\\\/radiounodigital.com\\\/web\\\/author\\\/diegoc\\\/\"}]}<\/script>\n<!-- \/ Yoast SEO plugin. -->","yoast_head_json":{"title":"The Who se convirti\u00f3 en el primer artista en ser honrado en el Music Walk Of Fame de Londres - Radio UNO Digital","robots":{"index":"index","follow":"follow","max-snippet":"max-snippet:-1","max-image-preview":"max-image-preview:large","max-video-preview":"max-video-preview:-1"},"canonical":"https:\/\/radiounodigital.com\/web\/2019\/11\/21\/the-who-se-convirtio-en-el-primer-artista-en-ser-honrado-en-el-music-walk-of-fame-de-londres\/","og_locale":"es_ES","og_type":"article","og_title":"The Who se convirti\u00f3 en el primer artista en ser honrado en el Music Walk Of Fame de Londres - Radio UNO Digital","og_description":"Roger Daltrey y Pete Townshend estuvieron presentes para recibir el honor que les fuera entregado por Bobby Gillespie de Primal Scream. The Who se ha convertido en el primer artista en ser reconocido en el nuevo Music Walk Of Fame de Londres. Roger Daltrey y Pete Townshend estuvieron presentes para recibir el elogio del l\u00edder... Read More","og_url":"https:\/\/radiounodigital.com\/web\/2019\/11\/21\/the-who-se-convirtio-en-el-primer-artista-en-ser-honrado-en-el-music-walk-of-fame-de-londres\/","og_site_name":"Radio UNO Digital","article_published_time":"2019-11-21T12:52:13+00:00","article_modified_time":"2019-11-21T12:54:18+00:00","og_image":[{"width":970,"height":545,"url":"https:\/\/radiounodigital.com\/web\/wp-content\/uploads\/2019\/11\/daltrey-townshend.jpg","type":"image\/jpeg"}],"author":"diegoc","twitter_card":"summary_large_image","twitter_misc":{"Escrito por":"diegoc","Tiempo de lectura":"2 minutos"},"schema":{"@context":"https:\/\/schema.org","@graph":[{"@type":"Article","@id":"https:\/\/radiounodigital.com\/web\/2019\/11\/21\/the-who-se-convirtio-en-el-primer-artista-en-ser-honrado-en-el-music-walk-of-fame-de-londres\/#article","isPartOf":{"@id":"https:\/\/radiounodigital.com\/web\/2019\/11\/21\/the-who-se-convirtio-en-el-primer-artista-en-ser-honrado-en-el-music-walk-of-fame-de-londres\/"},"author":{"name":"diegoc","@id":"https:\/\/radiounodigital.com\/web\/#\/schema\/person\/00b93151fa54f619ecf9c183d1fc9758"},"headline":"The Who se convirti\u00f3 en el primer artista en ser honrado en el Music Walk Of Fame de Londres","datePublished":"2019-11-21T12:52:13+00:00","dateModified":"2019-11-21T12:54:18+00:00","mainEntityOfPage":{"@id":"https:\/\/radiounodigital.com\/web\/2019\/11\/21\/the-who-se-convirtio-en-el-primer-artista-en-ser-honrado-en-el-music-walk-of-fame-de-londres\/"},"wordCount":339,"commentCount":0,"image":{"@id":"https:\/\/radiounodigital.com\/web\/2019\/11\/21\/the-who-se-convirtio-en-el-primer-artista-en-ser-honrado-en-el-music-walk-of-fame-de-londres\/#primaryimage"},"thumbnailUrl":"https:\/\/radiounodigital.com\/web\/wp-content\/uploads\/2019\/11\/daltrey-townshend.jpg","keywords":["london","londres","music walk of fame","premio","the who"],"articleSection":["news","Rock Clasico"],"inLanguage":"es","potentialAction":[{"@type":"CommentAction","name":"Comment","target":["https:\/\/radiounodigital.com\/web\/2019\/11\/21\/the-who-se-convirtio-en-el-primer-artista-en-ser-honrado-en-el-music-walk-of-fame-de-londres\/#respond"]}]},{"@type":"WebPage","@id":"https:\/\/radiounodigital.com\/web\/2019\/11\/21\/the-who-se-convirtio-en-el-primer-artista-en-ser-honrado-en-el-music-walk-of-fame-de-londres\/","url":"https:\/\/radiounodigital.com\/web\/2019\/11\/21\/the-who-se-convirtio-en-el-primer-artista-en-ser-honrado-en-el-music-walk-of-fame-de-londres\/","name":"The Who se convirti\u00f3 en el primer artista en ser honrado en el Music Walk Of Fame de Londres - Radio UNO Digital","isPartOf":{"@id":"https:\/\/radiounodigital.com\/web\/#website"},"primaryImageOfPage":{"@id":"https:\/\/radiounodigital.com\/web\/2019\/11\/21\/the-who-se-convirtio-en-el-primer-artista-en-ser-honrado-en-el-music-walk-of-fame-de-londres\/#primaryimage"},"image":{"@id":"https:\/\/radiounodigital.com\/web\/2019\/11\/21\/the-who-se-convirtio-en-el-primer-artista-en-ser-honrado-en-el-music-walk-of-fame-de-londres\/#primaryimage"},"thumbnailUrl":"https:\/\/radiounodigital.com\/web\/wp-content\/uploads\/2019\/11\/daltrey-townshend.jpg","datePublished":"2019-11-21T12:52:13+00:00","dateModified":"2019-11-21T12:54:18+00:00","author":{"@id":"https:\/\/radiounodigital.com\/web\/#\/schema\/person\/00b93151fa54f619ecf9c183d1fc9758"},"breadcrumb":{"@id":"https:\/\/radiounodigital.com\/web\/2019\/11\/21\/the-who-se-convirtio-en-el-primer-artista-en-ser-honrado-en-el-music-walk-of-fame-de-londres\/#breadcrumb"},"inLanguage":"es","potentialAction":[{"@type":"ReadAction","target":["https:\/\/radiounodigital.com\/web\/2019\/11\/21\/the-who-se-convirtio-en-el-primer-artista-en-ser-honrado-en-el-music-walk-of-fame-de-londres\/"]}]},{"@type":"ImageObject","inLanguage":"es","@id":"https:\/\/radiounodigital.com\/web\/2019\/11\/21\/the-who-se-convirtio-en-el-primer-artista-en-ser-honrado-en-el-music-walk-of-fame-de-londres\/#primaryimage","url":"https:\/\/radiounodigital.com\/web\/wp-content\/uploads\/2019\/11\/daltrey-townshend.jpg","contentUrl":"https:\/\/radiounodigital.com\/web\/wp-content\/uploads\/2019\/11\/daltrey-townshend.jpg","width":970,"height":545,"caption":"The Who's Pete Townshend and Roger Daltrey (Image credit: Rick Guest)"},{"@type":"BreadcrumbList","@id":"https:\/\/radiounodigital.com\/web\/2019\/11\/21\/the-who-se-convirtio-en-el-primer-artista-en-ser-honrado-en-el-music-walk-of-fame-de-londres\/#breadcrumb","itemListElement":[{"@type":"ListItem","position":1,"name":"Home","item":"https:\/\/radiounodigital.com\/web\/"},{"@type":"ListItem","position":2,"name":"The Who se convirti\u00f3 en el primer artista en ser honrado en el Music Walk Of Fame de Londres"}]},{"@type":"WebSite","@id":"https:\/\/radiounodigital.com\/web\/#website","url":"https:\/\/radiounodigital.com\/web\/","name":"Radio UNO Digital","description":"Donde la cultura del rock se siente","potentialAction":[{"@type":"SearchAction","target":{"@type":"EntryPoint","urlTemplate":"https:\/\/radiounodigital.com\/web\/?s={search_term_string}"},"query-input":{"@type":"PropertyValueSpecification","valueRequired":true,"valueName":"search_term_string"}}],"inLanguage":"es"},{"@type":"Person","@id":"https:\/\/radiounodigital.com\/web\/#\/schema\/person\/00b93151fa54f619ecf9c183d1fc9758","name":"diegoc","image":{"@type":"ImageObject","inLanguage":"es","@id":"https:\/\/secure.gravatar.com\/avatar\/0a67041d44c702fb0660d81a5a32c7ce6007341cf92afeb718b75883bf415864?s=96&d=blank&r=g","url":"https:\/\/secure.gravatar.com\/avatar\/0a67041d44c702fb0660d81a5a32c7ce6007341cf92afeb718b75883bf415864?s=96&d=blank&r=g","contentUrl":"https:\/\/secure.gravatar.com\/avatar\/0a67041d44c702fb0660d81a5a32c7ce6007341cf92afeb718b75883bf415864?s=96&d=blank&r=g","caption":"diegoc"},"url":"https:\/\/radiounodigital.com\/web\/author\/diegoc\/"}]}},"_links":{"self":[{"href":"https:\/\/radiounodigital.com\/web\/wp-json\/wp\/v2\/posts\/3167","targetHints":{"allow":["GET"]}}],"collection":[{"href":"https:\/\/radiounodigital.com\/web\/wp-json\/wp\/v2\/posts"}],"about":[{"href":"https:\/\/radiounodigital.com\/web\/wp-json\/wp\/v2\/types\/post"}],"author":[{"embeddable":true,"href":"https:\/\/radiounodigital.com\/web\/wp-json\/wp\/v2\/users\/1"}],"replies":[{"embeddable":true,"href":"https:\/\/radiounodigital.com\/web\/wp-json\/wp\/v2\/comments?post=3167"}],"version-history":[{"count":2,"href":"https:\/\/radiounodigital.com\/web\/wp-json\/wp\/v2\/posts\/3167\/revisions"}],"predecessor-version":[{"id":3170,"href":"https:\/\/radiounodigital.com\/web\/wp-json\/wp\/v2\/posts\/3167\/revisions\/3170"}],"wp:featuredmedia":[{"embeddable":true,"href":"https:\/\/radiounodigital.com\/web\/wp-json\/wp\/v2\/media\/3168"}],"wp:attachment":[{"href":"https:\/\/radiounodigital.com\/web\/wp-json\/wp\/v2\/media?parent=3167"}],"wp:term":[{"taxonomy":"category","embeddable":true,"href":"https:\/\/radiounodigital.com\/web\/wp-json\/wp\/v2\/categories?post=3167"},{"taxonomy":"post_tag","embeddable":true,"href":"https:\/\/radiounodigital.com\/web\/wp-json\/wp\/v2\/tags?post=3167"}],"curies":[{"name":"wp","href":"https:\/\/api.w.org\/{rel}","templated":true}]}}