{"id":3190,"date":"2019-11-24T11:39:43","date_gmt":"2019-11-24T11:39:43","guid":{"rendered":"https:\/\/radiounodigital.com\/web\/?p=3190"},"modified":"2019-11-24T11:39:43","modified_gmt":"2019-11-24T11:39:43","slug":"el-productor-de-bohemian-rhapsody-trabaja-en-la-biopic-de-michael-jackson","status":"publish","type":"post","link":"https:\/\/radiounodigital.com\/web\/2019\/11\/24\/el-productor-de-bohemian-rhapsody-trabaja-en-la-biopic-de-michael-jackson\/","title":{"rendered":"El productor de \u00abBohemian Rhapsody\u00bb trabaja en la Biopic de Michael Jackson"},"content":{"rendered":"<h3>El productor de \u00abBohemian Rhapsody\u00bb, Graham King, lleg\u00f3 a un acuerdo con los propietarios de los derechos de musicales y de vida de\u00a0 Michael Jackson, con planes de hacer una pel\u00edcula basada en ambos perfiles.<\/h3>\n<p><img loading=\"lazy\" decoding=\"async\" class=\"aligncenter size-full wp-image-3192\" src=\"https:\/\/radiounodigital.com\/web\/wp-content\/uploads\/2019\/11\/mj.jpeg\" alt=\"\" width=\"647\" height=\"363\" srcset=\"https:\/\/radiounodigital.com\/web\/wp-content\/uploads\/2019\/11\/mj.jpeg 647w, https:\/\/radiounodigital.com\/web\/wp-content\/uploads\/2019\/11\/mj-300x168.jpeg 300w\" sizes=\"auto, (max-width: 647px) 100vw, 647px\" \/><\/p>\n<p>King ha tocado el guionista de \u00abGladiator\u00bb y \u00abThe Aviator\u00bb John Logan para el proyecto. La pel\u00edcula actualmente no tiene estudio o distribuidor adjunto. El gui\u00f3n no proporcionar\u00e1 una mirada \u00abdesinfectada\u00bb a la vida de Jackson, acusado de abuso sexual infantil en el explosivo documental \u00abLeaving Neverland\u00bb este a\u00f1o, seg\u00fan Deadline Hollywood, que primero dio la noticia.<\/p>\n<p>Un portavoz de King confirm\u00f3 el proyecto con Variety, pero no coment\u00f3 si el gui\u00f3n de Logan incluir\u00eda a los acusadores de Jackson, incluido el core\u00f3grafo Wade Robson y el ex actor infantil James Safechuck, quienes hab\u00edan documentado las relaciones con el difunto cantante desde la infancia.<\/p>\n<p>En respuesta a \u00abLeaving Neverland\u00bb, que gan\u00f3 el Premio Emmy por su excelente documental o especial de no ficci\u00f3n este a\u00f1o, el estado de Jackson demand\u00f3 a HBO por $ 100 millones, diciendo que los sujetos ten\u00edan un motivo financiero para mentir, y critic\u00f3 a la compa\u00f1\u00eda WarnerMedia por no incluir su refutaci\u00f3n a las alegaciones expuestas. El estado de Jackson tambi\u00e9n argument\u00f3 que al ejecutar el documental, HBO viol\u00f3 un acuerdo de no menosprecio derivado de una pel\u00edcula de concierto de 1992 de la gira \u00abDangerous\u00bb de Jackson. Un juez federal otorg\u00f3 los derechos de sucesi\u00f3n de Jackson para mover el caso a arbitraje, que HBO apel\u00f3 en octubre.<\/p>\n<p>Jackson muri\u00f3 en 2009 y siempre neg\u00f3 las acusaciones de agresi\u00f3n sexual y mala conducta con ni\u00f1os. Las cuatro horas de \u00abLeaving Neverland\u00bb se estrenaron en el Festival de Cine Sundance de enero y despertaron la sensaci\u00f3n de los medios. El festival recurri\u00f3 a psic\u00f3logos de la Universidad Estatal de Utah para que se mantuvieran atentos a los miembros de la audiencia activados.<\/p>\n<p>A pesar de los desgarradores detalles de la pel\u00edcula, Jackson y su legado han disfrutado de un apoyo continuo en la industria del entretenimiento en comparaci\u00f3n con otros hombres prominentes acusados \u200b\u200ben movimientos como Yo tambi\u00e9n. En agosto, los informes dijeron que MTV estaba considerando retirar el nombre de Jackson de su m\u00e1ximo honor, el Michael Jackson Video Vanguard Award. La red no hizo tal cambio, y Missy Elliott acept\u00f3 el trofeo este a\u00f1o.<\/p>\n<p>La pel\u00edcula biogr\u00e1fica del Rey del Pop no es el \u00fanico proyecto que viene con su m\u00fasica y su historia de fondo, desde el estrellato infantil en los Jackson 5 hasta el dominio global del pop como artista solista adulto. \u00abMJ the Musical\u00bb est\u00e1 programado para un debut en Broadway 2020 y acaba de interpretar al actor Ephraim Sykes en el papel principal.<\/p>\n<p>La biopic de Freddie Mercury, de larga gestaci\u00f3n de King, \u00abBohemian Rhapsody\u00bb fue lanzada en 2018 con gran \u00e9xito. Recaud\u00f3 m\u00e1s de $ 900 millones en la taquilla mundial y le vali\u00f3 a Rami Malek un Oscar por su interpretaci\u00f3n del rockero Queen.<\/p>\n<div class=\"fb-background-color\">\n\t\t\t  <div \n\t\t\t  \tclass = \"fb-comments\" \n\t\t\t  \tdata-href = \"https:\/\/radiounodigital.com\/web\/2019\/11\/24\/el-productor-de-bohemian-rhapsody-trabaja-en-la-biopic-de-michael-jackson\/\"\n\t\t\t  \tdata-numposts = \"10\"\n\t\t\t  \tdata-lazy = \"true\"\n\t\t\t\tdata-colorscheme = \"dark\"\n\t\t\t\tdata-order-by = \"reverse_time\"\n\t\t\t\tdata-mobile=true>\n\t\t\t  <\/div><\/div>\n\t\t  <style>\n\t\t    .fb-background-color {\n\t\t\t\tbackground: #ffffff !important;\n\t\t\t}\n\t\t\t.fb_iframe_widget_fluid_desktop iframe {\n\t\t\t    width: 100% !important;\n\t\t\t}\n\t\t  <\/style>\n\t\t  ","protected":false},"excerpt":{"rendered":"<p>El productor de \u00abBohemian Rhapsody\u00bb, Graham King, lleg\u00f3 a un acuerdo con los propietarios de los derechos de musicales y de vida de\u00a0 Michael Jackson, con planes de hacer una pel\u00edcula basada en ambos perfiles. King ha tocado el guionista de \u00abGladiator\u00bb y \u00abThe Aviator\u00bb John Logan para el proyecto. La pel\u00edcula actualmente no tiene&#8230; <a href=\"https:\/\/radiounodigital.com\/web\/2019\/11\/24\/el-productor-de-bohemian-rhapsody-trabaja-en-la-biopic-de-michael-jackson\/\" class=\"excerpt-read-more\">Read More<\/a><\/p>\n","protected":false},"author":1,"featured_media":3191,"comment_status":"open","ping_status":"open","sticky":false,"template":"","format":"standard","meta":{"footnotes":""},"categories":[180,128],"tags":[337,339,340,336,338],"class_list":["post-3190","post","type-post","status-publish","format-standard","has-post-thumbnail","hentry","category-news","category-rock-clasico","tag-biopic","tag-bohemian-raphsody","tag-graham-king","tag-michael-jackson","tag-productor"],"yoast_head":"<!-- This site is optimized with the Yoast SEO plugin v27.4 - https:\/\/yoast.com\/product\/yoast-seo-wordpress\/ -->\n<title>El productor de &quot;Bohemian Rhapsody&quot; trabaja en la Biopic de Michael Jackson - Radio UNO Digital<\/title>\n<meta name=\"robots\" content=\"index, follow, max-snippet:-1, max-image-preview:large, max-video-preview:-1\" \/>\n<link rel=\"canonical\" href=\"https:\/\/radiounodigital.com\/web\/2019\/11\/24\/el-productor-de-bohemian-rhapsody-trabaja-en-la-biopic-de-michael-jackson\/\" \/>\n<meta property=\"og:locale\" content=\"es_ES\" \/>\n<meta property=\"og:type\" content=\"article\" \/>\n<meta property=\"og:title\" content=\"El productor de &quot;Bohemian Rhapsody&quot; trabaja en la Biopic de Michael Jackson - Radio UNO Digital\" \/>\n<meta property=\"og:description\" content=\"El productor de \u00abBohemian Rhapsody\u00bb, Graham King, lleg\u00f3 a un acuerdo con los propietarios de los derechos de musicales y de vida de\u00a0 Michael Jackson, con planes de hacer una pel\u00edcula basada en ambos perfiles. King ha tocado el guionista de \u00abGladiator\u00bb y \u00abThe Aviator\u00bb John Logan para el proyecto. La pel\u00edcula actualmente no tiene... Read More\" \/>\n<meta property=\"og:url\" content=\"https:\/\/radiounodigital.com\/web\/2019\/11\/24\/el-productor-de-bohemian-rhapsody-trabaja-en-la-biopic-de-michael-jackson\/\" \/>\n<meta property=\"og:site_name\" content=\"Radio UNO Digital\" \/>\n<meta property=\"article:published_time\" content=\"2019-11-24T11:39:43+00:00\" \/>\n<meta property=\"og:image\" content=\"https:\/\/radiounodigital.com\/web\/wp-content\/uploads\/2019\/11\/michael-jackson-performs-in-concert-circa-1995-photo-by-kevin-mazur_wireimage.jpg\" \/>\n\t<meta property=\"og:image:width\" content=\"768\" \/>\n\t<meta property=\"og:image:height\" content=\"432\" \/>\n\t<meta property=\"og:image:type\" content=\"image\/jpeg\" \/>\n<meta name=\"author\" content=\"diegoc\" \/>\n<meta name=\"twitter:card\" content=\"summary_large_image\" \/>\n<meta name=\"twitter:label1\" content=\"Escrito por\" \/>\n\t<meta name=\"twitter:data1\" content=\"diegoc\" \/>\n\t<meta name=\"twitter:label2\" content=\"Tiempo de lectura\" \/>\n\t<meta name=\"twitter:data2\" content=\"3 minutos\" \/>\n<script type=\"application\/ld+json\" class=\"yoast-schema-graph\">{\"@context\":\"https:\\\/\\\/schema.org\",\"@graph\":[{\"@type\":\"Article\",\"@id\":\"https:\\\/\\\/radiounodigital.com\\\/web\\\/2019\\\/11\\\/24\\\/el-productor-de-bohemian-rhapsody-trabaja-en-la-biopic-de-michael-jackson\\\/#article\",\"isPartOf\":{\"@id\":\"https:\\\/\\\/radiounodigital.com\\\/web\\\/2019\\\/11\\\/24\\\/el-productor-de-bohemian-rhapsody-trabaja-en-la-biopic-de-michael-jackson\\\/\"},\"author\":{\"name\":\"diegoc\",\"@id\":\"https:\\\/\\\/radiounodigital.com\\\/web\\\/#\\\/schema\\\/person\\\/00b93151fa54f619ecf9c183d1fc9758\"},\"headline\":\"El productor de \u00abBohemian Rhapsody\u00bb trabaja en la Biopic de Michael Jackson\",\"datePublished\":\"2019-11-24T11:39:43+00:00\",\"mainEntityOfPage\":{\"@id\":\"https:\\\/\\\/radiounodigital.com\\\/web\\\/2019\\\/11\\\/24\\\/el-productor-de-bohemian-rhapsody-trabaja-en-la-biopic-de-michael-jackson\\\/\"},\"wordCount\":527,\"commentCount\":0,\"image\":{\"@id\":\"https:\\\/\\\/radiounodigital.com\\\/web\\\/2019\\\/11\\\/24\\\/el-productor-de-bohemian-rhapsody-trabaja-en-la-biopic-de-michael-jackson\\\/#primaryimage\"},\"thumbnailUrl\":\"https:\\\/\\\/radiounodigital.com\\\/web\\\/wp-content\\\/uploads\\\/2019\\\/11\\\/michael-jackson-performs-in-concert-circa-1995-photo-by-kevin-mazur_wireimage.jpg\",\"keywords\":[\"biopic\",\"bohemian raphsody\",\"Graham King\",\"michael jackson\",\"productor\"],\"articleSection\":[\"news\",\"Rock Clasico\"],\"inLanguage\":\"es\",\"potentialAction\":[{\"@type\":\"CommentAction\",\"name\":\"Comment\",\"target\":[\"https:\\\/\\\/radiounodigital.com\\\/web\\\/2019\\\/11\\\/24\\\/el-productor-de-bohemian-rhapsody-trabaja-en-la-biopic-de-michael-jackson\\\/#respond\"]}]},{\"@type\":\"WebPage\",\"@id\":\"https:\\\/\\\/radiounodigital.com\\\/web\\\/2019\\\/11\\\/24\\\/el-productor-de-bohemian-rhapsody-trabaja-en-la-biopic-de-michael-jackson\\\/\",\"url\":\"https:\\\/\\\/radiounodigital.com\\\/web\\\/2019\\\/11\\\/24\\\/el-productor-de-bohemian-rhapsody-trabaja-en-la-biopic-de-michael-jackson\\\/\",\"name\":\"El productor de \\\"Bohemian Rhapsody\\\" trabaja en la Biopic de Michael Jackson - Radio UNO Digital\",\"isPartOf\":{\"@id\":\"https:\\\/\\\/radiounodigital.com\\\/web\\\/#website\"},\"primaryImageOfPage\":{\"@id\":\"https:\\\/\\\/radiounodigital.com\\\/web\\\/2019\\\/11\\\/24\\\/el-productor-de-bohemian-rhapsody-trabaja-en-la-biopic-de-michael-jackson\\\/#primaryimage\"},\"image\":{\"@id\":\"https:\\\/\\\/radiounodigital.com\\\/web\\\/2019\\\/11\\\/24\\\/el-productor-de-bohemian-rhapsody-trabaja-en-la-biopic-de-michael-jackson\\\/#primaryimage\"},\"thumbnailUrl\":\"https:\\\/\\\/radiounodigital.com\\\/web\\\/wp-content\\\/uploads\\\/2019\\\/11\\\/michael-jackson-performs-in-concert-circa-1995-photo-by-kevin-mazur_wireimage.jpg\",\"datePublished\":\"2019-11-24T11:39:43+00:00\",\"author\":{\"@id\":\"https:\\\/\\\/radiounodigital.com\\\/web\\\/#\\\/schema\\\/person\\\/00b93151fa54f619ecf9c183d1fc9758\"},\"breadcrumb\":{\"@id\":\"https:\\\/\\\/radiounodigital.com\\\/web\\\/2019\\\/11\\\/24\\\/el-productor-de-bohemian-rhapsody-trabaja-en-la-biopic-de-michael-jackson\\\/#breadcrumb\"},\"inLanguage\":\"es\",\"potentialAction\":[{\"@type\":\"ReadAction\",\"target\":[\"https:\\\/\\\/radiounodigital.com\\\/web\\\/2019\\\/11\\\/24\\\/el-productor-de-bohemian-rhapsody-trabaja-en-la-biopic-de-michael-jackson\\\/\"]}]},{\"@type\":\"ImageObject\",\"inLanguage\":\"es\",\"@id\":\"https:\\\/\\\/radiounodigital.com\\\/web\\\/2019\\\/11\\\/24\\\/el-productor-de-bohemian-rhapsody-trabaja-en-la-biopic-de-michael-jackson\\\/#primaryimage\",\"url\":\"https:\\\/\\\/radiounodigital.com\\\/web\\\/wp-content\\\/uploads\\\/2019\\\/11\\\/michael-jackson-performs-in-concert-circa-1995-photo-by-kevin-mazur_wireimage.jpg\",\"contentUrl\":\"https:\\\/\\\/radiounodigital.com\\\/web\\\/wp-content\\\/uploads\\\/2019\\\/11\\\/michael-jackson-performs-in-concert-circa-1995-photo-by-kevin-mazur_wireimage.jpg\",\"width\":768,\"height\":432},{\"@type\":\"BreadcrumbList\",\"@id\":\"https:\\\/\\\/radiounodigital.com\\\/web\\\/2019\\\/11\\\/24\\\/el-productor-de-bohemian-rhapsody-trabaja-en-la-biopic-de-michael-jackson\\\/#breadcrumb\",\"itemListElement\":[{\"@type\":\"ListItem\",\"position\":1,\"name\":\"Home\",\"item\":\"https:\\\/\\\/radiounodigital.com\\\/web\\\/\"},{\"@type\":\"ListItem\",\"position\":2,\"name\":\"El productor de \u00abBohemian Rhapsody\u00bb trabaja en la Biopic de Michael Jackson\"}]},{\"@type\":\"WebSite\",\"@id\":\"https:\\\/\\\/radiounodigital.com\\\/web\\\/#website\",\"url\":\"https:\\\/\\\/radiounodigital.com\\\/web\\\/\",\"name\":\"Radio UNO Digital\",\"description\":\"Donde la cultura del rock se siente\",\"potentialAction\":[{\"@type\":\"SearchAction\",\"target\":{\"@type\":\"EntryPoint\",\"urlTemplate\":\"https:\\\/\\\/radiounodigital.com\\\/web\\\/?s={search_term_string}\"},\"query-input\":{\"@type\":\"PropertyValueSpecification\",\"valueRequired\":true,\"valueName\":\"search_term_string\"}}],\"inLanguage\":\"es\"},{\"@type\":\"Person\",\"@id\":\"https:\\\/\\\/radiounodigital.com\\\/web\\\/#\\\/schema\\\/person\\\/00b93151fa54f619ecf9c183d1fc9758\",\"name\":\"diegoc\",\"image\":{\"@type\":\"ImageObject\",\"inLanguage\":\"es\",\"@id\":\"https:\\\/\\\/secure.gravatar.com\\\/avatar\\\/0a67041d44c702fb0660d81a5a32c7ce6007341cf92afeb718b75883bf415864?s=96&d=blank&r=g\",\"url\":\"https:\\\/\\\/secure.gravatar.com\\\/avatar\\\/0a67041d44c702fb0660d81a5a32c7ce6007341cf92afeb718b75883bf415864?s=96&d=blank&r=g\",\"contentUrl\":\"https:\\\/\\\/secure.gravatar.com\\\/avatar\\\/0a67041d44c702fb0660d81a5a32c7ce6007341cf92afeb718b75883bf415864?s=96&d=blank&r=g\",\"caption\":\"diegoc\"},\"url\":\"https:\\\/\\\/radiounodigital.com\\\/web\\\/author\\\/diegoc\\\/\"}]}<\/script>\n<!-- \/ Yoast SEO plugin. -->","yoast_head_json":{"title":"El productor de \"Bohemian Rhapsody\" trabaja en la Biopic de Michael Jackson - Radio UNO Digital","robots":{"index":"index","follow":"follow","max-snippet":"max-snippet:-1","max-image-preview":"max-image-preview:large","max-video-preview":"max-video-preview:-1"},"canonical":"https:\/\/radiounodigital.com\/web\/2019\/11\/24\/el-productor-de-bohemian-rhapsody-trabaja-en-la-biopic-de-michael-jackson\/","og_locale":"es_ES","og_type":"article","og_title":"El productor de \"Bohemian Rhapsody\" trabaja en la Biopic de Michael Jackson - Radio UNO Digital","og_description":"El productor de \u00abBohemian Rhapsody\u00bb, Graham King, lleg\u00f3 a un acuerdo con los propietarios de los derechos de musicales y de vida de\u00a0 Michael Jackson, con planes de hacer una pel\u00edcula basada en ambos perfiles. King ha tocado el guionista de \u00abGladiator\u00bb y \u00abThe Aviator\u00bb John Logan para el proyecto. La pel\u00edcula actualmente no tiene... Read More","og_url":"https:\/\/radiounodigital.com\/web\/2019\/11\/24\/el-productor-de-bohemian-rhapsody-trabaja-en-la-biopic-de-michael-jackson\/","og_site_name":"Radio UNO Digital","article_published_time":"2019-11-24T11:39:43+00:00","og_image":[{"width":768,"height":432,"url":"https:\/\/radiounodigital.com\/web\/wp-content\/uploads\/2019\/11\/michael-jackson-performs-in-concert-circa-1995-photo-by-kevin-mazur_wireimage.jpg","type":"image\/jpeg"}],"author":"diegoc","twitter_card":"summary_large_image","twitter_misc":{"Escrito por":"diegoc","Tiempo de lectura":"3 minutos"},"schema":{"@context":"https:\/\/schema.org","@graph":[{"@type":"Article","@id":"https:\/\/radiounodigital.com\/web\/2019\/11\/24\/el-productor-de-bohemian-rhapsody-trabaja-en-la-biopic-de-michael-jackson\/#article","isPartOf":{"@id":"https:\/\/radiounodigital.com\/web\/2019\/11\/24\/el-productor-de-bohemian-rhapsody-trabaja-en-la-biopic-de-michael-jackson\/"},"author":{"name":"diegoc","@id":"https:\/\/radiounodigital.com\/web\/#\/schema\/person\/00b93151fa54f619ecf9c183d1fc9758"},"headline":"El productor de \u00abBohemian Rhapsody\u00bb trabaja en la Biopic de Michael Jackson","datePublished":"2019-11-24T11:39:43+00:00","mainEntityOfPage":{"@id":"https:\/\/radiounodigital.com\/web\/2019\/11\/24\/el-productor-de-bohemian-rhapsody-trabaja-en-la-biopic-de-michael-jackson\/"},"wordCount":527,"commentCount":0,"image":{"@id":"https:\/\/radiounodigital.com\/web\/2019\/11\/24\/el-productor-de-bohemian-rhapsody-trabaja-en-la-biopic-de-michael-jackson\/#primaryimage"},"thumbnailUrl":"https:\/\/radiounodigital.com\/web\/wp-content\/uploads\/2019\/11\/michael-jackson-performs-in-concert-circa-1995-photo-by-kevin-mazur_wireimage.jpg","keywords":["biopic","bohemian raphsody","Graham King","michael jackson","productor"],"articleSection":["news","Rock Clasico"],"inLanguage":"es","potentialAction":[{"@type":"CommentAction","name":"Comment","target":["https:\/\/radiounodigital.com\/web\/2019\/11\/24\/el-productor-de-bohemian-rhapsody-trabaja-en-la-biopic-de-michael-jackson\/#respond"]}]},{"@type":"WebPage","@id":"https:\/\/radiounodigital.com\/web\/2019\/11\/24\/el-productor-de-bohemian-rhapsody-trabaja-en-la-biopic-de-michael-jackson\/","url":"https:\/\/radiounodigital.com\/web\/2019\/11\/24\/el-productor-de-bohemian-rhapsody-trabaja-en-la-biopic-de-michael-jackson\/","name":"El productor de \"Bohemian Rhapsody\" trabaja en la Biopic de Michael Jackson - Radio UNO Digital","isPartOf":{"@id":"https:\/\/radiounodigital.com\/web\/#website"},"primaryImageOfPage":{"@id":"https:\/\/radiounodigital.com\/web\/2019\/11\/24\/el-productor-de-bohemian-rhapsody-trabaja-en-la-biopic-de-michael-jackson\/#primaryimage"},"image":{"@id":"https:\/\/radiounodigital.com\/web\/2019\/11\/24\/el-productor-de-bohemian-rhapsody-trabaja-en-la-biopic-de-michael-jackson\/#primaryimage"},"thumbnailUrl":"https:\/\/radiounodigital.com\/web\/wp-content\/uploads\/2019\/11\/michael-jackson-performs-in-concert-circa-1995-photo-by-kevin-mazur_wireimage.jpg","datePublished":"2019-11-24T11:39:43+00:00","author":{"@id":"https:\/\/radiounodigital.com\/web\/#\/schema\/person\/00b93151fa54f619ecf9c183d1fc9758"},"breadcrumb":{"@id":"https:\/\/radiounodigital.com\/web\/2019\/11\/24\/el-productor-de-bohemian-rhapsody-trabaja-en-la-biopic-de-michael-jackson\/#breadcrumb"},"inLanguage":"es","potentialAction":[{"@type":"ReadAction","target":["https:\/\/radiounodigital.com\/web\/2019\/11\/24\/el-productor-de-bohemian-rhapsody-trabaja-en-la-biopic-de-michael-jackson\/"]}]},{"@type":"ImageObject","inLanguage":"es","@id":"https:\/\/radiounodigital.com\/web\/2019\/11\/24\/el-productor-de-bohemian-rhapsody-trabaja-en-la-biopic-de-michael-jackson\/#primaryimage","url":"https:\/\/radiounodigital.com\/web\/wp-content\/uploads\/2019\/11\/michael-jackson-performs-in-concert-circa-1995-photo-by-kevin-mazur_wireimage.jpg","contentUrl":"https:\/\/radiounodigital.com\/web\/wp-content\/uploads\/2019\/11\/michael-jackson-performs-in-concert-circa-1995-photo-by-kevin-mazur_wireimage.jpg","width":768,"height":432},{"@type":"BreadcrumbList","@id":"https:\/\/radiounodigital.com\/web\/2019\/11\/24\/el-productor-de-bohemian-rhapsody-trabaja-en-la-biopic-de-michael-jackson\/#breadcrumb","itemListElement":[{"@type":"ListItem","position":1,"name":"Home","item":"https:\/\/radiounodigital.com\/web\/"},{"@type":"ListItem","position":2,"name":"El productor de \u00abBohemian Rhapsody\u00bb trabaja en la Biopic de Michael Jackson"}]},{"@type":"WebSite","@id":"https:\/\/radiounodigital.com\/web\/#website","url":"https:\/\/radiounodigital.com\/web\/","name":"Radio UNO Digital","description":"Donde la cultura del rock se siente","potentialAction":[{"@type":"SearchAction","target":{"@type":"EntryPoint","urlTemplate":"https:\/\/radiounodigital.com\/web\/?s={search_term_string}"},"query-input":{"@type":"PropertyValueSpecification","valueRequired":true,"valueName":"search_term_string"}}],"inLanguage":"es"},{"@type":"Person","@id":"https:\/\/radiounodigital.com\/web\/#\/schema\/person\/00b93151fa54f619ecf9c183d1fc9758","name":"diegoc","image":{"@type":"ImageObject","inLanguage":"es","@id":"https:\/\/secure.gravatar.com\/avatar\/0a67041d44c702fb0660d81a5a32c7ce6007341cf92afeb718b75883bf415864?s=96&d=blank&r=g","url":"https:\/\/secure.gravatar.com\/avatar\/0a67041d44c702fb0660d81a5a32c7ce6007341cf92afeb718b75883bf415864?s=96&d=blank&r=g","contentUrl":"https:\/\/secure.gravatar.com\/avatar\/0a67041d44c702fb0660d81a5a32c7ce6007341cf92afeb718b75883bf415864?s=96&d=blank&r=g","caption":"diegoc"},"url":"https:\/\/radiounodigital.com\/web\/author\/diegoc\/"}]}},"_links":{"self":[{"href":"https:\/\/radiounodigital.com\/web\/wp-json\/wp\/v2\/posts\/3190","targetHints":{"allow":["GET"]}}],"collection":[{"href":"https:\/\/radiounodigital.com\/web\/wp-json\/wp\/v2\/posts"}],"about":[{"href":"https:\/\/radiounodigital.com\/web\/wp-json\/wp\/v2\/types\/post"}],"author":[{"embeddable":true,"href":"https:\/\/radiounodigital.com\/web\/wp-json\/wp\/v2\/users\/1"}],"replies":[{"embeddable":true,"href":"https:\/\/radiounodigital.com\/web\/wp-json\/wp\/v2\/comments?post=3190"}],"version-history":[{"count":1,"href":"https:\/\/radiounodigital.com\/web\/wp-json\/wp\/v2\/posts\/3190\/revisions"}],"predecessor-version":[{"id":3193,"href":"https:\/\/radiounodigital.com\/web\/wp-json\/wp\/v2\/posts\/3190\/revisions\/3193"}],"wp:featuredmedia":[{"embeddable":true,"href":"https:\/\/radiounodigital.com\/web\/wp-json\/wp\/v2\/media\/3191"}],"wp:attachment":[{"href":"https:\/\/radiounodigital.com\/web\/wp-json\/wp\/v2\/media?parent=3190"}],"wp:term":[{"taxonomy":"category","embeddable":true,"href":"https:\/\/radiounodigital.com\/web\/wp-json\/wp\/v2\/categories?post=3190"},{"taxonomy":"post_tag","embeddable":true,"href":"https:\/\/radiounodigital.com\/web\/wp-json\/wp\/v2\/tags?post=3190"}],"curies":[{"name":"wp","href":"https:\/\/api.w.org\/{rel}","templated":true}]}}