{"id":3205,"date":"2019-11-26T14:39:49","date_gmt":"2019-11-26T14:39:49","guid":{"rendered":"https:\/\/radiounodigital.com\/web\/?p=3205"},"modified":"2019-11-26T14:39:49","modified_gmt":"2019-11-26T14:39:49","slug":"mira-la-explosiva-actuacion-de-ozzy-en-los-american-music-awards","status":"publish","type":"post","link":"https:\/\/radiounodigital.com\/web\/2019\/11\/26\/mira-la-explosiva-actuacion-de-ozzy-en-los-american-music-awards\/","title":{"rendered":"Mira la explosiva actuaci\u00f3n de Ozzy en los American Music Awards"},"content":{"rendered":"<h3>Ozzy Osbourne subi\u00f3 al escenario con Post Malone, Travis Scott y Andrew Watt en The Forum en Los \u00c1ngeles anoche para iluminar los American Music Awards.<\/h3>\n<blockquote class=\"twitter-tweet\">\n<p dir=\"ltr\" lang=\"en\">It got hot at Ozzy Osbourne\u2019s and Post Malone\u2019s <a href=\"https:\/\/twitter.com\/hashtag\/AMAs?src=hash&amp;ref_src=twsrc%5Etfw\">#AMAs<\/a> performance! <a href=\"https:\/\/twitter.com\/hashtag\/ozzyosbourne?src=hash&amp;ref_src=twsrc%5Etfw\">#ozzyosbourne<\/a> <a href=\"https:\/\/twitter.com\/hashtag\/postmalone?src=hash&amp;ref_src=twsrc%5Etfw\">#postmalone<\/a> <a href=\"https:\/\/t.co\/Zdkr2jMOXx\">pic.twitter.com\/Zdkr2jMOXx<\/a><\/p>\n<p>\u2014 Pop Newsroom (@PopNewsroom) <a href=\"https:\/\/twitter.com\/PopNewsroom\/status\/1198810022928621568?ref_src=twsrc%5Etfw\">November 25, 2019<\/a><\/p><\/blockquote>\n<p><script async src=\"https:\/\/platform.twitter.com\/widgets.js\" charset=\"utf-8\"><\/script><\/p>\n<p>Ozzy Osbourne subi\u00f3 al escenario en los American Music Awards en Los \u00c1ngeles anoche para unirse nuevamente con Post Malone, Travis Scott y Andrew Watt.<\/p>\n<p>Tocaron la canci\u00f3n Take What You Want en The Forum, con Ozzy pasando parte de la actuaci\u00f3n explosiva alentando a la multitud desde el fondo del escenario.<\/p>\n<p>La aparici\u00f3n de Ozzy se produjo pocos d\u00edas despu\u00e9s de unirse a Malone, Scott y al guitarrista de California Breed, Watt, para la canci\u00f3n en Los \u00c1ngeles en la \u00faltima noche de la gira de Malone.<\/p>\n<p>Fue la primera presentaci\u00f3n en vivo de Ozzy despu\u00e9s de pasar gran parte de 2019 recuper\u00e1ndose despu\u00e9s de ser hospitalizado con neumon\u00eda y lesion\u00e1ndose la espalda, el cuello y los hombros en una desagradable ca\u00edda en casa.<\/p>\n<p>La semana pasada, Ozzy lanz\u00f3 su nuevo sencillo Straight To Hell con el guitarrista de Guns N \u2019Roses Slash. La canci\u00f3n, junto con Under The Graveyard, aparecer\u00e1 en el pr\u00f3ximo \u00e1lbum de estudio del vocalista Ordinary Man, que se lanzar\u00e1 en enero en una fecha a\u00fan por confirmar.<\/p>\n<p>A Ozzy se le unen en el disco Watt, Duff McKagan y el baterista de Red Hot Chili Peppers, Chad Smith.<\/p>\n<p>Las fechas de la gira 2019 pospuesta de Ozzy se han reprogramado para 2020, mientras que pronto se lanzar\u00e1 un video oficial de Straight To Hell.<\/p>\n<div class=\"fb-background-color\">\n\t\t\t  <div \n\t\t\t  \tclass = \"fb-comments\" \n\t\t\t  \tdata-href = \"https:\/\/radiounodigital.com\/web\/2019\/11\/26\/mira-la-explosiva-actuacion-de-ozzy-en-los-american-music-awards\/\"\n\t\t\t  \tdata-numposts = \"10\"\n\t\t\t  \tdata-lazy = \"true\"\n\t\t\t\tdata-colorscheme = \"dark\"\n\t\t\t\tdata-order-by = \"reverse_time\"\n\t\t\t\tdata-mobile=true>\n\t\t\t  <\/div><\/div>\n\t\t  <style>\n\t\t    .fb-background-color {\n\t\t\t\tbackground: #ffffff !important;\n\t\t\t}\n\t\t\t.fb_iframe_widget_fluid_desktop iframe {\n\t\t\t    width: 100% !important;\n\t\t\t}\n\t\t  <\/style>\n\t\t  ","protected":false},"excerpt":{"rendered":"<p>Ozzy Osbourne subi\u00f3 al escenario con Post Malone, Travis Scott y Andrew Watt en The Forum en Los \u00c1ngeles anoche para iluminar los American Music Awards. It got hot at Ozzy Osbourne\u2019s and Post Malone\u2019s #AMAs performance! #ozzyosbourne #postmalone pic.twitter.com\/Zdkr2jMOXx \u2014 Pop Newsroom (@PopNewsroom) November 25, 2019 Ozzy Osbourne subi\u00f3 al escenario en los American&#8230; <a href=\"https:\/\/radiounodigital.com\/web\/2019\/11\/26\/mira-la-explosiva-actuacion-de-ozzy-en-los-american-music-awards\/\" class=\"excerpt-read-more\">Read More<\/a><\/p>\n","protected":false},"author":1,"featured_media":3206,"comment_status":"open","ping_status":"open","sticky":false,"template":"","format":"standard","meta":{"footnotes":""},"categories":[180,127],"tags":[349,348,274],"class_list":["post-3205","post","type-post","status-publish","format-standard","has-post-thumbnail","hentry","category-news","category-rock","tag-actuacion","tag-american-music-awards","tag-ozzy-osbourne"],"yoast_head":"<!-- This site is optimized with the Yoast SEO plugin v27.4 - https:\/\/yoast.com\/product\/yoast-seo-wordpress\/ -->\n<title>Mira la explosiva actuaci\u00f3n de Ozzy en los American Music Awards - Radio UNO Digital<\/title>\n<meta name=\"robots\" content=\"index, follow, max-snippet:-1, max-image-preview:large, max-video-preview:-1\" \/>\n<link rel=\"canonical\" href=\"https:\/\/radiounodigital.com\/web\/2019\/11\/26\/mira-la-explosiva-actuacion-de-ozzy-en-los-american-music-awards\/\" \/>\n<meta property=\"og:locale\" content=\"es_ES\" \/>\n<meta property=\"og:type\" content=\"article\" \/>\n<meta property=\"og:title\" content=\"Mira la explosiva actuaci\u00f3n de Ozzy en los American Music Awards - Radio UNO Digital\" \/>\n<meta property=\"og:description\" content=\"Ozzy Osbourne subi\u00f3 al escenario con Post Malone, Travis Scott y Andrew Watt en The Forum en Los \u00c1ngeles anoche para iluminar los American Music Awards. It got hot at Ozzy Osbourne\u2019s and Post Malone\u2019s #AMAs performance! #ozzyosbourne #postmalone pic.twitter.com\/Zdkr2jMOXx \u2014 Pop Newsroom (@PopNewsroom) November 25, 2019 Ozzy Osbourne subi\u00f3 al escenario en los American... Read More\" \/>\n<meta property=\"og:url\" content=\"https:\/\/radiounodigital.com\/web\/2019\/11\/26\/mira-la-explosiva-actuacion-de-ozzy-en-los-american-music-awards\/\" \/>\n<meta property=\"og:site_name\" content=\"Radio UNO Digital\" \/>\n<meta property=\"article:published_time\" content=\"2019-11-26T14:39:49+00:00\" \/>\n<meta property=\"og:image\" content=\"https:\/\/radiounodigital.com\/web\/wp-content\/uploads\/2019\/11\/ozzy-AMAs.jpg\" \/>\n\t<meta property=\"og:image:width\" content=\"970\" \/>\n\t<meta property=\"og:image:height\" content=\"546\" \/>\n\t<meta property=\"og:image:type\" content=\"image\/jpeg\" \/>\n<meta name=\"author\" content=\"diegoc\" \/>\n<meta name=\"twitter:card\" content=\"summary_large_image\" \/>\n<meta name=\"twitter:label1\" content=\"Escrito por\" \/>\n\t<meta name=\"twitter:data1\" content=\"diegoc\" \/>\n\t<meta name=\"twitter:label2\" content=\"Tiempo de lectura\" \/>\n\t<meta name=\"twitter:data2\" content=\"1 minuto\" \/>\n<script type=\"application\/ld+json\" class=\"yoast-schema-graph\">{\"@context\":\"https:\\\/\\\/schema.org\",\"@graph\":[{\"@type\":\"Article\",\"@id\":\"https:\\\/\\\/radiounodigital.com\\\/web\\\/2019\\\/11\\\/26\\\/mira-la-explosiva-actuacion-de-ozzy-en-los-american-music-awards\\\/#article\",\"isPartOf\":{\"@id\":\"https:\\\/\\\/radiounodigital.com\\\/web\\\/2019\\\/11\\\/26\\\/mira-la-explosiva-actuacion-de-ozzy-en-los-american-music-awards\\\/\"},\"author\":{\"name\":\"diegoc\",\"@id\":\"https:\\\/\\\/radiounodigital.com\\\/web\\\/#\\\/schema\\\/person\\\/00b93151fa54f619ecf9c183d1fc9758\"},\"headline\":\"Mira la explosiva actuaci\u00f3n de Ozzy en los American Music Awards\",\"datePublished\":\"2019-11-26T14:39:49+00:00\",\"mainEntityOfPage\":{\"@id\":\"https:\\\/\\\/radiounodigital.com\\\/web\\\/2019\\\/11\\\/26\\\/mira-la-explosiva-actuacion-de-ozzy-en-los-american-music-awards\\\/\"},\"wordCount\":295,\"commentCount\":0,\"image\":{\"@id\":\"https:\\\/\\\/radiounodigital.com\\\/web\\\/2019\\\/11\\\/26\\\/mira-la-explosiva-actuacion-de-ozzy-en-los-american-music-awards\\\/#primaryimage\"},\"thumbnailUrl\":\"https:\\\/\\\/radiounodigital.com\\\/web\\\/wp-content\\\/uploads\\\/2019\\\/11\\\/ozzy-AMAs.jpg\",\"keywords\":[\"actuacion\",\"american music awards\",\"ozzy osbourne\"],\"articleSection\":[\"news\",\"Rock\"],\"inLanguage\":\"es\",\"potentialAction\":[{\"@type\":\"CommentAction\",\"name\":\"Comment\",\"target\":[\"https:\\\/\\\/radiounodigital.com\\\/web\\\/2019\\\/11\\\/26\\\/mira-la-explosiva-actuacion-de-ozzy-en-los-american-music-awards\\\/#respond\"]}]},{\"@type\":\"WebPage\",\"@id\":\"https:\\\/\\\/radiounodigital.com\\\/web\\\/2019\\\/11\\\/26\\\/mira-la-explosiva-actuacion-de-ozzy-en-los-american-music-awards\\\/\",\"url\":\"https:\\\/\\\/radiounodigital.com\\\/web\\\/2019\\\/11\\\/26\\\/mira-la-explosiva-actuacion-de-ozzy-en-los-american-music-awards\\\/\",\"name\":\"Mira la explosiva actuaci\u00f3n de Ozzy en los American Music Awards - Radio UNO Digital\",\"isPartOf\":{\"@id\":\"https:\\\/\\\/radiounodigital.com\\\/web\\\/#website\"},\"primaryImageOfPage\":{\"@id\":\"https:\\\/\\\/radiounodigital.com\\\/web\\\/2019\\\/11\\\/26\\\/mira-la-explosiva-actuacion-de-ozzy-en-los-american-music-awards\\\/#primaryimage\"},\"image\":{\"@id\":\"https:\\\/\\\/radiounodigital.com\\\/web\\\/2019\\\/11\\\/26\\\/mira-la-explosiva-actuacion-de-ozzy-en-los-american-music-awards\\\/#primaryimage\"},\"thumbnailUrl\":\"https:\\\/\\\/radiounodigital.com\\\/web\\\/wp-content\\\/uploads\\\/2019\\\/11\\\/ozzy-AMAs.jpg\",\"datePublished\":\"2019-11-26T14:39:49+00:00\",\"author\":{\"@id\":\"https:\\\/\\\/radiounodigital.com\\\/web\\\/#\\\/schema\\\/person\\\/00b93151fa54f619ecf9c183d1fc9758\"},\"breadcrumb\":{\"@id\":\"https:\\\/\\\/radiounodigital.com\\\/web\\\/2019\\\/11\\\/26\\\/mira-la-explosiva-actuacion-de-ozzy-en-los-american-music-awards\\\/#breadcrumb\"},\"inLanguage\":\"es\",\"potentialAction\":[{\"@type\":\"ReadAction\",\"target\":[\"https:\\\/\\\/radiounodigital.com\\\/web\\\/2019\\\/11\\\/26\\\/mira-la-explosiva-actuacion-de-ozzy-en-los-american-music-awards\\\/\"]}]},{\"@type\":\"ImageObject\",\"inLanguage\":\"es\",\"@id\":\"https:\\\/\\\/radiounodigital.com\\\/web\\\/2019\\\/11\\\/26\\\/mira-la-explosiva-actuacion-de-ozzy-en-los-american-music-awards\\\/#primaryimage\",\"url\":\"https:\\\/\\\/radiounodigital.com\\\/web\\\/wp-content\\\/uploads\\\/2019\\\/11\\\/ozzy-AMAs.jpg\",\"contentUrl\":\"https:\\\/\\\/radiounodigital.com\\\/web\\\/wp-content\\\/uploads\\\/2019\\\/11\\\/ozzy-AMAs.jpg\",\"width\":970,\"height\":546,\"caption\":\"Ozzy se presenta en los American Music Awards de anoche (Cr\u00e9dito de la imagen: Tommaso Boddi \\\/ WireImage - Getty)\"},{\"@type\":\"BreadcrumbList\",\"@id\":\"https:\\\/\\\/radiounodigital.com\\\/web\\\/2019\\\/11\\\/26\\\/mira-la-explosiva-actuacion-de-ozzy-en-los-american-music-awards\\\/#breadcrumb\",\"itemListElement\":[{\"@type\":\"ListItem\",\"position\":1,\"name\":\"Home\",\"item\":\"https:\\\/\\\/radiounodigital.com\\\/web\\\/\"},{\"@type\":\"ListItem\",\"position\":2,\"name\":\"Mira la explosiva actuaci\u00f3n de Ozzy en los American Music Awards\"}]},{\"@type\":\"WebSite\",\"@id\":\"https:\\\/\\\/radiounodigital.com\\\/web\\\/#website\",\"url\":\"https:\\\/\\\/radiounodigital.com\\\/web\\\/\",\"name\":\"Radio UNO Digital\",\"description\":\"Donde la cultura del rock se siente\",\"potentialAction\":[{\"@type\":\"SearchAction\",\"target\":{\"@type\":\"EntryPoint\",\"urlTemplate\":\"https:\\\/\\\/radiounodigital.com\\\/web\\\/?s={search_term_string}\"},\"query-input\":{\"@type\":\"PropertyValueSpecification\",\"valueRequired\":true,\"valueName\":\"search_term_string\"}}],\"inLanguage\":\"es\"},{\"@type\":\"Person\",\"@id\":\"https:\\\/\\\/radiounodigital.com\\\/web\\\/#\\\/schema\\\/person\\\/00b93151fa54f619ecf9c183d1fc9758\",\"name\":\"diegoc\",\"image\":{\"@type\":\"ImageObject\",\"inLanguage\":\"es\",\"@id\":\"https:\\\/\\\/secure.gravatar.com\\\/avatar\\\/0a67041d44c702fb0660d81a5a32c7ce6007341cf92afeb718b75883bf415864?s=96&d=blank&r=g\",\"url\":\"https:\\\/\\\/secure.gravatar.com\\\/avatar\\\/0a67041d44c702fb0660d81a5a32c7ce6007341cf92afeb718b75883bf415864?s=96&d=blank&r=g\",\"contentUrl\":\"https:\\\/\\\/secure.gravatar.com\\\/avatar\\\/0a67041d44c702fb0660d81a5a32c7ce6007341cf92afeb718b75883bf415864?s=96&d=blank&r=g\",\"caption\":\"diegoc\"},\"url\":\"https:\\\/\\\/radiounodigital.com\\\/web\\\/author\\\/diegoc\\\/\"}]}<\/script>\n<!-- \/ Yoast SEO plugin. -->","yoast_head_json":{"title":"Mira la explosiva actuaci\u00f3n de Ozzy en los American Music Awards - Radio UNO Digital","robots":{"index":"index","follow":"follow","max-snippet":"max-snippet:-1","max-image-preview":"max-image-preview:large","max-video-preview":"max-video-preview:-1"},"canonical":"https:\/\/radiounodigital.com\/web\/2019\/11\/26\/mira-la-explosiva-actuacion-de-ozzy-en-los-american-music-awards\/","og_locale":"es_ES","og_type":"article","og_title":"Mira la explosiva actuaci\u00f3n de Ozzy en los American Music Awards - Radio UNO Digital","og_description":"Ozzy Osbourne subi\u00f3 al escenario con Post Malone, Travis Scott y Andrew Watt en The Forum en Los \u00c1ngeles anoche para iluminar los American Music Awards. It got hot at Ozzy Osbourne\u2019s and Post Malone\u2019s #AMAs performance! #ozzyosbourne #postmalone pic.twitter.com\/Zdkr2jMOXx \u2014 Pop Newsroom (@PopNewsroom) November 25, 2019 Ozzy Osbourne subi\u00f3 al escenario en los American... Read More","og_url":"https:\/\/radiounodigital.com\/web\/2019\/11\/26\/mira-la-explosiva-actuacion-de-ozzy-en-los-american-music-awards\/","og_site_name":"Radio UNO Digital","article_published_time":"2019-11-26T14:39:49+00:00","og_image":[{"width":970,"height":546,"url":"https:\/\/radiounodigital.com\/web\/wp-content\/uploads\/2019\/11\/ozzy-AMAs.jpg","type":"image\/jpeg"}],"author":"diegoc","twitter_card":"summary_large_image","twitter_misc":{"Escrito por":"diegoc","Tiempo de lectura":"1 minuto"},"schema":{"@context":"https:\/\/schema.org","@graph":[{"@type":"Article","@id":"https:\/\/radiounodigital.com\/web\/2019\/11\/26\/mira-la-explosiva-actuacion-de-ozzy-en-los-american-music-awards\/#article","isPartOf":{"@id":"https:\/\/radiounodigital.com\/web\/2019\/11\/26\/mira-la-explosiva-actuacion-de-ozzy-en-los-american-music-awards\/"},"author":{"name":"diegoc","@id":"https:\/\/radiounodigital.com\/web\/#\/schema\/person\/00b93151fa54f619ecf9c183d1fc9758"},"headline":"Mira la explosiva actuaci\u00f3n de Ozzy en los American Music Awards","datePublished":"2019-11-26T14:39:49+00:00","mainEntityOfPage":{"@id":"https:\/\/radiounodigital.com\/web\/2019\/11\/26\/mira-la-explosiva-actuacion-de-ozzy-en-los-american-music-awards\/"},"wordCount":295,"commentCount":0,"image":{"@id":"https:\/\/radiounodigital.com\/web\/2019\/11\/26\/mira-la-explosiva-actuacion-de-ozzy-en-los-american-music-awards\/#primaryimage"},"thumbnailUrl":"https:\/\/radiounodigital.com\/web\/wp-content\/uploads\/2019\/11\/ozzy-AMAs.jpg","keywords":["actuacion","american music awards","ozzy osbourne"],"articleSection":["news","Rock"],"inLanguage":"es","potentialAction":[{"@type":"CommentAction","name":"Comment","target":["https:\/\/radiounodigital.com\/web\/2019\/11\/26\/mira-la-explosiva-actuacion-de-ozzy-en-los-american-music-awards\/#respond"]}]},{"@type":"WebPage","@id":"https:\/\/radiounodigital.com\/web\/2019\/11\/26\/mira-la-explosiva-actuacion-de-ozzy-en-los-american-music-awards\/","url":"https:\/\/radiounodigital.com\/web\/2019\/11\/26\/mira-la-explosiva-actuacion-de-ozzy-en-los-american-music-awards\/","name":"Mira la explosiva actuaci\u00f3n de Ozzy en los American Music Awards - Radio UNO Digital","isPartOf":{"@id":"https:\/\/radiounodigital.com\/web\/#website"},"primaryImageOfPage":{"@id":"https:\/\/radiounodigital.com\/web\/2019\/11\/26\/mira-la-explosiva-actuacion-de-ozzy-en-los-american-music-awards\/#primaryimage"},"image":{"@id":"https:\/\/radiounodigital.com\/web\/2019\/11\/26\/mira-la-explosiva-actuacion-de-ozzy-en-los-american-music-awards\/#primaryimage"},"thumbnailUrl":"https:\/\/radiounodigital.com\/web\/wp-content\/uploads\/2019\/11\/ozzy-AMAs.jpg","datePublished":"2019-11-26T14:39:49+00:00","author":{"@id":"https:\/\/radiounodigital.com\/web\/#\/schema\/person\/00b93151fa54f619ecf9c183d1fc9758"},"breadcrumb":{"@id":"https:\/\/radiounodigital.com\/web\/2019\/11\/26\/mira-la-explosiva-actuacion-de-ozzy-en-los-american-music-awards\/#breadcrumb"},"inLanguage":"es","potentialAction":[{"@type":"ReadAction","target":["https:\/\/radiounodigital.com\/web\/2019\/11\/26\/mira-la-explosiva-actuacion-de-ozzy-en-los-american-music-awards\/"]}]},{"@type":"ImageObject","inLanguage":"es","@id":"https:\/\/radiounodigital.com\/web\/2019\/11\/26\/mira-la-explosiva-actuacion-de-ozzy-en-los-american-music-awards\/#primaryimage","url":"https:\/\/radiounodigital.com\/web\/wp-content\/uploads\/2019\/11\/ozzy-AMAs.jpg","contentUrl":"https:\/\/radiounodigital.com\/web\/wp-content\/uploads\/2019\/11\/ozzy-AMAs.jpg","width":970,"height":546,"caption":"Ozzy se presenta en los American Music Awards de anoche (Cr\u00e9dito de la imagen: Tommaso Boddi \/ WireImage - Getty)"},{"@type":"BreadcrumbList","@id":"https:\/\/radiounodigital.com\/web\/2019\/11\/26\/mira-la-explosiva-actuacion-de-ozzy-en-los-american-music-awards\/#breadcrumb","itemListElement":[{"@type":"ListItem","position":1,"name":"Home","item":"https:\/\/radiounodigital.com\/web\/"},{"@type":"ListItem","position":2,"name":"Mira la explosiva actuaci\u00f3n de Ozzy en los American Music Awards"}]},{"@type":"WebSite","@id":"https:\/\/radiounodigital.com\/web\/#website","url":"https:\/\/radiounodigital.com\/web\/","name":"Radio UNO Digital","description":"Donde la cultura del rock se siente","potentialAction":[{"@type":"SearchAction","target":{"@type":"EntryPoint","urlTemplate":"https:\/\/radiounodigital.com\/web\/?s={search_term_string}"},"query-input":{"@type":"PropertyValueSpecification","valueRequired":true,"valueName":"search_term_string"}}],"inLanguage":"es"},{"@type":"Person","@id":"https:\/\/radiounodigital.com\/web\/#\/schema\/person\/00b93151fa54f619ecf9c183d1fc9758","name":"diegoc","image":{"@type":"ImageObject","inLanguage":"es","@id":"https:\/\/secure.gravatar.com\/avatar\/0a67041d44c702fb0660d81a5a32c7ce6007341cf92afeb718b75883bf415864?s=96&d=blank&r=g","url":"https:\/\/secure.gravatar.com\/avatar\/0a67041d44c702fb0660d81a5a32c7ce6007341cf92afeb718b75883bf415864?s=96&d=blank&r=g","contentUrl":"https:\/\/secure.gravatar.com\/avatar\/0a67041d44c702fb0660d81a5a32c7ce6007341cf92afeb718b75883bf415864?s=96&d=blank&r=g","caption":"diegoc"},"url":"https:\/\/radiounodigital.com\/web\/author\/diegoc\/"}]}},"_links":{"self":[{"href":"https:\/\/radiounodigital.com\/web\/wp-json\/wp\/v2\/posts\/3205","targetHints":{"allow":["GET"]}}],"collection":[{"href":"https:\/\/radiounodigital.com\/web\/wp-json\/wp\/v2\/posts"}],"about":[{"href":"https:\/\/radiounodigital.com\/web\/wp-json\/wp\/v2\/types\/post"}],"author":[{"embeddable":true,"href":"https:\/\/radiounodigital.com\/web\/wp-json\/wp\/v2\/users\/1"}],"replies":[{"embeddable":true,"href":"https:\/\/radiounodigital.com\/web\/wp-json\/wp\/v2\/comments?post=3205"}],"version-history":[{"count":1,"href":"https:\/\/radiounodigital.com\/web\/wp-json\/wp\/v2\/posts\/3205\/revisions"}],"predecessor-version":[{"id":3207,"href":"https:\/\/radiounodigital.com\/web\/wp-json\/wp\/v2\/posts\/3205\/revisions\/3207"}],"wp:featuredmedia":[{"embeddable":true,"href":"https:\/\/radiounodigital.com\/web\/wp-json\/wp\/v2\/media\/3206"}],"wp:attachment":[{"href":"https:\/\/radiounodigital.com\/web\/wp-json\/wp\/v2\/media?parent=3205"}],"wp:term":[{"taxonomy":"category","embeddable":true,"href":"https:\/\/radiounodigital.com\/web\/wp-json\/wp\/v2\/categories?post=3205"},{"taxonomy":"post_tag","embeddable":true,"href":"https:\/\/radiounodigital.com\/web\/wp-json\/wp\/v2\/tags?post=3205"}],"curies":[{"name":"wp","href":"https:\/\/api.w.org\/{rel}","templated":true}]}}