{"id":3215,"date":"2019-11-28T11:04:45","date_gmt":"2019-11-28T11:04:45","guid":{"rendered":"https:\/\/radiounodigital.com\/web\/?p=3215"},"modified":"2019-12-02T11:09:26","modified_gmt":"2019-12-02T11:09:26","slug":"mira-el-trailer-sobre-el-concierto-documental-de-gorillaz","status":"publish","type":"post","link":"https:\/\/radiounodigital.com\/web\/2019\/11\/28\/mira-el-trailer-sobre-el-concierto-documental-de-gorillaz\/","title":{"rendered":"Mira el tr\u00e1iler sobre el concierto documental de Gorillaz"},"content":{"rendered":"<h3>Despu\u00e9s de tres a\u00f1os trabajando en ello, Gorillaz lanzar\u00e1 por fin su pel\u00edcula documental para conciertos, Gorillaz: Reject False Icons, en menos de tres semanas.<\/h3>\n<p><iframe loading=\"lazy\" src=\"https:\/\/www.youtube.com\/embed\/Dx5Ty1FzgvU\" width=\"560\" height=\"315\" frameborder=\"0\" allowfullscreen=\"allowfullscreen\"><\/iframe><\/p>\n<p>El trailer de 30 segundos, lanzado el mi\u00e9rcoles (27 de noviembre), muestra im\u00e1genes de Damon Albarn trabajando con sus colaboradores en el escenario y en el estudio. Clips de la banda animada se entrelazan en el espect\u00e1culo, y el documento contar\u00e1 con apariciones de Vince Staples, Pusha T y m\u00e1s.<br \/>\nReject False Icons se lanzar\u00e1 el 16 de diciembre. La pel\u00edcula tambi\u00e9n se proyectar\u00e1 durante una noche solo en cines de todo el mundo, con entradas disponibles aqu\u00ed.<\/p>\n<div class=\"fb-background-color\">\n\t\t\t  <div \n\t\t\t  \tclass = \"fb-comments\" \n\t\t\t  \tdata-href = \"https:\/\/radiounodigital.com\/web\/2019\/11\/28\/mira-el-trailer-sobre-el-concierto-documental-de-gorillaz\/\"\n\t\t\t  \tdata-numposts = \"10\"\n\t\t\t  \tdata-lazy = \"true\"\n\t\t\t\tdata-colorscheme = \"dark\"\n\t\t\t\tdata-order-by = \"reverse_time\"\n\t\t\t\tdata-mobile=true>\n\t\t\t  <\/div><\/div>\n\t\t  <style>\n\t\t    .fb-background-color {\n\t\t\t\tbackground: #ffffff !important;\n\t\t\t}\n\t\t\t.fb_iframe_widget_fluid_desktop iframe {\n\t\t\t    width: 100% !important;\n\t\t\t}\n\t\t  <\/style>\n\t\t  ","protected":false},"excerpt":{"rendered":"<p>Despu\u00e9s de tres a\u00f1os trabajando en ello, Gorillaz lanzar\u00e1 por fin su pel\u00edcula documental para conciertos, Gorillaz: Reject False Icons, en menos de tres semanas. El trailer de 30 segundos, lanzado el mi\u00e9rcoles (27 de noviembre), muestra im\u00e1genes de Damon Albarn trabajando con sus colaboradores en el escenario y en el estudio. Clips de la&#8230; <a href=\"https:\/\/radiounodigital.com\/web\/2019\/11\/28\/mira-el-trailer-sobre-el-concierto-documental-de-gorillaz\/\" class=\"excerpt-read-more\">Read More<\/a><\/p>\n","protected":false},"author":1,"featured_media":3216,"comment_status":"open","ping_status":"open","sticky":false,"template":"","format":"standard","meta":{"footnotes":""},"categories":[180,127],"tags":[170,358,359],"class_list":["post-3215","post","type-post","status-publish","format-standard","has-post-thumbnail","hentry","category-news","category-rock","tag-documental","tag-gorillaz","tag-reject-false-icons"],"yoast_head":"<!-- This site is optimized with the Yoast SEO plugin v27.4 - https:\/\/yoast.com\/product\/yoast-seo-wordpress\/ -->\n<title>Mira el tr\u00e1iler sobre el concierto documental de Gorillaz - Radio UNO Digital<\/title>\n<meta name=\"robots\" content=\"index, follow, max-snippet:-1, max-image-preview:large, max-video-preview:-1\" \/>\n<link rel=\"canonical\" href=\"https:\/\/radiounodigital.com\/web\/2019\/11\/28\/mira-el-trailer-sobre-el-concierto-documental-de-gorillaz\/\" \/>\n<meta property=\"og:locale\" content=\"es_ES\" \/>\n<meta property=\"og:type\" content=\"article\" \/>\n<meta property=\"og:title\" content=\"Mira el tr\u00e1iler sobre el concierto documental de Gorillaz - Radio UNO Digital\" \/>\n<meta property=\"og:description\" content=\"Despu\u00e9s de tres a\u00f1os trabajando en ello, Gorillaz lanzar\u00e1 por fin su pel\u00edcula documental para conciertos, Gorillaz: Reject False Icons, en menos de tres semanas. El trailer de 30 segundos, lanzado el mi\u00e9rcoles (27 de noviembre), muestra im\u00e1genes de Damon Albarn trabajando con sus colaboradores en el escenario y en el estudio. Clips de la... Read More\" \/>\n<meta property=\"og:url\" content=\"https:\/\/radiounodigital.com\/web\/2019\/11\/28\/mira-el-trailer-sobre-el-concierto-documental-de-gorillaz\/\" \/>\n<meta property=\"og:site_name\" content=\"Radio UNO Digital\" \/>\n<meta property=\"article:published_time\" content=\"2019-11-28T11:04:45+00:00\" \/>\n<meta property=\"article:modified_time\" content=\"2019-12-02T11:09:26+00:00\" \/>\n<meta property=\"og:image\" content=\"https:\/\/radiounodigital.com\/web\/wp-content\/uploads\/2019\/12\/GORILLAZ-REJECT-FALSE-ICONS-2019-billboard-1548.jpg\" \/>\n\t<meta property=\"og:image:width\" content=\"636\" \/>\n\t<meta property=\"og:image:height\" content=\"421\" \/>\n\t<meta property=\"og:image:type\" content=\"image\/jpeg\" \/>\n<meta name=\"author\" content=\"diegoc\" \/>\n<meta name=\"twitter:card\" content=\"summary_large_image\" \/>\n<meta name=\"twitter:label1\" content=\"Escrito por\" \/>\n\t<meta name=\"twitter:data1\" content=\"diegoc\" \/>\n\t<meta name=\"twitter:label2\" content=\"Tiempo de lectura\" \/>\n\t<meta name=\"twitter:data2\" content=\"1 minuto\" \/>\n<script type=\"application\/ld+json\" class=\"yoast-schema-graph\">{\"@context\":\"https:\\\/\\\/schema.org\",\"@graph\":[{\"@type\":\"Article\",\"@id\":\"https:\\\/\\\/radiounodigital.com\\\/web\\\/2019\\\/11\\\/28\\\/mira-el-trailer-sobre-el-concierto-documental-de-gorillaz\\\/#article\",\"isPartOf\":{\"@id\":\"https:\\\/\\\/radiounodigital.com\\\/web\\\/2019\\\/11\\\/28\\\/mira-el-trailer-sobre-el-concierto-documental-de-gorillaz\\\/\"},\"author\":{\"name\":\"diegoc\",\"@id\":\"https:\\\/\\\/radiounodigital.com\\\/web\\\/#\\\/schema\\\/person\\\/00b93151fa54f619ecf9c183d1fc9758\"},\"headline\":\"Mira el tr\u00e1iler sobre el concierto documental de Gorillaz\",\"datePublished\":\"2019-11-28T11:04:45+00:00\",\"dateModified\":\"2019-12-02T11:09:26+00:00\",\"mainEntityOfPage\":{\"@id\":\"https:\\\/\\\/radiounodigital.com\\\/web\\\/2019\\\/11\\\/28\\\/mira-el-trailer-sobre-el-concierto-documental-de-gorillaz\\\/\"},\"wordCount\":119,\"commentCount\":0,\"image\":{\"@id\":\"https:\\\/\\\/radiounodigital.com\\\/web\\\/2019\\\/11\\\/28\\\/mira-el-trailer-sobre-el-concierto-documental-de-gorillaz\\\/#primaryimage\"},\"thumbnailUrl\":\"https:\\\/\\\/radiounodigital.com\\\/web\\\/wp-content\\\/uploads\\\/2019\\\/12\\\/GORILLAZ-REJECT-FALSE-ICONS-2019-billboard-1548.jpg\",\"keywords\":[\"DOCUMENTAL\",\"gorillaz\",\"reject false icons\"],\"articleSection\":[\"news\",\"Rock\"],\"inLanguage\":\"es\",\"potentialAction\":[{\"@type\":\"CommentAction\",\"name\":\"Comment\",\"target\":[\"https:\\\/\\\/radiounodigital.com\\\/web\\\/2019\\\/11\\\/28\\\/mira-el-trailer-sobre-el-concierto-documental-de-gorillaz\\\/#respond\"]}]},{\"@type\":\"WebPage\",\"@id\":\"https:\\\/\\\/radiounodigital.com\\\/web\\\/2019\\\/11\\\/28\\\/mira-el-trailer-sobre-el-concierto-documental-de-gorillaz\\\/\",\"url\":\"https:\\\/\\\/radiounodigital.com\\\/web\\\/2019\\\/11\\\/28\\\/mira-el-trailer-sobre-el-concierto-documental-de-gorillaz\\\/\",\"name\":\"Mira el tr\u00e1iler sobre el concierto documental de Gorillaz - Radio UNO Digital\",\"isPartOf\":{\"@id\":\"https:\\\/\\\/radiounodigital.com\\\/web\\\/#website\"},\"primaryImageOfPage\":{\"@id\":\"https:\\\/\\\/radiounodigital.com\\\/web\\\/2019\\\/11\\\/28\\\/mira-el-trailer-sobre-el-concierto-documental-de-gorillaz\\\/#primaryimage\"},\"image\":{\"@id\":\"https:\\\/\\\/radiounodigital.com\\\/web\\\/2019\\\/11\\\/28\\\/mira-el-trailer-sobre-el-concierto-documental-de-gorillaz\\\/#primaryimage\"},\"thumbnailUrl\":\"https:\\\/\\\/radiounodigital.com\\\/web\\\/wp-content\\\/uploads\\\/2019\\\/12\\\/GORILLAZ-REJECT-FALSE-ICONS-2019-billboard-1548.jpg\",\"datePublished\":\"2019-11-28T11:04:45+00:00\",\"dateModified\":\"2019-12-02T11:09:26+00:00\",\"author\":{\"@id\":\"https:\\\/\\\/radiounodigital.com\\\/web\\\/#\\\/schema\\\/person\\\/00b93151fa54f619ecf9c183d1fc9758\"},\"breadcrumb\":{\"@id\":\"https:\\\/\\\/radiounodigital.com\\\/web\\\/2019\\\/11\\\/28\\\/mira-el-trailer-sobre-el-concierto-documental-de-gorillaz\\\/#breadcrumb\"},\"inLanguage\":\"es\",\"potentialAction\":[{\"@type\":\"ReadAction\",\"target\":[\"https:\\\/\\\/radiounodigital.com\\\/web\\\/2019\\\/11\\\/28\\\/mira-el-trailer-sobre-el-concierto-documental-de-gorillaz\\\/\"]}]},{\"@type\":\"ImageObject\",\"inLanguage\":\"es\",\"@id\":\"https:\\\/\\\/radiounodigital.com\\\/web\\\/2019\\\/11\\\/28\\\/mira-el-trailer-sobre-el-concierto-documental-de-gorillaz\\\/#primaryimage\",\"url\":\"https:\\\/\\\/radiounodigital.com\\\/web\\\/wp-content\\\/uploads\\\/2019\\\/12\\\/GORILLAZ-REJECT-FALSE-ICONS-2019-billboard-1548.jpg\",\"contentUrl\":\"https:\\\/\\\/radiounodigital.com\\\/web\\\/wp-content\\\/uploads\\\/2019\\\/12\\\/GORILLAZ-REJECT-FALSE-ICONS-2019-billboard-1548.jpg\",\"width\":636,\"height\":421},{\"@type\":\"BreadcrumbList\",\"@id\":\"https:\\\/\\\/radiounodigital.com\\\/web\\\/2019\\\/11\\\/28\\\/mira-el-trailer-sobre-el-concierto-documental-de-gorillaz\\\/#breadcrumb\",\"itemListElement\":[{\"@type\":\"ListItem\",\"position\":1,\"name\":\"Home\",\"item\":\"https:\\\/\\\/radiounodigital.com\\\/web\\\/\"},{\"@type\":\"ListItem\",\"position\":2,\"name\":\"Mira el tr\u00e1iler sobre el concierto documental de Gorillaz\"}]},{\"@type\":\"WebSite\",\"@id\":\"https:\\\/\\\/radiounodigital.com\\\/web\\\/#website\",\"url\":\"https:\\\/\\\/radiounodigital.com\\\/web\\\/\",\"name\":\"Radio UNO Digital\",\"description\":\"Donde la cultura del rock se siente\",\"potentialAction\":[{\"@type\":\"SearchAction\",\"target\":{\"@type\":\"EntryPoint\",\"urlTemplate\":\"https:\\\/\\\/radiounodigital.com\\\/web\\\/?s={search_term_string}\"},\"query-input\":{\"@type\":\"PropertyValueSpecification\",\"valueRequired\":true,\"valueName\":\"search_term_string\"}}],\"inLanguage\":\"es\"},{\"@type\":\"Person\",\"@id\":\"https:\\\/\\\/radiounodigital.com\\\/web\\\/#\\\/schema\\\/person\\\/00b93151fa54f619ecf9c183d1fc9758\",\"name\":\"diegoc\",\"image\":{\"@type\":\"ImageObject\",\"inLanguage\":\"es\",\"@id\":\"https:\\\/\\\/secure.gravatar.com\\\/avatar\\\/0a67041d44c702fb0660d81a5a32c7ce6007341cf92afeb718b75883bf415864?s=96&d=blank&r=g\",\"url\":\"https:\\\/\\\/secure.gravatar.com\\\/avatar\\\/0a67041d44c702fb0660d81a5a32c7ce6007341cf92afeb718b75883bf415864?s=96&d=blank&r=g\",\"contentUrl\":\"https:\\\/\\\/secure.gravatar.com\\\/avatar\\\/0a67041d44c702fb0660d81a5a32c7ce6007341cf92afeb718b75883bf415864?s=96&d=blank&r=g\",\"caption\":\"diegoc\"},\"url\":\"https:\\\/\\\/radiounodigital.com\\\/web\\\/author\\\/diegoc\\\/\"}]}<\/script>\n<!-- \/ Yoast SEO plugin. -->","yoast_head_json":{"title":"Mira el tr\u00e1iler sobre el concierto documental de Gorillaz - Radio UNO Digital","robots":{"index":"index","follow":"follow","max-snippet":"max-snippet:-1","max-image-preview":"max-image-preview:large","max-video-preview":"max-video-preview:-1"},"canonical":"https:\/\/radiounodigital.com\/web\/2019\/11\/28\/mira-el-trailer-sobre-el-concierto-documental-de-gorillaz\/","og_locale":"es_ES","og_type":"article","og_title":"Mira el tr\u00e1iler sobre el concierto documental de Gorillaz - Radio UNO Digital","og_description":"Despu\u00e9s de tres a\u00f1os trabajando en ello, Gorillaz lanzar\u00e1 por fin su pel\u00edcula documental para conciertos, Gorillaz: Reject False Icons, en menos de tres semanas. El trailer de 30 segundos, lanzado el mi\u00e9rcoles (27 de noviembre), muestra im\u00e1genes de Damon Albarn trabajando con sus colaboradores en el escenario y en el estudio. Clips de la... Read More","og_url":"https:\/\/radiounodigital.com\/web\/2019\/11\/28\/mira-el-trailer-sobre-el-concierto-documental-de-gorillaz\/","og_site_name":"Radio UNO Digital","article_published_time":"2019-11-28T11:04:45+00:00","article_modified_time":"2019-12-02T11:09:26+00:00","og_image":[{"width":636,"height":421,"url":"https:\/\/radiounodigital.com\/web\/wp-content\/uploads\/2019\/12\/GORILLAZ-REJECT-FALSE-ICONS-2019-billboard-1548.jpg","type":"image\/jpeg"}],"author":"diegoc","twitter_card":"summary_large_image","twitter_misc":{"Escrito por":"diegoc","Tiempo de lectura":"1 minuto"},"schema":{"@context":"https:\/\/schema.org","@graph":[{"@type":"Article","@id":"https:\/\/radiounodigital.com\/web\/2019\/11\/28\/mira-el-trailer-sobre-el-concierto-documental-de-gorillaz\/#article","isPartOf":{"@id":"https:\/\/radiounodigital.com\/web\/2019\/11\/28\/mira-el-trailer-sobre-el-concierto-documental-de-gorillaz\/"},"author":{"name":"diegoc","@id":"https:\/\/radiounodigital.com\/web\/#\/schema\/person\/00b93151fa54f619ecf9c183d1fc9758"},"headline":"Mira el tr\u00e1iler sobre el concierto documental de Gorillaz","datePublished":"2019-11-28T11:04:45+00:00","dateModified":"2019-12-02T11:09:26+00:00","mainEntityOfPage":{"@id":"https:\/\/radiounodigital.com\/web\/2019\/11\/28\/mira-el-trailer-sobre-el-concierto-documental-de-gorillaz\/"},"wordCount":119,"commentCount":0,"image":{"@id":"https:\/\/radiounodigital.com\/web\/2019\/11\/28\/mira-el-trailer-sobre-el-concierto-documental-de-gorillaz\/#primaryimage"},"thumbnailUrl":"https:\/\/radiounodigital.com\/web\/wp-content\/uploads\/2019\/12\/GORILLAZ-REJECT-FALSE-ICONS-2019-billboard-1548.jpg","keywords":["DOCUMENTAL","gorillaz","reject false icons"],"articleSection":["news","Rock"],"inLanguage":"es","potentialAction":[{"@type":"CommentAction","name":"Comment","target":["https:\/\/radiounodigital.com\/web\/2019\/11\/28\/mira-el-trailer-sobre-el-concierto-documental-de-gorillaz\/#respond"]}]},{"@type":"WebPage","@id":"https:\/\/radiounodigital.com\/web\/2019\/11\/28\/mira-el-trailer-sobre-el-concierto-documental-de-gorillaz\/","url":"https:\/\/radiounodigital.com\/web\/2019\/11\/28\/mira-el-trailer-sobre-el-concierto-documental-de-gorillaz\/","name":"Mira el tr\u00e1iler sobre el concierto documental de Gorillaz - Radio UNO Digital","isPartOf":{"@id":"https:\/\/radiounodigital.com\/web\/#website"},"primaryImageOfPage":{"@id":"https:\/\/radiounodigital.com\/web\/2019\/11\/28\/mira-el-trailer-sobre-el-concierto-documental-de-gorillaz\/#primaryimage"},"image":{"@id":"https:\/\/radiounodigital.com\/web\/2019\/11\/28\/mira-el-trailer-sobre-el-concierto-documental-de-gorillaz\/#primaryimage"},"thumbnailUrl":"https:\/\/radiounodigital.com\/web\/wp-content\/uploads\/2019\/12\/GORILLAZ-REJECT-FALSE-ICONS-2019-billboard-1548.jpg","datePublished":"2019-11-28T11:04:45+00:00","dateModified":"2019-12-02T11:09:26+00:00","author":{"@id":"https:\/\/radiounodigital.com\/web\/#\/schema\/person\/00b93151fa54f619ecf9c183d1fc9758"},"breadcrumb":{"@id":"https:\/\/radiounodigital.com\/web\/2019\/11\/28\/mira-el-trailer-sobre-el-concierto-documental-de-gorillaz\/#breadcrumb"},"inLanguage":"es","potentialAction":[{"@type":"ReadAction","target":["https:\/\/radiounodigital.com\/web\/2019\/11\/28\/mira-el-trailer-sobre-el-concierto-documental-de-gorillaz\/"]}]},{"@type":"ImageObject","inLanguage":"es","@id":"https:\/\/radiounodigital.com\/web\/2019\/11\/28\/mira-el-trailer-sobre-el-concierto-documental-de-gorillaz\/#primaryimage","url":"https:\/\/radiounodigital.com\/web\/wp-content\/uploads\/2019\/12\/GORILLAZ-REJECT-FALSE-ICONS-2019-billboard-1548.jpg","contentUrl":"https:\/\/radiounodigital.com\/web\/wp-content\/uploads\/2019\/12\/GORILLAZ-REJECT-FALSE-ICONS-2019-billboard-1548.jpg","width":636,"height":421},{"@type":"BreadcrumbList","@id":"https:\/\/radiounodigital.com\/web\/2019\/11\/28\/mira-el-trailer-sobre-el-concierto-documental-de-gorillaz\/#breadcrumb","itemListElement":[{"@type":"ListItem","position":1,"name":"Home","item":"https:\/\/radiounodigital.com\/web\/"},{"@type":"ListItem","position":2,"name":"Mira el tr\u00e1iler sobre el concierto documental de Gorillaz"}]},{"@type":"WebSite","@id":"https:\/\/radiounodigital.com\/web\/#website","url":"https:\/\/radiounodigital.com\/web\/","name":"Radio UNO Digital","description":"Donde la cultura del rock se siente","potentialAction":[{"@type":"SearchAction","target":{"@type":"EntryPoint","urlTemplate":"https:\/\/radiounodigital.com\/web\/?s={search_term_string}"},"query-input":{"@type":"PropertyValueSpecification","valueRequired":true,"valueName":"search_term_string"}}],"inLanguage":"es"},{"@type":"Person","@id":"https:\/\/radiounodigital.com\/web\/#\/schema\/person\/00b93151fa54f619ecf9c183d1fc9758","name":"diegoc","image":{"@type":"ImageObject","inLanguage":"es","@id":"https:\/\/secure.gravatar.com\/avatar\/0a67041d44c702fb0660d81a5a32c7ce6007341cf92afeb718b75883bf415864?s=96&d=blank&r=g","url":"https:\/\/secure.gravatar.com\/avatar\/0a67041d44c702fb0660d81a5a32c7ce6007341cf92afeb718b75883bf415864?s=96&d=blank&r=g","contentUrl":"https:\/\/secure.gravatar.com\/avatar\/0a67041d44c702fb0660d81a5a32c7ce6007341cf92afeb718b75883bf415864?s=96&d=blank&r=g","caption":"diegoc"},"url":"https:\/\/radiounodigital.com\/web\/author\/diegoc\/"}]}},"_links":{"self":[{"href":"https:\/\/radiounodigital.com\/web\/wp-json\/wp\/v2\/posts\/3215","targetHints":{"allow":["GET"]}}],"collection":[{"href":"https:\/\/radiounodigital.com\/web\/wp-json\/wp\/v2\/posts"}],"about":[{"href":"https:\/\/radiounodigital.com\/web\/wp-json\/wp\/v2\/types\/post"}],"author":[{"embeddable":true,"href":"https:\/\/radiounodigital.com\/web\/wp-json\/wp\/v2\/users\/1"}],"replies":[{"embeddable":true,"href":"https:\/\/radiounodigital.com\/web\/wp-json\/wp\/v2\/comments?post=3215"}],"version-history":[{"count":1,"href":"https:\/\/radiounodigital.com\/web\/wp-json\/wp\/v2\/posts\/3215\/revisions"}],"predecessor-version":[{"id":3217,"href":"https:\/\/radiounodigital.com\/web\/wp-json\/wp\/v2\/posts\/3215\/revisions\/3217"}],"wp:featuredmedia":[{"embeddable":true,"href":"https:\/\/radiounodigital.com\/web\/wp-json\/wp\/v2\/media\/3216"}],"wp:attachment":[{"href":"https:\/\/radiounodigital.com\/web\/wp-json\/wp\/v2\/media?parent=3215"}],"wp:term":[{"taxonomy":"category","embeddable":true,"href":"https:\/\/radiounodigital.com\/web\/wp-json\/wp\/v2\/categories?post=3215"},{"taxonomy":"post_tag","embeddable":true,"href":"https:\/\/radiounodigital.com\/web\/wp-json\/wp\/v2\/tags?post=3215"}],"curies":[{"name":"wp","href":"https:\/\/api.w.org\/{rel}","templated":true}]}}