{"id":3237,"date":"2019-12-04T13:30:21","date_gmt":"2019-12-04T13:30:21","guid":{"rendered":"https:\/\/radiounodigital.com\/web\/?p=3237"},"modified":"2019-12-04T13:30:38","modified_gmt":"2019-12-04T13:30:38","slug":"deep-purple-confirma-nuevo-album","status":"publish","type":"post","link":"https:\/\/radiounodigital.com\/web\/2019\/12\/04\/deep-purple-confirma-nuevo-album\/","title":{"rendered":"Deep Purple confirma nuevo \u00e1lbum"},"content":{"rendered":"<h3>Ian Gillan public\u00f3 un mensaje en las redes sociales confirmando que Deep Purple ha grabado un nuevo \u00e1lbum , al mismo tiempo que anuncia una gira por el Reino Unido con Blue Oyster Cult.<\/h3>\n<p><iframe loading=\"lazy\" src=\"https:\/\/www.youtube.com\/embed\/OorZcOzNcgE\" width=\"560\" height=\"315\" frameborder=\"0\" allowfullscreen=\"allowfullscreen\"><\/iframe><\/p>\n<p>Deep Purple, con Ian Gillan al frente ha confirmando que un nuevo \u00e1lbum de la banda est\u00e1 en camino, anunciando adem\u00e1s que se embarcar\u00e1n en una mini gira por el Reino Unido con Blue Oyster Cult el pr\u00f3ximo a\u00f1o.<\/p>\n<p>En una publicaci\u00f3n en Facebook, Gillan confirm\u00f3 que se hab\u00eda grabado un nuevo \u00e1lbum con Bob Ezrin, el hombre detr\u00e1s de Now What? y Infinite de 2017.<\/p>\n<p>En una publicaci\u00f3n bastante po\u00e9tica, Gillan explica c\u00f3mo la banda se encontr\u00f3 en Nashville: \u00abBob Ezrin apareci\u00f3 y dijo &#8216;Cenamos el lunes&#8217;. Alguien pregunt\u00f3 &#8216;\u00bfCu\u00e1l es la gran ocasi\u00f3n?&#8217; Bob respondi\u00f3 &#8216;Para celebrar el hecho de que todos seguimos vivos &#8230; \u00bb En cuyo caso &#8216;continu\u00f3 el muso cansado del mundo,&#8217; Ser\u00e1 mejor que lleguemos el domingo &#8216;.<\/p>\n<p>Contin\u00faa: \u00abPero sobrevivimos el fin de semana y cenamos el lunes. El martes, hicimos otro \u00e1lbum y el mi\u00e9rcoles fuimos al pub &#8230;\u00bb.<\/p>\n<p>Se esperan m\u00e1s detalles en el nuevo a\u00f1o, pero mientras tanto, la banda tambi\u00e9n ha confirmado una serie de fechas en el Reino Unido para octubre de 2020. El calendario comienza con un espect\u00e1culo en Manchester Arena el 2 de octubre y cl\u00edmax en Arena Birmingham el 8 de octubre. Fechas completas a continuaci\u00f3n. Los boletos saldr\u00e1n a la venta desde AEG a las 10 am el 6 de diciembre.<\/p>\n<p>\u00abEs fant\u00e1stico volver a tocar en algunos shows en casa\u00bb, dice Gillan. \u00abLa banda est\u00e1 trabajando y llena de m\u00fasica, adem\u00e1s habr\u00e1 un par o tres canciones nuevas. No s\u00e9 c\u00f3mo vamos a exprimirlo todo, pero siempre nos las arreglamos de alguna manera.<\/p>\n<p>El baterista Ian Paice agrega: \u00abComo siempre tocar en tu pa\u00eds es especial y emocionante, y viajar con el &#8216;Cult&#8217; asegura que ser\u00e1 una gran racha de conciertos\u00bb.<\/p>\n<p>Eric Bloom de Blue Oyster Cult dice: \u201cEstoy personalmente encantado de volver a tocar con Deep Purple. Como fan\u00e1tico de su m\u00fasica, me asegurar\u00e9 de quedarme y ver su espect\u00e1culo todas las noches. Un cat\u00e1logo tan profundo de grandes canciones cl\u00e1sicas m\u00e1s una gran musicalidad y canto. Grandes chicos tambi\u00e9n. \u00a1Estoy deseando que llegue!<\/p>\n<p>\u00abBlue Oyster Cult est\u00e1 emocionado de regresar al Reino Unido y apoyar a Deep Purple\u00bb, agrega Buck Dharma. \u00abSon una banda que siempre hemos admirado y que ha inspirado a BOC al rock desde el principio\u00bb.<\/p>\n<div class=\"fb-background-color\">\n\t\t\t  <div \n\t\t\t  \tclass = \"fb-comments\" \n\t\t\t  \tdata-href = \"https:\/\/radiounodigital.com\/web\/2019\/12\/04\/deep-purple-confirma-nuevo-album\/\"\n\t\t\t  \tdata-numposts = \"10\"\n\t\t\t  \tdata-lazy = \"true\"\n\t\t\t\tdata-colorscheme = \"dark\"\n\t\t\t\tdata-order-by = \"reverse_time\"\n\t\t\t\tdata-mobile=true>\n\t\t\t  <\/div><\/div>\n\t\t  <style>\n\t\t    .fb-background-color {\n\t\t\t\tbackground: #ffffff !important;\n\t\t\t}\n\t\t\t.fb_iframe_widget_fluid_desktop iframe {\n\t\t\t    width: 100% !important;\n\t\t\t}\n\t\t  <\/style>\n\t\t  ","protected":false},"excerpt":{"rendered":"<p>Ian Gillan public\u00f3 un mensaje en las redes sociales confirmando que Deep Purple ha grabado un nuevo \u00e1lbum , al mismo tiempo que anuncia una gira por el Reino Unido con Blue Oyster Cult. Deep Purple, con Ian Gillan al frente ha confirmando que un nuevo \u00e1lbum de la banda est\u00e1 en camino, anunciando adem\u00e1s&#8230; <a href=\"https:\/\/radiounodigital.com\/web\/2019\/12\/04\/deep-purple-confirma-nuevo-album\/\" class=\"excerpt-read-more\">Read More<\/a><\/p>\n","protected":false},"author":1,"featured_media":3238,"comment_status":"open","ping_status":"open","sticky":false,"template":"","format":"standard","meta":{"footnotes":""},"categories":[180,128],"tags":[121,375,119,132],"class_list":["post-3237","post","type-post","status-publish","format-standard","has-post-thumbnail","hentry","category-news","category-rock-clasico","tag-album","tag-deep-purple","tag-disco","tag-nuevo"],"yoast_head":"<!-- This site is optimized with the Yoast SEO plugin v27.5 - https:\/\/yoast.com\/product\/yoast-seo-wordpress\/ -->\n<title>Deep Purple confirma nuevo \u00e1lbum - Radio UNO Digital<\/title>\n<meta name=\"robots\" content=\"index, follow, max-snippet:-1, max-image-preview:large, max-video-preview:-1\" \/>\n<link rel=\"canonical\" href=\"https:\/\/radiounodigital.com\/web\/2019\/12\/04\/deep-purple-confirma-nuevo-album\/\" \/>\n<meta property=\"og:locale\" content=\"es_ES\" \/>\n<meta property=\"og:type\" content=\"article\" \/>\n<meta property=\"og:title\" content=\"Deep Purple confirma nuevo \u00e1lbum - Radio UNO Digital\" \/>\n<meta property=\"og:description\" content=\"Ian Gillan public\u00f3 un mensaje en las redes sociales confirmando que Deep Purple ha grabado un nuevo \u00e1lbum , al mismo tiempo que anuncia una gira por el Reino Unido con Blue Oyster Cult. Deep Purple, con Ian Gillan al frente ha confirmando que un nuevo \u00e1lbum de la banda est\u00e1 en camino, anunciando adem\u00e1s... Read More\" \/>\n<meta property=\"og:url\" content=\"https:\/\/radiounodigital.com\/web\/2019\/12\/04\/deep-purple-confirma-nuevo-album\/\" \/>\n<meta property=\"og:site_name\" content=\"Radio UNO Digital\" \/>\n<meta property=\"article:published_time\" content=\"2019-12-04T13:30:21+00:00\" \/>\n<meta property=\"article:modified_time\" content=\"2019-12-04T13:30:38+00:00\" \/>\n<meta property=\"og:image\" content=\"https:\/\/radiounodigital.com\/web\/wp-content\/uploads\/2019\/12\/deep-purple-2020.jpg\" \/>\n\t<meta property=\"og:image:width\" content=\"970\" \/>\n\t<meta property=\"og:image:height\" content=\"502\" \/>\n\t<meta property=\"og:image:type\" content=\"image\/jpeg\" \/>\n<meta name=\"author\" content=\"diegoc\" \/>\n<meta name=\"twitter:card\" content=\"summary_large_image\" \/>\n<meta name=\"twitter:label1\" content=\"Escrito por\" \/>\n\t<meta name=\"twitter:data1\" content=\"diegoc\" \/>\n\t<meta name=\"twitter:label2\" content=\"Tiempo de lectura\" \/>\n\t<meta name=\"twitter:data2\" content=\"2 minutos\" \/>\n<script type=\"application\/ld+json\" class=\"yoast-schema-graph\">{\"@context\":\"https:\\\/\\\/schema.org\",\"@graph\":[{\"@type\":\"Article\",\"@id\":\"https:\\\/\\\/radiounodigital.com\\\/web\\\/2019\\\/12\\\/04\\\/deep-purple-confirma-nuevo-album\\\/#article\",\"isPartOf\":{\"@id\":\"https:\\\/\\\/radiounodigital.com\\\/web\\\/2019\\\/12\\\/04\\\/deep-purple-confirma-nuevo-album\\\/\"},\"author\":{\"name\":\"diegoc\",\"@id\":\"https:\\\/\\\/radiounodigital.com\\\/web\\\/#\\\/schema\\\/person\\\/00b93151fa54f619ecf9c183d1fc9758\"},\"headline\":\"Deep Purple confirma nuevo \u00e1lbum\",\"datePublished\":\"2019-12-04T13:30:21+00:00\",\"dateModified\":\"2019-12-04T13:30:38+00:00\",\"mainEntityOfPage\":{\"@id\":\"https:\\\/\\\/radiounodigital.com\\\/web\\\/2019\\\/12\\\/04\\\/deep-purple-confirma-nuevo-album\\\/\"},\"wordCount\":439,\"commentCount\":0,\"image\":{\"@id\":\"https:\\\/\\\/radiounodigital.com\\\/web\\\/2019\\\/12\\\/04\\\/deep-purple-confirma-nuevo-album\\\/#primaryimage\"},\"thumbnailUrl\":\"https:\\\/\\\/radiounodigital.com\\\/web\\\/wp-content\\\/uploads\\\/2019\\\/12\\\/deep-purple-2020.jpg\",\"keywords\":[\"album\",\"deep purple\",\"disco\",\"nuevo\"],\"articleSection\":[\"news\",\"Rock Clasico\"],\"inLanguage\":\"es\",\"potentialAction\":[{\"@type\":\"CommentAction\",\"name\":\"Comment\",\"target\":[\"https:\\\/\\\/radiounodigital.com\\\/web\\\/2019\\\/12\\\/04\\\/deep-purple-confirma-nuevo-album\\\/#respond\"]}]},{\"@type\":\"WebPage\",\"@id\":\"https:\\\/\\\/radiounodigital.com\\\/web\\\/2019\\\/12\\\/04\\\/deep-purple-confirma-nuevo-album\\\/\",\"url\":\"https:\\\/\\\/radiounodigital.com\\\/web\\\/2019\\\/12\\\/04\\\/deep-purple-confirma-nuevo-album\\\/\",\"name\":\"Deep Purple confirma nuevo \u00e1lbum - Radio UNO Digital\",\"isPartOf\":{\"@id\":\"https:\\\/\\\/radiounodigital.com\\\/web\\\/#website\"},\"primaryImageOfPage\":{\"@id\":\"https:\\\/\\\/radiounodigital.com\\\/web\\\/2019\\\/12\\\/04\\\/deep-purple-confirma-nuevo-album\\\/#primaryimage\"},\"image\":{\"@id\":\"https:\\\/\\\/radiounodigital.com\\\/web\\\/2019\\\/12\\\/04\\\/deep-purple-confirma-nuevo-album\\\/#primaryimage\"},\"thumbnailUrl\":\"https:\\\/\\\/radiounodigital.com\\\/web\\\/wp-content\\\/uploads\\\/2019\\\/12\\\/deep-purple-2020.jpg\",\"datePublished\":\"2019-12-04T13:30:21+00:00\",\"dateModified\":\"2019-12-04T13:30:38+00:00\",\"author\":{\"@id\":\"https:\\\/\\\/radiounodigital.com\\\/web\\\/#\\\/schema\\\/person\\\/00b93151fa54f619ecf9c183d1fc9758\"},\"breadcrumb\":{\"@id\":\"https:\\\/\\\/radiounodigital.com\\\/web\\\/2019\\\/12\\\/04\\\/deep-purple-confirma-nuevo-album\\\/#breadcrumb\"},\"inLanguage\":\"es\",\"potentialAction\":[{\"@type\":\"ReadAction\",\"target\":[\"https:\\\/\\\/radiounodigital.com\\\/web\\\/2019\\\/12\\\/04\\\/deep-purple-confirma-nuevo-album\\\/\"]}]},{\"@type\":\"ImageObject\",\"inLanguage\":\"es\",\"@id\":\"https:\\\/\\\/radiounodigital.com\\\/web\\\/2019\\\/12\\\/04\\\/deep-purple-confirma-nuevo-album\\\/#primaryimage\",\"url\":\"https:\\\/\\\/radiounodigital.com\\\/web\\\/wp-content\\\/uploads\\\/2019\\\/12\\\/deep-purple-2020.jpg\",\"contentUrl\":\"https:\\\/\\\/radiounodigital.com\\\/web\\\/wp-content\\\/uploads\\\/2019\\\/12\\\/deep-purple-2020.jpg\",\"width\":970,\"height\":502,\"caption\":\"(Image credit: Deep Purple)\"},{\"@type\":\"BreadcrumbList\",\"@id\":\"https:\\\/\\\/radiounodigital.com\\\/web\\\/2019\\\/12\\\/04\\\/deep-purple-confirma-nuevo-album\\\/#breadcrumb\",\"itemListElement\":[{\"@type\":\"ListItem\",\"position\":1,\"name\":\"Home\",\"item\":\"https:\\\/\\\/radiounodigital.com\\\/web\\\/\"},{\"@type\":\"ListItem\",\"position\":2,\"name\":\"Deep Purple confirma nuevo \u00e1lbum\"}]},{\"@type\":\"WebSite\",\"@id\":\"https:\\\/\\\/radiounodigital.com\\\/web\\\/#website\",\"url\":\"https:\\\/\\\/radiounodigital.com\\\/web\\\/\",\"name\":\"Radio UNO Digital\",\"description\":\"Donde la cultura del rock se siente\",\"potentialAction\":[{\"@type\":\"SearchAction\",\"target\":{\"@type\":\"EntryPoint\",\"urlTemplate\":\"https:\\\/\\\/radiounodigital.com\\\/web\\\/?s={search_term_string}\"},\"query-input\":{\"@type\":\"PropertyValueSpecification\",\"valueRequired\":true,\"valueName\":\"search_term_string\"}}],\"inLanguage\":\"es\"},{\"@type\":\"Person\",\"@id\":\"https:\\\/\\\/radiounodigital.com\\\/web\\\/#\\\/schema\\\/person\\\/00b93151fa54f619ecf9c183d1fc9758\",\"name\":\"diegoc\",\"image\":{\"@type\":\"ImageObject\",\"inLanguage\":\"es\",\"@id\":\"https:\\\/\\\/secure.gravatar.com\\\/avatar\\\/0a67041d44c702fb0660d81a5a32c7ce6007341cf92afeb718b75883bf415864?s=96&d=blank&r=g\",\"url\":\"https:\\\/\\\/secure.gravatar.com\\\/avatar\\\/0a67041d44c702fb0660d81a5a32c7ce6007341cf92afeb718b75883bf415864?s=96&d=blank&r=g\",\"contentUrl\":\"https:\\\/\\\/secure.gravatar.com\\\/avatar\\\/0a67041d44c702fb0660d81a5a32c7ce6007341cf92afeb718b75883bf415864?s=96&d=blank&r=g\",\"caption\":\"diegoc\"},\"url\":\"https:\\\/\\\/radiounodigital.com\\\/web\\\/author\\\/diegoc\\\/\"}]}<\/script>\n<!-- \/ Yoast SEO plugin. -->","yoast_head_json":{"title":"Deep Purple confirma nuevo \u00e1lbum - Radio UNO Digital","robots":{"index":"index","follow":"follow","max-snippet":"max-snippet:-1","max-image-preview":"max-image-preview:large","max-video-preview":"max-video-preview:-1"},"canonical":"https:\/\/radiounodigital.com\/web\/2019\/12\/04\/deep-purple-confirma-nuevo-album\/","og_locale":"es_ES","og_type":"article","og_title":"Deep Purple confirma nuevo \u00e1lbum - Radio UNO Digital","og_description":"Ian Gillan public\u00f3 un mensaje en las redes sociales confirmando que Deep Purple ha grabado un nuevo \u00e1lbum , al mismo tiempo que anuncia una gira por el Reino Unido con Blue Oyster Cult. Deep Purple, con Ian Gillan al frente ha confirmando que un nuevo \u00e1lbum de la banda est\u00e1 en camino, anunciando adem\u00e1s... Read More","og_url":"https:\/\/radiounodigital.com\/web\/2019\/12\/04\/deep-purple-confirma-nuevo-album\/","og_site_name":"Radio UNO Digital","article_published_time":"2019-12-04T13:30:21+00:00","article_modified_time":"2019-12-04T13:30:38+00:00","og_image":[{"width":970,"height":502,"url":"https:\/\/radiounodigital.com\/web\/wp-content\/uploads\/2019\/12\/deep-purple-2020.jpg","type":"image\/jpeg"}],"author":"diegoc","twitter_card":"summary_large_image","twitter_misc":{"Escrito por":"diegoc","Tiempo de lectura":"2 minutos"},"schema":{"@context":"https:\/\/schema.org","@graph":[{"@type":"Article","@id":"https:\/\/radiounodigital.com\/web\/2019\/12\/04\/deep-purple-confirma-nuevo-album\/#article","isPartOf":{"@id":"https:\/\/radiounodigital.com\/web\/2019\/12\/04\/deep-purple-confirma-nuevo-album\/"},"author":{"name":"diegoc","@id":"https:\/\/radiounodigital.com\/web\/#\/schema\/person\/00b93151fa54f619ecf9c183d1fc9758"},"headline":"Deep Purple confirma nuevo \u00e1lbum","datePublished":"2019-12-04T13:30:21+00:00","dateModified":"2019-12-04T13:30:38+00:00","mainEntityOfPage":{"@id":"https:\/\/radiounodigital.com\/web\/2019\/12\/04\/deep-purple-confirma-nuevo-album\/"},"wordCount":439,"commentCount":0,"image":{"@id":"https:\/\/radiounodigital.com\/web\/2019\/12\/04\/deep-purple-confirma-nuevo-album\/#primaryimage"},"thumbnailUrl":"https:\/\/radiounodigital.com\/web\/wp-content\/uploads\/2019\/12\/deep-purple-2020.jpg","keywords":["album","deep purple","disco","nuevo"],"articleSection":["news","Rock Clasico"],"inLanguage":"es","potentialAction":[{"@type":"CommentAction","name":"Comment","target":["https:\/\/radiounodigital.com\/web\/2019\/12\/04\/deep-purple-confirma-nuevo-album\/#respond"]}]},{"@type":"WebPage","@id":"https:\/\/radiounodigital.com\/web\/2019\/12\/04\/deep-purple-confirma-nuevo-album\/","url":"https:\/\/radiounodigital.com\/web\/2019\/12\/04\/deep-purple-confirma-nuevo-album\/","name":"Deep Purple confirma nuevo \u00e1lbum - Radio UNO Digital","isPartOf":{"@id":"https:\/\/radiounodigital.com\/web\/#website"},"primaryImageOfPage":{"@id":"https:\/\/radiounodigital.com\/web\/2019\/12\/04\/deep-purple-confirma-nuevo-album\/#primaryimage"},"image":{"@id":"https:\/\/radiounodigital.com\/web\/2019\/12\/04\/deep-purple-confirma-nuevo-album\/#primaryimage"},"thumbnailUrl":"https:\/\/radiounodigital.com\/web\/wp-content\/uploads\/2019\/12\/deep-purple-2020.jpg","datePublished":"2019-12-04T13:30:21+00:00","dateModified":"2019-12-04T13:30:38+00:00","author":{"@id":"https:\/\/radiounodigital.com\/web\/#\/schema\/person\/00b93151fa54f619ecf9c183d1fc9758"},"breadcrumb":{"@id":"https:\/\/radiounodigital.com\/web\/2019\/12\/04\/deep-purple-confirma-nuevo-album\/#breadcrumb"},"inLanguage":"es","potentialAction":[{"@type":"ReadAction","target":["https:\/\/radiounodigital.com\/web\/2019\/12\/04\/deep-purple-confirma-nuevo-album\/"]}]},{"@type":"ImageObject","inLanguage":"es","@id":"https:\/\/radiounodigital.com\/web\/2019\/12\/04\/deep-purple-confirma-nuevo-album\/#primaryimage","url":"https:\/\/radiounodigital.com\/web\/wp-content\/uploads\/2019\/12\/deep-purple-2020.jpg","contentUrl":"https:\/\/radiounodigital.com\/web\/wp-content\/uploads\/2019\/12\/deep-purple-2020.jpg","width":970,"height":502,"caption":"(Image credit: Deep Purple)"},{"@type":"BreadcrumbList","@id":"https:\/\/radiounodigital.com\/web\/2019\/12\/04\/deep-purple-confirma-nuevo-album\/#breadcrumb","itemListElement":[{"@type":"ListItem","position":1,"name":"Home","item":"https:\/\/radiounodigital.com\/web\/"},{"@type":"ListItem","position":2,"name":"Deep Purple confirma nuevo \u00e1lbum"}]},{"@type":"WebSite","@id":"https:\/\/radiounodigital.com\/web\/#website","url":"https:\/\/radiounodigital.com\/web\/","name":"Radio UNO Digital","description":"Donde la cultura del rock se siente","potentialAction":[{"@type":"SearchAction","target":{"@type":"EntryPoint","urlTemplate":"https:\/\/radiounodigital.com\/web\/?s={search_term_string}"},"query-input":{"@type":"PropertyValueSpecification","valueRequired":true,"valueName":"search_term_string"}}],"inLanguage":"es"},{"@type":"Person","@id":"https:\/\/radiounodigital.com\/web\/#\/schema\/person\/00b93151fa54f619ecf9c183d1fc9758","name":"diegoc","image":{"@type":"ImageObject","inLanguage":"es","@id":"https:\/\/secure.gravatar.com\/avatar\/0a67041d44c702fb0660d81a5a32c7ce6007341cf92afeb718b75883bf415864?s=96&d=blank&r=g","url":"https:\/\/secure.gravatar.com\/avatar\/0a67041d44c702fb0660d81a5a32c7ce6007341cf92afeb718b75883bf415864?s=96&d=blank&r=g","contentUrl":"https:\/\/secure.gravatar.com\/avatar\/0a67041d44c702fb0660d81a5a32c7ce6007341cf92afeb718b75883bf415864?s=96&d=blank&r=g","caption":"diegoc"},"url":"https:\/\/radiounodigital.com\/web\/author\/diegoc\/"}]}},"_links":{"self":[{"href":"https:\/\/radiounodigital.com\/web\/wp-json\/wp\/v2\/posts\/3237","targetHints":{"allow":["GET"]}}],"collection":[{"href":"https:\/\/radiounodigital.com\/web\/wp-json\/wp\/v2\/posts"}],"about":[{"href":"https:\/\/radiounodigital.com\/web\/wp-json\/wp\/v2\/types\/post"}],"author":[{"embeddable":true,"href":"https:\/\/radiounodigital.com\/web\/wp-json\/wp\/v2\/users\/1"}],"replies":[{"embeddable":true,"href":"https:\/\/radiounodigital.com\/web\/wp-json\/wp\/v2\/comments?post=3237"}],"version-history":[{"count":2,"href":"https:\/\/radiounodigital.com\/web\/wp-json\/wp\/v2\/posts\/3237\/revisions"}],"predecessor-version":[{"id":3240,"href":"https:\/\/radiounodigital.com\/web\/wp-json\/wp\/v2\/posts\/3237\/revisions\/3240"}],"wp:featuredmedia":[{"embeddable":true,"href":"https:\/\/radiounodigital.com\/web\/wp-json\/wp\/v2\/media\/3238"}],"wp:attachment":[{"href":"https:\/\/radiounodigital.com\/web\/wp-json\/wp\/v2\/media?parent=3237"}],"wp:term":[{"taxonomy":"category","embeddable":true,"href":"https:\/\/radiounodigital.com\/web\/wp-json\/wp\/v2\/categories?post=3237"},{"taxonomy":"post_tag","embeddable":true,"href":"https:\/\/radiounodigital.com\/web\/wp-json\/wp\/v2\/tags?post=3237"}],"curies":[{"name":"wp","href":"https:\/\/api.w.org\/{rel}","templated":true}]}}