{"id":3241,"date":"2019-12-05T13:13:10","date_gmt":"2019-12-05T13:13:10","guid":{"rendered":"https:\/\/radiounodigital.com\/web\/?p=3241"},"modified":"2019-12-05T14:12:16","modified_gmt":"2019-12-05T14:12:16","slug":"stone-temple-pilots-regresan-con-su-primer-nuevo-album-acustico-titulado-perdida","status":"publish","type":"post","link":"https:\/\/radiounodigital.com\/web\/2019\/12\/05\/stone-temple-pilots-regresan-con-su-primer-nuevo-album-acustico-titulado-perdida\/","title":{"rendered":"Stone Temple Pilots regresan con su primer \u00e1lbum ac\u00fastico titulado Perdida"},"content":{"rendered":"<h3>Stone Temple Pilots realizar\u00e1 una gira y lanzar\u00e1 su primer \u00e1lbum ac\u00fastico en 2020: echa un vistazo al primer sencillo Fare Thee Well.<\/h3>\n<p><img loading=\"lazy\" decoding=\"async\" class=\"aligncenter size-full wp-image-3242\" src=\"https:\/\/radiounodigital.com\/web\/wp-content\/uploads\/2019\/12\/STP-PERDIDA.jpg\" alt=\"\" width=\"650\" height=\"650\" srcset=\"https:\/\/radiounodigital.com\/web\/wp-content\/uploads\/2019\/12\/STP-PERDIDA.jpg 650w, https:\/\/radiounodigital.com\/web\/wp-content\/uploads\/2019\/12\/STP-PERDIDA-300x300.jpg 300w, https:\/\/radiounodigital.com\/web\/wp-content\/uploads\/2019\/12\/STP-PERDIDA-150x150.jpg 150w\" sizes=\"auto, (max-width: 650px) 100vw, 650px\" \/><\/p>\n<p>Stone Temple Pilots ha anunciado detalles de su primer \u00e1lbum ac\u00fastico.<\/p>\n<p>Se titula Perdida y se lanzar\u00e1 el 7 de febrero y presentar\u00e1 \u00ab10 canciones profundamente personales que tejen letras introspectivas junto con instrumentos inesperados para llevar a los oyentes en un viaje emocional y musical a trav\u00e9s de dejar ir y comenzar de nuevo\u00bb.<\/p>\n<p>Adem\u00e1s, Stone Temple Pilots, el guitarrista Dean DeLeo, el bajista Robert DeLeo, el baterista Eric Kretz y el vocalista Jeff Gutt, realizar\u00e1n una gira por Am\u00e9rica del Norte en febrero y marzo.<\/p>\n<p>Para celebrar la noticia, la banda tambi\u00e9n lanz\u00f3 el primer sencillo de Perdida, espa\u00f1ol para \u00abloss\u00bb, titulado Fare Thee Well. Escuchalo a continuaci\u00f3n.<\/p>\n<p><iframe loading=\"lazy\" src=\"https:\/\/www.youtube.com\/embed\/N_eLVAxK5Po\" width=\"560\" height=\"315\" frameborder=\"0\" allowfullscreen=\"allowfullscreen\"><\/iframe><\/p>\n<p>El vocalista Gutt, que se uni\u00f3 a la banda en noviembre de 2017, dice: \u00abTuve que ser tan vulnerable escribiendo las letras como Dean y Robert escrib\u00edan la m\u00fasica\u00bb.<\/p>\n<p>Robert agrega que el \u00e1lbum es m\u00e1s un viaje musical gracias a la incorporaci\u00f3n de otros instrumentos, como flauta, saxof\u00f3n alto y teclados cl\u00e1sicos.<\/p>\n<p>\u00c9l dice: \u00abSiempre me ha encantado c\u00f3mo diferentes instrumentos pueden acentuar una canci\u00f3n de manera inesperada. Trabajar con otros m\u00fasicos en este \u00e1lbum fue una gran alegr\u00eda porque nos dio una rara oportunidad de escuchar nuestras canciones a trav\u00e9s de los o\u00eddos de otra persona \u00ab.<\/p>\n<p>Las entradas para la gira ac\u00fastica saldr\u00e1n a la venta en general el pr\u00f3ximo viernes (6 de diciembre) a trav\u00e9s del sitio web oficial de Stone Temple Pilots.<\/p>\n<p>El cantante original de Stone Temple Pilots, Scott Welland, muri\u00f3 hace cuatro a\u00f1os hoy.<\/p>\n<div class=\"fb-background-color\">\n\t\t\t  <div \n\t\t\t  \tclass = \"fb-comments\" \n\t\t\t  \tdata-href = \"https:\/\/radiounodigital.com\/web\/2019\/12\/05\/stone-temple-pilots-regresan-con-su-primer-nuevo-album-acustico-titulado-perdida\/\"\n\t\t\t  \tdata-numposts = \"10\"\n\t\t\t  \tdata-lazy = \"true\"\n\t\t\t\tdata-colorscheme = \"dark\"\n\t\t\t\tdata-order-by = \"reverse_time\"\n\t\t\t\tdata-mobile=true>\n\t\t\t  <\/div><\/div>\n\t\t  <style>\n\t\t    .fb-background-color {\n\t\t\t\tbackground: #ffffff !important;\n\t\t\t}\n\t\t\t.fb_iframe_widget_fluid_desktop iframe {\n\t\t\t    width: 100% !important;\n\t\t\t}\n\t\t  <\/style>\n\t\t  ","protected":false},"excerpt":{"rendered":"<p>Stone Temple Pilots realizar\u00e1 una gira y lanzar\u00e1 su primer \u00e1lbum ac\u00fastico en 2020: echa un vistazo al primer sencillo Fare Thee Well. Stone Temple Pilots ha anunciado detalles de su primer \u00e1lbum ac\u00fastico. Se titula Perdida y se lanzar\u00e1 el 7 de febrero y presentar\u00e1 \u00ab10 canciones profundamente personales que tejen letras introspectivas junto&#8230; <a href=\"https:\/\/radiounodigital.com\/web\/2019\/12\/05\/stone-temple-pilots-regresan-con-su-primer-nuevo-album-acustico-titulado-perdida\/\" class=\"excerpt-read-more\">Read More<\/a><\/p>\n","protected":false},"author":1,"featured_media":3243,"comment_status":"open","ping_status":"open","sticky":false,"template":"","format":"standard","meta":{"footnotes":""},"categories":[180,127],"tags":[121,119,132,377,376],"class_list":["post-3241","post","type-post","status-publish","format-standard","has-post-thumbnail","hentry","category-news","category-rock","tag-album","tag-disco","tag-nuevo","tag-perdida","tag-stone-temple-pilots"],"yoast_head":"<!-- This site is optimized with the Yoast SEO plugin v27.5 - https:\/\/yoast.com\/product\/yoast-seo-wordpress\/ -->\n<title>Stone Temple Pilots regresan con su primer \u00e1lbum ac\u00fastico titulado Perdida - Radio UNO Digital<\/title>\n<meta name=\"robots\" content=\"index, follow, max-snippet:-1, max-image-preview:large, max-video-preview:-1\" \/>\n<link rel=\"canonical\" href=\"https:\/\/radiounodigital.com\/web\/2019\/12\/05\/stone-temple-pilots-regresan-con-su-primer-nuevo-album-acustico-titulado-perdida\/\" \/>\n<meta property=\"og:locale\" content=\"es_ES\" \/>\n<meta property=\"og:type\" content=\"article\" \/>\n<meta property=\"og:title\" content=\"Stone Temple Pilots regresan con su primer \u00e1lbum ac\u00fastico titulado Perdida - Radio UNO Digital\" \/>\n<meta property=\"og:description\" content=\"Stone Temple Pilots realizar\u00e1 una gira y lanzar\u00e1 su primer \u00e1lbum ac\u00fastico en 2020: echa un vistazo al primer sencillo Fare Thee Well. Stone Temple Pilots ha anunciado detalles de su primer \u00e1lbum ac\u00fastico. Se titula Perdida y se lanzar\u00e1 el 7 de febrero y presentar\u00e1 \u00ab10 canciones profundamente personales que tejen letras introspectivas junto... Read More\" \/>\n<meta property=\"og:url\" content=\"https:\/\/radiounodigital.com\/web\/2019\/12\/05\/stone-temple-pilots-regresan-con-su-primer-nuevo-album-acustico-titulado-perdida\/\" \/>\n<meta property=\"og:site_name\" content=\"Radio UNO Digital\" \/>\n<meta property=\"article:published_time\" content=\"2019-12-05T13:13:10+00:00\" \/>\n<meta property=\"article:modified_time\" content=\"2019-12-05T14:12:16+00:00\" \/>\n<meta property=\"og:image\" content=\"https:\/\/radiounodigital.com\/web\/wp-content\/uploads\/2019\/12\/STONETEMPLEPILOTS.jpg\" \/>\n\t<meta property=\"og:image:width\" content=\"970\" \/>\n\t<meta property=\"og:image:height\" content=\"546\" \/>\n\t<meta property=\"og:image:type\" content=\"image\/jpeg\" \/>\n<meta name=\"author\" content=\"diegoc\" \/>\n<meta name=\"twitter:card\" content=\"summary_large_image\" \/>\n<meta name=\"twitter:label1\" content=\"Escrito por\" \/>\n\t<meta name=\"twitter:data1\" content=\"diegoc\" \/>\n\t<meta name=\"twitter:label2\" content=\"Tiempo de lectura\" \/>\n\t<meta name=\"twitter:data2\" content=\"1 minuto\" \/>\n<script type=\"application\/ld+json\" class=\"yoast-schema-graph\">{\"@context\":\"https:\\\/\\\/schema.org\",\"@graph\":[{\"@type\":\"Article\",\"@id\":\"https:\\\/\\\/radiounodigital.com\\\/web\\\/2019\\\/12\\\/05\\\/stone-temple-pilots-regresan-con-su-primer-nuevo-album-acustico-titulado-perdida\\\/#article\",\"isPartOf\":{\"@id\":\"https:\\\/\\\/radiounodigital.com\\\/web\\\/2019\\\/12\\\/05\\\/stone-temple-pilots-regresan-con-su-primer-nuevo-album-acustico-titulado-perdida\\\/\"},\"author\":{\"name\":\"diegoc\",\"@id\":\"https:\\\/\\\/radiounodigital.com\\\/web\\\/#\\\/schema\\\/person\\\/00b93151fa54f619ecf9c183d1fc9758\"},\"headline\":\"Stone Temple Pilots regresan con su primer \u00e1lbum ac\u00fastico titulado Perdida\",\"datePublished\":\"2019-12-05T13:13:10+00:00\",\"dateModified\":\"2019-12-05T14:12:16+00:00\",\"mainEntityOfPage\":{\"@id\":\"https:\\\/\\\/radiounodigital.com\\\/web\\\/2019\\\/12\\\/05\\\/stone-temple-pilots-regresan-con-su-primer-nuevo-album-acustico-titulado-perdida\\\/\"},\"wordCount\":306,\"commentCount\":0,\"image\":{\"@id\":\"https:\\\/\\\/radiounodigital.com\\\/web\\\/2019\\\/12\\\/05\\\/stone-temple-pilots-regresan-con-su-primer-nuevo-album-acustico-titulado-perdida\\\/#primaryimage\"},\"thumbnailUrl\":\"https:\\\/\\\/radiounodigital.com\\\/web\\\/wp-content\\\/uploads\\\/2019\\\/12\\\/STONETEMPLEPILOTS.jpg\",\"keywords\":[\"album\",\"disco\",\"nuevo\",\"perdida\",\"stone temple pilots\"],\"articleSection\":[\"news\",\"Rock\"],\"inLanguage\":\"es\",\"potentialAction\":[{\"@type\":\"CommentAction\",\"name\":\"Comment\",\"target\":[\"https:\\\/\\\/radiounodigital.com\\\/web\\\/2019\\\/12\\\/05\\\/stone-temple-pilots-regresan-con-su-primer-nuevo-album-acustico-titulado-perdida\\\/#respond\"]}]},{\"@type\":\"WebPage\",\"@id\":\"https:\\\/\\\/radiounodigital.com\\\/web\\\/2019\\\/12\\\/05\\\/stone-temple-pilots-regresan-con-su-primer-nuevo-album-acustico-titulado-perdida\\\/\",\"url\":\"https:\\\/\\\/radiounodigital.com\\\/web\\\/2019\\\/12\\\/05\\\/stone-temple-pilots-regresan-con-su-primer-nuevo-album-acustico-titulado-perdida\\\/\",\"name\":\"Stone Temple Pilots regresan con su primer \u00e1lbum ac\u00fastico titulado Perdida - Radio UNO Digital\",\"isPartOf\":{\"@id\":\"https:\\\/\\\/radiounodigital.com\\\/web\\\/#website\"},\"primaryImageOfPage\":{\"@id\":\"https:\\\/\\\/radiounodigital.com\\\/web\\\/2019\\\/12\\\/05\\\/stone-temple-pilots-regresan-con-su-primer-nuevo-album-acustico-titulado-perdida\\\/#primaryimage\"},\"image\":{\"@id\":\"https:\\\/\\\/radiounodigital.com\\\/web\\\/2019\\\/12\\\/05\\\/stone-temple-pilots-regresan-con-su-primer-nuevo-album-acustico-titulado-perdida\\\/#primaryimage\"},\"thumbnailUrl\":\"https:\\\/\\\/radiounodigital.com\\\/web\\\/wp-content\\\/uploads\\\/2019\\\/12\\\/STONETEMPLEPILOTS.jpg\",\"datePublished\":\"2019-12-05T13:13:10+00:00\",\"dateModified\":\"2019-12-05T14:12:16+00:00\",\"author\":{\"@id\":\"https:\\\/\\\/radiounodigital.com\\\/web\\\/#\\\/schema\\\/person\\\/00b93151fa54f619ecf9c183d1fc9758\"},\"breadcrumb\":{\"@id\":\"https:\\\/\\\/radiounodigital.com\\\/web\\\/2019\\\/12\\\/05\\\/stone-temple-pilots-regresan-con-su-primer-nuevo-album-acustico-titulado-perdida\\\/#breadcrumb\"},\"inLanguage\":\"es\",\"potentialAction\":[{\"@type\":\"ReadAction\",\"target\":[\"https:\\\/\\\/radiounodigital.com\\\/web\\\/2019\\\/12\\\/05\\\/stone-temple-pilots-regresan-con-su-primer-nuevo-album-acustico-titulado-perdida\\\/\"]}]},{\"@type\":\"ImageObject\",\"inLanguage\":\"es\",\"@id\":\"https:\\\/\\\/radiounodigital.com\\\/web\\\/2019\\\/12\\\/05\\\/stone-temple-pilots-regresan-con-su-primer-nuevo-album-acustico-titulado-perdida\\\/#primaryimage\",\"url\":\"https:\\\/\\\/radiounodigital.com\\\/web\\\/wp-content\\\/uploads\\\/2019\\\/12\\\/STONETEMPLEPILOTS.jpg\",\"contentUrl\":\"https:\\\/\\\/radiounodigital.com\\\/web\\\/wp-content\\\/uploads\\\/2019\\\/12\\\/STONETEMPLEPILOTS.jpg\",\"width\":970,\"height\":546},{\"@type\":\"BreadcrumbList\",\"@id\":\"https:\\\/\\\/radiounodigital.com\\\/web\\\/2019\\\/12\\\/05\\\/stone-temple-pilots-regresan-con-su-primer-nuevo-album-acustico-titulado-perdida\\\/#breadcrumb\",\"itemListElement\":[{\"@type\":\"ListItem\",\"position\":1,\"name\":\"Home\",\"item\":\"https:\\\/\\\/radiounodigital.com\\\/web\\\/\"},{\"@type\":\"ListItem\",\"position\":2,\"name\":\"Stone Temple Pilots regresan con su primer \u00e1lbum ac\u00fastico titulado Perdida\"}]},{\"@type\":\"WebSite\",\"@id\":\"https:\\\/\\\/radiounodigital.com\\\/web\\\/#website\",\"url\":\"https:\\\/\\\/radiounodigital.com\\\/web\\\/\",\"name\":\"Radio UNO Digital\",\"description\":\"Donde la cultura del rock se siente\",\"potentialAction\":[{\"@type\":\"SearchAction\",\"target\":{\"@type\":\"EntryPoint\",\"urlTemplate\":\"https:\\\/\\\/radiounodigital.com\\\/web\\\/?s={search_term_string}\"},\"query-input\":{\"@type\":\"PropertyValueSpecification\",\"valueRequired\":true,\"valueName\":\"search_term_string\"}}],\"inLanguage\":\"es\"},{\"@type\":\"Person\",\"@id\":\"https:\\\/\\\/radiounodigital.com\\\/web\\\/#\\\/schema\\\/person\\\/00b93151fa54f619ecf9c183d1fc9758\",\"name\":\"diegoc\",\"image\":{\"@type\":\"ImageObject\",\"inLanguage\":\"es\",\"@id\":\"https:\\\/\\\/secure.gravatar.com\\\/avatar\\\/0a67041d44c702fb0660d81a5a32c7ce6007341cf92afeb718b75883bf415864?s=96&d=blank&r=g\",\"url\":\"https:\\\/\\\/secure.gravatar.com\\\/avatar\\\/0a67041d44c702fb0660d81a5a32c7ce6007341cf92afeb718b75883bf415864?s=96&d=blank&r=g\",\"contentUrl\":\"https:\\\/\\\/secure.gravatar.com\\\/avatar\\\/0a67041d44c702fb0660d81a5a32c7ce6007341cf92afeb718b75883bf415864?s=96&d=blank&r=g\",\"caption\":\"diegoc\"},\"url\":\"https:\\\/\\\/radiounodigital.com\\\/web\\\/author\\\/diegoc\\\/\"}]}<\/script>\n<!-- \/ Yoast SEO plugin. -->","yoast_head_json":{"title":"Stone Temple Pilots regresan con su primer \u00e1lbum ac\u00fastico titulado Perdida - Radio UNO Digital","robots":{"index":"index","follow":"follow","max-snippet":"max-snippet:-1","max-image-preview":"max-image-preview:large","max-video-preview":"max-video-preview:-1"},"canonical":"https:\/\/radiounodigital.com\/web\/2019\/12\/05\/stone-temple-pilots-regresan-con-su-primer-nuevo-album-acustico-titulado-perdida\/","og_locale":"es_ES","og_type":"article","og_title":"Stone Temple Pilots regresan con su primer \u00e1lbum ac\u00fastico titulado Perdida - Radio UNO Digital","og_description":"Stone Temple Pilots realizar\u00e1 una gira y lanzar\u00e1 su primer \u00e1lbum ac\u00fastico en 2020: echa un vistazo al primer sencillo Fare Thee Well. Stone Temple Pilots ha anunciado detalles de su primer \u00e1lbum ac\u00fastico. Se titula Perdida y se lanzar\u00e1 el 7 de febrero y presentar\u00e1 \u00ab10 canciones profundamente personales que tejen letras introspectivas junto... Read More","og_url":"https:\/\/radiounodigital.com\/web\/2019\/12\/05\/stone-temple-pilots-regresan-con-su-primer-nuevo-album-acustico-titulado-perdida\/","og_site_name":"Radio UNO Digital","article_published_time":"2019-12-05T13:13:10+00:00","article_modified_time":"2019-12-05T14:12:16+00:00","og_image":[{"width":970,"height":546,"url":"https:\/\/radiounodigital.com\/web\/wp-content\/uploads\/2019\/12\/STONETEMPLEPILOTS.jpg","type":"image\/jpeg"}],"author":"diegoc","twitter_card":"summary_large_image","twitter_misc":{"Escrito por":"diegoc","Tiempo de lectura":"1 minuto"},"schema":{"@context":"https:\/\/schema.org","@graph":[{"@type":"Article","@id":"https:\/\/radiounodigital.com\/web\/2019\/12\/05\/stone-temple-pilots-regresan-con-su-primer-nuevo-album-acustico-titulado-perdida\/#article","isPartOf":{"@id":"https:\/\/radiounodigital.com\/web\/2019\/12\/05\/stone-temple-pilots-regresan-con-su-primer-nuevo-album-acustico-titulado-perdida\/"},"author":{"name":"diegoc","@id":"https:\/\/radiounodigital.com\/web\/#\/schema\/person\/00b93151fa54f619ecf9c183d1fc9758"},"headline":"Stone Temple Pilots regresan con su primer \u00e1lbum ac\u00fastico titulado Perdida","datePublished":"2019-12-05T13:13:10+00:00","dateModified":"2019-12-05T14:12:16+00:00","mainEntityOfPage":{"@id":"https:\/\/radiounodigital.com\/web\/2019\/12\/05\/stone-temple-pilots-regresan-con-su-primer-nuevo-album-acustico-titulado-perdida\/"},"wordCount":306,"commentCount":0,"image":{"@id":"https:\/\/radiounodigital.com\/web\/2019\/12\/05\/stone-temple-pilots-regresan-con-su-primer-nuevo-album-acustico-titulado-perdida\/#primaryimage"},"thumbnailUrl":"https:\/\/radiounodigital.com\/web\/wp-content\/uploads\/2019\/12\/STONETEMPLEPILOTS.jpg","keywords":["album","disco","nuevo","perdida","stone temple pilots"],"articleSection":["news","Rock"],"inLanguage":"es","potentialAction":[{"@type":"CommentAction","name":"Comment","target":["https:\/\/radiounodigital.com\/web\/2019\/12\/05\/stone-temple-pilots-regresan-con-su-primer-nuevo-album-acustico-titulado-perdida\/#respond"]}]},{"@type":"WebPage","@id":"https:\/\/radiounodigital.com\/web\/2019\/12\/05\/stone-temple-pilots-regresan-con-su-primer-nuevo-album-acustico-titulado-perdida\/","url":"https:\/\/radiounodigital.com\/web\/2019\/12\/05\/stone-temple-pilots-regresan-con-su-primer-nuevo-album-acustico-titulado-perdida\/","name":"Stone Temple Pilots regresan con su primer \u00e1lbum ac\u00fastico titulado Perdida - Radio UNO Digital","isPartOf":{"@id":"https:\/\/radiounodigital.com\/web\/#website"},"primaryImageOfPage":{"@id":"https:\/\/radiounodigital.com\/web\/2019\/12\/05\/stone-temple-pilots-regresan-con-su-primer-nuevo-album-acustico-titulado-perdida\/#primaryimage"},"image":{"@id":"https:\/\/radiounodigital.com\/web\/2019\/12\/05\/stone-temple-pilots-regresan-con-su-primer-nuevo-album-acustico-titulado-perdida\/#primaryimage"},"thumbnailUrl":"https:\/\/radiounodigital.com\/web\/wp-content\/uploads\/2019\/12\/STONETEMPLEPILOTS.jpg","datePublished":"2019-12-05T13:13:10+00:00","dateModified":"2019-12-05T14:12:16+00:00","author":{"@id":"https:\/\/radiounodigital.com\/web\/#\/schema\/person\/00b93151fa54f619ecf9c183d1fc9758"},"breadcrumb":{"@id":"https:\/\/radiounodigital.com\/web\/2019\/12\/05\/stone-temple-pilots-regresan-con-su-primer-nuevo-album-acustico-titulado-perdida\/#breadcrumb"},"inLanguage":"es","potentialAction":[{"@type":"ReadAction","target":["https:\/\/radiounodigital.com\/web\/2019\/12\/05\/stone-temple-pilots-regresan-con-su-primer-nuevo-album-acustico-titulado-perdida\/"]}]},{"@type":"ImageObject","inLanguage":"es","@id":"https:\/\/radiounodigital.com\/web\/2019\/12\/05\/stone-temple-pilots-regresan-con-su-primer-nuevo-album-acustico-titulado-perdida\/#primaryimage","url":"https:\/\/radiounodigital.com\/web\/wp-content\/uploads\/2019\/12\/STONETEMPLEPILOTS.jpg","contentUrl":"https:\/\/radiounodigital.com\/web\/wp-content\/uploads\/2019\/12\/STONETEMPLEPILOTS.jpg","width":970,"height":546},{"@type":"BreadcrumbList","@id":"https:\/\/radiounodigital.com\/web\/2019\/12\/05\/stone-temple-pilots-regresan-con-su-primer-nuevo-album-acustico-titulado-perdida\/#breadcrumb","itemListElement":[{"@type":"ListItem","position":1,"name":"Home","item":"https:\/\/radiounodigital.com\/web\/"},{"@type":"ListItem","position":2,"name":"Stone Temple Pilots regresan con su primer \u00e1lbum ac\u00fastico titulado Perdida"}]},{"@type":"WebSite","@id":"https:\/\/radiounodigital.com\/web\/#website","url":"https:\/\/radiounodigital.com\/web\/","name":"Radio UNO Digital","description":"Donde la cultura del rock se siente","potentialAction":[{"@type":"SearchAction","target":{"@type":"EntryPoint","urlTemplate":"https:\/\/radiounodigital.com\/web\/?s={search_term_string}"},"query-input":{"@type":"PropertyValueSpecification","valueRequired":true,"valueName":"search_term_string"}}],"inLanguage":"es"},{"@type":"Person","@id":"https:\/\/radiounodigital.com\/web\/#\/schema\/person\/00b93151fa54f619ecf9c183d1fc9758","name":"diegoc","image":{"@type":"ImageObject","inLanguage":"es","@id":"https:\/\/secure.gravatar.com\/avatar\/0a67041d44c702fb0660d81a5a32c7ce6007341cf92afeb718b75883bf415864?s=96&d=blank&r=g","url":"https:\/\/secure.gravatar.com\/avatar\/0a67041d44c702fb0660d81a5a32c7ce6007341cf92afeb718b75883bf415864?s=96&d=blank&r=g","contentUrl":"https:\/\/secure.gravatar.com\/avatar\/0a67041d44c702fb0660d81a5a32c7ce6007341cf92afeb718b75883bf415864?s=96&d=blank&r=g","caption":"diegoc"},"url":"https:\/\/radiounodigital.com\/web\/author\/diegoc\/"}]}},"_links":{"self":[{"href":"https:\/\/radiounodigital.com\/web\/wp-json\/wp\/v2\/posts\/3241","targetHints":{"allow":["GET"]}}],"collection":[{"href":"https:\/\/radiounodigital.com\/web\/wp-json\/wp\/v2\/posts"}],"about":[{"href":"https:\/\/radiounodigital.com\/web\/wp-json\/wp\/v2\/types\/post"}],"author":[{"embeddable":true,"href":"https:\/\/radiounodigital.com\/web\/wp-json\/wp\/v2\/users\/1"}],"replies":[{"embeddable":true,"href":"https:\/\/radiounodigital.com\/web\/wp-json\/wp\/v2\/comments?post=3241"}],"version-history":[{"count":2,"href":"https:\/\/radiounodigital.com\/web\/wp-json\/wp\/v2\/posts\/3241\/revisions"}],"predecessor-version":[{"id":3249,"href":"https:\/\/radiounodigital.com\/web\/wp-json\/wp\/v2\/posts\/3241\/revisions\/3249"}],"wp:featuredmedia":[{"embeddable":true,"href":"https:\/\/radiounodigital.com\/web\/wp-json\/wp\/v2\/media\/3243"}],"wp:attachment":[{"href":"https:\/\/radiounodigital.com\/web\/wp-json\/wp\/v2\/media?parent=3241"}],"wp:term":[{"taxonomy":"category","embeddable":true,"href":"https:\/\/radiounodigital.com\/web\/wp-json\/wp\/v2\/categories?post=3241"},{"taxonomy":"post_tag","embeddable":true,"href":"https:\/\/radiounodigital.com\/web\/wp-json\/wp\/v2\/tags?post=3241"}],"curies":[{"name":"wp","href":"https:\/\/api.w.org\/{rel}","templated":true}]}}