{"id":3262,"date":"2019-12-08T14:18:29","date_gmt":"2019-12-08T14:18:29","guid":{"rendered":"https:\/\/radiounodigital.com\/web\/?p=3262"},"modified":"2019-12-08T14:54:09","modified_gmt":"2019-12-08T14:54:09","slug":"john-lennon-y-su-ultima-fotografia-antes-de-ser-asesinado-hace-39-anos","status":"publish","type":"post","link":"https:\/\/radiounodigital.com\/web\/2019\/12\/08\/john-lennon-y-su-ultima-fotografia-antes-de-ser-asesinado-hace-39-anos\/","title":{"rendered":"John Lennon y su \u00faltima fotograf\u00eda antes de ser asesinado hace 39 a\u00f1os"},"content":{"rendered":"<h3>Paul Goresh tomaba un d\u00eda como hoy la \u00faltima fotograf\u00eda de John Lennon con vida antes de ser asesinado por Mark David Chapman a quien el ex Beatle le firm\u00f3 un aut\u00f3grafo en su \u00e1lbum Double Fantasy unas horas antes.<\/h3>\n<div id=\"attachment_3267\" style=\"width: 983px\" class=\"wp-caption aligncenter\"><img loading=\"lazy\" decoding=\"async\" aria-describedby=\"caption-attachment-3267\" class=\"size-full wp-image-3267\" src=\"https:\/\/radiounodigital.com\/web\/wp-content\/uploads\/2019\/12\/edificio-dakota-new-york-junio2016-radiounodigital.jpg\" alt=\"\" width=\"973\" height=\"628\" srcset=\"https:\/\/radiounodigital.com\/web\/wp-content\/uploads\/2019\/12\/edificio-dakota-new-york-junio2016-radiounodigital.jpg 973w, https:\/\/radiounodigital.com\/web\/wp-content\/uploads\/2019\/12\/edificio-dakota-new-york-junio2016-radiounodigital-300x194.jpg 300w, https:\/\/radiounodigital.com\/web\/wp-content\/uploads\/2019\/12\/edificio-dakota-new-york-junio2016-radiounodigital-768x496.jpg 768w\" sizes=\"auto, (max-width: 973px) 100vw, 973px\" \/><p id=\"caption-attachment-3267\" class=\"wp-caption-text\">Foto: Radio UNO Digital &#8211; Tomada en Junio de 2016 Edificio Dakota New York donde fuera asesinado John Lennon el 8 de diciembre de 1980<\/p><\/div>\n<p>&nbsp;<\/p>\n<p><iframe loading=\"lazy\" src=\"https:\/\/www.youtube.com\/embed\/vgzEDoFTvUY\" width=\"560\" height=\"315\" frameborder=\"0\" allowfullscreen=\"allowfullscreen\"><\/iframe><\/p>\n<p>Paul Goresh, un fan obsesionado de John Lennon pero no con las mismas intenciones de Chapman, logr\u00f3 colarse en la vida de Lennon haci\u00e9ndose pasar por un t\u00e9cnico de video.<\/p>\n<p>Lennon fue un poco rudo al principio y no permit\u00eda que Paul le tomase fotograf\u00edas, pero con el tiempo logr\u00f3 su confianza y el oriundo de Liverpool le permit\u00eda acompa\u00f1arlo en sus caminatas por las calles de la gran manzana.<\/p>\n<p>En este triste d\u00eda, y a pesar de todo, recordamos (como cada d\u00eda) a John Lennon con alegr\u00eda, escuchando sus mejores canciones.<\/p>\n<p>A continuaci\u00f3n les proponemos una lista de sus canciones y los invitamos a escucharlo tambi\u00e9n durante todo el d\u00eda en la programaci\u00f3n de Radio UNO Digital. <a href=\"http:\/\/radiounodigital.com\/radio\/\">Click para escuchar la emisi\u00f3n en vivo<\/a><\/p>\n<p><iframe loading=\"lazy\" src=\"https:\/\/www.youtube.com\/embed\/videoseries?list=PL4H5cduO6Biezqk1dUbHvcESdKIwX-rWN\" width=\"560\" height=\"315\" frameborder=\"0\" allowfullscreen=\"allowfullscreen\"><span data-mce-type=\"bookmark\" style=\"display: inline-block; width: 0px; overflow: hidden; line-height: 0;\" class=\"mce_SELRES_start\">\ufeff<\/span><\/iframe><\/p>\n<div class=\"fb-background-color\">\n\t\t\t  <div \n\t\t\t  \tclass = \"fb-comments\" \n\t\t\t  \tdata-href = \"https:\/\/radiounodigital.com\/web\/2019\/12\/08\/john-lennon-y-su-ultima-fotografia-antes-de-ser-asesinado-hace-39-anos\/\"\n\t\t\t  \tdata-numposts = \"10\"\n\t\t\t  \tdata-lazy = \"true\"\n\t\t\t\tdata-colorscheme = \"dark\"\n\t\t\t\tdata-order-by = \"reverse_time\"\n\t\t\t\tdata-mobile=true>\n\t\t\t  <\/div><\/div>\n\t\t  <style>\n\t\t    .fb-background-color {\n\t\t\t\tbackground: #ffffff !important;\n\t\t\t}\n\t\t\t.fb_iframe_widget_fluid_desktop iframe {\n\t\t\t    width: 100% !important;\n\t\t\t}\n\t\t  <\/style>\n\t\t  ","protected":false},"excerpt":{"rendered":"<p>Paul Goresh tomaba un d\u00eda como hoy la \u00faltima fotograf\u00eda de John Lennon con vida antes de ser asesinado por Mark David Chapman a quien el ex Beatle le firm\u00f3 un aut\u00f3grafo en su \u00e1lbum Double Fantasy unas horas antes. &nbsp; Paul Goresh, un fan obsesionado de John Lennon pero no con las mismas intenciones&#8230; <a href=\"https:\/\/radiounodigital.com\/web\/2019\/12\/08\/john-lennon-y-su-ultima-fotografia-antes-de-ser-asesinado-hace-39-anos\/\" class=\"excerpt-read-more\">Read More<\/a><\/p>\n","protected":false},"author":1,"featured_media":3264,"comment_status":"open","ping_status":"open","sticky":false,"template":"","format":"standard","meta":{"footnotes":""},"categories":[180,128],"tags":[390,301,394,392,391,389,393,84,366],"class_list":["post-3262","post","type-post","status-publish","format-standard","has-post-thumbnail","hentry","category-news","category-rock-clasico","tag-39-anos","tag-aniversario","tag-asesino","tag-building","tag-dakota","tag-john-lennon","tag-mark-david-chapman","tag-muerte","tag-new-york"],"yoast_head":"<!-- This site is optimized with the Yoast SEO plugin v27.5 - https:\/\/yoast.com\/product\/yoast-seo-wordpress\/ -->\n<title>John Lennon y su \u00faltima fotograf\u00eda antes de ser asesinado hace 39 a\u00f1os - Radio UNO Digital<\/title>\n<meta name=\"robots\" content=\"index, follow, max-snippet:-1, max-image-preview:large, max-video-preview:-1\" \/>\n<link rel=\"canonical\" href=\"https:\/\/radiounodigital.com\/web\/2019\/12\/08\/john-lennon-y-su-ultima-fotografia-antes-de-ser-asesinado-hace-39-anos\/\" \/>\n<meta property=\"og:locale\" content=\"es_ES\" \/>\n<meta property=\"og:type\" content=\"article\" \/>\n<meta property=\"og:title\" content=\"John Lennon y su \u00faltima fotograf\u00eda antes de ser asesinado hace 39 a\u00f1os - Radio UNO Digital\" \/>\n<meta property=\"og:description\" content=\"Paul Goresh tomaba un d\u00eda como hoy la \u00faltima fotograf\u00eda de John Lennon con vida antes de ser asesinado por Mark David Chapman a quien el ex Beatle le firm\u00f3 un aut\u00f3grafo en su \u00e1lbum Double Fantasy unas horas antes. &nbsp; Paul Goresh, un fan obsesionado de John Lennon pero no con las mismas intenciones... Read More\" \/>\n<meta property=\"og:url\" content=\"https:\/\/radiounodigital.com\/web\/2019\/12\/08\/john-lennon-y-su-ultima-fotografia-antes-de-ser-asesinado-hace-39-anos\/\" \/>\n<meta property=\"og:site_name\" content=\"Radio UNO Digital\" \/>\n<meta property=\"article:published_time\" content=\"2019-12-08T14:18:29+00:00\" \/>\n<meta property=\"article:modified_time\" content=\"2019-12-08T14:54:09+00:00\" \/>\n<meta property=\"og:image\" content=\"https:\/\/radiounodigital.com\/web\/wp-content\/uploads\/2019\/12\/johnlennon-firmando-a-david-chapman.jpg\" \/>\n\t<meta property=\"og:image:width\" content=\"804\" \/>\n\t<meta property=\"og:image:height\" content=\"518\" \/>\n\t<meta property=\"og:image:type\" content=\"image\/jpeg\" \/>\n<meta name=\"author\" content=\"diegoc\" \/>\n<meta name=\"twitter:card\" content=\"summary_large_image\" \/>\n<meta name=\"twitter:label1\" content=\"Escrito por\" \/>\n\t<meta name=\"twitter:data1\" content=\"diegoc\" \/>\n\t<meta name=\"twitter:label2\" content=\"Tiempo de lectura\" \/>\n\t<meta name=\"twitter:data2\" content=\"1 minuto\" \/>\n<script type=\"application\/ld+json\" class=\"yoast-schema-graph\">{\"@context\":\"https:\\\/\\\/schema.org\",\"@graph\":[{\"@type\":\"Article\",\"@id\":\"https:\\\/\\\/radiounodigital.com\\\/web\\\/2019\\\/12\\\/08\\\/john-lennon-y-su-ultima-fotografia-antes-de-ser-asesinado-hace-39-anos\\\/#article\",\"isPartOf\":{\"@id\":\"https:\\\/\\\/radiounodigital.com\\\/web\\\/2019\\\/12\\\/08\\\/john-lennon-y-su-ultima-fotografia-antes-de-ser-asesinado-hace-39-anos\\\/\"},\"author\":{\"name\":\"diegoc\",\"@id\":\"https:\\\/\\\/radiounodigital.com\\\/web\\\/#\\\/schema\\\/person\\\/00b93151fa54f619ecf9c183d1fc9758\"},\"headline\":\"John Lennon y su \u00faltima fotograf\u00eda antes de ser asesinado hace 39 a\u00f1os\",\"datePublished\":\"2019-12-08T14:18:29+00:00\",\"dateModified\":\"2019-12-08T14:54:09+00:00\",\"mainEntityOfPage\":{\"@id\":\"https:\\\/\\\/radiounodigital.com\\\/web\\\/2019\\\/12\\\/08\\\/john-lennon-y-su-ultima-fotografia-antes-de-ser-asesinado-hace-39-anos\\\/\"},\"wordCount\":226,\"commentCount\":0,\"image\":{\"@id\":\"https:\\\/\\\/radiounodigital.com\\\/web\\\/2019\\\/12\\\/08\\\/john-lennon-y-su-ultima-fotografia-antes-de-ser-asesinado-hace-39-anos\\\/#primaryimage\"},\"thumbnailUrl\":\"https:\\\/\\\/radiounodigital.com\\\/web\\\/wp-content\\\/uploads\\\/2019\\\/12\\\/johnlennon-firmando-a-david-chapman.jpg\",\"keywords\":[\"39 a\u00f1os\",\"aniversario\",\"asesino\",\"building\",\"dakota\",\"john lennon\",\"mark david chapman\",\"muerte\",\"New York\"],\"articleSection\":[\"news\",\"Rock Clasico\"],\"inLanguage\":\"es\",\"potentialAction\":[{\"@type\":\"CommentAction\",\"name\":\"Comment\",\"target\":[\"https:\\\/\\\/radiounodigital.com\\\/web\\\/2019\\\/12\\\/08\\\/john-lennon-y-su-ultima-fotografia-antes-de-ser-asesinado-hace-39-anos\\\/#respond\"]}]},{\"@type\":\"WebPage\",\"@id\":\"https:\\\/\\\/radiounodigital.com\\\/web\\\/2019\\\/12\\\/08\\\/john-lennon-y-su-ultima-fotografia-antes-de-ser-asesinado-hace-39-anos\\\/\",\"url\":\"https:\\\/\\\/radiounodigital.com\\\/web\\\/2019\\\/12\\\/08\\\/john-lennon-y-su-ultima-fotografia-antes-de-ser-asesinado-hace-39-anos\\\/\",\"name\":\"John Lennon y su \u00faltima fotograf\u00eda antes de ser asesinado hace 39 a\u00f1os - Radio UNO Digital\",\"isPartOf\":{\"@id\":\"https:\\\/\\\/radiounodigital.com\\\/web\\\/#website\"},\"primaryImageOfPage\":{\"@id\":\"https:\\\/\\\/radiounodigital.com\\\/web\\\/2019\\\/12\\\/08\\\/john-lennon-y-su-ultima-fotografia-antes-de-ser-asesinado-hace-39-anos\\\/#primaryimage\"},\"image\":{\"@id\":\"https:\\\/\\\/radiounodigital.com\\\/web\\\/2019\\\/12\\\/08\\\/john-lennon-y-su-ultima-fotografia-antes-de-ser-asesinado-hace-39-anos\\\/#primaryimage\"},\"thumbnailUrl\":\"https:\\\/\\\/radiounodigital.com\\\/web\\\/wp-content\\\/uploads\\\/2019\\\/12\\\/johnlennon-firmando-a-david-chapman.jpg\",\"datePublished\":\"2019-12-08T14:18:29+00:00\",\"dateModified\":\"2019-12-08T14:54:09+00:00\",\"author\":{\"@id\":\"https:\\\/\\\/radiounodigital.com\\\/web\\\/#\\\/schema\\\/person\\\/00b93151fa54f619ecf9c183d1fc9758\"},\"breadcrumb\":{\"@id\":\"https:\\\/\\\/radiounodigital.com\\\/web\\\/2019\\\/12\\\/08\\\/john-lennon-y-su-ultima-fotografia-antes-de-ser-asesinado-hace-39-anos\\\/#breadcrumb\"},\"inLanguage\":\"es\",\"potentialAction\":[{\"@type\":\"ReadAction\",\"target\":[\"https:\\\/\\\/radiounodigital.com\\\/web\\\/2019\\\/12\\\/08\\\/john-lennon-y-su-ultima-fotografia-antes-de-ser-asesinado-hace-39-anos\\\/\"]}]},{\"@type\":\"ImageObject\",\"inLanguage\":\"es\",\"@id\":\"https:\\\/\\\/radiounodigital.com\\\/web\\\/2019\\\/12\\\/08\\\/john-lennon-y-su-ultima-fotografia-antes-de-ser-asesinado-hace-39-anos\\\/#primaryimage\",\"url\":\"https:\\\/\\\/radiounodigital.com\\\/web\\\/wp-content\\\/uploads\\\/2019\\\/12\\\/johnlennon-firmando-a-david-chapman.jpg\",\"contentUrl\":\"https:\\\/\\\/radiounodigital.com\\\/web\\\/wp-content\\\/uploads\\\/2019\\\/12\\\/johnlennon-firmando-a-david-chapman.jpg\",\"width\":804,\"height\":518},{\"@type\":\"BreadcrumbList\",\"@id\":\"https:\\\/\\\/radiounodigital.com\\\/web\\\/2019\\\/12\\\/08\\\/john-lennon-y-su-ultima-fotografia-antes-de-ser-asesinado-hace-39-anos\\\/#breadcrumb\",\"itemListElement\":[{\"@type\":\"ListItem\",\"position\":1,\"name\":\"Home\",\"item\":\"https:\\\/\\\/radiounodigital.com\\\/web\\\/\"},{\"@type\":\"ListItem\",\"position\":2,\"name\":\"John Lennon y su \u00faltima fotograf\u00eda antes de ser asesinado hace 39 a\u00f1os\"}]},{\"@type\":\"WebSite\",\"@id\":\"https:\\\/\\\/radiounodigital.com\\\/web\\\/#website\",\"url\":\"https:\\\/\\\/radiounodigital.com\\\/web\\\/\",\"name\":\"Radio UNO Digital\",\"description\":\"Donde la cultura del rock se siente\",\"potentialAction\":[{\"@type\":\"SearchAction\",\"target\":{\"@type\":\"EntryPoint\",\"urlTemplate\":\"https:\\\/\\\/radiounodigital.com\\\/web\\\/?s={search_term_string}\"},\"query-input\":{\"@type\":\"PropertyValueSpecification\",\"valueRequired\":true,\"valueName\":\"search_term_string\"}}],\"inLanguage\":\"es\"},{\"@type\":\"Person\",\"@id\":\"https:\\\/\\\/radiounodigital.com\\\/web\\\/#\\\/schema\\\/person\\\/00b93151fa54f619ecf9c183d1fc9758\",\"name\":\"diegoc\",\"image\":{\"@type\":\"ImageObject\",\"inLanguage\":\"es\",\"@id\":\"https:\\\/\\\/secure.gravatar.com\\\/avatar\\\/0a67041d44c702fb0660d81a5a32c7ce6007341cf92afeb718b75883bf415864?s=96&d=blank&r=g\",\"url\":\"https:\\\/\\\/secure.gravatar.com\\\/avatar\\\/0a67041d44c702fb0660d81a5a32c7ce6007341cf92afeb718b75883bf415864?s=96&d=blank&r=g\",\"contentUrl\":\"https:\\\/\\\/secure.gravatar.com\\\/avatar\\\/0a67041d44c702fb0660d81a5a32c7ce6007341cf92afeb718b75883bf415864?s=96&d=blank&r=g\",\"caption\":\"diegoc\"},\"url\":\"https:\\\/\\\/radiounodigital.com\\\/web\\\/author\\\/diegoc\\\/\"}]}<\/script>\n<!-- \/ Yoast SEO plugin. -->","yoast_head_json":{"title":"John Lennon y su \u00faltima fotograf\u00eda antes de ser asesinado hace 39 a\u00f1os - Radio UNO Digital","robots":{"index":"index","follow":"follow","max-snippet":"max-snippet:-1","max-image-preview":"max-image-preview:large","max-video-preview":"max-video-preview:-1"},"canonical":"https:\/\/radiounodigital.com\/web\/2019\/12\/08\/john-lennon-y-su-ultima-fotografia-antes-de-ser-asesinado-hace-39-anos\/","og_locale":"es_ES","og_type":"article","og_title":"John Lennon y su \u00faltima fotograf\u00eda antes de ser asesinado hace 39 a\u00f1os - Radio UNO Digital","og_description":"Paul Goresh tomaba un d\u00eda como hoy la \u00faltima fotograf\u00eda de John Lennon con vida antes de ser asesinado por Mark David Chapman a quien el ex Beatle le firm\u00f3 un aut\u00f3grafo en su \u00e1lbum Double Fantasy unas horas antes. &nbsp; Paul Goresh, un fan obsesionado de John Lennon pero no con las mismas intenciones... Read More","og_url":"https:\/\/radiounodigital.com\/web\/2019\/12\/08\/john-lennon-y-su-ultima-fotografia-antes-de-ser-asesinado-hace-39-anos\/","og_site_name":"Radio UNO Digital","article_published_time":"2019-12-08T14:18:29+00:00","article_modified_time":"2019-12-08T14:54:09+00:00","og_image":[{"width":804,"height":518,"url":"https:\/\/radiounodigital.com\/web\/wp-content\/uploads\/2019\/12\/johnlennon-firmando-a-david-chapman.jpg","type":"image\/jpeg"}],"author":"diegoc","twitter_card":"summary_large_image","twitter_misc":{"Escrito por":"diegoc","Tiempo de lectura":"1 minuto"},"schema":{"@context":"https:\/\/schema.org","@graph":[{"@type":"Article","@id":"https:\/\/radiounodigital.com\/web\/2019\/12\/08\/john-lennon-y-su-ultima-fotografia-antes-de-ser-asesinado-hace-39-anos\/#article","isPartOf":{"@id":"https:\/\/radiounodigital.com\/web\/2019\/12\/08\/john-lennon-y-su-ultima-fotografia-antes-de-ser-asesinado-hace-39-anos\/"},"author":{"name":"diegoc","@id":"https:\/\/radiounodigital.com\/web\/#\/schema\/person\/00b93151fa54f619ecf9c183d1fc9758"},"headline":"John Lennon y su \u00faltima fotograf\u00eda antes de ser asesinado hace 39 a\u00f1os","datePublished":"2019-12-08T14:18:29+00:00","dateModified":"2019-12-08T14:54:09+00:00","mainEntityOfPage":{"@id":"https:\/\/radiounodigital.com\/web\/2019\/12\/08\/john-lennon-y-su-ultima-fotografia-antes-de-ser-asesinado-hace-39-anos\/"},"wordCount":226,"commentCount":0,"image":{"@id":"https:\/\/radiounodigital.com\/web\/2019\/12\/08\/john-lennon-y-su-ultima-fotografia-antes-de-ser-asesinado-hace-39-anos\/#primaryimage"},"thumbnailUrl":"https:\/\/radiounodigital.com\/web\/wp-content\/uploads\/2019\/12\/johnlennon-firmando-a-david-chapman.jpg","keywords":["39 a\u00f1os","aniversario","asesino","building","dakota","john lennon","mark david chapman","muerte","New York"],"articleSection":["news","Rock Clasico"],"inLanguage":"es","potentialAction":[{"@type":"CommentAction","name":"Comment","target":["https:\/\/radiounodigital.com\/web\/2019\/12\/08\/john-lennon-y-su-ultima-fotografia-antes-de-ser-asesinado-hace-39-anos\/#respond"]}]},{"@type":"WebPage","@id":"https:\/\/radiounodigital.com\/web\/2019\/12\/08\/john-lennon-y-su-ultima-fotografia-antes-de-ser-asesinado-hace-39-anos\/","url":"https:\/\/radiounodigital.com\/web\/2019\/12\/08\/john-lennon-y-su-ultima-fotografia-antes-de-ser-asesinado-hace-39-anos\/","name":"John Lennon y su \u00faltima fotograf\u00eda antes de ser asesinado hace 39 a\u00f1os - Radio UNO Digital","isPartOf":{"@id":"https:\/\/radiounodigital.com\/web\/#website"},"primaryImageOfPage":{"@id":"https:\/\/radiounodigital.com\/web\/2019\/12\/08\/john-lennon-y-su-ultima-fotografia-antes-de-ser-asesinado-hace-39-anos\/#primaryimage"},"image":{"@id":"https:\/\/radiounodigital.com\/web\/2019\/12\/08\/john-lennon-y-su-ultima-fotografia-antes-de-ser-asesinado-hace-39-anos\/#primaryimage"},"thumbnailUrl":"https:\/\/radiounodigital.com\/web\/wp-content\/uploads\/2019\/12\/johnlennon-firmando-a-david-chapman.jpg","datePublished":"2019-12-08T14:18:29+00:00","dateModified":"2019-12-08T14:54:09+00:00","author":{"@id":"https:\/\/radiounodigital.com\/web\/#\/schema\/person\/00b93151fa54f619ecf9c183d1fc9758"},"breadcrumb":{"@id":"https:\/\/radiounodigital.com\/web\/2019\/12\/08\/john-lennon-y-su-ultima-fotografia-antes-de-ser-asesinado-hace-39-anos\/#breadcrumb"},"inLanguage":"es","potentialAction":[{"@type":"ReadAction","target":["https:\/\/radiounodigital.com\/web\/2019\/12\/08\/john-lennon-y-su-ultima-fotografia-antes-de-ser-asesinado-hace-39-anos\/"]}]},{"@type":"ImageObject","inLanguage":"es","@id":"https:\/\/radiounodigital.com\/web\/2019\/12\/08\/john-lennon-y-su-ultima-fotografia-antes-de-ser-asesinado-hace-39-anos\/#primaryimage","url":"https:\/\/radiounodigital.com\/web\/wp-content\/uploads\/2019\/12\/johnlennon-firmando-a-david-chapman.jpg","contentUrl":"https:\/\/radiounodigital.com\/web\/wp-content\/uploads\/2019\/12\/johnlennon-firmando-a-david-chapman.jpg","width":804,"height":518},{"@type":"BreadcrumbList","@id":"https:\/\/radiounodigital.com\/web\/2019\/12\/08\/john-lennon-y-su-ultima-fotografia-antes-de-ser-asesinado-hace-39-anos\/#breadcrumb","itemListElement":[{"@type":"ListItem","position":1,"name":"Home","item":"https:\/\/radiounodigital.com\/web\/"},{"@type":"ListItem","position":2,"name":"John Lennon y su \u00faltima fotograf\u00eda antes de ser asesinado hace 39 a\u00f1os"}]},{"@type":"WebSite","@id":"https:\/\/radiounodigital.com\/web\/#website","url":"https:\/\/radiounodigital.com\/web\/","name":"Radio UNO Digital","description":"Donde la cultura del rock se siente","potentialAction":[{"@type":"SearchAction","target":{"@type":"EntryPoint","urlTemplate":"https:\/\/radiounodigital.com\/web\/?s={search_term_string}"},"query-input":{"@type":"PropertyValueSpecification","valueRequired":true,"valueName":"search_term_string"}}],"inLanguage":"es"},{"@type":"Person","@id":"https:\/\/radiounodigital.com\/web\/#\/schema\/person\/00b93151fa54f619ecf9c183d1fc9758","name":"diegoc","image":{"@type":"ImageObject","inLanguage":"es","@id":"https:\/\/secure.gravatar.com\/avatar\/0a67041d44c702fb0660d81a5a32c7ce6007341cf92afeb718b75883bf415864?s=96&d=blank&r=g","url":"https:\/\/secure.gravatar.com\/avatar\/0a67041d44c702fb0660d81a5a32c7ce6007341cf92afeb718b75883bf415864?s=96&d=blank&r=g","contentUrl":"https:\/\/secure.gravatar.com\/avatar\/0a67041d44c702fb0660d81a5a32c7ce6007341cf92afeb718b75883bf415864?s=96&d=blank&r=g","caption":"diegoc"},"url":"https:\/\/radiounodigital.com\/web\/author\/diegoc\/"}]}},"_links":{"self":[{"href":"https:\/\/radiounodigital.com\/web\/wp-json\/wp\/v2\/posts\/3262","targetHints":{"allow":["GET"]}}],"collection":[{"href":"https:\/\/radiounodigital.com\/web\/wp-json\/wp\/v2\/posts"}],"about":[{"href":"https:\/\/radiounodigital.com\/web\/wp-json\/wp\/v2\/types\/post"}],"author":[{"embeddable":true,"href":"https:\/\/radiounodigital.com\/web\/wp-json\/wp\/v2\/users\/1"}],"replies":[{"embeddable":true,"href":"https:\/\/radiounodigital.com\/web\/wp-json\/wp\/v2\/comments?post=3262"}],"version-history":[{"count":3,"href":"https:\/\/radiounodigital.com\/web\/wp-json\/wp\/v2\/posts\/3262\/revisions"}],"predecessor-version":[{"id":3266,"href":"https:\/\/radiounodigital.com\/web\/wp-json\/wp\/v2\/posts\/3262\/revisions\/3266"}],"wp:featuredmedia":[{"embeddable":true,"href":"https:\/\/radiounodigital.com\/web\/wp-json\/wp\/v2\/media\/3264"}],"wp:attachment":[{"href":"https:\/\/radiounodigital.com\/web\/wp-json\/wp\/v2\/media?parent=3262"}],"wp:term":[{"taxonomy":"category","embeddable":true,"href":"https:\/\/radiounodigital.com\/web\/wp-json\/wp\/v2\/categories?post=3262"},{"taxonomy":"post_tag","embeddable":true,"href":"https:\/\/radiounodigital.com\/web\/wp-json\/wp\/v2\/tags?post=3262"}],"curies":[{"name":"wp","href":"https:\/\/api.w.org\/{rel}","templated":true}]}}