{"id":3288,"date":"2019-12-13T15:11:55","date_gmt":"2019-12-13T15:11:55","guid":{"rendered":"https:\/\/radiounodigital.com\/web\/?p=3288"},"modified":"2019-12-13T15:11:55","modified_gmt":"2019-12-13T15:11:55","slug":"texas-flood-la-historia-de-stevie-ray-vaughan-contada-por-quienes-mejor-lo-conocieron","status":"publish","type":"post","link":"https:\/\/radiounodigital.com\/web\/2019\/12\/13\/texas-flood-la-historia-de-stevie-ray-vaughan-contada-por-quienes-mejor-lo-conocieron\/","title":{"rendered":"Texas Flood: La historia de Stevie Ray Vaughan contada por quienes mejor lo conocieron"},"content":{"rendered":"<p><strong class=\"css-8qgvsz ebyp5n10\">TEXAS FLOOD. <\/strong><strong class=\"css-8qgvsz ebyp5n10\">The Inside Story of Stevie Ray Vaughan <\/strong>By Alan Paul and Andy Aledort<\/p>\n<p>&nbsp;<\/p>\n<p>La primera vez que Buddy Guy, posiblemente el mejor guitarrista de blues vivo, escuch\u00f3 tocar a Stevie Ray Vaughan, no pod\u00eda creerlo. \u00abEstaba tocando las notas y me hizo sentir que deb\u00eda ir a la audiencia y mirar para poder aprender algo\u00bb, dice Guy en la brillante historia oral de Alan Paul y Andy Aledort, \u00abTexas Flood: The Inside Story of Stevie Ray Vaughan\u00bb. \u00bb<\/p>\n<div id=\"attachment_3289\" style=\"width: 2058px\" class=\"wp-caption aligncenter\"><img loading=\"lazy\" decoding=\"async\" aria-describedby=\"caption-attachment-3289\" class=\"size-full wp-image-3289\" src=\"https:\/\/radiounodigital.com\/web\/wp-content\/uploads\/2019\/12\/stevie-jimmie-rayvaughan.jpg\" alt=\"\" width=\"2048\" height=\"1378\" srcset=\"https:\/\/radiounodigital.com\/web\/wp-content\/uploads\/2019\/12\/stevie-jimmie-rayvaughan.jpg 2048w, https:\/\/radiounodigital.com\/web\/wp-content\/uploads\/2019\/12\/stevie-jimmie-rayvaughan-300x202.jpg 300w, https:\/\/radiounodigital.com\/web\/wp-content\/uploads\/2019\/12\/stevie-jimmie-rayvaughan-1024x689.jpg 1024w, https:\/\/radiounodigital.com\/web\/wp-content\/uploads\/2019\/12\/stevie-jimmie-rayvaughan-768x517.jpg 768w, https:\/\/radiounodigital.com\/web\/wp-content\/uploads\/2019\/12\/stevie-jimmie-rayvaughan-1536x1034.jpg 1536w\" sizes=\"auto, (max-width: 2048px) 100vw, 2048px\" \/><p id=\"caption-attachment-3289\" class=\"wp-caption-text\">Stevie, right, on his first guitar, playing with Jimmie in the living room.Credit&#8230;Jimmie Vaughan<\/p><\/div>\n<p>Mucha gente sent\u00eda lo mismo. Durante su breve y ardiente momento en el centro de atenci\u00f3n, solo pasaron siete a\u00f1os entre el aclamado \u00e1lbum debut que le da t\u00edtulo a este libro y el accidente de helic\u00f3ptero de 1990 que lo mat\u00f3 a los 35 a\u00f1os, Vaughan parec\u00eda representar la culminaci\u00f3n de la era del h\u00e9roe de la guitarra, absorbiendo Las influencias de los maestros, desde BB King hasta Lonnie Mack y (especialmente) Jimi Hendrix, convirti\u00e9ndolos en un calado infinitamente inventivo y afilado con l\u00e1ser. \u00abStevie ten\u00eda la intensidad del rock con la profunda sensaci\u00f3n del blues\u00bb, dice Warren Haynes de Allman Brothers Band y Gov\u2019t Mule. \u00abEsa fue una combinaci\u00f3n letal\u00bb.<\/p>\n<p>Pero como Paul (quien escribi\u00f3 la autorizada historia oral de Allman Brothers de 2014 \u00abOne Way Out\u00bb) y el documento de Aledort, ese comando majestuoso result\u00f3 de una dedicaci\u00f3n a su instrumento que raya en la obsesi\u00f3n (el joven Vaughan a menudo se quedaba dormido con las manos alrededor de su guitarra) , y vino con un alto precio. Vaughan soport\u00f3 las cicatrices de crecer en un hogar abusivo: su padre \u00abten\u00eda un temperamento vol\u00e1til, especialmente cuando estaba bebiendo, y pod\u00eda volverse violento\u00bb, lo que \u00e9l sent\u00eda molde\u00f3 su personalidad, especialmente su dependencia de drogas y alcohol. \u00abAprend\u00ed todo eso, la culpa y la verg\u00fcenza, cuando era un ni\u00f1o\u00bb, dijo. \u00abNo me di cuenta de lo profundamente que estaba incrustado en m\u00ed\u00bb.<\/p>\n<p>Los qu\u00edmicos comenzaron a fluir temprano y pronto definieron la vida diaria de Vaughan casi tanto como su guitarra. \u00abEl caos y el caos inducidos por las drogas fue interminable\u00bb, dice Chris Layton, el baterista de la banda de Vaughan, Double Trouble. Pero despu\u00e9s de tocar fondo en una gira en Alemania en 1987, Vaughan no solo se limpi\u00f3, sino que se convirti\u00f3 en un brillante ejemplo para sus compa\u00f1eros y un defensor abierto de programa de A.A.<\/p>\n<div id=\"attachment_3290\" style=\"width: 1290px\" class=\"wp-caption aligncenter\"><a href=\"https:\/\/www.amazon.com\/-\/es\/Alan-Paul\/dp\/1250142830\/ref=sr_1_1?__mk_es_US=%C3%85M%C3%85%C5%BD%C3%95%C3%91&amp;keywords=texas+flood&amp;qid=1576249636&amp;sr=8-1\"><img loading=\"lazy\" decoding=\"async\" aria-describedby=\"caption-attachment-3290\" class=\"size-full wp-image-3290\" src=\"https:\/\/radiounodigital.com\/web\/wp-content\/uploads\/2019\/12\/SRV-TexasFlood-Book.jpg\" alt=\"\" width=\"1280\" height=\"720\" srcset=\"https:\/\/radiounodigital.com\/web\/wp-content\/uploads\/2019\/12\/SRV-TexasFlood-Book.jpg 1280w, https:\/\/radiounodigital.com\/web\/wp-content\/uploads\/2019\/12\/SRV-TexasFlood-Book-300x169.jpg 300w, https:\/\/radiounodigital.com\/web\/wp-content\/uploads\/2019\/12\/SRV-TexasFlood-Book-1024x576.jpg 1024w, https:\/\/radiounodigital.com\/web\/wp-content\/uploads\/2019\/12\/SRV-TexasFlood-Book-768x432.jpg 768w\" sizes=\"auto, (max-width: 1280px) 100vw, 1280px\" \/><\/a><p id=\"caption-attachment-3290\" class=\"wp-caption-text\">TEXAS FLOOD<br \/>The Inside Story of Stevie Ray Vaughan<br \/>By Alan Paul and Andy Aledort<\/p><\/div>\n<p>Una historia oral es tan buena como sus fuentes, y \u00abTexas Flood\u00bb es exhaustiva y de gran alcance, con los compa\u00f1eros de banda, el equipo y la familia de Vaughan en el centro del escenario. Especialmente fascinante es su complicada relaci\u00f3n con su hermano mayor, Jimmie, \u00e9l mismo un guitarrista espectacular con los Fabulous Thunderbirds (\u00abStevie nunca amar\u00eda a otro guitarrista m\u00e1s que Jimmie\u00bb, dice el miembro de la tripulaci\u00f3n Cutter Brandenburg), y el papel fatal de Vaughan en David La banda de Bowie, un gran salto aparente que abandon\u00f3 porque le dijeron que no pod\u00eda promocionar su pr\u00f3ximo \u00e1lbum debut.<\/p>\n<p>Si hay una decepci\u00f3n en el libro, es la falta de la propia voz de Vaughan. Aledort lo entrevist\u00f3 varias veces durante su vida, pero como esas conversaciones se centraron en proyectos espec\u00edficos, las citas extra\u00eddas de \u00abTexas Flood\u00bb no dejan mucha impresi\u00f3n. Ambos autores son m\u00fasicos consumados y han contribuido durante mucho tiempo a la revista Guitar World, por lo que ocasionalmente las cosas se ponen un poco pesadas.<\/p>\n<p>Es dif\u00edcil pensar en alguien desde Vaughan que haya generado la misma emoci\u00f3n alrededor de la guitarra. Tal vez esos d\u00edas se hayan ido. Pero la intensidad ardiente de su juego no se ha atenuado en los casi 30 a\u00f1os desde su muerte. \u00abProbablemente fue el m\u00e1s feroz de los m\u00fasicos de blues que he escuchado\u00bb, dice Bonnie Raitt. \u00abEstaba jugando como si su vida dependiera de ello, y lo hizo\u00bb.<\/p>\n<p>&nbsp;<\/p>\n<p>By\u00a0<span class=\"css-1baulvz last-byline\">Alan Light<\/span><\/p>\n<p>NYTimes<\/p>\n<div class=\"fb-background-color\">\n\t\t\t  <div \n\t\t\t  \tclass = \"fb-comments\" \n\t\t\t  \tdata-href = \"https:\/\/radiounodigital.com\/web\/2019\/12\/13\/texas-flood-la-historia-de-stevie-ray-vaughan-contada-por-quienes-mejor-lo-conocieron\/\"\n\t\t\t  \tdata-numposts = \"10\"\n\t\t\t  \tdata-lazy = \"true\"\n\t\t\t\tdata-colorscheme = \"dark\"\n\t\t\t\tdata-order-by = \"reverse_time\"\n\t\t\t\tdata-mobile=true>\n\t\t\t  <\/div><\/div>\n\t\t  <style>\n\t\t    .fb-background-color {\n\t\t\t\tbackground: #ffffff !important;\n\t\t\t}\n\t\t\t.fb_iframe_widget_fluid_desktop iframe {\n\t\t\t    width: 100% !important;\n\t\t\t}\n\t\t  <\/style>\n\t\t  ","protected":false},"excerpt":{"rendered":"<p>TEXAS FLOOD. The Inside Story of Stevie Ray Vaughan By Alan Paul and Andy Aledort &nbsp; La primera vez que Buddy Guy, posiblemente el mejor guitarrista de blues vivo, escuch\u00f3 tocar a Stevie Ray Vaughan, no pod\u00eda creerlo. \u00abEstaba tocando las notas y me hizo sentir que deb\u00eda ir a la audiencia y mirar para&#8230; <a href=\"https:\/\/radiounodigital.com\/web\/2019\/12\/13\/texas-flood-la-historia-de-stevie-ray-vaughan-contada-por-quienes-mejor-lo-conocieron\/\" class=\"excerpt-read-more\">Read More<\/a><\/p>\n","protected":false},"author":1,"featured_media":3291,"comment_status":"open","ping_status":"open","sticky":false,"template":"","format":"standard","meta":{"footnotes":""},"categories":[126,180,128],"tags":[209,79,211,417,416,412,414,413,415],"class_list":["post-3288","post","type-post","status-publish","format-standard","has-post-thumbnail","hentry","category-blues","category-news","category-rock-clasico","tag-biografia","tag-blues","tag-guitarrista","tag-libro","tag-obra","tag-stevie-rat-vaughan","tag-texas-flood","tag-the-inside-story-of","tag-vida"],"yoast_head":"<!-- This site is optimized with the Yoast SEO plugin v27.5 - https:\/\/yoast.com\/product\/yoast-seo-wordpress\/ -->\n<title>Texas Flood: La historia de Stevie Ray Vaughan contada por quienes mejor lo conocieron - Radio UNO Digital<\/title>\n<meta name=\"robots\" content=\"index, follow, max-snippet:-1, max-image-preview:large, max-video-preview:-1\" \/>\n<link rel=\"canonical\" href=\"https:\/\/radiounodigital.com\/web\/2019\/12\/13\/texas-flood-la-historia-de-stevie-ray-vaughan-contada-por-quienes-mejor-lo-conocieron\/\" \/>\n<meta property=\"og:locale\" content=\"es_ES\" \/>\n<meta property=\"og:type\" content=\"article\" \/>\n<meta property=\"og:title\" content=\"Texas Flood: La historia de Stevie Ray Vaughan contada por quienes mejor lo conocieron - Radio UNO Digital\" \/>\n<meta property=\"og:description\" content=\"TEXAS FLOOD. The Inside Story of Stevie Ray Vaughan By Alan Paul and Andy Aledort &nbsp; La primera vez que Buddy Guy, posiblemente el mejor guitarrista de blues vivo, escuch\u00f3 tocar a Stevie Ray Vaughan, no pod\u00eda creerlo. \u00abEstaba tocando las notas y me hizo sentir que deb\u00eda ir a la audiencia y mirar para... Read More\" \/>\n<meta property=\"og:url\" content=\"https:\/\/radiounodigital.com\/web\/2019\/12\/13\/texas-flood-la-historia-de-stevie-ray-vaughan-contada-por-quienes-mejor-lo-conocieron\/\" \/>\n<meta property=\"og:site_name\" content=\"Radio UNO Digital\" \/>\n<meta property=\"article:published_time\" content=\"2019-12-13T15:11:55+00:00\" \/>\n<meta property=\"og:image\" content=\"https:\/\/radiounodigital.com\/web\/wp-content\/uploads\/2019\/12\/srv-1.jpg\" \/>\n\t<meta property=\"og:image:width\" content=\"758\" \/>\n\t<meta property=\"og:image:height\" content=\"505\" \/>\n\t<meta property=\"og:image:type\" content=\"image\/jpeg\" \/>\n<meta name=\"author\" content=\"diegoc\" \/>\n<meta name=\"twitter:card\" content=\"summary_large_image\" \/>\n<meta name=\"twitter:label1\" content=\"Escrito por\" \/>\n\t<meta name=\"twitter:data1\" content=\"diegoc\" \/>\n\t<meta name=\"twitter:label2\" content=\"Tiempo de lectura\" \/>\n\t<meta name=\"twitter:data2\" content=\"4 minutos\" \/>\n<script type=\"application\/ld+json\" class=\"yoast-schema-graph\">{\"@context\":\"https:\\\/\\\/schema.org\",\"@graph\":[{\"@type\":\"Article\",\"@id\":\"https:\\\/\\\/radiounodigital.com\\\/web\\\/2019\\\/12\\\/13\\\/texas-flood-la-historia-de-stevie-ray-vaughan-contada-por-quienes-mejor-lo-conocieron\\\/#article\",\"isPartOf\":{\"@id\":\"https:\\\/\\\/radiounodigital.com\\\/web\\\/2019\\\/12\\\/13\\\/texas-flood-la-historia-de-stevie-ray-vaughan-contada-por-quienes-mejor-lo-conocieron\\\/\"},\"author\":{\"name\":\"diegoc\",\"@id\":\"https:\\\/\\\/radiounodigital.com\\\/web\\\/#\\\/schema\\\/person\\\/00b93151fa54f619ecf9c183d1fc9758\"},\"headline\":\"Texas Flood: La historia de Stevie Ray Vaughan contada por quienes mejor lo conocieron\",\"datePublished\":\"2019-12-13T15:11:55+00:00\",\"mainEntityOfPage\":{\"@id\":\"https:\\\/\\\/radiounodigital.com\\\/web\\\/2019\\\/12\\\/13\\\/texas-flood-la-historia-de-stevie-ray-vaughan-contada-por-quienes-mejor-lo-conocieron\\\/\"},\"wordCount\":737,\"commentCount\":0,\"image\":{\"@id\":\"https:\\\/\\\/radiounodigital.com\\\/web\\\/2019\\\/12\\\/13\\\/texas-flood-la-historia-de-stevie-ray-vaughan-contada-por-quienes-mejor-lo-conocieron\\\/#primaryimage\"},\"thumbnailUrl\":\"https:\\\/\\\/radiounodigital.com\\\/web\\\/wp-content\\\/uploads\\\/2019\\\/12\\\/srv-1.jpg\",\"keywords\":[\"biografia\",\"blues\",\"guitarrista\",\"libro\",\"obra\",\"stevie rat vaughan\",\"texas flood\",\"the inside story of\",\"vida\"],\"articleSection\":[\"Blues\",\"news\",\"Rock Clasico\"],\"inLanguage\":\"es\",\"potentialAction\":[{\"@type\":\"CommentAction\",\"name\":\"Comment\",\"target\":[\"https:\\\/\\\/radiounodigital.com\\\/web\\\/2019\\\/12\\\/13\\\/texas-flood-la-historia-de-stevie-ray-vaughan-contada-por-quienes-mejor-lo-conocieron\\\/#respond\"]}]},{\"@type\":\"WebPage\",\"@id\":\"https:\\\/\\\/radiounodigital.com\\\/web\\\/2019\\\/12\\\/13\\\/texas-flood-la-historia-de-stevie-ray-vaughan-contada-por-quienes-mejor-lo-conocieron\\\/\",\"url\":\"https:\\\/\\\/radiounodigital.com\\\/web\\\/2019\\\/12\\\/13\\\/texas-flood-la-historia-de-stevie-ray-vaughan-contada-por-quienes-mejor-lo-conocieron\\\/\",\"name\":\"Texas Flood: La historia de Stevie Ray Vaughan contada por quienes mejor lo conocieron - Radio UNO Digital\",\"isPartOf\":{\"@id\":\"https:\\\/\\\/radiounodigital.com\\\/web\\\/#website\"},\"primaryImageOfPage\":{\"@id\":\"https:\\\/\\\/radiounodigital.com\\\/web\\\/2019\\\/12\\\/13\\\/texas-flood-la-historia-de-stevie-ray-vaughan-contada-por-quienes-mejor-lo-conocieron\\\/#primaryimage\"},\"image\":{\"@id\":\"https:\\\/\\\/radiounodigital.com\\\/web\\\/2019\\\/12\\\/13\\\/texas-flood-la-historia-de-stevie-ray-vaughan-contada-por-quienes-mejor-lo-conocieron\\\/#primaryimage\"},\"thumbnailUrl\":\"https:\\\/\\\/radiounodigital.com\\\/web\\\/wp-content\\\/uploads\\\/2019\\\/12\\\/srv-1.jpg\",\"datePublished\":\"2019-12-13T15:11:55+00:00\",\"author\":{\"@id\":\"https:\\\/\\\/radiounodigital.com\\\/web\\\/#\\\/schema\\\/person\\\/00b93151fa54f619ecf9c183d1fc9758\"},\"breadcrumb\":{\"@id\":\"https:\\\/\\\/radiounodigital.com\\\/web\\\/2019\\\/12\\\/13\\\/texas-flood-la-historia-de-stevie-ray-vaughan-contada-por-quienes-mejor-lo-conocieron\\\/#breadcrumb\"},\"inLanguage\":\"es\",\"potentialAction\":[{\"@type\":\"ReadAction\",\"target\":[\"https:\\\/\\\/radiounodigital.com\\\/web\\\/2019\\\/12\\\/13\\\/texas-flood-la-historia-de-stevie-ray-vaughan-contada-por-quienes-mejor-lo-conocieron\\\/\"]}]},{\"@type\":\"ImageObject\",\"inLanguage\":\"es\",\"@id\":\"https:\\\/\\\/radiounodigital.com\\\/web\\\/2019\\\/12\\\/13\\\/texas-flood-la-historia-de-stevie-ray-vaughan-contada-por-quienes-mejor-lo-conocieron\\\/#primaryimage\",\"url\":\"https:\\\/\\\/radiounodigital.com\\\/web\\\/wp-content\\\/uploads\\\/2019\\\/12\\\/srv-1.jpg\",\"contentUrl\":\"https:\\\/\\\/radiounodigital.com\\\/web\\\/wp-content\\\/uploads\\\/2019\\\/12\\\/srv-1.jpg\",\"width\":758,\"height\":505},{\"@type\":\"BreadcrumbList\",\"@id\":\"https:\\\/\\\/radiounodigital.com\\\/web\\\/2019\\\/12\\\/13\\\/texas-flood-la-historia-de-stevie-ray-vaughan-contada-por-quienes-mejor-lo-conocieron\\\/#breadcrumb\",\"itemListElement\":[{\"@type\":\"ListItem\",\"position\":1,\"name\":\"Home\",\"item\":\"https:\\\/\\\/radiounodigital.com\\\/web\\\/\"},{\"@type\":\"ListItem\",\"position\":2,\"name\":\"Texas Flood: La historia de Stevie Ray Vaughan contada por quienes mejor lo conocieron\"}]},{\"@type\":\"WebSite\",\"@id\":\"https:\\\/\\\/radiounodigital.com\\\/web\\\/#website\",\"url\":\"https:\\\/\\\/radiounodigital.com\\\/web\\\/\",\"name\":\"Radio UNO Digital\",\"description\":\"Donde la cultura del rock se siente\",\"potentialAction\":[{\"@type\":\"SearchAction\",\"target\":{\"@type\":\"EntryPoint\",\"urlTemplate\":\"https:\\\/\\\/radiounodigital.com\\\/web\\\/?s={search_term_string}\"},\"query-input\":{\"@type\":\"PropertyValueSpecification\",\"valueRequired\":true,\"valueName\":\"search_term_string\"}}],\"inLanguage\":\"es\"},{\"@type\":\"Person\",\"@id\":\"https:\\\/\\\/radiounodigital.com\\\/web\\\/#\\\/schema\\\/person\\\/00b93151fa54f619ecf9c183d1fc9758\",\"name\":\"diegoc\",\"image\":{\"@type\":\"ImageObject\",\"inLanguage\":\"es\",\"@id\":\"https:\\\/\\\/secure.gravatar.com\\\/avatar\\\/0a67041d44c702fb0660d81a5a32c7ce6007341cf92afeb718b75883bf415864?s=96&d=blank&r=g\",\"url\":\"https:\\\/\\\/secure.gravatar.com\\\/avatar\\\/0a67041d44c702fb0660d81a5a32c7ce6007341cf92afeb718b75883bf415864?s=96&d=blank&r=g\",\"contentUrl\":\"https:\\\/\\\/secure.gravatar.com\\\/avatar\\\/0a67041d44c702fb0660d81a5a32c7ce6007341cf92afeb718b75883bf415864?s=96&d=blank&r=g\",\"caption\":\"diegoc\"},\"url\":\"https:\\\/\\\/radiounodigital.com\\\/web\\\/author\\\/diegoc\\\/\"}]}<\/script>\n<!-- \/ Yoast SEO plugin. -->","yoast_head_json":{"title":"Texas Flood: La historia de Stevie Ray Vaughan contada por quienes mejor lo conocieron - Radio UNO Digital","robots":{"index":"index","follow":"follow","max-snippet":"max-snippet:-1","max-image-preview":"max-image-preview:large","max-video-preview":"max-video-preview:-1"},"canonical":"https:\/\/radiounodigital.com\/web\/2019\/12\/13\/texas-flood-la-historia-de-stevie-ray-vaughan-contada-por-quienes-mejor-lo-conocieron\/","og_locale":"es_ES","og_type":"article","og_title":"Texas Flood: La historia de Stevie Ray Vaughan contada por quienes mejor lo conocieron - Radio UNO Digital","og_description":"TEXAS FLOOD. The Inside Story of Stevie Ray Vaughan By Alan Paul and Andy Aledort &nbsp; La primera vez que Buddy Guy, posiblemente el mejor guitarrista de blues vivo, escuch\u00f3 tocar a Stevie Ray Vaughan, no pod\u00eda creerlo. \u00abEstaba tocando las notas y me hizo sentir que deb\u00eda ir a la audiencia y mirar para... Read More","og_url":"https:\/\/radiounodigital.com\/web\/2019\/12\/13\/texas-flood-la-historia-de-stevie-ray-vaughan-contada-por-quienes-mejor-lo-conocieron\/","og_site_name":"Radio UNO Digital","article_published_time":"2019-12-13T15:11:55+00:00","og_image":[{"width":758,"height":505,"url":"https:\/\/radiounodigital.com\/web\/wp-content\/uploads\/2019\/12\/srv-1.jpg","type":"image\/jpeg"}],"author":"diegoc","twitter_card":"summary_large_image","twitter_misc":{"Escrito por":"diegoc","Tiempo de lectura":"4 minutos"},"schema":{"@context":"https:\/\/schema.org","@graph":[{"@type":"Article","@id":"https:\/\/radiounodigital.com\/web\/2019\/12\/13\/texas-flood-la-historia-de-stevie-ray-vaughan-contada-por-quienes-mejor-lo-conocieron\/#article","isPartOf":{"@id":"https:\/\/radiounodigital.com\/web\/2019\/12\/13\/texas-flood-la-historia-de-stevie-ray-vaughan-contada-por-quienes-mejor-lo-conocieron\/"},"author":{"name":"diegoc","@id":"https:\/\/radiounodigital.com\/web\/#\/schema\/person\/00b93151fa54f619ecf9c183d1fc9758"},"headline":"Texas Flood: La historia de Stevie Ray Vaughan contada por quienes mejor lo conocieron","datePublished":"2019-12-13T15:11:55+00:00","mainEntityOfPage":{"@id":"https:\/\/radiounodigital.com\/web\/2019\/12\/13\/texas-flood-la-historia-de-stevie-ray-vaughan-contada-por-quienes-mejor-lo-conocieron\/"},"wordCount":737,"commentCount":0,"image":{"@id":"https:\/\/radiounodigital.com\/web\/2019\/12\/13\/texas-flood-la-historia-de-stevie-ray-vaughan-contada-por-quienes-mejor-lo-conocieron\/#primaryimage"},"thumbnailUrl":"https:\/\/radiounodigital.com\/web\/wp-content\/uploads\/2019\/12\/srv-1.jpg","keywords":["biografia","blues","guitarrista","libro","obra","stevie rat vaughan","texas flood","the inside story of","vida"],"articleSection":["Blues","news","Rock Clasico"],"inLanguage":"es","potentialAction":[{"@type":"CommentAction","name":"Comment","target":["https:\/\/radiounodigital.com\/web\/2019\/12\/13\/texas-flood-la-historia-de-stevie-ray-vaughan-contada-por-quienes-mejor-lo-conocieron\/#respond"]}]},{"@type":"WebPage","@id":"https:\/\/radiounodigital.com\/web\/2019\/12\/13\/texas-flood-la-historia-de-stevie-ray-vaughan-contada-por-quienes-mejor-lo-conocieron\/","url":"https:\/\/radiounodigital.com\/web\/2019\/12\/13\/texas-flood-la-historia-de-stevie-ray-vaughan-contada-por-quienes-mejor-lo-conocieron\/","name":"Texas Flood: La historia de Stevie Ray Vaughan contada por quienes mejor lo conocieron - Radio UNO Digital","isPartOf":{"@id":"https:\/\/radiounodigital.com\/web\/#website"},"primaryImageOfPage":{"@id":"https:\/\/radiounodigital.com\/web\/2019\/12\/13\/texas-flood-la-historia-de-stevie-ray-vaughan-contada-por-quienes-mejor-lo-conocieron\/#primaryimage"},"image":{"@id":"https:\/\/radiounodigital.com\/web\/2019\/12\/13\/texas-flood-la-historia-de-stevie-ray-vaughan-contada-por-quienes-mejor-lo-conocieron\/#primaryimage"},"thumbnailUrl":"https:\/\/radiounodigital.com\/web\/wp-content\/uploads\/2019\/12\/srv-1.jpg","datePublished":"2019-12-13T15:11:55+00:00","author":{"@id":"https:\/\/radiounodigital.com\/web\/#\/schema\/person\/00b93151fa54f619ecf9c183d1fc9758"},"breadcrumb":{"@id":"https:\/\/radiounodigital.com\/web\/2019\/12\/13\/texas-flood-la-historia-de-stevie-ray-vaughan-contada-por-quienes-mejor-lo-conocieron\/#breadcrumb"},"inLanguage":"es","potentialAction":[{"@type":"ReadAction","target":["https:\/\/radiounodigital.com\/web\/2019\/12\/13\/texas-flood-la-historia-de-stevie-ray-vaughan-contada-por-quienes-mejor-lo-conocieron\/"]}]},{"@type":"ImageObject","inLanguage":"es","@id":"https:\/\/radiounodigital.com\/web\/2019\/12\/13\/texas-flood-la-historia-de-stevie-ray-vaughan-contada-por-quienes-mejor-lo-conocieron\/#primaryimage","url":"https:\/\/radiounodigital.com\/web\/wp-content\/uploads\/2019\/12\/srv-1.jpg","contentUrl":"https:\/\/radiounodigital.com\/web\/wp-content\/uploads\/2019\/12\/srv-1.jpg","width":758,"height":505},{"@type":"BreadcrumbList","@id":"https:\/\/radiounodigital.com\/web\/2019\/12\/13\/texas-flood-la-historia-de-stevie-ray-vaughan-contada-por-quienes-mejor-lo-conocieron\/#breadcrumb","itemListElement":[{"@type":"ListItem","position":1,"name":"Home","item":"https:\/\/radiounodigital.com\/web\/"},{"@type":"ListItem","position":2,"name":"Texas Flood: La historia de Stevie Ray Vaughan contada por quienes mejor lo conocieron"}]},{"@type":"WebSite","@id":"https:\/\/radiounodigital.com\/web\/#website","url":"https:\/\/radiounodigital.com\/web\/","name":"Radio UNO Digital","description":"Donde la cultura del rock se siente","potentialAction":[{"@type":"SearchAction","target":{"@type":"EntryPoint","urlTemplate":"https:\/\/radiounodigital.com\/web\/?s={search_term_string}"},"query-input":{"@type":"PropertyValueSpecification","valueRequired":true,"valueName":"search_term_string"}}],"inLanguage":"es"},{"@type":"Person","@id":"https:\/\/radiounodigital.com\/web\/#\/schema\/person\/00b93151fa54f619ecf9c183d1fc9758","name":"diegoc","image":{"@type":"ImageObject","inLanguage":"es","@id":"https:\/\/secure.gravatar.com\/avatar\/0a67041d44c702fb0660d81a5a32c7ce6007341cf92afeb718b75883bf415864?s=96&d=blank&r=g","url":"https:\/\/secure.gravatar.com\/avatar\/0a67041d44c702fb0660d81a5a32c7ce6007341cf92afeb718b75883bf415864?s=96&d=blank&r=g","contentUrl":"https:\/\/secure.gravatar.com\/avatar\/0a67041d44c702fb0660d81a5a32c7ce6007341cf92afeb718b75883bf415864?s=96&d=blank&r=g","caption":"diegoc"},"url":"https:\/\/radiounodigital.com\/web\/author\/diegoc\/"}]}},"_links":{"self":[{"href":"https:\/\/radiounodigital.com\/web\/wp-json\/wp\/v2\/posts\/3288","targetHints":{"allow":["GET"]}}],"collection":[{"href":"https:\/\/radiounodigital.com\/web\/wp-json\/wp\/v2\/posts"}],"about":[{"href":"https:\/\/radiounodigital.com\/web\/wp-json\/wp\/v2\/types\/post"}],"author":[{"embeddable":true,"href":"https:\/\/radiounodigital.com\/web\/wp-json\/wp\/v2\/users\/1"}],"replies":[{"embeddable":true,"href":"https:\/\/radiounodigital.com\/web\/wp-json\/wp\/v2\/comments?post=3288"}],"version-history":[{"count":1,"href":"https:\/\/radiounodigital.com\/web\/wp-json\/wp\/v2\/posts\/3288\/revisions"}],"predecessor-version":[{"id":3292,"href":"https:\/\/radiounodigital.com\/web\/wp-json\/wp\/v2\/posts\/3288\/revisions\/3292"}],"wp:featuredmedia":[{"embeddable":true,"href":"https:\/\/radiounodigital.com\/web\/wp-json\/wp\/v2\/media\/3291"}],"wp:attachment":[{"href":"https:\/\/radiounodigital.com\/web\/wp-json\/wp\/v2\/media?parent=3288"}],"wp:term":[{"taxonomy":"category","embeddable":true,"href":"https:\/\/radiounodigital.com\/web\/wp-json\/wp\/v2\/categories?post=3288"},{"taxonomy":"post_tag","embeddable":true,"href":"https:\/\/radiounodigital.com\/web\/wp-json\/wp\/v2\/tags?post=3288"}],"curies":[{"name":"wp","href":"https:\/\/api.w.org\/{rel}","templated":true}]}}