{"id":3359,"date":"2020-01-07T16:42:58","date_gmt":"2020-01-07T16:42:58","guid":{"rendered":"https:\/\/radiounodigital.com\/web\/?p=3359"},"modified":"2020-01-09T12:50:24","modified_gmt":"2020-01-09T12:50:24","slug":"coachella-prepara-un-documental-para-festejar-los-primeros-20-anos-del-festival","status":"publish","type":"post","link":"https:\/\/radiounodigital.com\/web\/2020\/01\/07\/coachella-prepara-un-documental-para-festejar-los-primeros-20-anos-del-festival\/","title":{"rendered":"Coachella prepara un documental para festejar los primeros 20 a\u00f1os del festival"},"content":{"rendered":"<h3>Un nuevo documental sobre Coachella llegar\u00e1 a YouTube para conmemorar el 20 aniversario del ic\u00f3nico festival.<\/h3>\n<p>Al llegar el 31 de marzo, la pel\u00edcula ofrecer\u00e1 \u00abim\u00e1genes y entrevistas exclusivas y nunca antes vistas\u00bb del festival, as\u00ed como una mirada al interior del viaje de Coachella hacia el dominio global a lo largo de los \u00faltimos 20 a\u00f1os.<\/p>\n<p>Tambi\u00e9n incluye algunas de las actuaciones m\u00e1s emblem\u00e1ticas del festival, como Billie Eilish, Blackpink, Kanye West y muchas m\u00e1s.<\/p>\n<p>Mira el trailer completo a continuaci\u00f3n.<\/p>\n<p><iframe loading=\"lazy\" src=\"https:\/\/www.youtube.com\/embed\/7CO--JwYeec\" width=\"560\" height=\"315\" frameborder=\"0\" allowfullscreen=\"allowfullscreen\"><\/iframe><\/p>\n<p>El anuncio llega despu\u00e9s de que la organizaci\u00f3n de Coachella lanz\u00f3 su alineaci\u00f3n para 2020, liderada por como cabezas de cartel a Rage Against The Machine, Travis Scott y Frank Ocean.<\/p>\n<p>Rage Against The Machine encabezar\u00e1 el viernes 10 y 17 de abril, con el apoyo de Calvin Harris, Run The Jewels, Rex Orange County, Megan Thee Stallion, BIGBANG, Brockhampton y m\u00e1s.<\/p>\n<p>Travis Scott encabezar\u00e1 el s\u00e1bado 11 y 18 de abril, con el apoyo de Thom Yorke (haciendo un set de Tomorrow\u2019s Modern Boxes), Flume, 21 Savage, Danny Elfman, DaBaby, Summer Walker y m\u00e1s. midi negro, beabadoobee, Ezra Collective, girl in red, Fontaines D.C., Anna Calvi y m\u00e1s juegan el s\u00e1bado tambi\u00e9n.<\/p>\n<p>Finalmente, Frank Ocean encabezar\u00e1 el domingo 12 y 19 de abril, con el apoyo de Lana Del Rey, Lil Uzi Vert, Daniel Caesar, FKA Twigs, Ari Lennox, Fatboy Slim, Lil Nas X, Denzel Curry, Yungblud y m\u00e1s.<\/p>\n<div class=\"fb-background-color\">\n\t\t\t  <div \n\t\t\t  \tclass = \"fb-comments\" \n\t\t\t  \tdata-href = \"https:\/\/radiounodigital.com\/web\/2020\/01\/07\/coachella-prepara-un-documental-para-festejar-los-primeros-20-anos-del-festival\/\"\n\t\t\t  \tdata-numposts = \"10\"\n\t\t\t  \tdata-lazy = \"true\"\n\t\t\t\tdata-colorscheme = \"dark\"\n\t\t\t\tdata-order-by = \"reverse_time\"\n\t\t\t\tdata-mobile=true>\n\t\t\t  <\/div><\/div>\n\t\t  <style>\n\t\t    .fb-background-color {\n\t\t\t\tbackground: #ffffff !important;\n\t\t\t}\n\t\t\t.fb_iframe_widget_fluid_desktop iframe {\n\t\t\t    width: 100% !important;\n\t\t\t}\n\t\t  <\/style>\n\t\t  ","protected":false},"excerpt":{"rendered":"<p>Un nuevo documental sobre Coachella llegar\u00e1 a YouTube para conmemorar el 20 aniversario del ic\u00f3nico festival. Al llegar el 31 de marzo, la pel\u00edcula ofrecer\u00e1 \u00abim\u00e1genes y entrevistas exclusivas y nunca antes vistas\u00bb del festival, as\u00ed como una mirada al interior del viaje de Coachella hacia el dominio global a lo largo de los \u00faltimos&#8230; <a href=\"https:\/\/radiounodigital.com\/web\/2020\/01\/07\/coachella-prepara-un-documental-para-festejar-los-primeros-20-anos-del-festival\/\" class=\"excerpt-read-more\">Read More<\/a><\/p>\n","protected":false},"author":1,"featured_media":3360,"comment_status":"open","ping_status":"open","sticky":false,"template":"","format":"standard","meta":{"footnotes":""},"categories":[180,127],"tags":[471,470,170],"class_list":["post-3359","post","type-post","status-publish","format-standard","has-post-thumbnail","hentry","category-news","category-rock","tag-20-anos","tag-coachella","tag-documental"],"yoast_head":"<!-- This site is optimized with the Yoast SEO plugin v27.5 - https:\/\/yoast.com\/product\/yoast-seo-wordpress\/ -->\n<title>Coachella prepara un documental para festejar los primeros 20 a\u00f1os del festival - Radio UNO Digital<\/title>\n<meta name=\"robots\" content=\"index, follow, max-snippet:-1, max-image-preview:large, max-video-preview:-1\" \/>\n<link rel=\"canonical\" href=\"https:\/\/radiounodigital.com\/web\/2020\/01\/07\/coachella-prepara-un-documental-para-festejar-los-primeros-20-anos-del-festival\/\" \/>\n<meta property=\"og:locale\" content=\"es_ES\" \/>\n<meta property=\"og:type\" content=\"article\" \/>\n<meta property=\"og:title\" content=\"Coachella prepara un documental para festejar los primeros 20 a\u00f1os del festival - Radio UNO Digital\" \/>\n<meta property=\"og:description\" content=\"Un nuevo documental sobre Coachella llegar\u00e1 a YouTube para conmemorar el 20 aniversario del ic\u00f3nico festival. Al llegar el 31 de marzo, la pel\u00edcula ofrecer\u00e1 \u00abim\u00e1genes y entrevistas exclusivas y nunca antes vistas\u00bb del festival, as\u00ed como una mirada al interior del viaje de Coachella hacia el dominio global a lo largo de los \u00faltimos... Read More\" \/>\n<meta property=\"og:url\" content=\"https:\/\/radiounodigital.com\/web\/2020\/01\/07\/coachella-prepara-un-documental-para-festejar-los-primeros-20-anos-del-festival\/\" \/>\n<meta property=\"og:site_name\" content=\"Radio UNO Digital\" \/>\n<meta property=\"article:published_time\" content=\"2020-01-07T16:42:58+00:00\" \/>\n<meta property=\"article:modified_time\" content=\"2020-01-09T12:50:24+00:00\" \/>\n<meta property=\"og:image\" content=\"https:\/\/radiounodigital.com\/web\/wp-content\/uploads\/2020\/01\/Coachella-GettyImages-1138602544-696x442-1.jpg\" \/>\n\t<meta property=\"og:image:width\" content=\"696\" \/>\n\t<meta property=\"og:image:height\" content=\"442\" \/>\n\t<meta property=\"og:image:type\" content=\"image\/jpeg\" \/>\n<meta name=\"author\" content=\"diegoc\" \/>\n<meta name=\"twitter:card\" content=\"summary_large_image\" \/>\n<meta name=\"twitter:label1\" content=\"Escrito por\" \/>\n\t<meta name=\"twitter:data1\" content=\"diegoc\" \/>\n\t<meta name=\"twitter:label2\" content=\"Tiempo de lectura\" \/>\n\t<meta name=\"twitter:data2\" content=\"1 minuto\" \/>\n<script type=\"application\/ld+json\" class=\"yoast-schema-graph\">{\"@context\":\"https:\\\/\\\/schema.org\",\"@graph\":[{\"@type\":\"Article\",\"@id\":\"https:\\\/\\\/radiounodigital.com\\\/web\\\/2020\\\/01\\\/07\\\/coachella-prepara-un-documental-para-festejar-los-primeros-20-anos-del-festival\\\/#article\",\"isPartOf\":{\"@id\":\"https:\\\/\\\/radiounodigital.com\\\/web\\\/2020\\\/01\\\/07\\\/coachella-prepara-un-documental-para-festejar-los-primeros-20-anos-del-festival\\\/\"},\"author\":{\"name\":\"diegoc\",\"@id\":\"https:\\\/\\\/radiounodigital.com\\\/web\\\/#\\\/schema\\\/person\\\/00b93151fa54f619ecf9c183d1fc9758\"},\"headline\":\"Coachella prepara un documental para festejar los primeros 20 a\u00f1os del festival\",\"datePublished\":\"2020-01-07T16:42:58+00:00\",\"dateModified\":\"2020-01-09T12:50:24+00:00\",\"mainEntityOfPage\":{\"@id\":\"https:\\\/\\\/radiounodigital.com\\\/web\\\/2020\\\/01\\\/07\\\/coachella-prepara-un-documental-para-festejar-los-primeros-20-anos-del-festival\\\/\"},\"wordCount\":254,\"commentCount\":0,\"image\":{\"@id\":\"https:\\\/\\\/radiounodigital.com\\\/web\\\/2020\\\/01\\\/07\\\/coachella-prepara-un-documental-para-festejar-los-primeros-20-anos-del-festival\\\/#primaryimage\"},\"thumbnailUrl\":\"https:\\\/\\\/radiounodigital.com\\\/web\\\/wp-content\\\/uploads\\\/2020\\\/01\\\/Coachella-GettyImages-1138602544-696x442-1.jpg\",\"keywords\":[\"20 a\u00f1os\",\"coachella\",\"DOCUMENTAL\"],\"articleSection\":[\"news\",\"Rock\"],\"inLanguage\":\"es\",\"potentialAction\":[{\"@type\":\"CommentAction\",\"name\":\"Comment\",\"target\":[\"https:\\\/\\\/radiounodigital.com\\\/web\\\/2020\\\/01\\\/07\\\/coachella-prepara-un-documental-para-festejar-los-primeros-20-anos-del-festival\\\/#respond\"]}]},{\"@type\":\"WebPage\",\"@id\":\"https:\\\/\\\/radiounodigital.com\\\/web\\\/2020\\\/01\\\/07\\\/coachella-prepara-un-documental-para-festejar-los-primeros-20-anos-del-festival\\\/\",\"url\":\"https:\\\/\\\/radiounodigital.com\\\/web\\\/2020\\\/01\\\/07\\\/coachella-prepara-un-documental-para-festejar-los-primeros-20-anos-del-festival\\\/\",\"name\":\"Coachella prepara un documental para festejar los primeros 20 a\u00f1os del festival - Radio UNO Digital\",\"isPartOf\":{\"@id\":\"https:\\\/\\\/radiounodigital.com\\\/web\\\/#website\"},\"primaryImageOfPage\":{\"@id\":\"https:\\\/\\\/radiounodigital.com\\\/web\\\/2020\\\/01\\\/07\\\/coachella-prepara-un-documental-para-festejar-los-primeros-20-anos-del-festival\\\/#primaryimage\"},\"image\":{\"@id\":\"https:\\\/\\\/radiounodigital.com\\\/web\\\/2020\\\/01\\\/07\\\/coachella-prepara-un-documental-para-festejar-los-primeros-20-anos-del-festival\\\/#primaryimage\"},\"thumbnailUrl\":\"https:\\\/\\\/radiounodigital.com\\\/web\\\/wp-content\\\/uploads\\\/2020\\\/01\\\/Coachella-GettyImages-1138602544-696x442-1.jpg\",\"datePublished\":\"2020-01-07T16:42:58+00:00\",\"dateModified\":\"2020-01-09T12:50:24+00:00\",\"author\":{\"@id\":\"https:\\\/\\\/radiounodigital.com\\\/web\\\/#\\\/schema\\\/person\\\/00b93151fa54f619ecf9c183d1fc9758\"},\"breadcrumb\":{\"@id\":\"https:\\\/\\\/radiounodigital.com\\\/web\\\/2020\\\/01\\\/07\\\/coachella-prepara-un-documental-para-festejar-los-primeros-20-anos-del-festival\\\/#breadcrumb\"},\"inLanguage\":\"es\",\"potentialAction\":[{\"@type\":\"ReadAction\",\"target\":[\"https:\\\/\\\/radiounodigital.com\\\/web\\\/2020\\\/01\\\/07\\\/coachella-prepara-un-documental-para-festejar-los-primeros-20-anos-del-festival\\\/\"]}]},{\"@type\":\"ImageObject\",\"inLanguage\":\"es\",\"@id\":\"https:\\\/\\\/radiounodigital.com\\\/web\\\/2020\\\/01\\\/07\\\/coachella-prepara-un-documental-para-festejar-los-primeros-20-anos-del-festival\\\/#primaryimage\",\"url\":\"https:\\\/\\\/radiounodigital.com\\\/web\\\/wp-content\\\/uploads\\\/2020\\\/01\\\/Coachella-GettyImages-1138602544-696x442-1.jpg\",\"contentUrl\":\"https:\\\/\\\/radiounodigital.com\\\/web\\\/wp-content\\\/uploads\\\/2020\\\/01\\\/Coachella-GettyImages-1138602544-696x442-1.jpg\",\"width\":696,\"height\":442,\"caption\":\"Credit: Frazer Harrison Getty Images\"},{\"@type\":\"BreadcrumbList\",\"@id\":\"https:\\\/\\\/radiounodigital.com\\\/web\\\/2020\\\/01\\\/07\\\/coachella-prepara-un-documental-para-festejar-los-primeros-20-anos-del-festival\\\/#breadcrumb\",\"itemListElement\":[{\"@type\":\"ListItem\",\"position\":1,\"name\":\"Home\",\"item\":\"https:\\\/\\\/radiounodigital.com\\\/web\\\/\"},{\"@type\":\"ListItem\",\"position\":2,\"name\":\"Coachella prepara un documental para festejar los primeros 20 a\u00f1os del festival\"}]},{\"@type\":\"WebSite\",\"@id\":\"https:\\\/\\\/radiounodigital.com\\\/web\\\/#website\",\"url\":\"https:\\\/\\\/radiounodigital.com\\\/web\\\/\",\"name\":\"Radio UNO Digital\",\"description\":\"Donde la cultura del rock se siente\",\"potentialAction\":[{\"@type\":\"SearchAction\",\"target\":{\"@type\":\"EntryPoint\",\"urlTemplate\":\"https:\\\/\\\/radiounodigital.com\\\/web\\\/?s={search_term_string}\"},\"query-input\":{\"@type\":\"PropertyValueSpecification\",\"valueRequired\":true,\"valueName\":\"search_term_string\"}}],\"inLanguage\":\"es\"},{\"@type\":\"Person\",\"@id\":\"https:\\\/\\\/radiounodigital.com\\\/web\\\/#\\\/schema\\\/person\\\/00b93151fa54f619ecf9c183d1fc9758\",\"name\":\"diegoc\",\"image\":{\"@type\":\"ImageObject\",\"inLanguage\":\"es\",\"@id\":\"https:\\\/\\\/secure.gravatar.com\\\/avatar\\\/0a67041d44c702fb0660d81a5a32c7ce6007341cf92afeb718b75883bf415864?s=96&d=blank&r=g\",\"url\":\"https:\\\/\\\/secure.gravatar.com\\\/avatar\\\/0a67041d44c702fb0660d81a5a32c7ce6007341cf92afeb718b75883bf415864?s=96&d=blank&r=g\",\"contentUrl\":\"https:\\\/\\\/secure.gravatar.com\\\/avatar\\\/0a67041d44c702fb0660d81a5a32c7ce6007341cf92afeb718b75883bf415864?s=96&d=blank&r=g\",\"caption\":\"diegoc\"},\"url\":\"https:\\\/\\\/radiounodigital.com\\\/web\\\/author\\\/diegoc\\\/\"}]}<\/script>\n<!-- \/ Yoast SEO plugin. -->","yoast_head_json":{"title":"Coachella prepara un documental para festejar los primeros 20 a\u00f1os del festival - Radio UNO Digital","robots":{"index":"index","follow":"follow","max-snippet":"max-snippet:-1","max-image-preview":"max-image-preview:large","max-video-preview":"max-video-preview:-1"},"canonical":"https:\/\/radiounodigital.com\/web\/2020\/01\/07\/coachella-prepara-un-documental-para-festejar-los-primeros-20-anos-del-festival\/","og_locale":"es_ES","og_type":"article","og_title":"Coachella prepara un documental para festejar los primeros 20 a\u00f1os del festival - Radio UNO Digital","og_description":"Un nuevo documental sobre Coachella llegar\u00e1 a YouTube para conmemorar el 20 aniversario del ic\u00f3nico festival. Al llegar el 31 de marzo, la pel\u00edcula ofrecer\u00e1 \u00abim\u00e1genes y entrevistas exclusivas y nunca antes vistas\u00bb del festival, as\u00ed como una mirada al interior del viaje de Coachella hacia el dominio global a lo largo de los \u00faltimos... Read More","og_url":"https:\/\/radiounodigital.com\/web\/2020\/01\/07\/coachella-prepara-un-documental-para-festejar-los-primeros-20-anos-del-festival\/","og_site_name":"Radio UNO Digital","article_published_time":"2020-01-07T16:42:58+00:00","article_modified_time":"2020-01-09T12:50:24+00:00","og_image":[{"width":696,"height":442,"url":"https:\/\/radiounodigital.com\/web\/wp-content\/uploads\/2020\/01\/Coachella-GettyImages-1138602544-696x442-1.jpg","type":"image\/jpeg"}],"author":"diegoc","twitter_card":"summary_large_image","twitter_misc":{"Escrito por":"diegoc","Tiempo de lectura":"1 minuto"},"schema":{"@context":"https:\/\/schema.org","@graph":[{"@type":"Article","@id":"https:\/\/radiounodigital.com\/web\/2020\/01\/07\/coachella-prepara-un-documental-para-festejar-los-primeros-20-anos-del-festival\/#article","isPartOf":{"@id":"https:\/\/radiounodigital.com\/web\/2020\/01\/07\/coachella-prepara-un-documental-para-festejar-los-primeros-20-anos-del-festival\/"},"author":{"name":"diegoc","@id":"https:\/\/radiounodigital.com\/web\/#\/schema\/person\/00b93151fa54f619ecf9c183d1fc9758"},"headline":"Coachella prepara un documental para festejar los primeros 20 a\u00f1os del festival","datePublished":"2020-01-07T16:42:58+00:00","dateModified":"2020-01-09T12:50:24+00:00","mainEntityOfPage":{"@id":"https:\/\/radiounodigital.com\/web\/2020\/01\/07\/coachella-prepara-un-documental-para-festejar-los-primeros-20-anos-del-festival\/"},"wordCount":254,"commentCount":0,"image":{"@id":"https:\/\/radiounodigital.com\/web\/2020\/01\/07\/coachella-prepara-un-documental-para-festejar-los-primeros-20-anos-del-festival\/#primaryimage"},"thumbnailUrl":"https:\/\/radiounodigital.com\/web\/wp-content\/uploads\/2020\/01\/Coachella-GettyImages-1138602544-696x442-1.jpg","keywords":["20 a\u00f1os","coachella","DOCUMENTAL"],"articleSection":["news","Rock"],"inLanguage":"es","potentialAction":[{"@type":"CommentAction","name":"Comment","target":["https:\/\/radiounodigital.com\/web\/2020\/01\/07\/coachella-prepara-un-documental-para-festejar-los-primeros-20-anos-del-festival\/#respond"]}]},{"@type":"WebPage","@id":"https:\/\/radiounodigital.com\/web\/2020\/01\/07\/coachella-prepara-un-documental-para-festejar-los-primeros-20-anos-del-festival\/","url":"https:\/\/radiounodigital.com\/web\/2020\/01\/07\/coachella-prepara-un-documental-para-festejar-los-primeros-20-anos-del-festival\/","name":"Coachella prepara un documental para festejar los primeros 20 a\u00f1os del festival - Radio UNO Digital","isPartOf":{"@id":"https:\/\/radiounodigital.com\/web\/#website"},"primaryImageOfPage":{"@id":"https:\/\/radiounodigital.com\/web\/2020\/01\/07\/coachella-prepara-un-documental-para-festejar-los-primeros-20-anos-del-festival\/#primaryimage"},"image":{"@id":"https:\/\/radiounodigital.com\/web\/2020\/01\/07\/coachella-prepara-un-documental-para-festejar-los-primeros-20-anos-del-festival\/#primaryimage"},"thumbnailUrl":"https:\/\/radiounodigital.com\/web\/wp-content\/uploads\/2020\/01\/Coachella-GettyImages-1138602544-696x442-1.jpg","datePublished":"2020-01-07T16:42:58+00:00","dateModified":"2020-01-09T12:50:24+00:00","author":{"@id":"https:\/\/radiounodigital.com\/web\/#\/schema\/person\/00b93151fa54f619ecf9c183d1fc9758"},"breadcrumb":{"@id":"https:\/\/radiounodigital.com\/web\/2020\/01\/07\/coachella-prepara-un-documental-para-festejar-los-primeros-20-anos-del-festival\/#breadcrumb"},"inLanguage":"es","potentialAction":[{"@type":"ReadAction","target":["https:\/\/radiounodigital.com\/web\/2020\/01\/07\/coachella-prepara-un-documental-para-festejar-los-primeros-20-anos-del-festival\/"]}]},{"@type":"ImageObject","inLanguage":"es","@id":"https:\/\/radiounodigital.com\/web\/2020\/01\/07\/coachella-prepara-un-documental-para-festejar-los-primeros-20-anos-del-festival\/#primaryimage","url":"https:\/\/radiounodigital.com\/web\/wp-content\/uploads\/2020\/01\/Coachella-GettyImages-1138602544-696x442-1.jpg","contentUrl":"https:\/\/radiounodigital.com\/web\/wp-content\/uploads\/2020\/01\/Coachella-GettyImages-1138602544-696x442-1.jpg","width":696,"height":442,"caption":"Credit: Frazer Harrison Getty Images"},{"@type":"BreadcrumbList","@id":"https:\/\/radiounodigital.com\/web\/2020\/01\/07\/coachella-prepara-un-documental-para-festejar-los-primeros-20-anos-del-festival\/#breadcrumb","itemListElement":[{"@type":"ListItem","position":1,"name":"Home","item":"https:\/\/radiounodigital.com\/web\/"},{"@type":"ListItem","position":2,"name":"Coachella prepara un documental para festejar los primeros 20 a\u00f1os del festival"}]},{"@type":"WebSite","@id":"https:\/\/radiounodigital.com\/web\/#website","url":"https:\/\/radiounodigital.com\/web\/","name":"Radio UNO Digital","description":"Donde la cultura del rock se siente","potentialAction":[{"@type":"SearchAction","target":{"@type":"EntryPoint","urlTemplate":"https:\/\/radiounodigital.com\/web\/?s={search_term_string}"},"query-input":{"@type":"PropertyValueSpecification","valueRequired":true,"valueName":"search_term_string"}}],"inLanguage":"es"},{"@type":"Person","@id":"https:\/\/radiounodigital.com\/web\/#\/schema\/person\/00b93151fa54f619ecf9c183d1fc9758","name":"diegoc","image":{"@type":"ImageObject","inLanguage":"es","@id":"https:\/\/secure.gravatar.com\/avatar\/0a67041d44c702fb0660d81a5a32c7ce6007341cf92afeb718b75883bf415864?s=96&d=blank&r=g","url":"https:\/\/secure.gravatar.com\/avatar\/0a67041d44c702fb0660d81a5a32c7ce6007341cf92afeb718b75883bf415864?s=96&d=blank&r=g","contentUrl":"https:\/\/secure.gravatar.com\/avatar\/0a67041d44c702fb0660d81a5a32c7ce6007341cf92afeb718b75883bf415864?s=96&d=blank&r=g","caption":"diegoc"},"url":"https:\/\/radiounodigital.com\/web\/author\/diegoc\/"}]}},"_links":{"self":[{"href":"https:\/\/radiounodigital.com\/web\/wp-json\/wp\/v2\/posts\/3359","targetHints":{"allow":["GET"]}}],"collection":[{"href":"https:\/\/radiounodigital.com\/web\/wp-json\/wp\/v2\/posts"}],"about":[{"href":"https:\/\/radiounodigital.com\/web\/wp-json\/wp\/v2\/types\/post"}],"author":[{"embeddable":true,"href":"https:\/\/radiounodigital.com\/web\/wp-json\/wp\/v2\/users\/1"}],"replies":[{"embeddable":true,"href":"https:\/\/radiounodigital.com\/web\/wp-json\/wp\/v2\/comments?post=3359"}],"version-history":[{"count":1,"href":"https:\/\/radiounodigital.com\/web\/wp-json\/wp\/v2\/posts\/3359\/revisions"}],"predecessor-version":[{"id":3361,"href":"https:\/\/radiounodigital.com\/web\/wp-json\/wp\/v2\/posts\/3359\/revisions\/3361"}],"wp:featuredmedia":[{"embeddable":true,"href":"https:\/\/radiounodigital.com\/web\/wp-json\/wp\/v2\/media\/3360"}],"wp:attachment":[{"href":"https:\/\/radiounodigital.com\/web\/wp-json\/wp\/v2\/media?parent=3359"}],"wp:term":[{"taxonomy":"category","embeddable":true,"href":"https:\/\/radiounodigital.com\/web\/wp-json\/wp\/v2\/categories?post=3359"},{"taxonomy":"post_tag","embeddable":true,"href":"https:\/\/radiounodigital.com\/web\/wp-json\/wp\/v2\/tags?post=3359"}],"curies":[{"name":"wp","href":"https:\/\/api.w.org\/{rel}","templated":true}]}}