{"id":3385,"date":"2020-01-14T15:40:39","date_gmt":"2020-01-14T15:40:39","guid":{"rendered":"https:\/\/radiounodigital.com\/web\/?p=3385"},"modified":"2020-01-14T15:40:39","modified_gmt":"2020-01-14T15:40:39","slug":"pearl-jam-anuncia-la-llegada-de-un-nuevo-album","status":"publish","type":"post","link":"https:\/\/radiounodigital.com\/web\/2020\/01\/14\/pearl-jam-anuncia-la-llegada-de-un-nuevo-album\/","title":{"rendered":"Pearl Jam anuncia la llegada de un nuevo \u00e1lbum"},"content":{"rendered":"<h3>Pearl Jam lanzar\u00e1 su und\u00e9cimo \u00e1lbum de estudio titulado Gigaton en el mes marzo, y realizar\u00e1 una gira por Estados Unidos y Europa a partir de abril.<\/h3>\n<div id=\"attachment_3386\" style=\"width: 610px\" class=\"wp-caption aligncenter\"><img loading=\"lazy\" decoding=\"async\" aria-describedby=\"caption-attachment-3386\" class=\"size-full wp-image-3386\" src=\"https:\/\/radiounodigital.com\/web\/wp-content\/uploads\/2020\/01\/gigaton-pearl-jam.jpg\" alt=\"\" width=\"600\" height=\"600\" srcset=\"https:\/\/radiounodigital.com\/web\/wp-content\/uploads\/2020\/01\/gigaton-pearl-jam.jpg 600w, https:\/\/radiounodigital.com\/web\/wp-content\/uploads\/2020\/01\/gigaton-pearl-jam-300x300.jpg 300w, https:\/\/radiounodigital.com\/web\/wp-content\/uploads\/2020\/01\/gigaton-pearl-jam-150x150.jpg 150w\" sizes=\"auto, (max-width: 600px) 100vw, 600px\" \/><p id=\"caption-attachment-3386\" class=\"wp-caption-text\">(Image credit: Monkeywrench Records\/Republic Records)<\/p><\/div>\n<p>Pearl Jam ha anunciado el lanzamiento de su und\u00e9cimo \u00e1lbum de estudio. Gigaton se lanzar\u00e1 en Monkeywrench Records \/ Republic Records el 27 de marzo, y es el seguimiento de Lightning Bolt de 2013.<\/p>\n<p>El guitarrista Mike McCready dice: \u00abHacer este disco fue un largo viaje. Fue emocionalmente oscuro y confuso a veces, pero tambi\u00e9n un mapa de ruta emocionante y experimental para la redenci\u00f3n musical. La colaboraci\u00f3n con mis compa\u00f1eros de banda en Gigaton finalmente me dio m\u00e1s amor, conciencia y conocimiento de la necesidad de conexi\u00f3n humana en estos tiempos \u00ab.<\/p>\n<p>En mayo de 2018, el bajista Jeff Ament revel\u00f3 que la banda estaba trabajando en ideas para un nuevo \u00e1lbum, y le dijo a la estaci\u00f3n de radio WNCR: \u00abNos hemos estado diciendo a nosotros mismos que no presionar\u00edamos mucho la situaci\u00f3n. Realmente queremos hacer algo genial, y queremos tener la libertad de vivir con algunas de estas ideas por un tiempo y luego tal vez grabarlas de una manera diferente \u00ab.<\/p>\n<p>La portada de Gigaton presenta una foto de la capa de hielo de Nordaustlandet en el archipi\u00e9lago noruego de Svalbard, ubicado a 600 millas del Polo Norte. La foto fue tomada por el fot\u00f3grafo de National Geographic Paul Nicklen.<\/p>\n<p>El \u00e1lbum est\u00e1 disponible para pre-pedido ahora, junto con un sencillo de 7 pulgadas, Dance Of The Clairvoyants, que se lanzar\u00e1 en las pr\u00f3ximas semanas.<\/p>\n<p>Pearl Jam ya ha anunciado una gira europea para el verano, que incluye un lugar destacado en el prestigioso evento Hyde Park BST en Londres en julio, y hoy confirm\u00f3 una serie de fechas en Estados Unidos para la primavera. Horario completo a continuaci\u00f3n.<\/p>\n<p>La semana pasada, la banda insinu\u00f3 que algo ven\u00eda en una serie de publicaciones cr\u00edpticas en las redes sociales, y luego lanz\u00f3 una campa\u00f1a de carteles interactivos en 11 ciudades de todo el mundo.<\/p>\n<div class=\"fb-background-color\">\n\t\t\t  <div \n\t\t\t  \tclass = \"fb-comments\" \n\t\t\t  \tdata-href = \"https:\/\/radiounodigital.com\/web\/2020\/01\/14\/pearl-jam-anuncia-la-llegada-de-un-nuevo-album\/\"\n\t\t\t  \tdata-numposts = \"10\"\n\t\t\t  \tdata-lazy = \"true\"\n\t\t\t\tdata-colorscheme = \"dark\"\n\t\t\t\tdata-order-by = \"reverse_time\"\n\t\t\t\tdata-mobile=true>\n\t\t\t  <\/div><\/div>\n\t\t  <style>\n\t\t    .fb-background-color {\n\t\t\t\tbackground: #ffffff !important;\n\t\t\t}\n\t\t\t.fb_iframe_widget_fluid_desktop iframe {\n\t\t\t    width: 100% !important;\n\t\t\t}\n\t\t  <\/style>\n\t\t  ","protected":false},"excerpt":{"rendered":"<p>Pearl Jam lanzar\u00e1 su und\u00e9cimo \u00e1lbum de estudio titulado Gigaton en el mes marzo, y realizar\u00e1 una gira por Estados Unidos y Europa a partir de abril. Pearl Jam ha anunciado el lanzamiento de su und\u00e9cimo \u00e1lbum de estudio. Gigaton se lanzar\u00e1 en Monkeywrench Records \/ Republic Records el 27 de marzo, y es el&#8230; <a href=\"https:\/\/radiounodigital.com\/web\/2020\/01\/14\/pearl-jam-anuncia-la-llegada-de-un-nuevo-album\/\" class=\"excerpt-read-more\">Read More<\/a><\/p>\n","protected":false},"author":1,"featured_media":3387,"comment_status":"open","ping_status":"open","sticky":false,"template":"","format":"standard","meta":{"footnotes":""},"categories":[180,128],"tags":[119,487,132,486],"class_list":["post-3385","post","type-post","status-publish","format-standard","has-post-thumbnail","hentry","category-news","category-rock-clasico","tag-disco","tag-gigaton","tag-nuevo","tag-pearl-jam"],"yoast_head":"<!-- This site is optimized with the Yoast SEO plugin v27.5 - https:\/\/yoast.com\/product\/yoast-seo-wordpress\/ -->\n<title>Pearl Jam anuncia la llegada de un nuevo \u00e1lbum - Radio UNO Digital<\/title>\n<meta name=\"robots\" content=\"index, follow, max-snippet:-1, max-image-preview:large, max-video-preview:-1\" \/>\n<link rel=\"canonical\" href=\"https:\/\/radiounodigital.com\/web\/2020\/01\/14\/pearl-jam-anuncia-la-llegada-de-un-nuevo-album\/\" \/>\n<meta property=\"og:locale\" content=\"es_ES\" \/>\n<meta property=\"og:type\" content=\"article\" \/>\n<meta property=\"og:title\" content=\"Pearl Jam anuncia la llegada de un nuevo \u00e1lbum - Radio UNO Digital\" \/>\n<meta property=\"og:description\" content=\"Pearl Jam lanzar\u00e1 su und\u00e9cimo \u00e1lbum de estudio titulado Gigaton en el mes marzo, y realizar\u00e1 una gira por Estados Unidos y Europa a partir de abril. Pearl Jam ha anunciado el lanzamiento de su und\u00e9cimo \u00e1lbum de estudio. Gigaton se lanzar\u00e1 en Monkeywrench Records \/ Republic Records el 27 de marzo, y es el... Read More\" \/>\n<meta property=\"og:url\" content=\"https:\/\/radiounodigital.com\/web\/2020\/01\/14\/pearl-jam-anuncia-la-llegada-de-un-nuevo-album\/\" \/>\n<meta property=\"og:site_name\" content=\"Radio UNO Digital\" \/>\n<meta property=\"article:published_time\" content=\"2020-01-14T15:40:39+00:00\" \/>\n<meta property=\"og:image\" content=\"https:\/\/radiounodigital.com\/web\/wp-content\/uploads\/2020\/01\/pearl-jam-anuncio-lanzamiento-gigaton.jpg\" \/>\n\t<meta property=\"og:image:width\" content=\"641\" \/>\n\t<meta property=\"og:image:height\" content=\"423\" \/>\n\t<meta property=\"og:image:type\" content=\"image\/jpeg\" \/>\n<meta name=\"author\" content=\"diegoc\" \/>\n<meta name=\"twitter:card\" content=\"summary_large_image\" \/>\n<meta name=\"twitter:label1\" content=\"Escrito por\" \/>\n\t<meta name=\"twitter:data1\" content=\"diegoc\" \/>\n\t<meta name=\"twitter:label2\" content=\"Tiempo de lectura\" \/>\n\t<meta name=\"twitter:data2\" content=\"2 minutos\" \/>\n<script type=\"application\/ld+json\" class=\"yoast-schema-graph\">{\"@context\":\"https:\\\/\\\/schema.org\",\"@graph\":[{\"@type\":\"Article\",\"@id\":\"https:\\\/\\\/radiounodigital.com\\\/web\\\/2020\\\/01\\\/14\\\/pearl-jam-anuncia-la-llegada-de-un-nuevo-album\\\/#article\",\"isPartOf\":{\"@id\":\"https:\\\/\\\/radiounodigital.com\\\/web\\\/2020\\\/01\\\/14\\\/pearl-jam-anuncia-la-llegada-de-un-nuevo-album\\\/\"},\"author\":{\"name\":\"diegoc\",\"@id\":\"https:\\\/\\\/radiounodigital.com\\\/web\\\/#\\\/schema\\\/person\\\/00b93151fa54f619ecf9c183d1fc9758\"},\"headline\":\"Pearl Jam anuncia la llegada de un nuevo \u00e1lbum\",\"datePublished\":\"2020-01-14T15:40:39+00:00\",\"mainEntityOfPage\":{\"@id\":\"https:\\\/\\\/radiounodigital.com\\\/web\\\/2020\\\/01\\\/14\\\/pearl-jam-anuncia-la-llegada-de-un-nuevo-album\\\/\"},\"wordCount\":365,\"commentCount\":0,\"image\":{\"@id\":\"https:\\\/\\\/radiounodigital.com\\\/web\\\/2020\\\/01\\\/14\\\/pearl-jam-anuncia-la-llegada-de-un-nuevo-album\\\/#primaryimage\"},\"thumbnailUrl\":\"https:\\\/\\\/radiounodigital.com\\\/web\\\/wp-content\\\/uploads\\\/2020\\\/01\\\/pearl-jam-anuncio-lanzamiento-gigaton.jpg\",\"keywords\":[\"disco\",\"gigaton\",\"nuevo\",\"pearl jam\"],\"articleSection\":[\"news\",\"Rock Clasico\"],\"inLanguage\":\"es\",\"potentialAction\":[{\"@type\":\"CommentAction\",\"name\":\"Comment\",\"target\":[\"https:\\\/\\\/radiounodigital.com\\\/web\\\/2020\\\/01\\\/14\\\/pearl-jam-anuncia-la-llegada-de-un-nuevo-album\\\/#respond\"]}]},{\"@type\":\"WebPage\",\"@id\":\"https:\\\/\\\/radiounodigital.com\\\/web\\\/2020\\\/01\\\/14\\\/pearl-jam-anuncia-la-llegada-de-un-nuevo-album\\\/\",\"url\":\"https:\\\/\\\/radiounodigital.com\\\/web\\\/2020\\\/01\\\/14\\\/pearl-jam-anuncia-la-llegada-de-un-nuevo-album\\\/\",\"name\":\"Pearl Jam anuncia la llegada de un nuevo \u00e1lbum - Radio UNO Digital\",\"isPartOf\":{\"@id\":\"https:\\\/\\\/radiounodigital.com\\\/web\\\/#website\"},\"primaryImageOfPage\":{\"@id\":\"https:\\\/\\\/radiounodigital.com\\\/web\\\/2020\\\/01\\\/14\\\/pearl-jam-anuncia-la-llegada-de-un-nuevo-album\\\/#primaryimage\"},\"image\":{\"@id\":\"https:\\\/\\\/radiounodigital.com\\\/web\\\/2020\\\/01\\\/14\\\/pearl-jam-anuncia-la-llegada-de-un-nuevo-album\\\/#primaryimage\"},\"thumbnailUrl\":\"https:\\\/\\\/radiounodigital.com\\\/web\\\/wp-content\\\/uploads\\\/2020\\\/01\\\/pearl-jam-anuncio-lanzamiento-gigaton.jpg\",\"datePublished\":\"2020-01-14T15:40:39+00:00\",\"author\":{\"@id\":\"https:\\\/\\\/radiounodigital.com\\\/web\\\/#\\\/schema\\\/person\\\/00b93151fa54f619ecf9c183d1fc9758\"},\"breadcrumb\":{\"@id\":\"https:\\\/\\\/radiounodigital.com\\\/web\\\/2020\\\/01\\\/14\\\/pearl-jam-anuncia-la-llegada-de-un-nuevo-album\\\/#breadcrumb\"},\"inLanguage\":\"es\",\"potentialAction\":[{\"@type\":\"ReadAction\",\"target\":[\"https:\\\/\\\/radiounodigital.com\\\/web\\\/2020\\\/01\\\/14\\\/pearl-jam-anuncia-la-llegada-de-un-nuevo-album\\\/\"]}]},{\"@type\":\"ImageObject\",\"inLanguage\":\"es\",\"@id\":\"https:\\\/\\\/radiounodigital.com\\\/web\\\/2020\\\/01\\\/14\\\/pearl-jam-anuncia-la-llegada-de-un-nuevo-album\\\/#primaryimage\",\"url\":\"https:\\\/\\\/radiounodigital.com\\\/web\\\/wp-content\\\/uploads\\\/2020\\\/01\\\/pearl-jam-anuncio-lanzamiento-gigaton.jpg\",\"contentUrl\":\"https:\\\/\\\/radiounodigital.com\\\/web\\\/wp-content\\\/uploads\\\/2020\\\/01\\\/pearl-jam-anuncio-lanzamiento-gigaton.jpg\",\"width\":641,\"height\":423},{\"@type\":\"BreadcrumbList\",\"@id\":\"https:\\\/\\\/radiounodigital.com\\\/web\\\/2020\\\/01\\\/14\\\/pearl-jam-anuncia-la-llegada-de-un-nuevo-album\\\/#breadcrumb\",\"itemListElement\":[{\"@type\":\"ListItem\",\"position\":1,\"name\":\"Home\",\"item\":\"https:\\\/\\\/radiounodigital.com\\\/web\\\/\"},{\"@type\":\"ListItem\",\"position\":2,\"name\":\"Pearl Jam anuncia la llegada de un nuevo \u00e1lbum\"}]},{\"@type\":\"WebSite\",\"@id\":\"https:\\\/\\\/radiounodigital.com\\\/web\\\/#website\",\"url\":\"https:\\\/\\\/radiounodigital.com\\\/web\\\/\",\"name\":\"Radio UNO Digital\",\"description\":\"Donde la cultura del rock se siente\",\"potentialAction\":[{\"@type\":\"SearchAction\",\"target\":{\"@type\":\"EntryPoint\",\"urlTemplate\":\"https:\\\/\\\/radiounodigital.com\\\/web\\\/?s={search_term_string}\"},\"query-input\":{\"@type\":\"PropertyValueSpecification\",\"valueRequired\":true,\"valueName\":\"search_term_string\"}}],\"inLanguage\":\"es\"},{\"@type\":\"Person\",\"@id\":\"https:\\\/\\\/radiounodigital.com\\\/web\\\/#\\\/schema\\\/person\\\/00b93151fa54f619ecf9c183d1fc9758\",\"name\":\"diegoc\",\"image\":{\"@type\":\"ImageObject\",\"inLanguage\":\"es\",\"@id\":\"https:\\\/\\\/secure.gravatar.com\\\/avatar\\\/0a67041d44c702fb0660d81a5a32c7ce6007341cf92afeb718b75883bf415864?s=96&d=blank&r=g\",\"url\":\"https:\\\/\\\/secure.gravatar.com\\\/avatar\\\/0a67041d44c702fb0660d81a5a32c7ce6007341cf92afeb718b75883bf415864?s=96&d=blank&r=g\",\"contentUrl\":\"https:\\\/\\\/secure.gravatar.com\\\/avatar\\\/0a67041d44c702fb0660d81a5a32c7ce6007341cf92afeb718b75883bf415864?s=96&d=blank&r=g\",\"caption\":\"diegoc\"},\"url\":\"https:\\\/\\\/radiounodigital.com\\\/web\\\/author\\\/diegoc\\\/\"}]}<\/script>\n<!-- \/ Yoast SEO plugin. -->","yoast_head_json":{"title":"Pearl Jam anuncia la llegada de un nuevo \u00e1lbum - Radio UNO Digital","robots":{"index":"index","follow":"follow","max-snippet":"max-snippet:-1","max-image-preview":"max-image-preview:large","max-video-preview":"max-video-preview:-1"},"canonical":"https:\/\/radiounodigital.com\/web\/2020\/01\/14\/pearl-jam-anuncia-la-llegada-de-un-nuevo-album\/","og_locale":"es_ES","og_type":"article","og_title":"Pearl Jam anuncia la llegada de un nuevo \u00e1lbum - Radio UNO Digital","og_description":"Pearl Jam lanzar\u00e1 su und\u00e9cimo \u00e1lbum de estudio titulado Gigaton en el mes marzo, y realizar\u00e1 una gira por Estados Unidos y Europa a partir de abril. Pearl Jam ha anunciado el lanzamiento de su und\u00e9cimo \u00e1lbum de estudio. Gigaton se lanzar\u00e1 en Monkeywrench Records \/ Republic Records el 27 de marzo, y es el... Read More","og_url":"https:\/\/radiounodigital.com\/web\/2020\/01\/14\/pearl-jam-anuncia-la-llegada-de-un-nuevo-album\/","og_site_name":"Radio UNO Digital","article_published_time":"2020-01-14T15:40:39+00:00","og_image":[{"width":641,"height":423,"url":"https:\/\/radiounodigital.com\/web\/wp-content\/uploads\/2020\/01\/pearl-jam-anuncio-lanzamiento-gigaton.jpg","type":"image\/jpeg"}],"author":"diegoc","twitter_card":"summary_large_image","twitter_misc":{"Escrito por":"diegoc","Tiempo de lectura":"2 minutos"},"schema":{"@context":"https:\/\/schema.org","@graph":[{"@type":"Article","@id":"https:\/\/radiounodigital.com\/web\/2020\/01\/14\/pearl-jam-anuncia-la-llegada-de-un-nuevo-album\/#article","isPartOf":{"@id":"https:\/\/radiounodigital.com\/web\/2020\/01\/14\/pearl-jam-anuncia-la-llegada-de-un-nuevo-album\/"},"author":{"name":"diegoc","@id":"https:\/\/radiounodigital.com\/web\/#\/schema\/person\/00b93151fa54f619ecf9c183d1fc9758"},"headline":"Pearl Jam anuncia la llegada de un nuevo \u00e1lbum","datePublished":"2020-01-14T15:40:39+00:00","mainEntityOfPage":{"@id":"https:\/\/radiounodigital.com\/web\/2020\/01\/14\/pearl-jam-anuncia-la-llegada-de-un-nuevo-album\/"},"wordCount":365,"commentCount":0,"image":{"@id":"https:\/\/radiounodigital.com\/web\/2020\/01\/14\/pearl-jam-anuncia-la-llegada-de-un-nuevo-album\/#primaryimage"},"thumbnailUrl":"https:\/\/radiounodigital.com\/web\/wp-content\/uploads\/2020\/01\/pearl-jam-anuncio-lanzamiento-gigaton.jpg","keywords":["disco","gigaton","nuevo","pearl jam"],"articleSection":["news","Rock Clasico"],"inLanguage":"es","potentialAction":[{"@type":"CommentAction","name":"Comment","target":["https:\/\/radiounodigital.com\/web\/2020\/01\/14\/pearl-jam-anuncia-la-llegada-de-un-nuevo-album\/#respond"]}]},{"@type":"WebPage","@id":"https:\/\/radiounodigital.com\/web\/2020\/01\/14\/pearl-jam-anuncia-la-llegada-de-un-nuevo-album\/","url":"https:\/\/radiounodigital.com\/web\/2020\/01\/14\/pearl-jam-anuncia-la-llegada-de-un-nuevo-album\/","name":"Pearl Jam anuncia la llegada de un nuevo \u00e1lbum - Radio UNO Digital","isPartOf":{"@id":"https:\/\/radiounodigital.com\/web\/#website"},"primaryImageOfPage":{"@id":"https:\/\/radiounodigital.com\/web\/2020\/01\/14\/pearl-jam-anuncia-la-llegada-de-un-nuevo-album\/#primaryimage"},"image":{"@id":"https:\/\/radiounodigital.com\/web\/2020\/01\/14\/pearl-jam-anuncia-la-llegada-de-un-nuevo-album\/#primaryimage"},"thumbnailUrl":"https:\/\/radiounodigital.com\/web\/wp-content\/uploads\/2020\/01\/pearl-jam-anuncio-lanzamiento-gigaton.jpg","datePublished":"2020-01-14T15:40:39+00:00","author":{"@id":"https:\/\/radiounodigital.com\/web\/#\/schema\/person\/00b93151fa54f619ecf9c183d1fc9758"},"breadcrumb":{"@id":"https:\/\/radiounodigital.com\/web\/2020\/01\/14\/pearl-jam-anuncia-la-llegada-de-un-nuevo-album\/#breadcrumb"},"inLanguage":"es","potentialAction":[{"@type":"ReadAction","target":["https:\/\/radiounodigital.com\/web\/2020\/01\/14\/pearl-jam-anuncia-la-llegada-de-un-nuevo-album\/"]}]},{"@type":"ImageObject","inLanguage":"es","@id":"https:\/\/radiounodigital.com\/web\/2020\/01\/14\/pearl-jam-anuncia-la-llegada-de-un-nuevo-album\/#primaryimage","url":"https:\/\/radiounodigital.com\/web\/wp-content\/uploads\/2020\/01\/pearl-jam-anuncio-lanzamiento-gigaton.jpg","contentUrl":"https:\/\/radiounodigital.com\/web\/wp-content\/uploads\/2020\/01\/pearl-jam-anuncio-lanzamiento-gigaton.jpg","width":641,"height":423},{"@type":"BreadcrumbList","@id":"https:\/\/radiounodigital.com\/web\/2020\/01\/14\/pearl-jam-anuncia-la-llegada-de-un-nuevo-album\/#breadcrumb","itemListElement":[{"@type":"ListItem","position":1,"name":"Home","item":"https:\/\/radiounodigital.com\/web\/"},{"@type":"ListItem","position":2,"name":"Pearl Jam anuncia la llegada de un nuevo \u00e1lbum"}]},{"@type":"WebSite","@id":"https:\/\/radiounodigital.com\/web\/#website","url":"https:\/\/radiounodigital.com\/web\/","name":"Radio UNO Digital","description":"Donde la cultura del rock se siente","potentialAction":[{"@type":"SearchAction","target":{"@type":"EntryPoint","urlTemplate":"https:\/\/radiounodigital.com\/web\/?s={search_term_string}"},"query-input":{"@type":"PropertyValueSpecification","valueRequired":true,"valueName":"search_term_string"}}],"inLanguage":"es"},{"@type":"Person","@id":"https:\/\/radiounodigital.com\/web\/#\/schema\/person\/00b93151fa54f619ecf9c183d1fc9758","name":"diegoc","image":{"@type":"ImageObject","inLanguage":"es","@id":"https:\/\/secure.gravatar.com\/avatar\/0a67041d44c702fb0660d81a5a32c7ce6007341cf92afeb718b75883bf415864?s=96&d=blank&r=g","url":"https:\/\/secure.gravatar.com\/avatar\/0a67041d44c702fb0660d81a5a32c7ce6007341cf92afeb718b75883bf415864?s=96&d=blank&r=g","contentUrl":"https:\/\/secure.gravatar.com\/avatar\/0a67041d44c702fb0660d81a5a32c7ce6007341cf92afeb718b75883bf415864?s=96&d=blank&r=g","caption":"diegoc"},"url":"https:\/\/radiounodigital.com\/web\/author\/diegoc\/"}]}},"_links":{"self":[{"href":"https:\/\/radiounodigital.com\/web\/wp-json\/wp\/v2\/posts\/3385","targetHints":{"allow":["GET"]}}],"collection":[{"href":"https:\/\/radiounodigital.com\/web\/wp-json\/wp\/v2\/posts"}],"about":[{"href":"https:\/\/radiounodigital.com\/web\/wp-json\/wp\/v2\/types\/post"}],"author":[{"embeddable":true,"href":"https:\/\/radiounodigital.com\/web\/wp-json\/wp\/v2\/users\/1"}],"replies":[{"embeddable":true,"href":"https:\/\/radiounodigital.com\/web\/wp-json\/wp\/v2\/comments?post=3385"}],"version-history":[{"count":1,"href":"https:\/\/radiounodigital.com\/web\/wp-json\/wp\/v2\/posts\/3385\/revisions"}],"predecessor-version":[{"id":3388,"href":"https:\/\/radiounodigital.com\/web\/wp-json\/wp\/v2\/posts\/3385\/revisions\/3388"}],"wp:featuredmedia":[{"embeddable":true,"href":"https:\/\/radiounodigital.com\/web\/wp-json\/wp\/v2\/media\/3387"}],"wp:attachment":[{"href":"https:\/\/radiounodigital.com\/web\/wp-json\/wp\/v2\/media?parent=3385"}],"wp:term":[{"taxonomy":"category","embeddable":true,"href":"https:\/\/radiounodigital.com\/web\/wp-json\/wp\/v2\/categories?post=3385"},{"taxonomy":"post_tag","embeddable":true,"href":"https:\/\/radiounodigital.com\/web\/wp-json\/wp\/v2\/tags?post=3385"}],"curies":[{"name":"wp","href":"https:\/\/api.w.org\/{rel}","templated":true}]}}