{"id":3406,"date":"2020-01-21T15:10:59","date_gmt":"2020-01-21T15:10:59","guid":{"rendered":"https:\/\/radiounodigital.com\/web\/?p=3406"},"modified":"2020-01-21T15:10:59","modified_gmt":"2020-01-21T15:10:59","slug":"nuevo-album-de-ac-dc-llegara-en-febrero-o-marzo-afirma-una-emisora-australiana","status":"publish","type":"post","link":"https:\/\/radiounodigital.com\/web\/2020\/01\/21\/nuevo-album-de-ac-dc-llegara-en-febrero-o-marzo-afirma-una-emisora-australiana\/","title":{"rendered":"Nuevo \u00e1lbum de AC \/ DC llegar\u00e1 en \u00abfebrero o marzo\u00bb, afirma una emisora australiana"},"content":{"rendered":"<h3>Hace algunas semanas anunciamos que AC\/DC tendr\u00eda un nuevo \u00e1lbum en 2020, y al parecer el pron\u00f3stico se cumplir\u00e1 durante el primer trimestre del a\u00f1o.<\/h3>\n<p><iframe loading=\"lazy\" src=\"https:\/\/www.youtube.com\/embed\/RtMGoU9NcMo\" width=\"560\" height=\"315\" frameborder=\"0\" allowfullscreen=\"allowfullscreen\"><\/iframe>El 9 de diciembre Radio UNO Digital les adelantaba la noticia: https:\/\/radiounodigital.com\/web\/2019\/12\/09\/ac-dc-regresa-con-brian-johnson-y-nuevo-disco-para-2020\/<\/p>\n<p>El locutor australiano Eddie McGuire afirma que AC \/ DC lanzar\u00e1 su nuevo \u00e1lbum de estudio en las pr\u00f3ximas semanas, y lo respaldar\u00e1 con una gira a fines de 2020.<\/p>\n<p>McGuire hizo los comentarios sobre el programa Triple M Hot Breakfast de Melbourne, diciendo: \u00abHa habido especulaciones, pero mi correo es que habr\u00e1 un nuevo \u00e1lbum lanzado por AC \/ DC en febrero o marzo de este a\u00f1o, pero tambi\u00e9n que AC \/ DC ser\u00e1 recorriendo Australia en octubre o noviembre de 2020.<\/p>\n<p>\u201cY despu\u00e9s de mucho trabajo y mucha investigaci\u00f3n t\u00e9cnica, han podido obtener un aud\u00edfono para Brian Johnson, quien estar\u00e1 al frente. E incluso el baterista Phil Rudd podr\u00eda estar de vuelta en el grupo tocando percusi\u00f3n o bater\u00eda con el guitarrista Angus Young, para que tengan tres, bueno, no los originales, sino tres de los veteranos, si lo desean, all\u00e1 .<\/p>\n<p>\u00abHan tenido algunos cambios durante el viaje, pero Angus al frente, Brian Johnson cantando y tal vez Phil Rudd, despu\u00e9s de los problemas que ha tenido en los \u00faltimos tiempos\u00bb.<\/p>\n<p>No ha habido noticias oficiales del campamento de AC \/ DC sobre sus planes futuros, aunque el ex l\u00edder de Twisted Sister, Dee Snider, dijo en diciembre que un nuevo \u00e1lbum de AC \/ DC estaba en camino y que presentar\u00eda pistas grabadas por el fallecido Malcolm Young. con \u00ablos cuatro miembros sobrevivientes\u00bb<\/p>\n<p>Las noticias de una reuni\u00f3n de AC \/ DC comenzaron a surgir en agosto de 2018, cuando Johnson y Rudd fueron vistos fuera de los Warehouse Studios de Vancouver, donde la banda ha grabado varios \u00e1lbumes en el pasado.<\/p>\n<p>Luego fueron fotografiados con el ingeniero Mike Fraser a largo plazo en el mismo lugar, y Fraser luego confirm\u00f3 que la banda hab\u00eda regresado al estudio \u00abhaciendo algo\u00bb.<\/p>\n<p>En abril de 2019, el presentador de radio estadounidense Eddie Trunk inform\u00f3: \u201cTengo fuentes que me han dicho que van a volver a ir de gira con Brian de nuevo. Todo eso no est\u00e1 confirmado en su campamento, pero lo obtuve de algunas fuentes confiables.<\/p>\n<p>\u00abCreo que es casi un hecho que AC \/ DC, al menos, va a lanzar alg\u00fan tipo de registro y ser\u00e1 una especie de tributo a Malcolm Young, al igual que Back In Black fue un tributo a Bon Scott<\/p>\n<p>\u00abAs\u00ed que no tengo dudas al respecto, y estoy bastante seguro de que probablemente tambi\u00e9n van a hacer shows, pero creo que en este momento es m\u00e1s o menos justo cuando lo anuncian\u00bb.<\/p>\n<div class=\"fb-background-color\">\n\t\t\t  <div \n\t\t\t  \tclass = \"fb-comments\" \n\t\t\t  \tdata-href = \"https:\/\/radiounodigital.com\/web\/2020\/01\/21\/nuevo-album-de-ac-dc-llegara-en-febrero-o-marzo-afirma-una-emisora-australiana\/\"\n\t\t\t  \tdata-numposts = \"10\"\n\t\t\t  \tdata-lazy = \"true\"\n\t\t\t\tdata-colorscheme = \"dark\"\n\t\t\t\tdata-order-by = \"reverse_time\"\n\t\t\t\tdata-mobile=true>\n\t\t\t  <\/div><\/div>\n\t\t  <style>\n\t\t    .fb-background-color {\n\t\t\t\tbackground: #ffffff !important;\n\t\t\t}\n\t\t\t.fb_iframe_widget_fluid_desktop iframe {\n\t\t\t    width: 100% !important;\n\t\t\t}\n\t\t  <\/style>\n\t\t  ","protected":false},"excerpt":{"rendered":"<p>Hace algunas semanas anunciamos que AC\/DC tendr\u00eda un nuevo \u00e1lbum en 2020, y al parecer el pron\u00f3stico se cumplir\u00e1 durante el primer trimestre del a\u00f1o. El 9 de diciembre Radio UNO Digital les adelantaba la noticia: https:\/\/radiounodigital.com\/web\/2019\/12\/09\/ac-dc-regresa-con-brian-johnson-y-nuevo-disco-para-2020\/ El locutor australiano Eddie McGuire afirma que AC \/ DC lanzar\u00e1 su nuevo \u00e1lbum de estudio en las&#8230; <a href=\"https:\/\/radiounodigital.com\/web\/2020\/01\/21\/nuevo-album-de-ac-dc-llegara-en-febrero-o-marzo-afirma-una-emisora-australiana\/\" class=\"excerpt-read-more\">Read More<\/a><\/p>\n","protected":false},"author":1,"featured_media":3407,"comment_status":"open","ping_status":"open","sticky":false,"template":"","format":"standard","meta":{"footnotes":""},"categories":[180,128],"tags":[100,148,506,214,119,300,132,505,507],"class_list":["post-3406","post","type-post","status-publish","format-standard","has-post-thumbnail","hentry","category-news","category-rock-clasico","tag-100","tag-ac-dc","tag-angus-young","tag-brian-johnson","tag-disco","tag-malcolm-young","tag-nuevo","tag-phil-rudd","tag-tributo"],"yoast_head":"<!-- This site is optimized with the Yoast SEO plugin v27.5 - https:\/\/yoast.com\/product\/yoast-seo-wordpress\/ -->\n<title>Nuevo \u00e1lbum de AC \/ DC llegar\u00e1 en &quot;febrero o marzo&quot;, afirma una emisora australiana - Radio UNO Digital<\/title>\n<meta name=\"robots\" content=\"index, follow, max-snippet:-1, max-image-preview:large, max-video-preview:-1\" \/>\n<link rel=\"canonical\" href=\"https:\/\/radiounodigital.com\/web\/2020\/01\/21\/nuevo-album-de-ac-dc-llegara-en-febrero-o-marzo-afirma-una-emisora-australiana\/\" \/>\n<meta property=\"og:locale\" content=\"es_ES\" \/>\n<meta property=\"og:type\" content=\"article\" \/>\n<meta property=\"og:title\" content=\"Nuevo \u00e1lbum de AC \/ DC llegar\u00e1 en &quot;febrero o marzo&quot;, afirma una emisora australiana - Radio UNO Digital\" \/>\n<meta property=\"og:description\" content=\"Hace algunas semanas anunciamos que AC\/DC tendr\u00eda un nuevo \u00e1lbum en 2020, y al parecer el pron\u00f3stico se cumplir\u00e1 durante el primer trimestre del a\u00f1o. El 9 de diciembre Radio UNO Digital les adelantaba la noticia: https:\/\/radiounodigital.com\/web\/2019\/12\/09\/ac-dc-regresa-con-brian-johnson-y-nuevo-disco-para-2020\/ El locutor australiano Eddie McGuire afirma que AC \/ DC lanzar\u00e1 su nuevo \u00e1lbum de estudio en las... Read More\" \/>\n<meta property=\"og:url\" content=\"https:\/\/radiounodigital.com\/web\/2020\/01\/21\/nuevo-album-de-ac-dc-llegara-en-febrero-o-marzo-afirma-una-emisora-australiana\/\" \/>\n<meta property=\"og:site_name\" content=\"Radio UNO Digital\" \/>\n<meta property=\"article:published_time\" content=\"2020-01-21T15:10:59+00:00\" \/>\n<meta property=\"og:image\" content=\"https:\/\/radiounodigital.com\/web\/wp-content\/uploads\/2020\/01\/malcol-y-angus.jpg\" \/>\n\t<meta property=\"og:image:width\" content=\"628\" \/>\n\t<meta property=\"og:image:height\" content=\"353\" \/>\n\t<meta property=\"og:image:type\" content=\"image\/jpeg\" \/>\n<meta name=\"author\" content=\"diegoc\" \/>\n<meta name=\"twitter:card\" content=\"summary_large_image\" \/>\n<meta name=\"twitter:label1\" content=\"Escrito por\" \/>\n\t<meta name=\"twitter:data1\" content=\"diegoc\" \/>\n\t<meta name=\"twitter:label2\" content=\"Tiempo de lectura\" \/>\n\t<meta name=\"twitter:data2\" content=\"2 minutos\" \/>\n<script type=\"application\/ld+json\" class=\"yoast-schema-graph\">{\"@context\":\"https:\\\/\\\/schema.org\",\"@graph\":[{\"@type\":\"Article\",\"@id\":\"https:\\\/\\\/radiounodigital.com\\\/web\\\/2020\\\/01\\\/21\\\/nuevo-album-de-ac-dc-llegara-en-febrero-o-marzo-afirma-una-emisora-australiana\\\/#article\",\"isPartOf\":{\"@id\":\"https:\\\/\\\/radiounodigital.com\\\/web\\\/2020\\\/01\\\/21\\\/nuevo-album-de-ac-dc-llegara-en-febrero-o-marzo-afirma-una-emisora-australiana\\\/\"},\"author\":{\"name\":\"diegoc\",\"@id\":\"https:\\\/\\\/radiounodigital.com\\\/web\\\/#\\\/schema\\\/person\\\/00b93151fa54f619ecf9c183d1fc9758\"},\"headline\":\"Nuevo \u00e1lbum de AC \\\/ DC llegar\u00e1 en \u00abfebrero o marzo\u00bb, afirma una emisora australiana\",\"datePublished\":\"2020-01-21T15:10:59+00:00\",\"mainEntityOfPage\":{\"@id\":\"https:\\\/\\\/radiounodigital.com\\\/web\\\/2020\\\/01\\\/21\\\/nuevo-album-de-ac-dc-llegara-en-febrero-o-marzo-afirma-una-emisora-australiana\\\/\"},\"wordCount\":475,\"commentCount\":0,\"image\":{\"@id\":\"https:\\\/\\\/radiounodigital.com\\\/web\\\/2020\\\/01\\\/21\\\/nuevo-album-de-ac-dc-llegara-en-febrero-o-marzo-afirma-una-emisora-australiana\\\/#primaryimage\"},\"thumbnailUrl\":\"https:\\\/\\\/radiounodigital.com\\\/web\\\/wp-content\\\/uploads\\\/2020\\\/01\\\/malcol-y-angus.jpg\",\"keywords\":[\"2020\",\"AC\\\/DC\",\"angus young\",\"brian johnson\",\"disco\",\"malcolm young\",\"nuevo\",\"phil rudd\",\"tributo\"],\"articleSection\":[\"news\",\"Rock Clasico\"],\"inLanguage\":\"es\",\"potentialAction\":[{\"@type\":\"CommentAction\",\"name\":\"Comment\",\"target\":[\"https:\\\/\\\/radiounodigital.com\\\/web\\\/2020\\\/01\\\/21\\\/nuevo-album-de-ac-dc-llegara-en-febrero-o-marzo-afirma-una-emisora-australiana\\\/#respond\"]}]},{\"@type\":\"WebPage\",\"@id\":\"https:\\\/\\\/radiounodigital.com\\\/web\\\/2020\\\/01\\\/21\\\/nuevo-album-de-ac-dc-llegara-en-febrero-o-marzo-afirma-una-emisora-australiana\\\/\",\"url\":\"https:\\\/\\\/radiounodigital.com\\\/web\\\/2020\\\/01\\\/21\\\/nuevo-album-de-ac-dc-llegara-en-febrero-o-marzo-afirma-una-emisora-australiana\\\/\",\"name\":\"Nuevo \u00e1lbum de AC \\\/ DC llegar\u00e1 en \\\"febrero o marzo\\\", afirma una emisora australiana - Radio UNO Digital\",\"isPartOf\":{\"@id\":\"https:\\\/\\\/radiounodigital.com\\\/web\\\/#website\"},\"primaryImageOfPage\":{\"@id\":\"https:\\\/\\\/radiounodigital.com\\\/web\\\/2020\\\/01\\\/21\\\/nuevo-album-de-ac-dc-llegara-en-febrero-o-marzo-afirma-una-emisora-australiana\\\/#primaryimage\"},\"image\":{\"@id\":\"https:\\\/\\\/radiounodigital.com\\\/web\\\/2020\\\/01\\\/21\\\/nuevo-album-de-ac-dc-llegara-en-febrero-o-marzo-afirma-una-emisora-australiana\\\/#primaryimage\"},\"thumbnailUrl\":\"https:\\\/\\\/radiounodigital.com\\\/web\\\/wp-content\\\/uploads\\\/2020\\\/01\\\/malcol-y-angus.jpg\",\"datePublished\":\"2020-01-21T15:10:59+00:00\",\"author\":{\"@id\":\"https:\\\/\\\/radiounodigital.com\\\/web\\\/#\\\/schema\\\/person\\\/00b93151fa54f619ecf9c183d1fc9758\"},\"breadcrumb\":{\"@id\":\"https:\\\/\\\/radiounodigital.com\\\/web\\\/2020\\\/01\\\/21\\\/nuevo-album-de-ac-dc-llegara-en-febrero-o-marzo-afirma-una-emisora-australiana\\\/#breadcrumb\"},\"inLanguage\":\"es\",\"potentialAction\":[{\"@type\":\"ReadAction\",\"target\":[\"https:\\\/\\\/radiounodigital.com\\\/web\\\/2020\\\/01\\\/21\\\/nuevo-album-de-ac-dc-llegara-en-febrero-o-marzo-afirma-una-emisora-australiana\\\/\"]}]},{\"@type\":\"ImageObject\",\"inLanguage\":\"es\",\"@id\":\"https:\\\/\\\/radiounodigital.com\\\/web\\\/2020\\\/01\\\/21\\\/nuevo-album-de-ac-dc-llegara-en-febrero-o-marzo-afirma-una-emisora-australiana\\\/#primaryimage\",\"url\":\"https:\\\/\\\/radiounodigital.com\\\/web\\\/wp-content\\\/uploads\\\/2020\\\/01\\\/malcol-y-angus.jpg\",\"contentUrl\":\"https:\\\/\\\/radiounodigital.com\\\/web\\\/wp-content\\\/uploads\\\/2020\\\/01\\\/malcol-y-angus.jpg\",\"width\":628,\"height\":353,\"caption\":\"Angus y Malcolm Young - AC\\\/DC\"},{\"@type\":\"BreadcrumbList\",\"@id\":\"https:\\\/\\\/radiounodigital.com\\\/web\\\/2020\\\/01\\\/21\\\/nuevo-album-de-ac-dc-llegara-en-febrero-o-marzo-afirma-una-emisora-australiana\\\/#breadcrumb\",\"itemListElement\":[{\"@type\":\"ListItem\",\"position\":1,\"name\":\"Home\",\"item\":\"https:\\\/\\\/radiounodigital.com\\\/web\\\/\"},{\"@type\":\"ListItem\",\"position\":2,\"name\":\"Nuevo \u00e1lbum de AC \\\/ DC llegar\u00e1 en \u00abfebrero o marzo\u00bb, afirma una emisora australiana\"}]},{\"@type\":\"WebSite\",\"@id\":\"https:\\\/\\\/radiounodigital.com\\\/web\\\/#website\",\"url\":\"https:\\\/\\\/radiounodigital.com\\\/web\\\/\",\"name\":\"Radio UNO Digital\",\"description\":\"Donde la cultura del rock se siente\",\"potentialAction\":[{\"@type\":\"SearchAction\",\"target\":{\"@type\":\"EntryPoint\",\"urlTemplate\":\"https:\\\/\\\/radiounodigital.com\\\/web\\\/?s={search_term_string}\"},\"query-input\":{\"@type\":\"PropertyValueSpecification\",\"valueRequired\":true,\"valueName\":\"search_term_string\"}}],\"inLanguage\":\"es\"},{\"@type\":\"Person\",\"@id\":\"https:\\\/\\\/radiounodigital.com\\\/web\\\/#\\\/schema\\\/person\\\/00b93151fa54f619ecf9c183d1fc9758\",\"name\":\"diegoc\",\"image\":{\"@type\":\"ImageObject\",\"inLanguage\":\"es\",\"@id\":\"https:\\\/\\\/secure.gravatar.com\\\/avatar\\\/0a67041d44c702fb0660d81a5a32c7ce6007341cf92afeb718b75883bf415864?s=96&d=blank&r=g\",\"url\":\"https:\\\/\\\/secure.gravatar.com\\\/avatar\\\/0a67041d44c702fb0660d81a5a32c7ce6007341cf92afeb718b75883bf415864?s=96&d=blank&r=g\",\"contentUrl\":\"https:\\\/\\\/secure.gravatar.com\\\/avatar\\\/0a67041d44c702fb0660d81a5a32c7ce6007341cf92afeb718b75883bf415864?s=96&d=blank&r=g\",\"caption\":\"diegoc\"},\"url\":\"https:\\\/\\\/radiounodigital.com\\\/web\\\/author\\\/diegoc\\\/\"}]}<\/script>\n<!-- \/ Yoast SEO plugin. -->","yoast_head_json":{"title":"Nuevo \u00e1lbum de AC \/ DC llegar\u00e1 en \"febrero o marzo\", afirma una emisora australiana - Radio UNO Digital","robots":{"index":"index","follow":"follow","max-snippet":"max-snippet:-1","max-image-preview":"max-image-preview:large","max-video-preview":"max-video-preview:-1"},"canonical":"https:\/\/radiounodigital.com\/web\/2020\/01\/21\/nuevo-album-de-ac-dc-llegara-en-febrero-o-marzo-afirma-una-emisora-australiana\/","og_locale":"es_ES","og_type":"article","og_title":"Nuevo \u00e1lbum de AC \/ DC llegar\u00e1 en \"febrero o marzo\", afirma una emisora australiana - Radio UNO Digital","og_description":"Hace algunas semanas anunciamos que AC\/DC tendr\u00eda un nuevo \u00e1lbum en 2020, y al parecer el pron\u00f3stico se cumplir\u00e1 durante el primer trimestre del a\u00f1o. El 9 de diciembre Radio UNO Digital les adelantaba la noticia: https:\/\/radiounodigital.com\/web\/2019\/12\/09\/ac-dc-regresa-con-brian-johnson-y-nuevo-disco-para-2020\/ El locutor australiano Eddie McGuire afirma que AC \/ DC lanzar\u00e1 su nuevo \u00e1lbum de estudio en las... Read More","og_url":"https:\/\/radiounodigital.com\/web\/2020\/01\/21\/nuevo-album-de-ac-dc-llegara-en-febrero-o-marzo-afirma-una-emisora-australiana\/","og_site_name":"Radio UNO Digital","article_published_time":"2020-01-21T15:10:59+00:00","og_image":[{"width":628,"height":353,"url":"https:\/\/radiounodigital.com\/web\/wp-content\/uploads\/2020\/01\/malcol-y-angus.jpg","type":"image\/jpeg"}],"author":"diegoc","twitter_card":"summary_large_image","twitter_misc":{"Escrito por":"diegoc","Tiempo de lectura":"2 minutos"},"schema":{"@context":"https:\/\/schema.org","@graph":[{"@type":"Article","@id":"https:\/\/radiounodigital.com\/web\/2020\/01\/21\/nuevo-album-de-ac-dc-llegara-en-febrero-o-marzo-afirma-una-emisora-australiana\/#article","isPartOf":{"@id":"https:\/\/radiounodigital.com\/web\/2020\/01\/21\/nuevo-album-de-ac-dc-llegara-en-febrero-o-marzo-afirma-una-emisora-australiana\/"},"author":{"name":"diegoc","@id":"https:\/\/radiounodigital.com\/web\/#\/schema\/person\/00b93151fa54f619ecf9c183d1fc9758"},"headline":"Nuevo \u00e1lbum de AC \/ DC llegar\u00e1 en \u00abfebrero o marzo\u00bb, afirma una emisora australiana","datePublished":"2020-01-21T15:10:59+00:00","mainEntityOfPage":{"@id":"https:\/\/radiounodigital.com\/web\/2020\/01\/21\/nuevo-album-de-ac-dc-llegara-en-febrero-o-marzo-afirma-una-emisora-australiana\/"},"wordCount":475,"commentCount":0,"image":{"@id":"https:\/\/radiounodigital.com\/web\/2020\/01\/21\/nuevo-album-de-ac-dc-llegara-en-febrero-o-marzo-afirma-una-emisora-australiana\/#primaryimage"},"thumbnailUrl":"https:\/\/radiounodigital.com\/web\/wp-content\/uploads\/2020\/01\/malcol-y-angus.jpg","keywords":["2020","AC\/DC","angus young","brian johnson","disco","malcolm young","nuevo","phil rudd","tributo"],"articleSection":["news","Rock Clasico"],"inLanguage":"es","potentialAction":[{"@type":"CommentAction","name":"Comment","target":["https:\/\/radiounodigital.com\/web\/2020\/01\/21\/nuevo-album-de-ac-dc-llegara-en-febrero-o-marzo-afirma-una-emisora-australiana\/#respond"]}]},{"@type":"WebPage","@id":"https:\/\/radiounodigital.com\/web\/2020\/01\/21\/nuevo-album-de-ac-dc-llegara-en-febrero-o-marzo-afirma-una-emisora-australiana\/","url":"https:\/\/radiounodigital.com\/web\/2020\/01\/21\/nuevo-album-de-ac-dc-llegara-en-febrero-o-marzo-afirma-una-emisora-australiana\/","name":"Nuevo \u00e1lbum de AC \/ DC llegar\u00e1 en \"febrero o marzo\", afirma una emisora australiana - Radio UNO Digital","isPartOf":{"@id":"https:\/\/radiounodigital.com\/web\/#website"},"primaryImageOfPage":{"@id":"https:\/\/radiounodigital.com\/web\/2020\/01\/21\/nuevo-album-de-ac-dc-llegara-en-febrero-o-marzo-afirma-una-emisora-australiana\/#primaryimage"},"image":{"@id":"https:\/\/radiounodigital.com\/web\/2020\/01\/21\/nuevo-album-de-ac-dc-llegara-en-febrero-o-marzo-afirma-una-emisora-australiana\/#primaryimage"},"thumbnailUrl":"https:\/\/radiounodigital.com\/web\/wp-content\/uploads\/2020\/01\/malcol-y-angus.jpg","datePublished":"2020-01-21T15:10:59+00:00","author":{"@id":"https:\/\/radiounodigital.com\/web\/#\/schema\/person\/00b93151fa54f619ecf9c183d1fc9758"},"breadcrumb":{"@id":"https:\/\/radiounodigital.com\/web\/2020\/01\/21\/nuevo-album-de-ac-dc-llegara-en-febrero-o-marzo-afirma-una-emisora-australiana\/#breadcrumb"},"inLanguage":"es","potentialAction":[{"@type":"ReadAction","target":["https:\/\/radiounodigital.com\/web\/2020\/01\/21\/nuevo-album-de-ac-dc-llegara-en-febrero-o-marzo-afirma-una-emisora-australiana\/"]}]},{"@type":"ImageObject","inLanguage":"es","@id":"https:\/\/radiounodigital.com\/web\/2020\/01\/21\/nuevo-album-de-ac-dc-llegara-en-febrero-o-marzo-afirma-una-emisora-australiana\/#primaryimage","url":"https:\/\/radiounodigital.com\/web\/wp-content\/uploads\/2020\/01\/malcol-y-angus.jpg","contentUrl":"https:\/\/radiounodigital.com\/web\/wp-content\/uploads\/2020\/01\/malcol-y-angus.jpg","width":628,"height":353,"caption":"Angus y Malcolm Young - AC\/DC"},{"@type":"BreadcrumbList","@id":"https:\/\/radiounodigital.com\/web\/2020\/01\/21\/nuevo-album-de-ac-dc-llegara-en-febrero-o-marzo-afirma-una-emisora-australiana\/#breadcrumb","itemListElement":[{"@type":"ListItem","position":1,"name":"Home","item":"https:\/\/radiounodigital.com\/web\/"},{"@type":"ListItem","position":2,"name":"Nuevo \u00e1lbum de AC \/ DC llegar\u00e1 en \u00abfebrero o marzo\u00bb, afirma una emisora australiana"}]},{"@type":"WebSite","@id":"https:\/\/radiounodigital.com\/web\/#website","url":"https:\/\/radiounodigital.com\/web\/","name":"Radio UNO Digital","description":"Donde la cultura del rock se siente","potentialAction":[{"@type":"SearchAction","target":{"@type":"EntryPoint","urlTemplate":"https:\/\/radiounodigital.com\/web\/?s={search_term_string}"},"query-input":{"@type":"PropertyValueSpecification","valueRequired":true,"valueName":"search_term_string"}}],"inLanguage":"es"},{"@type":"Person","@id":"https:\/\/radiounodigital.com\/web\/#\/schema\/person\/00b93151fa54f619ecf9c183d1fc9758","name":"diegoc","image":{"@type":"ImageObject","inLanguage":"es","@id":"https:\/\/secure.gravatar.com\/avatar\/0a67041d44c702fb0660d81a5a32c7ce6007341cf92afeb718b75883bf415864?s=96&d=blank&r=g","url":"https:\/\/secure.gravatar.com\/avatar\/0a67041d44c702fb0660d81a5a32c7ce6007341cf92afeb718b75883bf415864?s=96&d=blank&r=g","contentUrl":"https:\/\/secure.gravatar.com\/avatar\/0a67041d44c702fb0660d81a5a32c7ce6007341cf92afeb718b75883bf415864?s=96&d=blank&r=g","caption":"diegoc"},"url":"https:\/\/radiounodigital.com\/web\/author\/diegoc\/"}]}},"_links":{"self":[{"href":"https:\/\/radiounodigital.com\/web\/wp-json\/wp\/v2\/posts\/3406","targetHints":{"allow":["GET"]}}],"collection":[{"href":"https:\/\/radiounodigital.com\/web\/wp-json\/wp\/v2\/posts"}],"about":[{"href":"https:\/\/radiounodigital.com\/web\/wp-json\/wp\/v2\/types\/post"}],"author":[{"embeddable":true,"href":"https:\/\/radiounodigital.com\/web\/wp-json\/wp\/v2\/users\/1"}],"replies":[{"embeddable":true,"href":"https:\/\/radiounodigital.com\/web\/wp-json\/wp\/v2\/comments?post=3406"}],"version-history":[{"count":1,"href":"https:\/\/radiounodigital.com\/web\/wp-json\/wp\/v2\/posts\/3406\/revisions"}],"predecessor-version":[{"id":3408,"href":"https:\/\/radiounodigital.com\/web\/wp-json\/wp\/v2\/posts\/3406\/revisions\/3408"}],"wp:featuredmedia":[{"embeddable":true,"href":"https:\/\/radiounodigital.com\/web\/wp-json\/wp\/v2\/media\/3407"}],"wp:attachment":[{"href":"https:\/\/radiounodigital.com\/web\/wp-json\/wp\/v2\/media?parent=3406"}],"wp:term":[{"taxonomy":"category","embeddable":true,"href":"https:\/\/radiounodigital.com\/web\/wp-json\/wp\/v2\/categories?post=3406"},{"taxonomy":"post_tag","embeddable":true,"href":"https:\/\/radiounodigital.com\/web\/wp-json\/wp\/v2\/tags?post=3406"}],"curies":[{"name":"wp","href":"https:\/\/api.w.org\/{rel}","templated":true}]}}