{"id":3409,"date":"2020-01-21T14:19:29","date_gmt":"2020-01-21T14:19:29","guid":{"rendered":"https:\/\/radiounodigital.com\/web\/?p=3409"},"modified":"2020-01-21T15:23:46","modified_gmt":"2020-01-21T15:23:46","slug":"ozzy-osbourne-es-diagnosticado-con-enfermedad-de-parkinson","status":"publish","type":"post","link":"https:\/\/radiounodigital.com\/web\/2020\/01\/21\/ozzy-osbourne-es-diagnosticado-con-enfermedad-de-parkinson\/","title":{"rendered":"Ozzy Osbourne es diagnosticado con enfermedad de Parkinson"},"content":{"rendered":"<h3>Ozzy Osbourne confirma el diagn\u00f3stico de la enfermedad de Parkinson en una entrevista de Good Morning America<\/h3>\n<p><iframe loading=\"lazy\" src=\"https:\/\/www.youtube.com\/embed\/kSRNrVjISRQ\" width=\"560\" height=\"315\" frameborder=\"0\" allowfullscreen=\"allowfullscreen\"><\/iframe><\/p>\n<p>Ozzy Osbourne ha sido diagnosticado con la enfermedad de Parkinson. El cantante hizo la revelaci\u00f3n mientras era entrevistado junto a su esposa y manager Sharon Osbourne en el programa de televisi\u00f3n estadounidense Good Morning America.<\/p>\n<p>Ozzy dijo: \u00abTengo un entumecimiento en este brazo para la cirug\u00eda, mis piernas se mantienen fr\u00edas. No s\u00e9 si ese es el Parkinson o qu\u00e9, ya sabes, pero ese es el problema.<\/p>\n<p>Sharon Osbourne confirm\u00f3 que Ozzy sufre de la Etapa 2 del Parkinson, cuando la rigidez y los temblores empeoran y los pacientes pueden experimentar s\u00edntomas de la enfermedad en ambos lados del cuerpo.<\/p>\n<p>\u00abHay tantos tipos diferentes de Parkinson\u00bb, dijo. \u00abNo es una sentencia de muerte por ning\u00fan tramo de la imaginaci\u00f3n, pero s\u00ed afecta ciertos nervios de tu cuerpo. Y es como si tuvieras un buen d\u00eda, un buen d\u00eda y luego un d\u00eda realmente malo\u00bb.<\/p>\n<p>Ozzy agreg\u00f3: \u00abHa sido terriblemente desafiante para todos nosotros. Hice mi \u00faltimo show de Nochevieja en el Foro en 2018. Luego tuve una mala ca\u00edda. Tuve que someterme a una cirug\u00eda en el cuello, que me puso los nervios de punta\u00bb.<\/p>\n<p>Ozzy tambi\u00e9n reafirm\u00f3 su deseo de seguir trabajando, diciendo: \u00abViniendo de un entorno de clase trabajadora, odio decepcionar a la gente. Odio no hacer mi trabajo\u00bb.<\/p>\n<p>\u00abY cuando veo que mi esposa va a trabajar, mis hijos van a trabajar, todos tratan de ayudarme, eso me deprime porque no puedo contribuir con mi familia\u00bb.<\/p>\n<p>\u00abPero sabes, ponlo de esta manera: estoy mucho mejor ahora que en febrero pasado. Estaba en un estado impactante\u00bb.<\/p>\n<p>La semana pasada, se lanz\u00f3 un trailer del pr\u00f3ximo documental de Ozzy Osbourne titulado Biography: The Nine Lives Of Ozzy.<\/p>\n<p>Ozzy lanzar\u00e1 su nuevo \u00e1lbum Ordinary Man el 21 de febrero a trav\u00e9s de Epic Records y ha compartido las pistas Under The Graveyard, Straight To Hell y la canci\u00f3n principal, que presenta a Elton John en la voz y el piano.<\/p>\n<p>El ex l\u00edder de Black Sabbath regresar\u00e1 al escenario en Atlanta el 27 de mayo, mientras que sus otras citas en vivo se pueden encontrar en la p\u00e1gina de Facebook de Ozzy.<\/p>\n<div class=\"fb-background-color\">\n\t\t\t  <div \n\t\t\t  \tclass = \"fb-comments\" \n\t\t\t  \tdata-href = \"https:\/\/radiounodigital.com\/web\/2020\/01\/21\/ozzy-osbourne-es-diagnosticado-con-enfermedad-de-parkinson\/\"\n\t\t\t  \tdata-numposts = \"10\"\n\t\t\t  \tdata-lazy = \"true\"\n\t\t\t\tdata-colorscheme = \"dark\"\n\t\t\t\tdata-order-by = \"reverse_time\"\n\t\t\t\tdata-mobile=true>\n\t\t\t  <\/div><\/div>\n\t\t  <style>\n\t\t    .fb-background-color {\n\t\t\t\tbackground: #ffffff !important;\n\t\t\t}\n\t\t\t.fb_iframe_widget_fluid_desktop iframe {\n\t\t\t    width: 100% !important;\n\t\t\t}\n\t\t  <\/style>\n\t\t  ","protected":false},"excerpt":{"rendered":"<p>Ozzy Osbourne confirma el diagn\u00f3stico de la enfermedad de Parkinson en una entrevista de Good Morning America Ozzy Osbourne ha sido diagnosticado con la enfermedad de Parkinson. El cantante hizo la revelaci\u00f3n mientras era entrevistado junto a su esposa y manager Sharon Osbourne en el programa de televisi\u00f3n estadounidense Good Morning America. Ozzy dijo: \u00abTengo&#8230; <a href=\"https:\/\/radiounodigital.com\/web\/2020\/01\/21\/ozzy-osbourne-es-diagnosticado-con-enfermedad-de-parkinson\/\" class=\"excerpt-read-more\">Read More<\/a><\/p>\n","protected":false},"author":1,"featured_media":3410,"comment_status":"open","ping_status":"open","sticky":false,"template":"","format":"standard","meta":{"footnotes":""},"categories":[180,128],"tags":[509,274,508],"class_list":["post-3409","post","type-post","status-publish","format-standard","has-post-thumbnail","hentry","category-news","category-rock-clasico","tag-enfermedad","tag-ozzy-osbourne","tag-parkinson"],"yoast_head":"<!-- This site is optimized with the Yoast SEO plugin v27.5 - https:\/\/yoast.com\/product\/yoast-seo-wordpress\/ -->\n<title>Ozzy Osbourne es diagnosticado con enfermedad de Parkinson - Radio UNO Digital<\/title>\n<meta name=\"robots\" content=\"index, follow, max-snippet:-1, max-image-preview:large, max-video-preview:-1\" \/>\n<link rel=\"canonical\" href=\"https:\/\/radiounodigital.com\/web\/2020\/01\/21\/ozzy-osbourne-es-diagnosticado-con-enfermedad-de-parkinson\/\" \/>\n<meta property=\"og:locale\" content=\"es_ES\" \/>\n<meta property=\"og:type\" content=\"article\" \/>\n<meta property=\"og:title\" content=\"Ozzy Osbourne es diagnosticado con enfermedad de Parkinson - Radio UNO Digital\" \/>\n<meta property=\"og:description\" content=\"Ozzy Osbourne confirma el diagn\u00f3stico de la enfermedad de Parkinson en una entrevista de Good Morning America Ozzy Osbourne ha sido diagnosticado con la enfermedad de Parkinson. El cantante hizo la revelaci\u00f3n mientras era entrevistado junto a su esposa y manager Sharon Osbourne en el programa de televisi\u00f3n estadounidense Good Morning America. Ozzy dijo: \u00abTengo... Read More\" \/>\n<meta property=\"og:url\" content=\"https:\/\/radiounodigital.com\/web\/2020\/01\/21\/ozzy-osbourne-es-diagnosticado-con-enfermedad-de-parkinson\/\" \/>\n<meta property=\"og:site_name\" content=\"Radio UNO Digital\" \/>\n<meta property=\"article:published_time\" content=\"2020-01-21T14:19:29+00:00\" \/>\n<meta property=\"article:modified_time\" content=\"2020-01-21T15:23:46+00:00\" \/>\n<meta property=\"og:image\" content=\"https:\/\/radiounodigital.com\/web\/wp-content\/uploads\/2020\/01\/ozyy-gregg-doherty-getty-images.jpg\" \/>\n\t<meta property=\"og:image:width\" content=\"970\" \/>\n\t<meta property=\"og:image:height\" content=\"546\" \/>\n\t<meta property=\"og:image:type\" content=\"image\/jpeg\" \/>\n<meta name=\"author\" content=\"diegoc\" \/>\n<meta name=\"twitter:card\" content=\"summary_large_image\" \/>\n<meta name=\"twitter:label1\" content=\"Escrito por\" \/>\n\t<meta name=\"twitter:data1\" content=\"diegoc\" \/>\n\t<meta name=\"twitter:label2\" content=\"Tiempo de lectura\" \/>\n\t<meta name=\"twitter:data2\" content=\"2 minutos\" \/>\n<script type=\"application\/ld+json\" class=\"yoast-schema-graph\">{\"@context\":\"https:\\\/\\\/schema.org\",\"@graph\":[{\"@type\":\"Article\",\"@id\":\"https:\\\/\\\/radiounodigital.com\\\/web\\\/2020\\\/01\\\/21\\\/ozzy-osbourne-es-diagnosticado-con-enfermedad-de-parkinson\\\/#article\",\"isPartOf\":{\"@id\":\"https:\\\/\\\/radiounodigital.com\\\/web\\\/2020\\\/01\\\/21\\\/ozzy-osbourne-es-diagnosticado-con-enfermedad-de-parkinson\\\/\"},\"author\":{\"name\":\"diegoc\",\"@id\":\"https:\\\/\\\/radiounodigital.com\\\/web\\\/#\\\/schema\\\/person\\\/00b93151fa54f619ecf9c183d1fc9758\"},\"headline\":\"Ozzy Osbourne es diagnosticado con enfermedad de Parkinson\",\"datePublished\":\"2020-01-21T14:19:29+00:00\",\"dateModified\":\"2020-01-21T15:23:46+00:00\",\"mainEntityOfPage\":{\"@id\":\"https:\\\/\\\/radiounodigital.com\\\/web\\\/2020\\\/01\\\/21\\\/ozzy-osbourne-es-diagnosticado-con-enfermedad-de-parkinson\\\/\"},\"wordCount\":392,\"commentCount\":0,\"image\":{\"@id\":\"https:\\\/\\\/radiounodigital.com\\\/web\\\/2020\\\/01\\\/21\\\/ozzy-osbourne-es-diagnosticado-con-enfermedad-de-parkinson\\\/#primaryimage\"},\"thumbnailUrl\":\"https:\\\/\\\/radiounodigital.com\\\/web\\\/wp-content\\\/uploads\\\/2020\\\/01\\\/ozyy-gregg-doherty-getty-images.jpg\",\"keywords\":[\"enfermedad\",\"ozzy osbourne\",\"parkinson\"],\"articleSection\":[\"news\",\"Rock Clasico\"],\"inLanguage\":\"es\",\"potentialAction\":[{\"@type\":\"CommentAction\",\"name\":\"Comment\",\"target\":[\"https:\\\/\\\/radiounodigital.com\\\/web\\\/2020\\\/01\\\/21\\\/ozzy-osbourne-es-diagnosticado-con-enfermedad-de-parkinson\\\/#respond\"]}]},{\"@type\":\"WebPage\",\"@id\":\"https:\\\/\\\/radiounodigital.com\\\/web\\\/2020\\\/01\\\/21\\\/ozzy-osbourne-es-diagnosticado-con-enfermedad-de-parkinson\\\/\",\"url\":\"https:\\\/\\\/radiounodigital.com\\\/web\\\/2020\\\/01\\\/21\\\/ozzy-osbourne-es-diagnosticado-con-enfermedad-de-parkinson\\\/\",\"name\":\"Ozzy Osbourne es diagnosticado con enfermedad de Parkinson - Radio UNO Digital\",\"isPartOf\":{\"@id\":\"https:\\\/\\\/radiounodigital.com\\\/web\\\/#website\"},\"primaryImageOfPage\":{\"@id\":\"https:\\\/\\\/radiounodigital.com\\\/web\\\/2020\\\/01\\\/21\\\/ozzy-osbourne-es-diagnosticado-con-enfermedad-de-parkinson\\\/#primaryimage\"},\"image\":{\"@id\":\"https:\\\/\\\/radiounodigital.com\\\/web\\\/2020\\\/01\\\/21\\\/ozzy-osbourne-es-diagnosticado-con-enfermedad-de-parkinson\\\/#primaryimage\"},\"thumbnailUrl\":\"https:\\\/\\\/radiounodigital.com\\\/web\\\/wp-content\\\/uploads\\\/2020\\\/01\\\/ozyy-gregg-doherty-getty-images.jpg\",\"datePublished\":\"2020-01-21T14:19:29+00:00\",\"dateModified\":\"2020-01-21T15:23:46+00:00\",\"author\":{\"@id\":\"https:\\\/\\\/radiounodigital.com\\\/web\\\/#\\\/schema\\\/person\\\/00b93151fa54f619ecf9c183d1fc9758\"},\"breadcrumb\":{\"@id\":\"https:\\\/\\\/radiounodigital.com\\\/web\\\/2020\\\/01\\\/21\\\/ozzy-osbourne-es-diagnosticado-con-enfermedad-de-parkinson\\\/#breadcrumb\"},\"inLanguage\":\"es\",\"potentialAction\":[{\"@type\":\"ReadAction\",\"target\":[\"https:\\\/\\\/radiounodigital.com\\\/web\\\/2020\\\/01\\\/21\\\/ozzy-osbourne-es-diagnosticado-con-enfermedad-de-parkinson\\\/\"]}]},{\"@type\":\"ImageObject\",\"inLanguage\":\"es\",\"@id\":\"https:\\\/\\\/radiounodigital.com\\\/web\\\/2020\\\/01\\\/21\\\/ozzy-osbourne-es-diagnosticado-con-enfermedad-de-parkinson\\\/#primaryimage\",\"url\":\"https:\\\/\\\/radiounodigital.com\\\/web\\\/wp-content\\\/uploads\\\/2020\\\/01\\\/ozyy-gregg-doherty-getty-images.jpg\",\"contentUrl\":\"https:\\\/\\\/radiounodigital.com\\\/web\\\/wp-content\\\/uploads\\\/2020\\\/01\\\/ozyy-gregg-doherty-getty-images.jpg\",\"width\":970,\"height\":546,\"caption\":\"Foto: Greg Doherty \\\/ Getty Images\"},{\"@type\":\"BreadcrumbList\",\"@id\":\"https:\\\/\\\/radiounodigital.com\\\/web\\\/2020\\\/01\\\/21\\\/ozzy-osbourne-es-diagnosticado-con-enfermedad-de-parkinson\\\/#breadcrumb\",\"itemListElement\":[{\"@type\":\"ListItem\",\"position\":1,\"name\":\"Home\",\"item\":\"https:\\\/\\\/radiounodigital.com\\\/web\\\/\"},{\"@type\":\"ListItem\",\"position\":2,\"name\":\"Ozzy Osbourne es diagnosticado con enfermedad de Parkinson\"}]},{\"@type\":\"WebSite\",\"@id\":\"https:\\\/\\\/radiounodigital.com\\\/web\\\/#website\",\"url\":\"https:\\\/\\\/radiounodigital.com\\\/web\\\/\",\"name\":\"Radio UNO Digital\",\"description\":\"Donde la cultura del rock se siente\",\"potentialAction\":[{\"@type\":\"SearchAction\",\"target\":{\"@type\":\"EntryPoint\",\"urlTemplate\":\"https:\\\/\\\/radiounodigital.com\\\/web\\\/?s={search_term_string}\"},\"query-input\":{\"@type\":\"PropertyValueSpecification\",\"valueRequired\":true,\"valueName\":\"search_term_string\"}}],\"inLanguage\":\"es\"},{\"@type\":\"Person\",\"@id\":\"https:\\\/\\\/radiounodigital.com\\\/web\\\/#\\\/schema\\\/person\\\/00b93151fa54f619ecf9c183d1fc9758\",\"name\":\"diegoc\",\"image\":{\"@type\":\"ImageObject\",\"inLanguage\":\"es\",\"@id\":\"https:\\\/\\\/secure.gravatar.com\\\/avatar\\\/0a67041d44c702fb0660d81a5a32c7ce6007341cf92afeb718b75883bf415864?s=96&d=blank&r=g\",\"url\":\"https:\\\/\\\/secure.gravatar.com\\\/avatar\\\/0a67041d44c702fb0660d81a5a32c7ce6007341cf92afeb718b75883bf415864?s=96&d=blank&r=g\",\"contentUrl\":\"https:\\\/\\\/secure.gravatar.com\\\/avatar\\\/0a67041d44c702fb0660d81a5a32c7ce6007341cf92afeb718b75883bf415864?s=96&d=blank&r=g\",\"caption\":\"diegoc\"},\"url\":\"https:\\\/\\\/radiounodigital.com\\\/web\\\/author\\\/diegoc\\\/\"}]}<\/script>\n<!-- \/ Yoast SEO plugin. -->","yoast_head_json":{"title":"Ozzy Osbourne es diagnosticado con enfermedad de Parkinson - Radio UNO Digital","robots":{"index":"index","follow":"follow","max-snippet":"max-snippet:-1","max-image-preview":"max-image-preview:large","max-video-preview":"max-video-preview:-1"},"canonical":"https:\/\/radiounodigital.com\/web\/2020\/01\/21\/ozzy-osbourne-es-diagnosticado-con-enfermedad-de-parkinson\/","og_locale":"es_ES","og_type":"article","og_title":"Ozzy Osbourne es diagnosticado con enfermedad de Parkinson - Radio UNO Digital","og_description":"Ozzy Osbourne confirma el diagn\u00f3stico de la enfermedad de Parkinson en una entrevista de Good Morning America Ozzy Osbourne ha sido diagnosticado con la enfermedad de Parkinson. El cantante hizo la revelaci\u00f3n mientras era entrevistado junto a su esposa y manager Sharon Osbourne en el programa de televisi\u00f3n estadounidense Good Morning America. Ozzy dijo: \u00abTengo... Read More","og_url":"https:\/\/radiounodigital.com\/web\/2020\/01\/21\/ozzy-osbourne-es-diagnosticado-con-enfermedad-de-parkinson\/","og_site_name":"Radio UNO Digital","article_published_time":"2020-01-21T14:19:29+00:00","article_modified_time":"2020-01-21T15:23:46+00:00","og_image":[{"width":970,"height":546,"url":"https:\/\/radiounodigital.com\/web\/wp-content\/uploads\/2020\/01\/ozyy-gregg-doherty-getty-images.jpg","type":"image\/jpeg"}],"author":"diegoc","twitter_card":"summary_large_image","twitter_misc":{"Escrito por":"diegoc","Tiempo de lectura":"2 minutos"},"schema":{"@context":"https:\/\/schema.org","@graph":[{"@type":"Article","@id":"https:\/\/radiounodigital.com\/web\/2020\/01\/21\/ozzy-osbourne-es-diagnosticado-con-enfermedad-de-parkinson\/#article","isPartOf":{"@id":"https:\/\/radiounodigital.com\/web\/2020\/01\/21\/ozzy-osbourne-es-diagnosticado-con-enfermedad-de-parkinson\/"},"author":{"name":"diegoc","@id":"https:\/\/radiounodigital.com\/web\/#\/schema\/person\/00b93151fa54f619ecf9c183d1fc9758"},"headline":"Ozzy Osbourne es diagnosticado con enfermedad de Parkinson","datePublished":"2020-01-21T14:19:29+00:00","dateModified":"2020-01-21T15:23:46+00:00","mainEntityOfPage":{"@id":"https:\/\/radiounodigital.com\/web\/2020\/01\/21\/ozzy-osbourne-es-diagnosticado-con-enfermedad-de-parkinson\/"},"wordCount":392,"commentCount":0,"image":{"@id":"https:\/\/radiounodigital.com\/web\/2020\/01\/21\/ozzy-osbourne-es-diagnosticado-con-enfermedad-de-parkinson\/#primaryimage"},"thumbnailUrl":"https:\/\/radiounodigital.com\/web\/wp-content\/uploads\/2020\/01\/ozyy-gregg-doherty-getty-images.jpg","keywords":["enfermedad","ozzy osbourne","parkinson"],"articleSection":["news","Rock Clasico"],"inLanguage":"es","potentialAction":[{"@type":"CommentAction","name":"Comment","target":["https:\/\/radiounodigital.com\/web\/2020\/01\/21\/ozzy-osbourne-es-diagnosticado-con-enfermedad-de-parkinson\/#respond"]}]},{"@type":"WebPage","@id":"https:\/\/radiounodigital.com\/web\/2020\/01\/21\/ozzy-osbourne-es-diagnosticado-con-enfermedad-de-parkinson\/","url":"https:\/\/radiounodigital.com\/web\/2020\/01\/21\/ozzy-osbourne-es-diagnosticado-con-enfermedad-de-parkinson\/","name":"Ozzy Osbourne es diagnosticado con enfermedad de Parkinson - Radio UNO Digital","isPartOf":{"@id":"https:\/\/radiounodigital.com\/web\/#website"},"primaryImageOfPage":{"@id":"https:\/\/radiounodigital.com\/web\/2020\/01\/21\/ozzy-osbourne-es-diagnosticado-con-enfermedad-de-parkinson\/#primaryimage"},"image":{"@id":"https:\/\/radiounodigital.com\/web\/2020\/01\/21\/ozzy-osbourne-es-diagnosticado-con-enfermedad-de-parkinson\/#primaryimage"},"thumbnailUrl":"https:\/\/radiounodigital.com\/web\/wp-content\/uploads\/2020\/01\/ozyy-gregg-doherty-getty-images.jpg","datePublished":"2020-01-21T14:19:29+00:00","dateModified":"2020-01-21T15:23:46+00:00","author":{"@id":"https:\/\/radiounodigital.com\/web\/#\/schema\/person\/00b93151fa54f619ecf9c183d1fc9758"},"breadcrumb":{"@id":"https:\/\/radiounodigital.com\/web\/2020\/01\/21\/ozzy-osbourne-es-diagnosticado-con-enfermedad-de-parkinson\/#breadcrumb"},"inLanguage":"es","potentialAction":[{"@type":"ReadAction","target":["https:\/\/radiounodigital.com\/web\/2020\/01\/21\/ozzy-osbourne-es-diagnosticado-con-enfermedad-de-parkinson\/"]}]},{"@type":"ImageObject","inLanguage":"es","@id":"https:\/\/radiounodigital.com\/web\/2020\/01\/21\/ozzy-osbourne-es-diagnosticado-con-enfermedad-de-parkinson\/#primaryimage","url":"https:\/\/radiounodigital.com\/web\/wp-content\/uploads\/2020\/01\/ozyy-gregg-doherty-getty-images.jpg","contentUrl":"https:\/\/radiounodigital.com\/web\/wp-content\/uploads\/2020\/01\/ozyy-gregg-doherty-getty-images.jpg","width":970,"height":546,"caption":"Foto: Greg Doherty \/ Getty Images"},{"@type":"BreadcrumbList","@id":"https:\/\/radiounodigital.com\/web\/2020\/01\/21\/ozzy-osbourne-es-diagnosticado-con-enfermedad-de-parkinson\/#breadcrumb","itemListElement":[{"@type":"ListItem","position":1,"name":"Home","item":"https:\/\/radiounodigital.com\/web\/"},{"@type":"ListItem","position":2,"name":"Ozzy Osbourne es diagnosticado con enfermedad de Parkinson"}]},{"@type":"WebSite","@id":"https:\/\/radiounodigital.com\/web\/#website","url":"https:\/\/radiounodigital.com\/web\/","name":"Radio UNO Digital","description":"Donde la cultura del rock se siente","potentialAction":[{"@type":"SearchAction","target":{"@type":"EntryPoint","urlTemplate":"https:\/\/radiounodigital.com\/web\/?s={search_term_string}"},"query-input":{"@type":"PropertyValueSpecification","valueRequired":true,"valueName":"search_term_string"}}],"inLanguage":"es"},{"@type":"Person","@id":"https:\/\/radiounodigital.com\/web\/#\/schema\/person\/00b93151fa54f619ecf9c183d1fc9758","name":"diegoc","image":{"@type":"ImageObject","inLanguage":"es","@id":"https:\/\/secure.gravatar.com\/avatar\/0a67041d44c702fb0660d81a5a32c7ce6007341cf92afeb718b75883bf415864?s=96&d=blank&r=g","url":"https:\/\/secure.gravatar.com\/avatar\/0a67041d44c702fb0660d81a5a32c7ce6007341cf92afeb718b75883bf415864?s=96&d=blank&r=g","contentUrl":"https:\/\/secure.gravatar.com\/avatar\/0a67041d44c702fb0660d81a5a32c7ce6007341cf92afeb718b75883bf415864?s=96&d=blank&r=g","caption":"diegoc"},"url":"https:\/\/radiounodigital.com\/web\/author\/diegoc\/"}]}},"_links":{"self":[{"href":"https:\/\/radiounodigital.com\/web\/wp-json\/wp\/v2\/posts\/3409","targetHints":{"allow":["GET"]}}],"collection":[{"href":"https:\/\/radiounodigital.com\/web\/wp-json\/wp\/v2\/posts"}],"about":[{"href":"https:\/\/radiounodigital.com\/web\/wp-json\/wp\/v2\/types\/post"}],"author":[{"embeddable":true,"href":"https:\/\/radiounodigital.com\/web\/wp-json\/wp\/v2\/users\/1"}],"replies":[{"embeddable":true,"href":"https:\/\/radiounodigital.com\/web\/wp-json\/wp\/v2\/comments?post=3409"}],"version-history":[{"count":1,"href":"https:\/\/radiounodigital.com\/web\/wp-json\/wp\/v2\/posts\/3409\/revisions"}],"predecessor-version":[{"id":3411,"href":"https:\/\/radiounodigital.com\/web\/wp-json\/wp\/v2\/posts\/3409\/revisions\/3411"}],"wp:featuredmedia":[{"embeddable":true,"href":"https:\/\/radiounodigital.com\/web\/wp-json\/wp\/v2\/media\/3410"}],"wp:attachment":[{"href":"https:\/\/radiounodigital.com\/web\/wp-json\/wp\/v2\/media?parent=3409"}],"wp:term":[{"taxonomy":"category","embeddable":true,"href":"https:\/\/radiounodigital.com\/web\/wp-json\/wp\/v2\/categories?post=3409"},{"taxonomy":"post_tag","embeddable":true,"href":"https:\/\/radiounodigital.com\/web\/wp-json\/wp\/v2\/tags?post=3409"}],"curies":[{"name":"wp","href":"https:\/\/api.w.org\/{rel}","templated":true}]}}