{"id":3434,"date":"2020-01-27T16:54:49","date_gmt":"2020-01-27T16:54:49","guid":{"rendered":"https:\/\/radiounodigital.com\/web\/?p=3434"},"modified":"2020-01-27T16:55:17","modified_gmt":"2020-01-27T16:55:17","slug":"made-from-irlanda-escucha-a-inhaler-la-banda-del-hijo-de-bono","status":"publish","type":"post","link":"https:\/\/radiounodigital.com\/web\/2020\/01\/27\/made-from-irlanda-escucha-a-inhaler-la-banda-del-hijo-de-bono\/","title":{"rendered":"Made from Irlanda, escucha a \u00abInhaler\u00bb la banda del hijo de Bono"},"content":{"rendered":"<h3>Inhaler, la banda con sede en Dubl\u00edn del hijo de Bono, Elijah Hewson l\u00edder vocal de la banda , ha compartido su nuevo sencillo \u00abWe Have To Move On\u00bb.<\/h3>\n<p><iframe loading=\"lazy\" src=\"https:\/\/open.spotify.com\/embed\/playlist\/4hgWBTWaa3XyYVNEbqNVli\" width=\"300\" height=\"380\" frameborder=\"0\"><\/iframe><\/p>\n<p>El verano pasado, la banda se asoci\u00f3 con la hija de Noel Gallagher, Ana\u00efs, quien ayud\u00f3 a filmar el video de su sencillo \u00abMy Honest Face\u00bb.<\/p>\n<p>La banda tambi\u00e9n apoy\u00f3 a Gallagher durante su gran show de Heaton Park en Manchester el a\u00f1o pasado.<\/p>\n<p>\u00abHemos hecho una buena cantidad de pubs y clubes peque\u00f1os, lo cual fue genial, pero tambi\u00e9n es bueno tener esos grandes espect\u00e1culos en los que tienes 30 minutos para hacer lo que quieras\u00bb, dijo el bajista Rob Keating. \u201cNo hubo presi\u00f3n sobre nosotros y tener esa plataforma fue genial. Ver c\u00f3mo es actuar en esas etapas, porque obviamente ese es nuestro objetivo final \u00ab.<\/p>\n<p>El l\u00edder Eli Hewson tambi\u00e9n dijo que no se hac\u00eda ilusiones acerca de c\u00f3mo sus conexiones podr\u00edan darle a la banda una ventaja en la industria de la m\u00fasica.<\/p>\n<div class=\"fb-background-color\">\n\t\t\t  <div \n\t\t\t  \tclass = \"fb-comments\" \n\t\t\t  \tdata-href = \"https:\/\/radiounodigital.com\/web\/2020\/01\/27\/made-from-irlanda-escucha-a-inhaler-la-banda-del-hijo-de-bono\/\"\n\t\t\t  \tdata-numposts = \"10\"\n\t\t\t  \tdata-lazy = \"true\"\n\t\t\t\tdata-colorscheme = \"dark\"\n\t\t\t\tdata-order-by = \"reverse_time\"\n\t\t\t\tdata-mobile=true>\n\t\t\t  <\/div><\/div>\n\t\t  <style>\n\t\t    .fb-background-color {\n\t\t\t\tbackground: #ffffff !important;\n\t\t\t}\n\t\t\t.fb_iframe_widget_fluid_desktop iframe {\n\t\t\t    width: 100% !important;\n\t\t\t}\n\t\t  <\/style>\n\t\t  ","protected":false},"excerpt":{"rendered":"<p>Inhaler, la banda con sede en Dubl\u00edn del hijo de Bono, Elijah Hewson l\u00edder vocal de la banda , ha compartido su nuevo sencillo \u00abWe Have To Move On\u00bb. El verano pasado, la banda se asoci\u00f3 con la hija de Noel Gallagher, Ana\u00efs, quien ayud\u00f3 a filmar el video de su sencillo \u00abMy Honest Face\u00bb&#8230;. <a href=\"https:\/\/radiounodigital.com\/web\/2020\/01\/27\/made-from-irlanda-escucha-a-inhaler-la-banda-del-hijo-de-bono\/\" class=\"excerpt-read-more\">Read More<\/a><\/p>\n","protected":false},"author":1,"featured_media":3435,"comment_status":"open","ping_status":"open","sticky":false,"template":"","format":"standard","meta":{"footnotes":""},"categories":[180,127],"tags":[523,522,524,521,132,502,525,526],"class_list":["post-3434","post","type-post","status-publish","format-standard","has-post-thumbnail","hentry","category-news","category-rock","tag-bono","tag-elijah-hewson","tag-hijo","tag-inhaler","tag-nuevo","tag-single","tag-u2","tag-we-have-to-move-on"],"yoast_head":"<!-- This site is optimized with the Yoast SEO plugin v27.4 - https:\/\/yoast.com\/product\/yoast-seo-wordpress\/ -->\n<title>Made from Irlanda, escucha a &quot;Inhaler&quot; la banda del hijo de Bono - Radio UNO Digital<\/title>\n<meta name=\"robots\" content=\"index, follow, max-snippet:-1, max-image-preview:large, max-video-preview:-1\" \/>\n<link rel=\"canonical\" href=\"https:\/\/radiounodigital.com\/web\/2020\/01\/27\/made-from-irlanda-escucha-a-inhaler-la-banda-del-hijo-de-bono\/\" \/>\n<meta property=\"og:locale\" content=\"es_ES\" \/>\n<meta property=\"og:type\" content=\"article\" \/>\n<meta property=\"og:title\" content=\"Made from Irlanda, escucha a &quot;Inhaler&quot; la banda del hijo de Bono - Radio UNO Digital\" \/>\n<meta property=\"og:description\" content=\"Inhaler, la banda con sede en Dubl\u00edn del hijo de Bono, Elijah Hewson l\u00edder vocal de la banda , ha compartido su nuevo sencillo \u00abWe Have To Move On\u00bb. El verano pasado, la banda se asoci\u00f3 con la hija de Noel Gallagher, Ana\u00efs, quien ayud\u00f3 a filmar el video de su sencillo \u00abMy Honest Face\u00bb.... Read More\" \/>\n<meta property=\"og:url\" content=\"https:\/\/radiounodigital.com\/web\/2020\/01\/27\/made-from-irlanda-escucha-a-inhaler-la-banda-del-hijo-de-bono\/\" \/>\n<meta property=\"og:site_name\" content=\"Radio UNO Digital\" \/>\n<meta property=\"article:published_time\" content=\"2020-01-27T16:54:49+00:00\" \/>\n<meta property=\"article:modified_time\" content=\"2020-01-27T16:55:17+00:00\" \/>\n<meta property=\"og:image\" content=\"https:\/\/radiounodigital.com\/web\/wp-content\/uploads\/2020\/01\/Inhaler-1024x683.png\" \/>\n\t<meta property=\"og:image:width\" content=\"1024\" \/>\n\t<meta property=\"og:image:height\" content=\"683\" \/>\n\t<meta property=\"og:image:type\" content=\"image\/png\" \/>\n<meta name=\"author\" content=\"diegoc\" \/>\n<meta name=\"twitter:card\" content=\"summary_large_image\" \/>\n<meta name=\"twitter:label1\" content=\"Escrito por\" \/>\n\t<meta name=\"twitter:data1\" content=\"diegoc\" \/>\n\t<meta name=\"twitter:label2\" content=\"Tiempo de lectura\" \/>\n\t<meta name=\"twitter:data2\" content=\"1 minuto\" \/>\n<script type=\"application\/ld+json\" class=\"yoast-schema-graph\">{\"@context\":\"https:\\\/\\\/schema.org\",\"@graph\":[{\"@type\":\"Article\",\"@id\":\"https:\\\/\\\/radiounodigital.com\\\/web\\\/2020\\\/01\\\/27\\\/made-from-irlanda-escucha-a-inhaler-la-banda-del-hijo-de-bono\\\/#article\",\"isPartOf\":{\"@id\":\"https:\\\/\\\/radiounodigital.com\\\/web\\\/2020\\\/01\\\/27\\\/made-from-irlanda-escucha-a-inhaler-la-banda-del-hijo-de-bono\\\/\"},\"author\":{\"name\":\"diegoc\",\"@id\":\"https:\\\/\\\/radiounodigital.com\\\/web\\\/#\\\/schema\\\/person\\\/00b93151fa54f619ecf9c183d1fc9758\"},\"headline\":\"Made from Irlanda, escucha a \u00abInhaler\u00bb la banda del hijo de Bono\",\"datePublished\":\"2020-01-27T16:54:49+00:00\",\"dateModified\":\"2020-01-27T16:55:17+00:00\",\"mainEntityOfPage\":{\"@id\":\"https:\\\/\\\/radiounodigital.com\\\/web\\\/2020\\\/01\\\/27\\\/made-from-irlanda-escucha-a-inhaler-la-banda-del-hijo-de-bono\\\/\"},\"wordCount\":191,\"commentCount\":0,\"image\":{\"@id\":\"https:\\\/\\\/radiounodigital.com\\\/web\\\/2020\\\/01\\\/27\\\/made-from-irlanda-escucha-a-inhaler-la-banda-del-hijo-de-bono\\\/#primaryimage\"},\"thumbnailUrl\":\"https:\\\/\\\/radiounodigital.com\\\/web\\\/wp-content\\\/uploads\\\/2020\\\/01\\\/Inhaler.png\",\"keywords\":[\"bono\",\"Elijah Hewson\",\"hijo\",\"inhaler\",\"nuevo\",\"single\",\"u2\",\"We Have To Move On\"],\"articleSection\":[\"news\",\"Rock\"],\"inLanguage\":\"es\",\"potentialAction\":[{\"@type\":\"CommentAction\",\"name\":\"Comment\",\"target\":[\"https:\\\/\\\/radiounodigital.com\\\/web\\\/2020\\\/01\\\/27\\\/made-from-irlanda-escucha-a-inhaler-la-banda-del-hijo-de-bono\\\/#respond\"]}]},{\"@type\":\"WebPage\",\"@id\":\"https:\\\/\\\/radiounodigital.com\\\/web\\\/2020\\\/01\\\/27\\\/made-from-irlanda-escucha-a-inhaler-la-banda-del-hijo-de-bono\\\/\",\"url\":\"https:\\\/\\\/radiounodigital.com\\\/web\\\/2020\\\/01\\\/27\\\/made-from-irlanda-escucha-a-inhaler-la-banda-del-hijo-de-bono\\\/\",\"name\":\"Made from Irlanda, escucha a \\\"Inhaler\\\" la banda del hijo de Bono - Radio UNO Digital\",\"isPartOf\":{\"@id\":\"https:\\\/\\\/radiounodigital.com\\\/web\\\/#website\"},\"primaryImageOfPage\":{\"@id\":\"https:\\\/\\\/radiounodigital.com\\\/web\\\/2020\\\/01\\\/27\\\/made-from-irlanda-escucha-a-inhaler-la-banda-del-hijo-de-bono\\\/#primaryimage\"},\"image\":{\"@id\":\"https:\\\/\\\/radiounodigital.com\\\/web\\\/2020\\\/01\\\/27\\\/made-from-irlanda-escucha-a-inhaler-la-banda-del-hijo-de-bono\\\/#primaryimage\"},\"thumbnailUrl\":\"https:\\\/\\\/radiounodigital.com\\\/web\\\/wp-content\\\/uploads\\\/2020\\\/01\\\/Inhaler.png\",\"datePublished\":\"2020-01-27T16:54:49+00:00\",\"dateModified\":\"2020-01-27T16:55:17+00:00\",\"author\":{\"@id\":\"https:\\\/\\\/radiounodigital.com\\\/web\\\/#\\\/schema\\\/person\\\/00b93151fa54f619ecf9c183d1fc9758\"},\"breadcrumb\":{\"@id\":\"https:\\\/\\\/radiounodigital.com\\\/web\\\/2020\\\/01\\\/27\\\/made-from-irlanda-escucha-a-inhaler-la-banda-del-hijo-de-bono\\\/#breadcrumb\"},\"inLanguage\":\"es\",\"potentialAction\":[{\"@type\":\"ReadAction\",\"target\":[\"https:\\\/\\\/radiounodigital.com\\\/web\\\/2020\\\/01\\\/27\\\/made-from-irlanda-escucha-a-inhaler-la-banda-del-hijo-de-bono\\\/\"]}]},{\"@type\":\"ImageObject\",\"inLanguage\":\"es\",\"@id\":\"https:\\\/\\\/radiounodigital.com\\\/web\\\/2020\\\/01\\\/27\\\/made-from-irlanda-escucha-a-inhaler-la-banda-del-hijo-de-bono\\\/#primaryimage\",\"url\":\"https:\\\/\\\/radiounodigital.com\\\/web\\\/wp-content\\\/uploads\\\/2020\\\/01\\\/Inhaler.png\",\"contentUrl\":\"https:\\\/\\\/radiounodigital.com\\\/web\\\/wp-content\\\/uploads\\\/2020\\\/01\\\/Inhaler.png\",\"width\":1600,\"height\":1067,\"caption\":\"Foto descargada del sitio web de INHALER\"},{\"@type\":\"BreadcrumbList\",\"@id\":\"https:\\\/\\\/radiounodigital.com\\\/web\\\/2020\\\/01\\\/27\\\/made-from-irlanda-escucha-a-inhaler-la-banda-del-hijo-de-bono\\\/#breadcrumb\",\"itemListElement\":[{\"@type\":\"ListItem\",\"position\":1,\"name\":\"Home\",\"item\":\"https:\\\/\\\/radiounodigital.com\\\/web\\\/\"},{\"@type\":\"ListItem\",\"position\":2,\"name\":\"Made from Irlanda, escucha a \u00abInhaler\u00bb la banda del hijo de Bono\"}]},{\"@type\":\"WebSite\",\"@id\":\"https:\\\/\\\/radiounodigital.com\\\/web\\\/#website\",\"url\":\"https:\\\/\\\/radiounodigital.com\\\/web\\\/\",\"name\":\"Radio UNO Digital\",\"description\":\"Donde la cultura del rock se siente\",\"potentialAction\":[{\"@type\":\"SearchAction\",\"target\":{\"@type\":\"EntryPoint\",\"urlTemplate\":\"https:\\\/\\\/radiounodigital.com\\\/web\\\/?s={search_term_string}\"},\"query-input\":{\"@type\":\"PropertyValueSpecification\",\"valueRequired\":true,\"valueName\":\"search_term_string\"}}],\"inLanguage\":\"es\"},{\"@type\":\"Person\",\"@id\":\"https:\\\/\\\/radiounodigital.com\\\/web\\\/#\\\/schema\\\/person\\\/00b93151fa54f619ecf9c183d1fc9758\",\"name\":\"diegoc\",\"image\":{\"@type\":\"ImageObject\",\"inLanguage\":\"es\",\"@id\":\"https:\\\/\\\/secure.gravatar.com\\\/avatar\\\/0a67041d44c702fb0660d81a5a32c7ce6007341cf92afeb718b75883bf415864?s=96&d=blank&r=g\",\"url\":\"https:\\\/\\\/secure.gravatar.com\\\/avatar\\\/0a67041d44c702fb0660d81a5a32c7ce6007341cf92afeb718b75883bf415864?s=96&d=blank&r=g\",\"contentUrl\":\"https:\\\/\\\/secure.gravatar.com\\\/avatar\\\/0a67041d44c702fb0660d81a5a32c7ce6007341cf92afeb718b75883bf415864?s=96&d=blank&r=g\",\"caption\":\"diegoc\"},\"url\":\"https:\\\/\\\/radiounodigital.com\\\/web\\\/author\\\/diegoc\\\/\"}]}<\/script>\n<!-- \/ Yoast SEO plugin. -->","yoast_head_json":{"title":"Made from Irlanda, escucha a \"Inhaler\" la banda del hijo de Bono - Radio UNO Digital","robots":{"index":"index","follow":"follow","max-snippet":"max-snippet:-1","max-image-preview":"max-image-preview:large","max-video-preview":"max-video-preview:-1"},"canonical":"https:\/\/radiounodigital.com\/web\/2020\/01\/27\/made-from-irlanda-escucha-a-inhaler-la-banda-del-hijo-de-bono\/","og_locale":"es_ES","og_type":"article","og_title":"Made from Irlanda, escucha a \"Inhaler\" la banda del hijo de Bono - Radio UNO Digital","og_description":"Inhaler, la banda con sede en Dubl\u00edn del hijo de Bono, Elijah Hewson l\u00edder vocal de la banda , ha compartido su nuevo sencillo \u00abWe Have To Move On\u00bb. El verano pasado, la banda se asoci\u00f3 con la hija de Noel Gallagher, Ana\u00efs, quien ayud\u00f3 a filmar el video de su sencillo \u00abMy Honest Face\u00bb.... Read More","og_url":"https:\/\/radiounodigital.com\/web\/2020\/01\/27\/made-from-irlanda-escucha-a-inhaler-la-banda-del-hijo-de-bono\/","og_site_name":"Radio UNO Digital","article_published_time":"2020-01-27T16:54:49+00:00","article_modified_time":"2020-01-27T16:55:17+00:00","og_image":[{"width":1024,"height":683,"url":"https:\/\/radiounodigital.com\/web\/wp-content\/uploads\/2020\/01\/Inhaler-1024x683.png","type":"image\/png"}],"author":"diegoc","twitter_card":"summary_large_image","twitter_misc":{"Escrito por":"diegoc","Tiempo de lectura":"1 minuto"},"schema":{"@context":"https:\/\/schema.org","@graph":[{"@type":"Article","@id":"https:\/\/radiounodigital.com\/web\/2020\/01\/27\/made-from-irlanda-escucha-a-inhaler-la-banda-del-hijo-de-bono\/#article","isPartOf":{"@id":"https:\/\/radiounodigital.com\/web\/2020\/01\/27\/made-from-irlanda-escucha-a-inhaler-la-banda-del-hijo-de-bono\/"},"author":{"name":"diegoc","@id":"https:\/\/radiounodigital.com\/web\/#\/schema\/person\/00b93151fa54f619ecf9c183d1fc9758"},"headline":"Made from Irlanda, escucha a \u00abInhaler\u00bb la banda del hijo de Bono","datePublished":"2020-01-27T16:54:49+00:00","dateModified":"2020-01-27T16:55:17+00:00","mainEntityOfPage":{"@id":"https:\/\/radiounodigital.com\/web\/2020\/01\/27\/made-from-irlanda-escucha-a-inhaler-la-banda-del-hijo-de-bono\/"},"wordCount":191,"commentCount":0,"image":{"@id":"https:\/\/radiounodigital.com\/web\/2020\/01\/27\/made-from-irlanda-escucha-a-inhaler-la-banda-del-hijo-de-bono\/#primaryimage"},"thumbnailUrl":"https:\/\/radiounodigital.com\/web\/wp-content\/uploads\/2020\/01\/Inhaler.png","keywords":["bono","Elijah Hewson","hijo","inhaler","nuevo","single","u2","We Have To Move On"],"articleSection":["news","Rock"],"inLanguage":"es","potentialAction":[{"@type":"CommentAction","name":"Comment","target":["https:\/\/radiounodigital.com\/web\/2020\/01\/27\/made-from-irlanda-escucha-a-inhaler-la-banda-del-hijo-de-bono\/#respond"]}]},{"@type":"WebPage","@id":"https:\/\/radiounodigital.com\/web\/2020\/01\/27\/made-from-irlanda-escucha-a-inhaler-la-banda-del-hijo-de-bono\/","url":"https:\/\/radiounodigital.com\/web\/2020\/01\/27\/made-from-irlanda-escucha-a-inhaler-la-banda-del-hijo-de-bono\/","name":"Made from Irlanda, escucha a \"Inhaler\" la banda del hijo de Bono - Radio UNO Digital","isPartOf":{"@id":"https:\/\/radiounodigital.com\/web\/#website"},"primaryImageOfPage":{"@id":"https:\/\/radiounodigital.com\/web\/2020\/01\/27\/made-from-irlanda-escucha-a-inhaler-la-banda-del-hijo-de-bono\/#primaryimage"},"image":{"@id":"https:\/\/radiounodigital.com\/web\/2020\/01\/27\/made-from-irlanda-escucha-a-inhaler-la-banda-del-hijo-de-bono\/#primaryimage"},"thumbnailUrl":"https:\/\/radiounodigital.com\/web\/wp-content\/uploads\/2020\/01\/Inhaler.png","datePublished":"2020-01-27T16:54:49+00:00","dateModified":"2020-01-27T16:55:17+00:00","author":{"@id":"https:\/\/radiounodigital.com\/web\/#\/schema\/person\/00b93151fa54f619ecf9c183d1fc9758"},"breadcrumb":{"@id":"https:\/\/radiounodigital.com\/web\/2020\/01\/27\/made-from-irlanda-escucha-a-inhaler-la-banda-del-hijo-de-bono\/#breadcrumb"},"inLanguage":"es","potentialAction":[{"@type":"ReadAction","target":["https:\/\/radiounodigital.com\/web\/2020\/01\/27\/made-from-irlanda-escucha-a-inhaler-la-banda-del-hijo-de-bono\/"]}]},{"@type":"ImageObject","inLanguage":"es","@id":"https:\/\/radiounodigital.com\/web\/2020\/01\/27\/made-from-irlanda-escucha-a-inhaler-la-banda-del-hijo-de-bono\/#primaryimage","url":"https:\/\/radiounodigital.com\/web\/wp-content\/uploads\/2020\/01\/Inhaler.png","contentUrl":"https:\/\/radiounodigital.com\/web\/wp-content\/uploads\/2020\/01\/Inhaler.png","width":1600,"height":1067,"caption":"Foto descargada del sitio web de INHALER"},{"@type":"BreadcrumbList","@id":"https:\/\/radiounodigital.com\/web\/2020\/01\/27\/made-from-irlanda-escucha-a-inhaler-la-banda-del-hijo-de-bono\/#breadcrumb","itemListElement":[{"@type":"ListItem","position":1,"name":"Home","item":"https:\/\/radiounodigital.com\/web\/"},{"@type":"ListItem","position":2,"name":"Made from Irlanda, escucha a \u00abInhaler\u00bb la banda del hijo de Bono"}]},{"@type":"WebSite","@id":"https:\/\/radiounodigital.com\/web\/#website","url":"https:\/\/radiounodigital.com\/web\/","name":"Radio UNO Digital","description":"Donde la cultura del rock se siente","potentialAction":[{"@type":"SearchAction","target":{"@type":"EntryPoint","urlTemplate":"https:\/\/radiounodigital.com\/web\/?s={search_term_string}"},"query-input":{"@type":"PropertyValueSpecification","valueRequired":true,"valueName":"search_term_string"}}],"inLanguage":"es"},{"@type":"Person","@id":"https:\/\/radiounodigital.com\/web\/#\/schema\/person\/00b93151fa54f619ecf9c183d1fc9758","name":"diegoc","image":{"@type":"ImageObject","inLanguage":"es","@id":"https:\/\/secure.gravatar.com\/avatar\/0a67041d44c702fb0660d81a5a32c7ce6007341cf92afeb718b75883bf415864?s=96&d=blank&r=g","url":"https:\/\/secure.gravatar.com\/avatar\/0a67041d44c702fb0660d81a5a32c7ce6007341cf92afeb718b75883bf415864?s=96&d=blank&r=g","contentUrl":"https:\/\/secure.gravatar.com\/avatar\/0a67041d44c702fb0660d81a5a32c7ce6007341cf92afeb718b75883bf415864?s=96&d=blank&r=g","caption":"diegoc"},"url":"https:\/\/radiounodigital.com\/web\/author\/diegoc\/"}]}},"_links":{"self":[{"href":"https:\/\/radiounodigital.com\/web\/wp-json\/wp\/v2\/posts\/3434","targetHints":{"allow":["GET"]}}],"collection":[{"href":"https:\/\/radiounodigital.com\/web\/wp-json\/wp\/v2\/posts"}],"about":[{"href":"https:\/\/radiounodigital.com\/web\/wp-json\/wp\/v2\/types\/post"}],"author":[{"embeddable":true,"href":"https:\/\/radiounodigital.com\/web\/wp-json\/wp\/v2\/users\/1"}],"replies":[{"embeddable":true,"href":"https:\/\/radiounodigital.com\/web\/wp-json\/wp\/v2\/comments?post=3434"}],"version-history":[{"count":1,"href":"https:\/\/radiounodigital.com\/web\/wp-json\/wp\/v2\/posts\/3434\/revisions"}],"predecessor-version":[{"id":3436,"href":"https:\/\/radiounodigital.com\/web\/wp-json\/wp\/v2\/posts\/3434\/revisions\/3436"}],"wp:featuredmedia":[{"embeddable":true,"href":"https:\/\/radiounodigital.com\/web\/wp-json\/wp\/v2\/media\/3435"}],"wp:attachment":[{"href":"https:\/\/radiounodigital.com\/web\/wp-json\/wp\/v2\/media?parent=3434"}],"wp:term":[{"taxonomy":"category","embeddable":true,"href":"https:\/\/radiounodigital.com\/web\/wp-json\/wp\/v2\/categories?post=3434"},{"taxonomy":"post_tag","embeddable":true,"href":"https:\/\/radiounodigital.com\/web\/wp-json\/wp\/v2\/tags?post=3434"}],"curies":[{"name":"wp","href":"https:\/\/api.w.org\/{rel}","templated":true}]}}