{"id":3437,"date":"2020-01-28T16:32:45","date_gmt":"2020-01-28T16:32:45","guid":{"rendered":"https:\/\/radiounodigital.com\/web\/?p=3437"},"modified":"2020-01-29T16:38:12","modified_gmt":"2020-01-29T16:38:12","slug":"def-leppard-confirma-la-salida-de-the-early-years-box-set","status":"publish","type":"post","link":"https:\/\/radiounodigital.com\/web\/2020\/01\/28\/def-leppard-confirma-la-salida-de-the-early-years-box-set\/","title":{"rendered":"Def Leppard confirma la salida de The Early Years box set"},"content":{"rendered":"<h3>Despu\u00e9s de que Joe Elliott bromeara con el set de The Early Years el mes pasado, ahora se han revelado todos los detalles: echa un vistazo a la versi\u00f3n de Rock Brigade producida por Nick Tauber<\/h3>\n<p><img loading=\"lazy\" decoding=\"async\" class=\"aligncenter size-full wp-image-3438\" src=\"https:\/\/radiounodigital.com\/web\/wp-content\/uploads\/2020\/01\/def-leppard-eartlyears.jpg\" alt=\"\" width=\"650\" height=\"650\" srcset=\"https:\/\/radiounodigital.com\/web\/wp-content\/uploads\/2020\/01\/def-leppard-eartlyears.jpg 650w, https:\/\/radiounodigital.com\/web\/wp-content\/uploads\/2020\/01\/def-leppard-eartlyears-300x300.jpg 300w, https:\/\/radiounodigital.com\/web\/wp-content\/uploads\/2020\/01\/def-leppard-eartlyears-150x150.jpg 150w\" sizes=\"auto, (max-width: 650px) 100vw, 650px\" \/><\/p>\n<p>En diciembre del a\u00f1o pasado, el l\u00edder de Def Leppard, Joe Elliott, revel\u00f3 que la banda planeaba lanzar una caja titulada The Early Years.<\/p>\n<p>Esa noticia lleg\u00f3 despu\u00e9s de que \u00e9l declarara previamente que planeaban lanzar un espect\u00e1culo de \u00abverrugas y todo\u00bb grabado en Oxford en 1980.<\/p>\n<p>Ahora se han revelado todos los detalles de la caja, y estar\u00e1 repleto de material, con el paquete coincidiendo con el 40 aniversario del \u00e1lbum debut de Def Leppard, On Through The Night.<\/p>\n<p>El set de caja Early Years 79-81 se lanzar\u00e1 el 20 de marzo a trav\u00e9s de UMC \/ Virgin y contendr\u00e1 ediciones remasterizadas de On Through The Night de 1980 y High &#8216;N&#8217; Dry de 1981, que fueron supervisadas por Elliott, quien actu\u00f3 como productor ejecutivo, y dominado por Ronan McHugh, el ingeniero de sonido de Def Lep.<\/p>\n<p>La colecci\u00f3n se extender\u00e1 por cinco discos, con los \u00e1lbumes unidos por el show de Oxford previamente revelado, junto con lados b, remixes, m\u00e1s cortes en vivo y m\u00e1s.<\/p>\n<p><iframe loading=\"lazy\" src=\"https:\/\/www.youtube.com\/embed\/0xgBQp42Uog\" width=\"560\" height=\"315\" frameborder=\"0\" allowfullscreen=\"allowfullscreen\"><\/iframe><\/p>\n<p>Elliott dice: \u201cBueno, los fan\u00e1ticos preguntaron, \u00a1y nosotros escuchamos! Realmente emocionado de que nuestros primeros a\u00f1os se vuelvan a trabajar con una carga de material raro, incluido el recientemente descubierto Live en el Oxford New Theatre, grabado en la gira por el Reino Unido de 1980.<\/p>\n<p>\u00abHa sido un viaje armar esta caja y espero que todos disfruten escuch\u00e1ndola tanto como nosotros trabajando en ella\u00bb.<\/p>\n<p>Adem\u00e1s de la m\u00fasica, la caja incluir\u00e1 una historia de los primeros dos \u00e1lbumes de la banda escritos por el escritor de Classic Rock Paul Elliott, que presentar\u00e1 \u00abideas personales de la banda sobre la creaci\u00f3n y lanzamiento de esos primeros discos, as\u00ed como fotos raras y cosas memorables.\u00bb<\/p>\n<p>Early Years 79-81 ahora est\u00e1 disponible para pre-pedido, mientras que una lista completa de contenidos se puede encontrar a continuaci\u00f3n.<\/p>\n<p>Adem\u00e1s, On Through The Night se lanzar\u00e1 en vinilo azul, mientras que High &#8216;N&#8217; Dry se presionar\u00e1 en vinilo rojo el 20 de marzo. Ambos est\u00e1n disponibles para pre-pedido.<\/p>\n<p>Def Leppard se dirigir\u00e1 a Estados Unidos el pr\u00f3ximo verano con Motley Crue, Poison y Joan Jett And The Blackhearts en su muy esperada gira por el estadio.<\/p>\n<div class=\"fb-background-color\">\n\t\t\t  <div \n\t\t\t  \tclass = \"fb-comments\" \n\t\t\t  \tdata-href = \"https:\/\/radiounodigital.com\/web\/2020\/01\/28\/def-leppard-confirma-la-salida-de-the-early-years-box-set\/\"\n\t\t\t  \tdata-numposts = \"10\"\n\t\t\t  \tdata-lazy = \"true\"\n\t\t\t\tdata-colorscheme = \"dark\"\n\t\t\t\tdata-order-by = \"reverse_time\"\n\t\t\t\tdata-mobile=true>\n\t\t\t  <\/div><\/div>\n\t\t  <style>\n\t\t    .fb-background-color {\n\t\t\t\tbackground: #ffffff !important;\n\t\t\t}\n\t\t\t.fb_iframe_widget_fluid_desktop iframe {\n\t\t\t    width: 100% !important;\n\t\t\t}\n\t\t  <\/style>\n\t\t  ","protected":false},"excerpt":{"rendered":"<p>Despu\u00e9s de que Joe Elliott bromeara con el set de The Early Years el mes pasado, ahora se han revelado todos los detalles: echa un vistazo a la versi\u00f3n de Rock Brigade producida por Nick Tauber En diciembre del a\u00f1o pasado, el l\u00edder de Def Leppard, Joe Elliott, revel\u00f3 que la banda planeaba lanzar una&#8230; <a href=\"https:\/\/radiounodigital.com\/web\/2020\/01\/28\/def-leppard-confirma-la-salida-de-the-early-years-box-set\/\" class=\"excerpt-read-more\">Read More<\/a><\/p>\n","protected":false},"author":1,"featured_media":3439,"comment_status":"open","ping_status":"open","sticky":false,"template":"","format":"standard","meta":{"footnotes":""},"categories":[180,128],"tags":[444,527,528,529],"class_list":["post-3437","post","type-post","status-publish","format-standard","has-post-thumbnail","hentry","category-news","category-rock-clasico","tag-box-set","tag-def-leppard","tag-early-years","tag-lanzamiento"],"yoast_head":"<!-- This site is optimized with the Yoast SEO plugin v27.4 - https:\/\/yoast.com\/product\/yoast-seo-wordpress\/ -->\n<title>Def Leppard confirma la salida de The Early Years box set - Radio UNO Digital<\/title>\n<meta name=\"robots\" content=\"index, follow, max-snippet:-1, max-image-preview:large, max-video-preview:-1\" \/>\n<link rel=\"canonical\" href=\"https:\/\/radiounodigital.com\/web\/2020\/01\/28\/def-leppard-confirma-la-salida-de-the-early-years-box-set\/\" \/>\n<meta property=\"og:locale\" content=\"es_ES\" \/>\n<meta property=\"og:type\" content=\"article\" \/>\n<meta property=\"og:title\" content=\"Def Leppard confirma la salida de The Early Years box set - Radio UNO Digital\" \/>\n<meta property=\"og:description\" content=\"Despu\u00e9s de que Joe Elliott bromeara con el set de The Early Years el mes pasado, ahora se han revelado todos los detalles: echa un vistazo a la versi\u00f3n de Rock Brigade producida por Nick Tauber En diciembre del a\u00f1o pasado, el l\u00edder de Def Leppard, Joe Elliott, revel\u00f3 que la banda planeaba lanzar una... Read More\" \/>\n<meta property=\"og:url\" content=\"https:\/\/radiounodigital.com\/web\/2020\/01\/28\/def-leppard-confirma-la-salida-de-the-early-years-box-set\/\" \/>\n<meta property=\"og:site_name\" content=\"Radio UNO Digital\" \/>\n<meta property=\"article:published_time\" content=\"2020-01-28T16:32:45+00:00\" \/>\n<meta property=\"article:modified_time\" content=\"2020-01-29T16:38:12+00:00\" \/>\n<meta property=\"og:image\" content=\"https:\/\/radiounodigital.com\/web\/wp-content\/uploads\/2020\/01\/def-leppart-earyyears-boxset.jpg\" \/>\n\t<meta property=\"og:image:width\" content=\"970\" \/>\n\t<meta property=\"og:image:height\" content=\"546\" \/>\n\t<meta property=\"og:image:type\" content=\"image\/jpeg\" \/>\n<meta name=\"author\" content=\"diegoc\" \/>\n<meta name=\"twitter:card\" content=\"summary_large_image\" \/>\n<meta name=\"twitter:label1\" content=\"Escrito por\" \/>\n\t<meta name=\"twitter:data1\" content=\"diegoc\" \/>\n\t<meta name=\"twitter:label2\" content=\"Tiempo de lectura\" \/>\n\t<meta name=\"twitter:data2\" content=\"2 minutos\" \/>\n<script type=\"application\/ld+json\" class=\"yoast-schema-graph\">{\"@context\":\"https:\\\/\\\/schema.org\",\"@graph\":[{\"@type\":\"Article\",\"@id\":\"https:\\\/\\\/radiounodigital.com\\\/web\\\/2020\\\/01\\\/28\\\/def-leppard-confirma-la-salida-de-the-early-years-box-set\\\/#article\",\"isPartOf\":{\"@id\":\"https:\\\/\\\/radiounodigital.com\\\/web\\\/2020\\\/01\\\/28\\\/def-leppard-confirma-la-salida-de-the-early-years-box-set\\\/\"},\"author\":{\"name\":\"diegoc\",\"@id\":\"https:\\\/\\\/radiounodigital.com\\\/web\\\/#\\\/schema\\\/person\\\/00b93151fa54f619ecf9c183d1fc9758\"},\"headline\":\"Def Leppard confirma la salida de The Early Years box set\",\"datePublished\":\"2020-01-28T16:32:45+00:00\",\"dateModified\":\"2020-01-29T16:38:12+00:00\",\"mainEntityOfPage\":{\"@id\":\"https:\\\/\\\/radiounodigital.com\\\/web\\\/2020\\\/01\\\/28\\\/def-leppard-confirma-la-salida-de-the-early-years-box-set\\\/\"},\"wordCount\":417,\"commentCount\":0,\"image\":{\"@id\":\"https:\\\/\\\/radiounodigital.com\\\/web\\\/2020\\\/01\\\/28\\\/def-leppard-confirma-la-salida-de-the-early-years-box-set\\\/#primaryimage\"},\"thumbnailUrl\":\"https:\\\/\\\/radiounodigital.com\\\/web\\\/wp-content\\\/uploads\\\/2020\\\/01\\\/def-leppart-earyyears-boxset.jpg\",\"keywords\":[\"box set\",\"def leppard\",\"early years\",\"lanzamiento\"],\"articleSection\":[\"news\",\"Rock Clasico\"],\"inLanguage\":\"es\",\"potentialAction\":[{\"@type\":\"CommentAction\",\"name\":\"Comment\",\"target\":[\"https:\\\/\\\/radiounodigital.com\\\/web\\\/2020\\\/01\\\/28\\\/def-leppard-confirma-la-salida-de-the-early-years-box-set\\\/#respond\"]}]},{\"@type\":\"WebPage\",\"@id\":\"https:\\\/\\\/radiounodigital.com\\\/web\\\/2020\\\/01\\\/28\\\/def-leppard-confirma-la-salida-de-the-early-years-box-set\\\/\",\"url\":\"https:\\\/\\\/radiounodigital.com\\\/web\\\/2020\\\/01\\\/28\\\/def-leppard-confirma-la-salida-de-the-early-years-box-set\\\/\",\"name\":\"Def Leppard confirma la salida de The Early Years box set - Radio UNO Digital\",\"isPartOf\":{\"@id\":\"https:\\\/\\\/radiounodigital.com\\\/web\\\/#website\"},\"primaryImageOfPage\":{\"@id\":\"https:\\\/\\\/radiounodigital.com\\\/web\\\/2020\\\/01\\\/28\\\/def-leppard-confirma-la-salida-de-the-early-years-box-set\\\/#primaryimage\"},\"image\":{\"@id\":\"https:\\\/\\\/radiounodigital.com\\\/web\\\/2020\\\/01\\\/28\\\/def-leppard-confirma-la-salida-de-the-early-years-box-set\\\/#primaryimage\"},\"thumbnailUrl\":\"https:\\\/\\\/radiounodigital.com\\\/web\\\/wp-content\\\/uploads\\\/2020\\\/01\\\/def-leppart-earyyears-boxset.jpg\",\"datePublished\":\"2020-01-28T16:32:45+00:00\",\"dateModified\":\"2020-01-29T16:38:12+00:00\",\"author\":{\"@id\":\"https:\\\/\\\/radiounodigital.com\\\/web\\\/#\\\/schema\\\/person\\\/00b93151fa54f619ecf9c183d1fc9758\"},\"breadcrumb\":{\"@id\":\"https:\\\/\\\/radiounodigital.com\\\/web\\\/2020\\\/01\\\/28\\\/def-leppard-confirma-la-salida-de-the-early-years-box-set\\\/#breadcrumb\"},\"inLanguage\":\"es\",\"potentialAction\":[{\"@type\":\"ReadAction\",\"target\":[\"https:\\\/\\\/radiounodigital.com\\\/web\\\/2020\\\/01\\\/28\\\/def-leppard-confirma-la-salida-de-the-early-years-box-set\\\/\"]}]},{\"@type\":\"ImageObject\",\"inLanguage\":\"es\",\"@id\":\"https:\\\/\\\/radiounodigital.com\\\/web\\\/2020\\\/01\\\/28\\\/def-leppard-confirma-la-salida-de-the-early-years-box-set\\\/#primaryimage\",\"url\":\"https:\\\/\\\/radiounodigital.com\\\/web\\\/wp-content\\\/uploads\\\/2020\\\/01\\\/def-leppart-earyyears-boxset.jpg\",\"contentUrl\":\"https:\\\/\\\/radiounodigital.com\\\/web\\\/wp-content\\\/uploads\\\/2020\\\/01\\\/def-leppart-earyyears-boxset.jpg\",\"width\":970,\"height\":546},{\"@type\":\"BreadcrumbList\",\"@id\":\"https:\\\/\\\/radiounodigital.com\\\/web\\\/2020\\\/01\\\/28\\\/def-leppard-confirma-la-salida-de-the-early-years-box-set\\\/#breadcrumb\",\"itemListElement\":[{\"@type\":\"ListItem\",\"position\":1,\"name\":\"Home\",\"item\":\"https:\\\/\\\/radiounodigital.com\\\/web\\\/\"},{\"@type\":\"ListItem\",\"position\":2,\"name\":\"Def Leppard confirma la salida de The Early Years box set\"}]},{\"@type\":\"WebSite\",\"@id\":\"https:\\\/\\\/radiounodigital.com\\\/web\\\/#website\",\"url\":\"https:\\\/\\\/radiounodigital.com\\\/web\\\/\",\"name\":\"Radio UNO Digital\",\"description\":\"Donde la cultura del rock se siente\",\"potentialAction\":[{\"@type\":\"SearchAction\",\"target\":{\"@type\":\"EntryPoint\",\"urlTemplate\":\"https:\\\/\\\/radiounodigital.com\\\/web\\\/?s={search_term_string}\"},\"query-input\":{\"@type\":\"PropertyValueSpecification\",\"valueRequired\":true,\"valueName\":\"search_term_string\"}}],\"inLanguage\":\"es\"},{\"@type\":\"Person\",\"@id\":\"https:\\\/\\\/radiounodigital.com\\\/web\\\/#\\\/schema\\\/person\\\/00b93151fa54f619ecf9c183d1fc9758\",\"name\":\"diegoc\",\"image\":{\"@type\":\"ImageObject\",\"inLanguage\":\"es\",\"@id\":\"https:\\\/\\\/secure.gravatar.com\\\/avatar\\\/0a67041d44c702fb0660d81a5a32c7ce6007341cf92afeb718b75883bf415864?s=96&d=blank&r=g\",\"url\":\"https:\\\/\\\/secure.gravatar.com\\\/avatar\\\/0a67041d44c702fb0660d81a5a32c7ce6007341cf92afeb718b75883bf415864?s=96&d=blank&r=g\",\"contentUrl\":\"https:\\\/\\\/secure.gravatar.com\\\/avatar\\\/0a67041d44c702fb0660d81a5a32c7ce6007341cf92afeb718b75883bf415864?s=96&d=blank&r=g\",\"caption\":\"diegoc\"},\"url\":\"https:\\\/\\\/radiounodigital.com\\\/web\\\/author\\\/diegoc\\\/\"}]}<\/script>\n<!-- \/ Yoast SEO plugin. -->","yoast_head_json":{"title":"Def Leppard confirma la salida de The Early Years box set - Radio UNO Digital","robots":{"index":"index","follow":"follow","max-snippet":"max-snippet:-1","max-image-preview":"max-image-preview:large","max-video-preview":"max-video-preview:-1"},"canonical":"https:\/\/radiounodigital.com\/web\/2020\/01\/28\/def-leppard-confirma-la-salida-de-the-early-years-box-set\/","og_locale":"es_ES","og_type":"article","og_title":"Def Leppard confirma la salida de The Early Years box set - Radio UNO Digital","og_description":"Despu\u00e9s de que Joe Elliott bromeara con el set de The Early Years el mes pasado, ahora se han revelado todos los detalles: echa un vistazo a la versi\u00f3n de Rock Brigade producida por Nick Tauber En diciembre del a\u00f1o pasado, el l\u00edder de Def Leppard, Joe Elliott, revel\u00f3 que la banda planeaba lanzar una... Read More","og_url":"https:\/\/radiounodigital.com\/web\/2020\/01\/28\/def-leppard-confirma-la-salida-de-the-early-years-box-set\/","og_site_name":"Radio UNO Digital","article_published_time":"2020-01-28T16:32:45+00:00","article_modified_time":"2020-01-29T16:38:12+00:00","og_image":[{"width":970,"height":546,"url":"https:\/\/radiounodigital.com\/web\/wp-content\/uploads\/2020\/01\/def-leppart-earyyears-boxset.jpg","type":"image\/jpeg"}],"author":"diegoc","twitter_card":"summary_large_image","twitter_misc":{"Escrito por":"diegoc","Tiempo de lectura":"2 minutos"},"schema":{"@context":"https:\/\/schema.org","@graph":[{"@type":"Article","@id":"https:\/\/radiounodigital.com\/web\/2020\/01\/28\/def-leppard-confirma-la-salida-de-the-early-years-box-set\/#article","isPartOf":{"@id":"https:\/\/radiounodigital.com\/web\/2020\/01\/28\/def-leppard-confirma-la-salida-de-the-early-years-box-set\/"},"author":{"name":"diegoc","@id":"https:\/\/radiounodigital.com\/web\/#\/schema\/person\/00b93151fa54f619ecf9c183d1fc9758"},"headline":"Def Leppard confirma la salida de The Early Years box set","datePublished":"2020-01-28T16:32:45+00:00","dateModified":"2020-01-29T16:38:12+00:00","mainEntityOfPage":{"@id":"https:\/\/radiounodigital.com\/web\/2020\/01\/28\/def-leppard-confirma-la-salida-de-the-early-years-box-set\/"},"wordCount":417,"commentCount":0,"image":{"@id":"https:\/\/radiounodigital.com\/web\/2020\/01\/28\/def-leppard-confirma-la-salida-de-the-early-years-box-set\/#primaryimage"},"thumbnailUrl":"https:\/\/radiounodigital.com\/web\/wp-content\/uploads\/2020\/01\/def-leppart-earyyears-boxset.jpg","keywords":["box set","def leppard","early years","lanzamiento"],"articleSection":["news","Rock Clasico"],"inLanguage":"es","potentialAction":[{"@type":"CommentAction","name":"Comment","target":["https:\/\/radiounodigital.com\/web\/2020\/01\/28\/def-leppard-confirma-la-salida-de-the-early-years-box-set\/#respond"]}]},{"@type":"WebPage","@id":"https:\/\/radiounodigital.com\/web\/2020\/01\/28\/def-leppard-confirma-la-salida-de-the-early-years-box-set\/","url":"https:\/\/radiounodigital.com\/web\/2020\/01\/28\/def-leppard-confirma-la-salida-de-the-early-years-box-set\/","name":"Def Leppard confirma la salida de The Early Years box set - Radio UNO Digital","isPartOf":{"@id":"https:\/\/radiounodigital.com\/web\/#website"},"primaryImageOfPage":{"@id":"https:\/\/radiounodigital.com\/web\/2020\/01\/28\/def-leppard-confirma-la-salida-de-the-early-years-box-set\/#primaryimage"},"image":{"@id":"https:\/\/radiounodigital.com\/web\/2020\/01\/28\/def-leppard-confirma-la-salida-de-the-early-years-box-set\/#primaryimage"},"thumbnailUrl":"https:\/\/radiounodigital.com\/web\/wp-content\/uploads\/2020\/01\/def-leppart-earyyears-boxset.jpg","datePublished":"2020-01-28T16:32:45+00:00","dateModified":"2020-01-29T16:38:12+00:00","author":{"@id":"https:\/\/radiounodigital.com\/web\/#\/schema\/person\/00b93151fa54f619ecf9c183d1fc9758"},"breadcrumb":{"@id":"https:\/\/radiounodigital.com\/web\/2020\/01\/28\/def-leppard-confirma-la-salida-de-the-early-years-box-set\/#breadcrumb"},"inLanguage":"es","potentialAction":[{"@type":"ReadAction","target":["https:\/\/radiounodigital.com\/web\/2020\/01\/28\/def-leppard-confirma-la-salida-de-the-early-years-box-set\/"]}]},{"@type":"ImageObject","inLanguage":"es","@id":"https:\/\/radiounodigital.com\/web\/2020\/01\/28\/def-leppard-confirma-la-salida-de-the-early-years-box-set\/#primaryimage","url":"https:\/\/radiounodigital.com\/web\/wp-content\/uploads\/2020\/01\/def-leppart-earyyears-boxset.jpg","contentUrl":"https:\/\/radiounodigital.com\/web\/wp-content\/uploads\/2020\/01\/def-leppart-earyyears-boxset.jpg","width":970,"height":546},{"@type":"BreadcrumbList","@id":"https:\/\/radiounodigital.com\/web\/2020\/01\/28\/def-leppard-confirma-la-salida-de-the-early-years-box-set\/#breadcrumb","itemListElement":[{"@type":"ListItem","position":1,"name":"Home","item":"https:\/\/radiounodigital.com\/web\/"},{"@type":"ListItem","position":2,"name":"Def Leppard confirma la salida de The Early Years box set"}]},{"@type":"WebSite","@id":"https:\/\/radiounodigital.com\/web\/#website","url":"https:\/\/radiounodigital.com\/web\/","name":"Radio UNO Digital","description":"Donde la cultura del rock se siente","potentialAction":[{"@type":"SearchAction","target":{"@type":"EntryPoint","urlTemplate":"https:\/\/radiounodigital.com\/web\/?s={search_term_string}"},"query-input":{"@type":"PropertyValueSpecification","valueRequired":true,"valueName":"search_term_string"}}],"inLanguage":"es"},{"@type":"Person","@id":"https:\/\/radiounodigital.com\/web\/#\/schema\/person\/00b93151fa54f619ecf9c183d1fc9758","name":"diegoc","image":{"@type":"ImageObject","inLanguage":"es","@id":"https:\/\/secure.gravatar.com\/avatar\/0a67041d44c702fb0660d81a5a32c7ce6007341cf92afeb718b75883bf415864?s=96&d=blank&r=g","url":"https:\/\/secure.gravatar.com\/avatar\/0a67041d44c702fb0660d81a5a32c7ce6007341cf92afeb718b75883bf415864?s=96&d=blank&r=g","contentUrl":"https:\/\/secure.gravatar.com\/avatar\/0a67041d44c702fb0660d81a5a32c7ce6007341cf92afeb718b75883bf415864?s=96&d=blank&r=g","caption":"diegoc"},"url":"https:\/\/radiounodigital.com\/web\/author\/diegoc\/"}]}},"_links":{"self":[{"href":"https:\/\/radiounodigital.com\/web\/wp-json\/wp\/v2\/posts\/3437","targetHints":{"allow":["GET"]}}],"collection":[{"href":"https:\/\/radiounodigital.com\/web\/wp-json\/wp\/v2\/posts"}],"about":[{"href":"https:\/\/radiounodigital.com\/web\/wp-json\/wp\/v2\/types\/post"}],"author":[{"embeddable":true,"href":"https:\/\/radiounodigital.com\/web\/wp-json\/wp\/v2\/users\/1"}],"replies":[{"embeddable":true,"href":"https:\/\/radiounodigital.com\/web\/wp-json\/wp\/v2\/comments?post=3437"}],"version-history":[{"count":1,"href":"https:\/\/radiounodigital.com\/web\/wp-json\/wp\/v2\/posts\/3437\/revisions"}],"predecessor-version":[{"id":3440,"href":"https:\/\/radiounodigital.com\/web\/wp-json\/wp\/v2\/posts\/3437\/revisions\/3440"}],"wp:featuredmedia":[{"embeddable":true,"href":"https:\/\/radiounodigital.com\/web\/wp-json\/wp\/v2\/media\/3439"}],"wp:attachment":[{"href":"https:\/\/radiounodigital.com\/web\/wp-json\/wp\/v2\/media?parent=3437"}],"wp:term":[{"taxonomy":"category","embeddable":true,"href":"https:\/\/radiounodigital.com\/web\/wp-json\/wp\/v2\/categories?post=3437"},{"taxonomy":"post_tag","embeddable":true,"href":"https:\/\/radiounodigital.com\/web\/wp-json\/wp\/v2\/tags?post=3437"}],"curies":[{"name":"wp","href":"https:\/\/api.w.org\/{rel}","templated":true}]}}