{"id":3454,"date":"2020-02-03T16:45:25","date_gmt":"2020-02-03T16:45:25","guid":{"rendered":"https:\/\/radiounodigital.com\/web\/?p=3454"},"modified":"2020-02-03T16:45:25","modified_gmt":"2020-02-03T16:45:25","slug":"66-5000-the-psychedelic-furs-anuncian-su-primer-album-en-casi-30-anos","status":"publish","type":"post","link":"https:\/\/radiounodigital.com\/web\/2020\/02\/03\/66-5000-the-psychedelic-furs-anuncian-su-primer-album-en-casi-30-anos\/","title":{"rendered":"Escucha el nuevo sencillo de The Psychedelic Furs, que anuncian su primer \u00e1lbum en casi 30 a\u00f1os"},"content":{"rendered":"<h3>The Psychedelic Furs lanzar\u00e1 Made Of Rain este a\u00f1o, su primer \u00e1lbum desde World Outside de 1991.<\/h3>\n<p><iframe loading=\"lazy\" src=\"https:\/\/www.youtube.com\/embed\/603KqtjKDSg\" width=\"560\" height=\"315\" frameborder=\"0\" allowfullscreen=\"allowfullscreen\"><\/iframe><\/p>\n<p>Psychedelic Furs ha anunciado que lanzar\u00e1n su primer \u00e1lbum en casi 30 a\u00f1os el 1 de mayo.<\/p>\n<p>Se titula Made Of Rain y se lanzar\u00e1 a trav\u00e9s de Cooking Vinyl, y es su primer disco desde el World Outside de 1991.<\/p>\n<p>Para marcar la noticia, el vocalista Richard Butler, el bajista Tim Butler, el baterista Paul Garisto, el guitarrista Rich Good, la tecladista Amanda Kramer y el saxofonista Mars Williams, han lanzado el primer sencillo del \u00e1lbum en forma de Don\u2019t Believe.<\/p>\n<p>El \u00e1lbum fue producido por Richard Fortus, mientras que la mezcla fue manejada por Tim Palmer.<\/p>\n<p>Las pieles psicod\u00e9licas tambi\u00e9n han anunciado que tocar\u00e1n en el Royal Albert Hall de Londres el 14 de mayo, donde interpretar\u00e1n Made Of Rain en su totalidad, junto con un conjunto de grandes \u00e9xitos.<\/p>\n<p>A ellos se unir\u00e1n invitados especiales Jah Wobble y The Invaders of the Heart. Las entradas saldr\u00e1n a la venta en general a partir del 7 de febrero.<\/p>\n<p>Formado en 1977 a partir de la escena post-punk del Reino Unido, The Psychedelic Furs tuvo \u00e9xito en las listas y se convirti\u00f3 en un nombre familiar en 1986 cuando lanzaron una nueva versi\u00f3n de su canci\u00f3n Pretty In Pink de 1981 para la pel\u00edcula del mismo nombre de John Hughes.<\/p>\n<p>Richard Butler dice: \u00abSoy consciente del hecho de que las personas nos citan una influencia, aunque a menudo no la reconozco en su m\u00fasica. Por supuesto, es gratificante, ya que todav\u00eda hay una audiencia interesada y entusiasta para nosotros. Eso es un honor \u00ab.<\/p>\n<div class=\"fb-background-color\">\n\t\t\t  <div \n\t\t\t  \tclass = \"fb-comments\" \n\t\t\t  \tdata-href = \"https:\/\/radiounodigital.com\/web\/2020\/02\/03\/66-5000-the-psychedelic-furs-anuncian-su-primer-album-en-casi-30-anos\/\"\n\t\t\t  \tdata-numposts = \"10\"\n\t\t\t  \tdata-lazy = \"true\"\n\t\t\t\tdata-colorscheme = \"dark\"\n\t\t\t\tdata-order-by = \"reverse_time\"\n\t\t\t\tdata-mobile=true>\n\t\t\t  <\/div><\/div>\n\t\t  <style>\n\t\t    .fb-background-color {\n\t\t\t\tbackground: #ffffff !important;\n\t\t\t}\n\t\t\t.fb_iframe_widget_fluid_desktop iframe {\n\t\t\t    width: 100% !important;\n\t\t\t}\n\t\t  <\/style>\n\t\t  ","protected":false},"excerpt":{"rendered":"<p>The Psychedelic Furs lanzar\u00e1 Made Of Rain este a\u00f1o, su primer \u00e1lbum desde World Outside de 1991. Psychedelic Furs ha anunciado que lanzar\u00e1n su primer \u00e1lbum en casi 30 a\u00f1os el 1 de mayo. Se titula Made Of Rain y se lanzar\u00e1 a trav\u00e9s de Cooking Vinyl, y es su primer disco desde el World&#8230; <a href=\"https:\/\/radiounodigital.com\/web\/2020\/02\/03\/66-5000-the-psychedelic-furs-anuncian-su-primer-album-en-casi-30-anos\/\" class=\"excerpt-read-more\">Read More<\/a><\/p>\n","protected":false},"author":1,"featured_media":3455,"comment_status":"open","ping_status":"open","sticky":false,"template":"","format":"standard","meta":{"footnotes":""},"categories":[286,180,127],"tags":[121,119,546,545,132,544,537],"class_list":["post-3454","post","type-post","status-publish","format-standard","has-post-thumbnail","hentry","category-estrenos-2019","category-news","category-rock","tag-album","tag-disco","tag-dont-believe","tag-made-of-rain","tag-nuevo","tag-psychedelic-furs","tag-sencillo"],"yoast_head":"<!-- This site is optimized with the Yoast SEO plugin v27.4 - https:\/\/yoast.com\/product\/yoast-seo-wordpress\/ -->\n<title>Escucha el nuevo sencillo de The Psychedelic Furs, que anuncian su primer \u00e1lbum en casi 30 a\u00f1os - Radio UNO Digital<\/title>\n<meta name=\"robots\" content=\"index, follow, max-snippet:-1, max-image-preview:large, max-video-preview:-1\" \/>\n<link rel=\"canonical\" href=\"https:\/\/radiounodigital.com\/web\/2020\/02\/03\/66-5000-the-psychedelic-furs-anuncian-su-primer-album-en-casi-30-anos\/\" \/>\n<meta property=\"og:locale\" content=\"es_ES\" \/>\n<meta property=\"og:type\" content=\"article\" \/>\n<meta property=\"og:title\" content=\"Escucha el nuevo sencillo de The Psychedelic Furs, que anuncian su primer \u00e1lbum en casi 30 a\u00f1os - Radio UNO Digital\" \/>\n<meta property=\"og:description\" content=\"The Psychedelic Furs lanzar\u00e1 Made Of Rain este a\u00f1o, su primer \u00e1lbum desde World Outside de 1991. Psychedelic Furs ha anunciado que lanzar\u00e1n su primer \u00e1lbum en casi 30 a\u00f1os el 1 de mayo. Se titula Made Of Rain y se lanzar\u00e1 a trav\u00e9s de Cooking Vinyl, y es su primer disco desde el World... Read More\" \/>\n<meta property=\"og:url\" content=\"https:\/\/radiounodigital.com\/web\/2020\/02\/03\/66-5000-the-psychedelic-furs-anuncian-su-primer-album-en-casi-30-anos\/\" \/>\n<meta property=\"og:site_name\" content=\"Radio UNO Digital\" \/>\n<meta property=\"article:published_time\" content=\"2020-02-03T16:45:25+00:00\" \/>\n<meta property=\"og:image\" content=\"https:\/\/radiounodigital.com\/web\/wp-content\/uploads\/2020\/02\/psuchedelic-furs.jpg\" \/>\n\t<meta property=\"og:image:width\" content=\"1024\" \/>\n\t<meta property=\"og:image:height\" content=\"576\" \/>\n\t<meta property=\"og:image:type\" content=\"image\/jpeg\" \/>\n<meta name=\"author\" content=\"diegoc\" \/>\n<meta name=\"twitter:card\" content=\"summary_large_image\" \/>\n<meta name=\"twitter:label1\" content=\"Escrito por\" \/>\n\t<meta name=\"twitter:data1\" content=\"diegoc\" \/>\n\t<meta name=\"twitter:label2\" content=\"Tiempo de lectura\" \/>\n\t<meta name=\"twitter:data2\" content=\"1 minuto\" \/>\n<script type=\"application\/ld+json\" class=\"yoast-schema-graph\">{\"@context\":\"https:\\\/\\\/schema.org\",\"@graph\":[{\"@type\":\"Article\",\"@id\":\"https:\\\/\\\/radiounodigital.com\\\/web\\\/2020\\\/02\\\/03\\\/66-5000-the-psychedelic-furs-anuncian-su-primer-album-en-casi-30-anos\\\/#article\",\"isPartOf\":{\"@id\":\"https:\\\/\\\/radiounodigital.com\\\/web\\\/2020\\\/02\\\/03\\\/66-5000-the-psychedelic-furs-anuncian-su-primer-album-en-casi-30-anos\\\/\"},\"author\":{\"name\":\"diegoc\",\"@id\":\"https:\\\/\\\/radiounodigital.com\\\/web\\\/#\\\/schema\\\/person\\\/00b93151fa54f619ecf9c183d1fc9758\"},\"headline\":\"Escucha el nuevo sencillo de The Psychedelic Furs, que anuncian su primer \u00e1lbum en casi 30 a\u00f1os\",\"datePublished\":\"2020-02-03T16:45:25+00:00\",\"mainEntityOfPage\":{\"@id\":\"https:\\\/\\\/radiounodigital.com\\\/web\\\/2020\\\/02\\\/03\\\/66-5000-the-psychedelic-furs-anuncian-su-primer-album-en-casi-30-anos\\\/\"},\"wordCount\":295,\"commentCount\":0,\"image\":{\"@id\":\"https:\\\/\\\/radiounodigital.com\\\/web\\\/2020\\\/02\\\/03\\\/66-5000-the-psychedelic-furs-anuncian-su-primer-album-en-casi-30-anos\\\/#primaryimage\"},\"thumbnailUrl\":\"https:\\\/\\\/radiounodigital.com\\\/web\\\/wp-content\\\/uploads\\\/2020\\\/02\\\/psuchedelic-furs.jpg\",\"keywords\":[\"album\",\"disco\",\"Don't Believe\",\"made of rain\",\"nuevo\",\"Psychedelic Furs\",\"sencillo\"],\"articleSection\":[\"ESTRENOS 2019\",\"news\",\"Rock\"],\"inLanguage\":\"es\",\"potentialAction\":[{\"@type\":\"CommentAction\",\"name\":\"Comment\",\"target\":[\"https:\\\/\\\/radiounodigital.com\\\/web\\\/2020\\\/02\\\/03\\\/66-5000-the-psychedelic-furs-anuncian-su-primer-album-en-casi-30-anos\\\/#respond\"]}]},{\"@type\":\"WebPage\",\"@id\":\"https:\\\/\\\/radiounodigital.com\\\/web\\\/2020\\\/02\\\/03\\\/66-5000-the-psychedelic-furs-anuncian-su-primer-album-en-casi-30-anos\\\/\",\"url\":\"https:\\\/\\\/radiounodigital.com\\\/web\\\/2020\\\/02\\\/03\\\/66-5000-the-psychedelic-furs-anuncian-su-primer-album-en-casi-30-anos\\\/\",\"name\":\"Escucha el nuevo sencillo de The Psychedelic Furs, que anuncian su primer \u00e1lbum en casi 30 a\u00f1os - Radio UNO Digital\",\"isPartOf\":{\"@id\":\"https:\\\/\\\/radiounodigital.com\\\/web\\\/#website\"},\"primaryImageOfPage\":{\"@id\":\"https:\\\/\\\/radiounodigital.com\\\/web\\\/2020\\\/02\\\/03\\\/66-5000-the-psychedelic-furs-anuncian-su-primer-album-en-casi-30-anos\\\/#primaryimage\"},\"image\":{\"@id\":\"https:\\\/\\\/radiounodigital.com\\\/web\\\/2020\\\/02\\\/03\\\/66-5000-the-psychedelic-furs-anuncian-su-primer-album-en-casi-30-anos\\\/#primaryimage\"},\"thumbnailUrl\":\"https:\\\/\\\/radiounodigital.com\\\/web\\\/wp-content\\\/uploads\\\/2020\\\/02\\\/psuchedelic-furs.jpg\",\"datePublished\":\"2020-02-03T16:45:25+00:00\",\"author\":{\"@id\":\"https:\\\/\\\/radiounodigital.com\\\/web\\\/#\\\/schema\\\/person\\\/00b93151fa54f619ecf9c183d1fc9758\"},\"breadcrumb\":{\"@id\":\"https:\\\/\\\/radiounodigital.com\\\/web\\\/2020\\\/02\\\/03\\\/66-5000-the-psychedelic-furs-anuncian-su-primer-album-en-casi-30-anos\\\/#breadcrumb\"},\"inLanguage\":\"es\",\"potentialAction\":[{\"@type\":\"ReadAction\",\"target\":[\"https:\\\/\\\/radiounodigital.com\\\/web\\\/2020\\\/02\\\/03\\\/66-5000-the-psychedelic-furs-anuncian-su-primer-album-en-casi-30-anos\\\/\"]}]},{\"@type\":\"ImageObject\",\"inLanguage\":\"es\",\"@id\":\"https:\\\/\\\/radiounodigital.com\\\/web\\\/2020\\\/02\\\/03\\\/66-5000-the-psychedelic-furs-anuncian-su-primer-album-en-casi-30-anos\\\/#primaryimage\",\"url\":\"https:\\\/\\\/radiounodigital.com\\\/web\\\/wp-content\\\/uploads\\\/2020\\\/02\\\/psuchedelic-furs.jpg\",\"contentUrl\":\"https:\\\/\\\/radiounodigital.com\\\/web\\\/wp-content\\\/uploads\\\/2020\\\/02\\\/psuchedelic-furs.jpg\",\"width\":1024,\"height\":576},{\"@type\":\"BreadcrumbList\",\"@id\":\"https:\\\/\\\/radiounodigital.com\\\/web\\\/2020\\\/02\\\/03\\\/66-5000-the-psychedelic-furs-anuncian-su-primer-album-en-casi-30-anos\\\/#breadcrumb\",\"itemListElement\":[{\"@type\":\"ListItem\",\"position\":1,\"name\":\"Home\",\"item\":\"https:\\\/\\\/radiounodigital.com\\\/web\\\/\"},{\"@type\":\"ListItem\",\"position\":2,\"name\":\"Escucha el nuevo sencillo de The Psychedelic Furs, que anuncian su primer \u00e1lbum en casi 30 a\u00f1os\"}]},{\"@type\":\"WebSite\",\"@id\":\"https:\\\/\\\/radiounodigital.com\\\/web\\\/#website\",\"url\":\"https:\\\/\\\/radiounodigital.com\\\/web\\\/\",\"name\":\"Radio UNO Digital\",\"description\":\"Donde la cultura del rock se siente\",\"potentialAction\":[{\"@type\":\"SearchAction\",\"target\":{\"@type\":\"EntryPoint\",\"urlTemplate\":\"https:\\\/\\\/radiounodigital.com\\\/web\\\/?s={search_term_string}\"},\"query-input\":{\"@type\":\"PropertyValueSpecification\",\"valueRequired\":true,\"valueName\":\"search_term_string\"}}],\"inLanguage\":\"es\"},{\"@type\":\"Person\",\"@id\":\"https:\\\/\\\/radiounodigital.com\\\/web\\\/#\\\/schema\\\/person\\\/00b93151fa54f619ecf9c183d1fc9758\",\"name\":\"diegoc\",\"image\":{\"@type\":\"ImageObject\",\"inLanguage\":\"es\",\"@id\":\"https:\\\/\\\/secure.gravatar.com\\\/avatar\\\/0a67041d44c702fb0660d81a5a32c7ce6007341cf92afeb718b75883bf415864?s=96&d=blank&r=g\",\"url\":\"https:\\\/\\\/secure.gravatar.com\\\/avatar\\\/0a67041d44c702fb0660d81a5a32c7ce6007341cf92afeb718b75883bf415864?s=96&d=blank&r=g\",\"contentUrl\":\"https:\\\/\\\/secure.gravatar.com\\\/avatar\\\/0a67041d44c702fb0660d81a5a32c7ce6007341cf92afeb718b75883bf415864?s=96&d=blank&r=g\",\"caption\":\"diegoc\"},\"url\":\"https:\\\/\\\/radiounodigital.com\\\/web\\\/author\\\/diegoc\\\/\"}]}<\/script>\n<!-- \/ Yoast SEO plugin. -->","yoast_head_json":{"title":"Escucha el nuevo sencillo de The Psychedelic Furs, que anuncian su primer \u00e1lbum en casi 30 a\u00f1os - Radio UNO Digital","robots":{"index":"index","follow":"follow","max-snippet":"max-snippet:-1","max-image-preview":"max-image-preview:large","max-video-preview":"max-video-preview:-1"},"canonical":"https:\/\/radiounodigital.com\/web\/2020\/02\/03\/66-5000-the-psychedelic-furs-anuncian-su-primer-album-en-casi-30-anos\/","og_locale":"es_ES","og_type":"article","og_title":"Escucha el nuevo sencillo de The Psychedelic Furs, que anuncian su primer \u00e1lbum en casi 30 a\u00f1os - Radio UNO Digital","og_description":"The Psychedelic Furs lanzar\u00e1 Made Of Rain este a\u00f1o, su primer \u00e1lbum desde World Outside de 1991. Psychedelic Furs ha anunciado que lanzar\u00e1n su primer \u00e1lbum en casi 30 a\u00f1os el 1 de mayo. Se titula Made Of Rain y se lanzar\u00e1 a trav\u00e9s de Cooking Vinyl, y es su primer disco desde el World... Read More","og_url":"https:\/\/radiounodigital.com\/web\/2020\/02\/03\/66-5000-the-psychedelic-furs-anuncian-su-primer-album-en-casi-30-anos\/","og_site_name":"Radio UNO Digital","article_published_time":"2020-02-03T16:45:25+00:00","og_image":[{"width":1024,"height":576,"url":"https:\/\/radiounodigital.com\/web\/wp-content\/uploads\/2020\/02\/psuchedelic-furs.jpg","type":"image\/jpeg"}],"author":"diegoc","twitter_card":"summary_large_image","twitter_misc":{"Escrito por":"diegoc","Tiempo de lectura":"1 minuto"},"schema":{"@context":"https:\/\/schema.org","@graph":[{"@type":"Article","@id":"https:\/\/radiounodigital.com\/web\/2020\/02\/03\/66-5000-the-psychedelic-furs-anuncian-su-primer-album-en-casi-30-anos\/#article","isPartOf":{"@id":"https:\/\/radiounodigital.com\/web\/2020\/02\/03\/66-5000-the-psychedelic-furs-anuncian-su-primer-album-en-casi-30-anos\/"},"author":{"name":"diegoc","@id":"https:\/\/radiounodigital.com\/web\/#\/schema\/person\/00b93151fa54f619ecf9c183d1fc9758"},"headline":"Escucha el nuevo sencillo de The Psychedelic Furs, que anuncian su primer \u00e1lbum en casi 30 a\u00f1os","datePublished":"2020-02-03T16:45:25+00:00","mainEntityOfPage":{"@id":"https:\/\/radiounodigital.com\/web\/2020\/02\/03\/66-5000-the-psychedelic-furs-anuncian-su-primer-album-en-casi-30-anos\/"},"wordCount":295,"commentCount":0,"image":{"@id":"https:\/\/radiounodigital.com\/web\/2020\/02\/03\/66-5000-the-psychedelic-furs-anuncian-su-primer-album-en-casi-30-anos\/#primaryimage"},"thumbnailUrl":"https:\/\/radiounodigital.com\/web\/wp-content\/uploads\/2020\/02\/psuchedelic-furs.jpg","keywords":["album","disco","Don't Believe","made of rain","nuevo","Psychedelic Furs","sencillo"],"articleSection":["ESTRENOS 2019","news","Rock"],"inLanguage":"es","potentialAction":[{"@type":"CommentAction","name":"Comment","target":["https:\/\/radiounodigital.com\/web\/2020\/02\/03\/66-5000-the-psychedelic-furs-anuncian-su-primer-album-en-casi-30-anos\/#respond"]}]},{"@type":"WebPage","@id":"https:\/\/radiounodigital.com\/web\/2020\/02\/03\/66-5000-the-psychedelic-furs-anuncian-su-primer-album-en-casi-30-anos\/","url":"https:\/\/radiounodigital.com\/web\/2020\/02\/03\/66-5000-the-psychedelic-furs-anuncian-su-primer-album-en-casi-30-anos\/","name":"Escucha el nuevo sencillo de The Psychedelic Furs, que anuncian su primer \u00e1lbum en casi 30 a\u00f1os - Radio UNO Digital","isPartOf":{"@id":"https:\/\/radiounodigital.com\/web\/#website"},"primaryImageOfPage":{"@id":"https:\/\/radiounodigital.com\/web\/2020\/02\/03\/66-5000-the-psychedelic-furs-anuncian-su-primer-album-en-casi-30-anos\/#primaryimage"},"image":{"@id":"https:\/\/radiounodigital.com\/web\/2020\/02\/03\/66-5000-the-psychedelic-furs-anuncian-su-primer-album-en-casi-30-anos\/#primaryimage"},"thumbnailUrl":"https:\/\/radiounodigital.com\/web\/wp-content\/uploads\/2020\/02\/psuchedelic-furs.jpg","datePublished":"2020-02-03T16:45:25+00:00","author":{"@id":"https:\/\/radiounodigital.com\/web\/#\/schema\/person\/00b93151fa54f619ecf9c183d1fc9758"},"breadcrumb":{"@id":"https:\/\/radiounodigital.com\/web\/2020\/02\/03\/66-5000-the-psychedelic-furs-anuncian-su-primer-album-en-casi-30-anos\/#breadcrumb"},"inLanguage":"es","potentialAction":[{"@type":"ReadAction","target":["https:\/\/radiounodigital.com\/web\/2020\/02\/03\/66-5000-the-psychedelic-furs-anuncian-su-primer-album-en-casi-30-anos\/"]}]},{"@type":"ImageObject","inLanguage":"es","@id":"https:\/\/radiounodigital.com\/web\/2020\/02\/03\/66-5000-the-psychedelic-furs-anuncian-su-primer-album-en-casi-30-anos\/#primaryimage","url":"https:\/\/radiounodigital.com\/web\/wp-content\/uploads\/2020\/02\/psuchedelic-furs.jpg","contentUrl":"https:\/\/radiounodigital.com\/web\/wp-content\/uploads\/2020\/02\/psuchedelic-furs.jpg","width":1024,"height":576},{"@type":"BreadcrumbList","@id":"https:\/\/radiounodigital.com\/web\/2020\/02\/03\/66-5000-the-psychedelic-furs-anuncian-su-primer-album-en-casi-30-anos\/#breadcrumb","itemListElement":[{"@type":"ListItem","position":1,"name":"Home","item":"https:\/\/radiounodigital.com\/web\/"},{"@type":"ListItem","position":2,"name":"Escucha el nuevo sencillo de The Psychedelic Furs, que anuncian su primer \u00e1lbum en casi 30 a\u00f1os"}]},{"@type":"WebSite","@id":"https:\/\/radiounodigital.com\/web\/#website","url":"https:\/\/radiounodigital.com\/web\/","name":"Radio UNO Digital","description":"Donde la cultura del rock se siente","potentialAction":[{"@type":"SearchAction","target":{"@type":"EntryPoint","urlTemplate":"https:\/\/radiounodigital.com\/web\/?s={search_term_string}"},"query-input":{"@type":"PropertyValueSpecification","valueRequired":true,"valueName":"search_term_string"}}],"inLanguage":"es"},{"@type":"Person","@id":"https:\/\/radiounodigital.com\/web\/#\/schema\/person\/00b93151fa54f619ecf9c183d1fc9758","name":"diegoc","image":{"@type":"ImageObject","inLanguage":"es","@id":"https:\/\/secure.gravatar.com\/avatar\/0a67041d44c702fb0660d81a5a32c7ce6007341cf92afeb718b75883bf415864?s=96&d=blank&r=g","url":"https:\/\/secure.gravatar.com\/avatar\/0a67041d44c702fb0660d81a5a32c7ce6007341cf92afeb718b75883bf415864?s=96&d=blank&r=g","contentUrl":"https:\/\/secure.gravatar.com\/avatar\/0a67041d44c702fb0660d81a5a32c7ce6007341cf92afeb718b75883bf415864?s=96&d=blank&r=g","caption":"diegoc"},"url":"https:\/\/radiounodigital.com\/web\/author\/diegoc\/"}]}},"_links":{"self":[{"href":"https:\/\/radiounodigital.com\/web\/wp-json\/wp\/v2\/posts\/3454","targetHints":{"allow":["GET"]}}],"collection":[{"href":"https:\/\/radiounodigital.com\/web\/wp-json\/wp\/v2\/posts"}],"about":[{"href":"https:\/\/radiounodigital.com\/web\/wp-json\/wp\/v2\/types\/post"}],"author":[{"embeddable":true,"href":"https:\/\/radiounodigital.com\/web\/wp-json\/wp\/v2\/users\/1"}],"replies":[{"embeddable":true,"href":"https:\/\/radiounodigital.com\/web\/wp-json\/wp\/v2\/comments?post=3454"}],"version-history":[{"count":1,"href":"https:\/\/radiounodigital.com\/web\/wp-json\/wp\/v2\/posts\/3454\/revisions"}],"predecessor-version":[{"id":3456,"href":"https:\/\/radiounodigital.com\/web\/wp-json\/wp\/v2\/posts\/3454\/revisions\/3456"}],"wp:featuredmedia":[{"embeddable":true,"href":"https:\/\/radiounodigital.com\/web\/wp-json\/wp\/v2\/media\/3455"}],"wp:attachment":[{"href":"https:\/\/radiounodigital.com\/web\/wp-json\/wp\/v2\/media?parent=3454"}],"wp:term":[{"taxonomy":"category","embeddable":true,"href":"https:\/\/radiounodigital.com\/web\/wp-json\/wp\/v2\/categories?post=3454"},{"taxonomy":"post_tag","embeddable":true,"href":"https:\/\/radiounodigital.com\/web\/wp-json\/wp\/v2\/tags?post=3454"}],"curies":[{"name":"wp","href":"https:\/\/api.w.org\/{rel}","templated":true}]}}