{"id":3457,"date":"2020-02-04T14:53:05","date_gmt":"2020-02-04T14:53:05","guid":{"rendered":"https:\/\/radiounodigital.com\/web\/?p=3457"},"modified":"2020-02-04T14:53:05","modified_gmt":"2020-02-04T14:53:05","slug":"kiss-planea-una-biopic-para-el-2021","status":"publish","type":"post","link":"https:\/\/radiounodigital.com\/web\/2020\/02\/04\/kiss-planea-una-biopic-para-el-2021\/","title":{"rendered":"KISS planea una biopic para el 2021"},"content":{"rendered":"<h3>El gerente de Kiss, Doc McGhee, dice que la banda est\u00e1 alineando una pel\u00edcula al estilo Bohemian Rhapsody<\/h3>\n<p><iframe loading=\"lazy\" src=\"https:\/\/www.youtube.com\/embed\/dWJ5YMT1wc4\" width=\"560\" height=\"315\" frameborder=\"0\" allowfullscreen=\"allowfullscreen\"><\/iframe><\/p>\n<p>Kiss planea lanzar una pel\u00edcula biogr\u00e1fica antes de retirarse en 2021.<\/p>\n<p>El gerente Doc McGhee dice que las leyendas del rock seguir\u00e1n los pasos de Queen, M\u00f6tley Cr\u00fce y Elton John y lanzar\u00e1n su propia pel\u00edcula.<\/p>\n<p>Hablando en Rock Talk con Mitch Lafon, McGhee dijo: \u00abEsperemos que en la pr\u00f3xima semana tengamos una compa\u00f1\u00eda detr\u00e1s, y comencemos a terminar el gui\u00f3n, y con suerte para cuando terminemos, habr\u00e1 terminado una pel\u00edcula para Julio del a\u00f1o que viene \u00ab.<\/p>\n<p>McGhee revel\u00f3 que el productor Mark Canton, quien trabaj\u00f3 en la pel\u00edcula 300, est\u00e1 involucrado en el proyecto. Si va seg\u00fan lo programado, la pel\u00edcula sin t\u00edtulo deber\u00eda llegar en julio de 2021, el mismo mes en que Kiss se presentar\u00e1 en su \u00faltimo show en su ciudad natal de la ciudad de Nueva York.<\/p>\n<p>Kiss recientemente inici\u00f3 su gira por Estados Unidos con el ex cantante de Van Halen David Lee Roth en apoyo.<\/p>\n<div class=\"fb-background-color\">\n\t\t\t  <div \n\t\t\t  \tclass = \"fb-comments\" \n\t\t\t  \tdata-href = \"https:\/\/radiounodigital.com\/web\/2020\/02\/04\/kiss-planea-una-biopic-para-el-2021\/\"\n\t\t\t  \tdata-numposts = \"10\"\n\t\t\t  \tdata-lazy = \"true\"\n\t\t\t\tdata-colorscheme = \"dark\"\n\t\t\t\tdata-order-by = \"reverse_time\"\n\t\t\t\tdata-mobile=true>\n\t\t\t  <\/div><\/div>\n\t\t  <style>\n\t\t    .fb-background-color {\n\t\t\t\tbackground: #ffffff !important;\n\t\t\t}\n\t\t\t.fb_iframe_widget_fluid_desktop iframe {\n\t\t\t    width: 100% !important;\n\t\t\t}\n\t\t  <\/style>\n\t\t  ","protected":false},"excerpt":{"rendered":"<p>El gerente de Kiss, Doc McGhee, dice que la banda est\u00e1 alineando una pel\u00edcula al estilo Bohemian Rhapsody Kiss planea lanzar una pel\u00edcula biogr\u00e1fica antes de retirarse en 2021. El gerente Doc McGhee dice que las leyendas del rock seguir\u00e1n los pasos de Queen, M\u00f6tley Cr\u00fce y Elton John y lanzar\u00e1n su propia pel\u00edcula. Hablando&#8230; <a href=\"https:\/\/radiounodigital.com\/web\/2020\/02\/04\/kiss-planea-una-biopic-para-el-2021\/\" class=\"excerpt-read-more\">Read More<\/a><\/p>\n","protected":false},"author":1,"featured_media":3458,"comment_status":"open","ping_status":"open","sticky":false,"template":"","format":"standard","meta":{"footnotes":""},"categories":[180,128],"tags":[548,337,547],"class_list":["post-3457","post","type-post","status-publish","format-standard","has-post-thumbnail","hentry","category-news","category-rock-clasico","tag-548","tag-biopic","tag-kiss"],"yoast_head":"<!-- This site is optimized with the Yoast SEO plugin v27.4 - https:\/\/yoast.com\/product\/yoast-seo-wordpress\/ -->\n<title>KISS planea una biopic para el 2021 - Radio UNO Digital<\/title>\n<meta name=\"robots\" content=\"index, follow, max-snippet:-1, max-image-preview:large, max-video-preview:-1\" \/>\n<link rel=\"canonical\" href=\"https:\/\/radiounodigital.com\/web\/2020\/02\/04\/kiss-planea-una-biopic-para-el-2021\/\" \/>\n<meta property=\"og:locale\" content=\"es_ES\" \/>\n<meta property=\"og:type\" content=\"article\" \/>\n<meta property=\"og:title\" content=\"KISS planea una biopic para el 2021 - Radio UNO Digital\" \/>\n<meta property=\"og:description\" content=\"El gerente de Kiss, Doc McGhee, dice que la banda est\u00e1 alineando una pel\u00edcula al estilo Bohemian Rhapsody Kiss planea lanzar una pel\u00edcula biogr\u00e1fica antes de retirarse en 2021. El gerente Doc McGhee dice que las leyendas del rock seguir\u00e1n los pasos de Queen, M\u00f6tley Cr\u00fce y Elton John y lanzar\u00e1n su propia pel\u00edcula. Hablando... Read More\" \/>\n<meta property=\"og:url\" content=\"https:\/\/radiounodigital.com\/web\/2020\/02\/04\/kiss-planea-una-biopic-para-el-2021\/\" \/>\n<meta property=\"og:site_name\" content=\"Radio UNO Digital\" \/>\n<meta property=\"article:published_time\" content=\"2020-02-04T14:53:05+00:00\" \/>\n<meta property=\"og:image\" content=\"https:\/\/radiounodigital.com\/web\/wp-content\/uploads\/2020\/02\/kiss-pail-kane-Gett_Images.jpg\" \/>\n\t<meta property=\"og:image:width\" content=\"970\" \/>\n\t<meta property=\"og:image:height\" content=\"546\" \/>\n\t<meta property=\"og:image:type\" content=\"image\/jpeg\" \/>\n<meta name=\"author\" content=\"diegoc\" \/>\n<meta name=\"twitter:card\" content=\"summary_large_image\" \/>\n<meta name=\"twitter:label1\" content=\"Escrito por\" \/>\n\t<meta name=\"twitter:data1\" content=\"diegoc\" \/>\n\t<meta name=\"twitter:label2\" content=\"Tiempo de lectura\" \/>\n\t<meta name=\"twitter:data2\" content=\"1 minuto\" \/>\n<script type=\"application\/ld+json\" class=\"yoast-schema-graph\">{\"@context\":\"https:\\\/\\\/schema.org\",\"@graph\":[{\"@type\":\"Article\",\"@id\":\"https:\\\/\\\/radiounodigital.com\\\/web\\\/2020\\\/02\\\/04\\\/kiss-planea-una-biopic-para-el-2021\\\/#article\",\"isPartOf\":{\"@id\":\"https:\\\/\\\/radiounodigital.com\\\/web\\\/2020\\\/02\\\/04\\\/kiss-planea-una-biopic-para-el-2021\\\/\"},\"author\":{\"name\":\"diegoc\",\"@id\":\"https:\\\/\\\/radiounodigital.com\\\/web\\\/#\\\/schema\\\/person\\\/00b93151fa54f619ecf9c183d1fc9758\"},\"headline\":\"KISS planea una biopic para el 2021\",\"datePublished\":\"2020-02-04T14:53:05+00:00\",\"mainEntityOfPage\":{\"@id\":\"https:\\\/\\\/radiounodigital.com\\\/web\\\/2020\\\/02\\\/04\\\/kiss-planea-una-biopic-para-el-2021\\\/\"},\"wordCount\":192,\"commentCount\":0,\"image\":{\"@id\":\"https:\\\/\\\/radiounodigital.com\\\/web\\\/2020\\\/02\\\/04\\\/kiss-planea-una-biopic-para-el-2021\\\/#primaryimage\"},\"thumbnailUrl\":\"https:\\\/\\\/radiounodigital.com\\\/web\\\/wp-content\\\/uploads\\\/2020\\\/02\\\/kiss-pail-kane-Gett_Images.jpg\",\"keywords\":[\"2021\",\"biopic\",\"kiss\"],\"articleSection\":[\"news\",\"Rock Clasico\"],\"inLanguage\":\"es\",\"potentialAction\":[{\"@type\":\"CommentAction\",\"name\":\"Comment\",\"target\":[\"https:\\\/\\\/radiounodigital.com\\\/web\\\/2020\\\/02\\\/04\\\/kiss-planea-una-biopic-para-el-2021\\\/#respond\"]}]},{\"@type\":\"WebPage\",\"@id\":\"https:\\\/\\\/radiounodigital.com\\\/web\\\/2020\\\/02\\\/04\\\/kiss-planea-una-biopic-para-el-2021\\\/\",\"url\":\"https:\\\/\\\/radiounodigital.com\\\/web\\\/2020\\\/02\\\/04\\\/kiss-planea-una-biopic-para-el-2021\\\/\",\"name\":\"KISS planea una biopic para el 2021 - Radio UNO Digital\",\"isPartOf\":{\"@id\":\"https:\\\/\\\/radiounodigital.com\\\/web\\\/#website\"},\"primaryImageOfPage\":{\"@id\":\"https:\\\/\\\/radiounodigital.com\\\/web\\\/2020\\\/02\\\/04\\\/kiss-planea-una-biopic-para-el-2021\\\/#primaryimage\"},\"image\":{\"@id\":\"https:\\\/\\\/radiounodigital.com\\\/web\\\/2020\\\/02\\\/04\\\/kiss-planea-una-biopic-para-el-2021\\\/#primaryimage\"},\"thumbnailUrl\":\"https:\\\/\\\/radiounodigital.com\\\/web\\\/wp-content\\\/uploads\\\/2020\\\/02\\\/kiss-pail-kane-Gett_Images.jpg\",\"datePublished\":\"2020-02-04T14:53:05+00:00\",\"author\":{\"@id\":\"https:\\\/\\\/radiounodigital.com\\\/web\\\/#\\\/schema\\\/person\\\/00b93151fa54f619ecf9c183d1fc9758\"},\"breadcrumb\":{\"@id\":\"https:\\\/\\\/radiounodigital.com\\\/web\\\/2020\\\/02\\\/04\\\/kiss-planea-una-biopic-para-el-2021\\\/#breadcrumb\"},\"inLanguage\":\"es\",\"potentialAction\":[{\"@type\":\"ReadAction\",\"target\":[\"https:\\\/\\\/radiounodigital.com\\\/web\\\/2020\\\/02\\\/04\\\/kiss-planea-una-biopic-para-el-2021\\\/\"]}]},{\"@type\":\"ImageObject\",\"inLanguage\":\"es\",\"@id\":\"https:\\\/\\\/radiounodigital.com\\\/web\\\/2020\\\/02\\\/04\\\/kiss-planea-una-biopic-para-el-2021\\\/#primaryimage\",\"url\":\"https:\\\/\\\/radiounodigital.com\\\/web\\\/wp-content\\\/uploads\\\/2020\\\/02\\\/kiss-pail-kane-Gett_Images.jpg\",\"contentUrl\":\"https:\\\/\\\/radiounodigital.com\\\/web\\\/wp-content\\\/uploads\\\/2020\\\/02\\\/kiss-pail-kane-Gett_Images.jpg\",\"width\":970,\"height\":546,\"caption\":\"Credit: Paul Kane (Getty Images)\"},{\"@type\":\"BreadcrumbList\",\"@id\":\"https:\\\/\\\/radiounodigital.com\\\/web\\\/2020\\\/02\\\/04\\\/kiss-planea-una-biopic-para-el-2021\\\/#breadcrumb\",\"itemListElement\":[{\"@type\":\"ListItem\",\"position\":1,\"name\":\"Home\",\"item\":\"https:\\\/\\\/radiounodigital.com\\\/web\\\/\"},{\"@type\":\"ListItem\",\"position\":2,\"name\":\"KISS planea una biopic para el 2021\"}]},{\"@type\":\"WebSite\",\"@id\":\"https:\\\/\\\/radiounodigital.com\\\/web\\\/#website\",\"url\":\"https:\\\/\\\/radiounodigital.com\\\/web\\\/\",\"name\":\"Radio UNO Digital\",\"description\":\"Donde la cultura del rock se siente\",\"potentialAction\":[{\"@type\":\"SearchAction\",\"target\":{\"@type\":\"EntryPoint\",\"urlTemplate\":\"https:\\\/\\\/radiounodigital.com\\\/web\\\/?s={search_term_string}\"},\"query-input\":{\"@type\":\"PropertyValueSpecification\",\"valueRequired\":true,\"valueName\":\"search_term_string\"}}],\"inLanguage\":\"es\"},{\"@type\":\"Person\",\"@id\":\"https:\\\/\\\/radiounodigital.com\\\/web\\\/#\\\/schema\\\/person\\\/00b93151fa54f619ecf9c183d1fc9758\",\"name\":\"diegoc\",\"image\":{\"@type\":\"ImageObject\",\"inLanguage\":\"es\",\"@id\":\"https:\\\/\\\/secure.gravatar.com\\\/avatar\\\/0a67041d44c702fb0660d81a5a32c7ce6007341cf92afeb718b75883bf415864?s=96&d=blank&r=g\",\"url\":\"https:\\\/\\\/secure.gravatar.com\\\/avatar\\\/0a67041d44c702fb0660d81a5a32c7ce6007341cf92afeb718b75883bf415864?s=96&d=blank&r=g\",\"contentUrl\":\"https:\\\/\\\/secure.gravatar.com\\\/avatar\\\/0a67041d44c702fb0660d81a5a32c7ce6007341cf92afeb718b75883bf415864?s=96&d=blank&r=g\",\"caption\":\"diegoc\"},\"url\":\"https:\\\/\\\/radiounodigital.com\\\/web\\\/author\\\/diegoc\\\/\"}]}<\/script>\n<!-- \/ Yoast SEO plugin. -->","yoast_head_json":{"title":"KISS planea una biopic para el 2021 - Radio UNO Digital","robots":{"index":"index","follow":"follow","max-snippet":"max-snippet:-1","max-image-preview":"max-image-preview:large","max-video-preview":"max-video-preview:-1"},"canonical":"https:\/\/radiounodigital.com\/web\/2020\/02\/04\/kiss-planea-una-biopic-para-el-2021\/","og_locale":"es_ES","og_type":"article","og_title":"KISS planea una biopic para el 2021 - Radio UNO Digital","og_description":"El gerente de Kiss, Doc McGhee, dice que la banda est\u00e1 alineando una pel\u00edcula al estilo Bohemian Rhapsody Kiss planea lanzar una pel\u00edcula biogr\u00e1fica antes de retirarse en 2021. El gerente Doc McGhee dice que las leyendas del rock seguir\u00e1n los pasos de Queen, M\u00f6tley Cr\u00fce y Elton John y lanzar\u00e1n su propia pel\u00edcula. Hablando... Read More","og_url":"https:\/\/radiounodigital.com\/web\/2020\/02\/04\/kiss-planea-una-biopic-para-el-2021\/","og_site_name":"Radio UNO Digital","article_published_time":"2020-02-04T14:53:05+00:00","og_image":[{"width":970,"height":546,"url":"https:\/\/radiounodigital.com\/web\/wp-content\/uploads\/2020\/02\/kiss-pail-kane-Gett_Images.jpg","type":"image\/jpeg"}],"author":"diegoc","twitter_card":"summary_large_image","twitter_misc":{"Escrito por":"diegoc","Tiempo de lectura":"1 minuto"},"schema":{"@context":"https:\/\/schema.org","@graph":[{"@type":"Article","@id":"https:\/\/radiounodigital.com\/web\/2020\/02\/04\/kiss-planea-una-biopic-para-el-2021\/#article","isPartOf":{"@id":"https:\/\/radiounodigital.com\/web\/2020\/02\/04\/kiss-planea-una-biopic-para-el-2021\/"},"author":{"name":"diegoc","@id":"https:\/\/radiounodigital.com\/web\/#\/schema\/person\/00b93151fa54f619ecf9c183d1fc9758"},"headline":"KISS planea una biopic para el 2021","datePublished":"2020-02-04T14:53:05+00:00","mainEntityOfPage":{"@id":"https:\/\/radiounodigital.com\/web\/2020\/02\/04\/kiss-planea-una-biopic-para-el-2021\/"},"wordCount":192,"commentCount":0,"image":{"@id":"https:\/\/radiounodigital.com\/web\/2020\/02\/04\/kiss-planea-una-biopic-para-el-2021\/#primaryimage"},"thumbnailUrl":"https:\/\/radiounodigital.com\/web\/wp-content\/uploads\/2020\/02\/kiss-pail-kane-Gett_Images.jpg","keywords":["2021","biopic","kiss"],"articleSection":["news","Rock Clasico"],"inLanguage":"es","potentialAction":[{"@type":"CommentAction","name":"Comment","target":["https:\/\/radiounodigital.com\/web\/2020\/02\/04\/kiss-planea-una-biopic-para-el-2021\/#respond"]}]},{"@type":"WebPage","@id":"https:\/\/radiounodigital.com\/web\/2020\/02\/04\/kiss-planea-una-biopic-para-el-2021\/","url":"https:\/\/radiounodigital.com\/web\/2020\/02\/04\/kiss-planea-una-biopic-para-el-2021\/","name":"KISS planea una biopic para el 2021 - Radio UNO Digital","isPartOf":{"@id":"https:\/\/radiounodigital.com\/web\/#website"},"primaryImageOfPage":{"@id":"https:\/\/radiounodigital.com\/web\/2020\/02\/04\/kiss-planea-una-biopic-para-el-2021\/#primaryimage"},"image":{"@id":"https:\/\/radiounodigital.com\/web\/2020\/02\/04\/kiss-planea-una-biopic-para-el-2021\/#primaryimage"},"thumbnailUrl":"https:\/\/radiounodigital.com\/web\/wp-content\/uploads\/2020\/02\/kiss-pail-kane-Gett_Images.jpg","datePublished":"2020-02-04T14:53:05+00:00","author":{"@id":"https:\/\/radiounodigital.com\/web\/#\/schema\/person\/00b93151fa54f619ecf9c183d1fc9758"},"breadcrumb":{"@id":"https:\/\/radiounodigital.com\/web\/2020\/02\/04\/kiss-planea-una-biopic-para-el-2021\/#breadcrumb"},"inLanguage":"es","potentialAction":[{"@type":"ReadAction","target":["https:\/\/radiounodigital.com\/web\/2020\/02\/04\/kiss-planea-una-biopic-para-el-2021\/"]}]},{"@type":"ImageObject","inLanguage":"es","@id":"https:\/\/radiounodigital.com\/web\/2020\/02\/04\/kiss-planea-una-biopic-para-el-2021\/#primaryimage","url":"https:\/\/radiounodigital.com\/web\/wp-content\/uploads\/2020\/02\/kiss-pail-kane-Gett_Images.jpg","contentUrl":"https:\/\/radiounodigital.com\/web\/wp-content\/uploads\/2020\/02\/kiss-pail-kane-Gett_Images.jpg","width":970,"height":546,"caption":"Credit: Paul Kane (Getty Images)"},{"@type":"BreadcrumbList","@id":"https:\/\/radiounodigital.com\/web\/2020\/02\/04\/kiss-planea-una-biopic-para-el-2021\/#breadcrumb","itemListElement":[{"@type":"ListItem","position":1,"name":"Home","item":"https:\/\/radiounodigital.com\/web\/"},{"@type":"ListItem","position":2,"name":"KISS planea una biopic para el 2021"}]},{"@type":"WebSite","@id":"https:\/\/radiounodigital.com\/web\/#website","url":"https:\/\/radiounodigital.com\/web\/","name":"Radio UNO Digital","description":"Donde la cultura del rock se siente","potentialAction":[{"@type":"SearchAction","target":{"@type":"EntryPoint","urlTemplate":"https:\/\/radiounodigital.com\/web\/?s={search_term_string}"},"query-input":{"@type":"PropertyValueSpecification","valueRequired":true,"valueName":"search_term_string"}}],"inLanguage":"es"},{"@type":"Person","@id":"https:\/\/radiounodigital.com\/web\/#\/schema\/person\/00b93151fa54f619ecf9c183d1fc9758","name":"diegoc","image":{"@type":"ImageObject","inLanguage":"es","@id":"https:\/\/secure.gravatar.com\/avatar\/0a67041d44c702fb0660d81a5a32c7ce6007341cf92afeb718b75883bf415864?s=96&d=blank&r=g","url":"https:\/\/secure.gravatar.com\/avatar\/0a67041d44c702fb0660d81a5a32c7ce6007341cf92afeb718b75883bf415864?s=96&d=blank&r=g","contentUrl":"https:\/\/secure.gravatar.com\/avatar\/0a67041d44c702fb0660d81a5a32c7ce6007341cf92afeb718b75883bf415864?s=96&d=blank&r=g","caption":"diegoc"},"url":"https:\/\/radiounodigital.com\/web\/author\/diegoc\/"}]}},"_links":{"self":[{"href":"https:\/\/radiounodigital.com\/web\/wp-json\/wp\/v2\/posts\/3457","targetHints":{"allow":["GET"]}}],"collection":[{"href":"https:\/\/radiounodigital.com\/web\/wp-json\/wp\/v2\/posts"}],"about":[{"href":"https:\/\/radiounodigital.com\/web\/wp-json\/wp\/v2\/types\/post"}],"author":[{"embeddable":true,"href":"https:\/\/radiounodigital.com\/web\/wp-json\/wp\/v2\/users\/1"}],"replies":[{"embeddable":true,"href":"https:\/\/radiounodigital.com\/web\/wp-json\/wp\/v2\/comments?post=3457"}],"version-history":[{"count":1,"href":"https:\/\/radiounodigital.com\/web\/wp-json\/wp\/v2\/posts\/3457\/revisions"}],"predecessor-version":[{"id":3459,"href":"https:\/\/radiounodigital.com\/web\/wp-json\/wp\/v2\/posts\/3457\/revisions\/3459"}],"wp:featuredmedia":[{"embeddable":true,"href":"https:\/\/radiounodigital.com\/web\/wp-json\/wp\/v2\/media\/3458"}],"wp:attachment":[{"href":"https:\/\/radiounodigital.com\/web\/wp-json\/wp\/v2\/media?parent=3457"}],"wp:term":[{"taxonomy":"category","embeddable":true,"href":"https:\/\/radiounodigital.com\/web\/wp-json\/wp\/v2\/categories?post=3457"},{"taxonomy":"post_tag","embeddable":true,"href":"https:\/\/radiounodigital.com\/web\/wp-json\/wp\/v2\/tags?post=3457"}],"curies":[{"name":"wp","href":"https:\/\/api.w.org\/{rel}","templated":true}]}}