{"id":3469,"date":"2020-02-06T14:08:29","date_gmt":"2020-02-06T14:08:29","guid":{"rendered":"https:\/\/radiounodigital.com\/web\/?p=3469"},"modified":"2020-02-06T14:09:48","modified_gmt":"2020-02-06T14:09:48","slug":"roberta-nesta-marley-a-75-anos-de-la-leyenda-que-respiraba-por-primera-vez","status":"publish","type":"post","link":"https:\/\/radiounodigital.com\/web\/2020\/02\/06\/roberta-nesta-marley-a-75-anos-de-la-leyenda-que-respiraba-por-primera-vez\/","title":{"rendered":"Roberta Nesta Marley: A 75 a\u00f1os de la leyenda que respiraba por primera vez"},"content":{"rendered":"<h3>Un d\u00eda como hoy pero de 1945, en un peque\u00f1o pueblo de la isla caribe\u00f1a llamado Nine Mile.<\/h3>\n<p>Bob hizo del reggae, el ritmo popular de su tierra, y lo convirti\u00f3 en patrimonio universal. Cuando mencionamos Jamaica, pensamos indefectiblemente en Reggae y bob Marley.<\/p>\n<p>Su historia no termino como todos quisieramos, ya\u00a0 que muri\u00f3 de c\u00e1ncer a los 36 a\u00f1os en un hospital de Miami, previo a una peregrinaci\u00f3n por varios pa\u00edses en busca de algun tratamiento que salvara su vida.<\/p>\n<p><iframe loading=\"lazy\" src=\"https:\/\/www.youtube.com\/embed\/videoseries?list=PL1uvTe4OACGrBS_A06_-fK7dvVIX3Jq4F\" width=\"560\" height=\"315\" frameborder=\"0\" allowfullscreen=\"allowfullscreen\"><span data-mce-type=\"bookmark\" style=\"display: inline-block; width: 0px; overflow: hidden; line-height: 0;\" class=\"mce_SELRES_start\">\ufeff<\/span><span data-mce-type=\"bookmark\" style=\"display: inline-block; width: 0px; overflow: hidden; line-height: 0;\" class=\"mce_SELRES_start\">\ufeff<\/span><\/iframe><\/p>\n<div class=\"fb-background-color\">\n\t\t\t  <div \n\t\t\t  \tclass = \"fb-comments\" \n\t\t\t  \tdata-href = \"https:\/\/radiounodigital.com\/web\/2020\/02\/06\/roberta-nesta-marley-a-75-anos-de-la-leyenda-que-respiraba-por-primera-vez\/\"\n\t\t\t  \tdata-numposts = \"10\"\n\t\t\t  \tdata-lazy = \"true\"\n\t\t\t\tdata-colorscheme = \"dark\"\n\t\t\t\tdata-order-by = \"reverse_time\"\n\t\t\t\tdata-mobile=true>\n\t\t\t  <\/div><\/div>\n\t\t  <style>\n\t\t    .fb-background-color {\n\t\t\t\tbackground: #ffffff !important;\n\t\t\t}\n\t\t\t.fb_iframe_widget_fluid_desktop iframe {\n\t\t\t    width: 100% !important;\n\t\t\t}\n\t\t  <\/style>\n\t\t  ","protected":false},"excerpt":{"rendered":"<p>Un d\u00eda como hoy pero de 1945, en un peque\u00f1o pueblo de la isla caribe\u00f1a llamado Nine Mile. Bob hizo del reggae, el ritmo popular de su tierra, y lo convirti\u00f3 en patrimonio universal. Cuando mencionamos Jamaica, pensamos indefectiblemente en Reggae y bob Marley. Su historia no termino como todos quisieramos, ya\u00a0 que muri\u00f3 de&#8230; <a href=\"https:\/\/radiounodigital.com\/web\/2020\/02\/06\/roberta-nesta-marley-a-75-anos-de-la-leyenda-que-respiraba-por-primera-vez\/\" class=\"excerpt-read-more\">Read More<\/a><\/p>\n","protected":false},"author":1,"featured_media":3470,"comment_status":"open","ping_status":"open","sticky":false,"template":"","format":"standard","meta":{"footnotes":""},"categories":[180,128],"tags":[562,563,560,561],"class_list":["post-3469","post","type-post","status-publish","format-standard","has-post-thumbnail","hentry","category-news","category-rock-clasico","tag-6-de-febrero","tag-75-anos","tag-bob-marley","tag-cumpelanos"],"yoast_head":"<!-- This site is optimized with the Yoast SEO plugin v27.4 - https:\/\/yoast.com\/product\/yoast-seo-wordpress\/ -->\n<title>Roberta Nesta Marley: A 75 a\u00f1os de la leyenda que respiraba por primera vez - Radio UNO Digital<\/title>\n<meta name=\"robots\" content=\"index, follow, max-snippet:-1, max-image-preview:large, max-video-preview:-1\" \/>\n<link rel=\"canonical\" href=\"https:\/\/radiounodigital.com\/web\/2020\/02\/06\/roberta-nesta-marley-a-75-anos-de-la-leyenda-que-respiraba-por-primera-vez\/\" \/>\n<meta property=\"og:locale\" content=\"es_ES\" \/>\n<meta property=\"og:type\" content=\"article\" \/>\n<meta property=\"og:title\" content=\"Roberta Nesta Marley: A 75 a\u00f1os de la leyenda que respiraba por primera vez - Radio UNO Digital\" \/>\n<meta property=\"og:description\" content=\"Un d\u00eda como hoy pero de 1945, en un peque\u00f1o pueblo de la isla caribe\u00f1a llamado Nine Mile. Bob hizo del reggae, el ritmo popular de su tierra, y lo convirti\u00f3 en patrimonio universal. Cuando mencionamos Jamaica, pensamos indefectiblemente en Reggae y bob Marley. Su historia no termino como todos quisieramos, ya\u00a0 que muri\u00f3 de... Read More\" \/>\n<meta property=\"og:url\" content=\"https:\/\/radiounodigital.com\/web\/2020\/02\/06\/roberta-nesta-marley-a-75-anos-de-la-leyenda-que-respiraba-por-primera-vez\/\" \/>\n<meta property=\"og:site_name\" content=\"Radio UNO Digital\" \/>\n<meta property=\"article:published_time\" content=\"2020-02-06T14:08:29+00:00\" \/>\n<meta property=\"article:modified_time\" content=\"2020-02-06T14:09:48+00:00\" \/>\n<meta property=\"og:image\" content=\"https:\/\/radiounodigital.com\/web\/wp-content\/uploads\/2020\/02\/Bob_Marley-1920x1080-1.jpg\" \/>\n\t<meta property=\"og:image:width\" content=\"1920\" \/>\n\t<meta property=\"og:image:height\" content=\"1080\" \/>\n\t<meta property=\"og:image:type\" content=\"image\/jpeg\" \/>\n<meta name=\"author\" content=\"diegoc\" \/>\n<meta name=\"twitter:card\" content=\"summary_large_image\" \/>\n<meta name=\"twitter:label1\" content=\"Escrito por\" \/>\n\t<meta name=\"twitter:data1\" content=\"diegoc\" \/>\n<script type=\"application\/ld+json\" class=\"yoast-schema-graph\">{\"@context\":\"https:\\\/\\\/schema.org\",\"@graph\":[{\"@type\":\"Article\",\"@id\":\"https:\\\/\\\/radiounodigital.com\\\/web\\\/2020\\\/02\\\/06\\\/roberta-nesta-marley-a-75-anos-de-la-leyenda-que-respiraba-por-primera-vez\\\/#article\",\"isPartOf\":{\"@id\":\"https:\\\/\\\/radiounodigital.com\\\/web\\\/2020\\\/02\\\/06\\\/roberta-nesta-marley-a-75-anos-de-la-leyenda-que-respiraba-por-primera-vez\\\/\"},\"author\":{\"name\":\"diegoc\",\"@id\":\"https:\\\/\\\/radiounodigital.com\\\/web\\\/#\\\/schema\\\/person\\\/00b93151fa54f619ecf9c183d1fc9758\"},\"headline\":\"Roberta Nesta Marley: A 75 a\u00f1os de la leyenda que respiraba por primera vez\",\"datePublished\":\"2020-02-06T14:08:29+00:00\",\"dateModified\":\"2020-02-06T14:09:48+00:00\",\"mainEntityOfPage\":{\"@id\":\"https:\\\/\\\/radiounodigital.com\\\/web\\\/2020\\\/02\\\/06\\\/roberta-nesta-marley-a-75-anos-de-la-leyenda-que-respiraba-por-primera-vez\\\/\"},\"wordCount\":100,\"commentCount\":0,\"image\":{\"@id\":\"https:\\\/\\\/radiounodigital.com\\\/web\\\/2020\\\/02\\\/06\\\/roberta-nesta-marley-a-75-anos-de-la-leyenda-que-respiraba-por-primera-vez\\\/#primaryimage\"},\"thumbnailUrl\":\"https:\\\/\\\/radiounodigital.com\\\/web\\\/wp-content\\\/uploads\\\/2020\\\/02\\\/Bob_Marley-1920x1080-1.jpg\",\"keywords\":[\"6 de febrero\",\"75 a\u00f1os\",\"bob marley\",\"cumpela\u00f1os\"],\"articleSection\":[\"news\",\"Rock Clasico\"],\"inLanguage\":\"es\",\"potentialAction\":[{\"@type\":\"CommentAction\",\"name\":\"Comment\",\"target\":[\"https:\\\/\\\/radiounodigital.com\\\/web\\\/2020\\\/02\\\/06\\\/roberta-nesta-marley-a-75-anos-de-la-leyenda-que-respiraba-por-primera-vez\\\/#respond\"]}]},{\"@type\":\"WebPage\",\"@id\":\"https:\\\/\\\/radiounodigital.com\\\/web\\\/2020\\\/02\\\/06\\\/roberta-nesta-marley-a-75-anos-de-la-leyenda-que-respiraba-por-primera-vez\\\/\",\"url\":\"https:\\\/\\\/radiounodigital.com\\\/web\\\/2020\\\/02\\\/06\\\/roberta-nesta-marley-a-75-anos-de-la-leyenda-que-respiraba-por-primera-vez\\\/\",\"name\":\"Roberta Nesta Marley: A 75 a\u00f1os de la leyenda que respiraba por primera vez - Radio UNO Digital\",\"isPartOf\":{\"@id\":\"https:\\\/\\\/radiounodigital.com\\\/web\\\/#website\"},\"primaryImageOfPage\":{\"@id\":\"https:\\\/\\\/radiounodigital.com\\\/web\\\/2020\\\/02\\\/06\\\/roberta-nesta-marley-a-75-anos-de-la-leyenda-que-respiraba-por-primera-vez\\\/#primaryimage\"},\"image\":{\"@id\":\"https:\\\/\\\/radiounodigital.com\\\/web\\\/2020\\\/02\\\/06\\\/roberta-nesta-marley-a-75-anos-de-la-leyenda-que-respiraba-por-primera-vez\\\/#primaryimage\"},\"thumbnailUrl\":\"https:\\\/\\\/radiounodigital.com\\\/web\\\/wp-content\\\/uploads\\\/2020\\\/02\\\/Bob_Marley-1920x1080-1.jpg\",\"datePublished\":\"2020-02-06T14:08:29+00:00\",\"dateModified\":\"2020-02-06T14:09:48+00:00\",\"author\":{\"@id\":\"https:\\\/\\\/radiounodigital.com\\\/web\\\/#\\\/schema\\\/person\\\/00b93151fa54f619ecf9c183d1fc9758\"},\"breadcrumb\":{\"@id\":\"https:\\\/\\\/radiounodigital.com\\\/web\\\/2020\\\/02\\\/06\\\/roberta-nesta-marley-a-75-anos-de-la-leyenda-que-respiraba-por-primera-vez\\\/#breadcrumb\"},\"inLanguage\":\"es\",\"potentialAction\":[{\"@type\":\"ReadAction\",\"target\":[\"https:\\\/\\\/radiounodigital.com\\\/web\\\/2020\\\/02\\\/06\\\/roberta-nesta-marley-a-75-anos-de-la-leyenda-que-respiraba-por-primera-vez\\\/\"]}]},{\"@type\":\"ImageObject\",\"inLanguage\":\"es\",\"@id\":\"https:\\\/\\\/radiounodigital.com\\\/web\\\/2020\\\/02\\\/06\\\/roberta-nesta-marley-a-75-anos-de-la-leyenda-que-respiraba-por-primera-vez\\\/#primaryimage\",\"url\":\"https:\\\/\\\/radiounodigital.com\\\/web\\\/wp-content\\\/uploads\\\/2020\\\/02\\\/Bob_Marley-1920x1080-1.jpg\",\"contentUrl\":\"https:\\\/\\\/radiounodigital.com\\\/web\\\/wp-content\\\/uploads\\\/2020\\\/02\\\/Bob_Marley-1920x1080-1.jpg\",\"width\":1920,\"height\":1080},{\"@type\":\"BreadcrumbList\",\"@id\":\"https:\\\/\\\/radiounodigital.com\\\/web\\\/2020\\\/02\\\/06\\\/roberta-nesta-marley-a-75-anos-de-la-leyenda-que-respiraba-por-primera-vez\\\/#breadcrumb\",\"itemListElement\":[{\"@type\":\"ListItem\",\"position\":1,\"name\":\"Home\",\"item\":\"https:\\\/\\\/radiounodigital.com\\\/web\\\/\"},{\"@type\":\"ListItem\",\"position\":2,\"name\":\"Roberta Nesta Marley: A 75 a\u00f1os de la leyenda que respiraba por primera vez\"}]},{\"@type\":\"WebSite\",\"@id\":\"https:\\\/\\\/radiounodigital.com\\\/web\\\/#website\",\"url\":\"https:\\\/\\\/radiounodigital.com\\\/web\\\/\",\"name\":\"Radio UNO Digital\",\"description\":\"Donde la cultura del rock se siente\",\"potentialAction\":[{\"@type\":\"SearchAction\",\"target\":{\"@type\":\"EntryPoint\",\"urlTemplate\":\"https:\\\/\\\/radiounodigital.com\\\/web\\\/?s={search_term_string}\"},\"query-input\":{\"@type\":\"PropertyValueSpecification\",\"valueRequired\":true,\"valueName\":\"search_term_string\"}}],\"inLanguage\":\"es\"},{\"@type\":\"Person\",\"@id\":\"https:\\\/\\\/radiounodigital.com\\\/web\\\/#\\\/schema\\\/person\\\/00b93151fa54f619ecf9c183d1fc9758\",\"name\":\"diegoc\",\"image\":{\"@type\":\"ImageObject\",\"inLanguage\":\"es\",\"@id\":\"https:\\\/\\\/secure.gravatar.com\\\/avatar\\\/0a67041d44c702fb0660d81a5a32c7ce6007341cf92afeb718b75883bf415864?s=96&d=blank&r=g\",\"url\":\"https:\\\/\\\/secure.gravatar.com\\\/avatar\\\/0a67041d44c702fb0660d81a5a32c7ce6007341cf92afeb718b75883bf415864?s=96&d=blank&r=g\",\"contentUrl\":\"https:\\\/\\\/secure.gravatar.com\\\/avatar\\\/0a67041d44c702fb0660d81a5a32c7ce6007341cf92afeb718b75883bf415864?s=96&d=blank&r=g\",\"caption\":\"diegoc\"},\"url\":\"https:\\\/\\\/radiounodigital.com\\\/web\\\/author\\\/diegoc\\\/\"}]}<\/script>\n<!-- \/ Yoast SEO plugin. -->","yoast_head_json":{"title":"Roberta Nesta Marley: A 75 a\u00f1os de la leyenda que respiraba por primera vez - Radio UNO Digital","robots":{"index":"index","follow":"follow","max-snippet":"max-snippet:-1","max-image-preview":"max-image-preview:large","max-video-preview":"max-video-preview:-1"},"canonical":"https:\/\/radiounodigital.com\/web\/2020\/02\/06\/roberta-nesta-marley-a-75-anos-de-la-leyenda-que-respiraba-por-primera-vez\/","og_locale":"es_ES","og_type":"article","og_title":"Roberta Nesta Marley: A 75 a\u00f1os de la leyenda que respiraba por primera vez - Radio UNO Digital","og_description":"Un d\u00eda como hoy pero de 1945, en un peque\u00f1o pueblo de la isla caribe\u00f1a llamado Nine Mile. Bob hizo del reggae, el ritmo popular de su tierra, y lo convirti\u00f3 en patrimonio universal. Cuando mencionamos Jamaica, pensamos indefectiblemente en Reggae y bob Marley. Su historia no termino como todos quisieramos, ya\u00a0 que muri\u00f3 de... Read More","og_url":"https:\/\/radiounodigital.com\/web\/2020\/02\/06\/roberta-nesta-marley-a-75-anos-de-la-leyenda-que-respiraba-por-primera-vez\/","og_site_name":"Radio UNO Digital","article_published_time":"2020-02-06T14:08:29+00:00","article_modified_time":"2020-02-06T14:09:48+00:00","og_image":[{"width":1920,"height":1080,"url":"https:\/\/radiounodigital.com\/web\/wp-content\/uploads\/2020\/02\/Bob_Marley-1920x1080-1.jpg","type":"image\/jpeg"}],"author":"diegoc","twitter_card":"summary_large_image","twitter_misc":{"Escrito por":"diegoc"},"schema":{"@context":"https:\/\/schema.org","@graph":[{"@type":"Article","@id":"https:\/\/radiounodigital.com\/web\/2020\/02\/06\/roberta-nesta-marley-a-75-anos-de-la-leyenda-que-respiraba-por-primera-vez\/#article","isPartOf":{"@id":"https:\/\/radiounodigital.com\/web\/2020\/02\/06\/roberta-nesta-marley-a-75-anos-de-la-leyenda-que-respiraba-por-primera-vez\/"},"author":{"name":"diegoc","@id":"https:\/\/radiounodigital.com\/web\/#\/schema\/person\/00b93151fa54f619ecf9c183d1fc9758"},"headline":"Roberta Nesta Marley: A 75 a\u00f1os de la leyenda que respiraba por primera vez","datePublished":"2020-02-06T14:08:29+00:00","dateModified":"2020-02-06T14:09:48+00:00","mainEntityOfPage":{"@id":"https:\/\/radiounodigital.com\/web\/2020\/02\/06\/roberta-nesta-marley-a-75-anos-de-la-leyenda-que-respiraba-por-primera-vez\/"},"wordCount":100,"commentCount":0,"image":{"@id":"https:\/\/radiounodigital.com\/web\/2020\/02\/06\/roberta-nesta-marley-a-75-anos-de-la-leyenda-que-respiraba-por-primera-vez\/#primaryimage"},"thumbnailUrl":"https:\/\/radiounodigital.com\/web\/wp-content\/uploads\/2020\/02\/Bob_Marley-1920x1080-1.jpg","keywords":["6 de febrero","75 a\u00f1os","bob marley","cumpela\u00f1os"],"articleSection":["news","Rock Clasico"],"inLanguage":"es","potentialAction":[{"@type":"CommentAction","name":"Comment","target":["https:\/\/radiounodigital.com\/web\/2020\/02\/06\/roberta-nesta-marley-a-75-anos-de-la-leyenda-que-respiraba-por-primera-vez\/#respond"]}]},{"@type":"WebPage","@id":"https:\/\/radiounodigital.com\/web\/2020\/02\/06\/roberta-nesta-marley-a-75-anos-de-la-leyenda-que-respiraba-por-primera-vez\/","url":"https:\/\/radiounodigital.com\/web\/2020\/02\/06\/roberta-nesta-marley-a-75-anos-de-la-leyenda-que-respiraba-por-primera-vez\/","name":"Roberta Nesta Marley: A 75 a\u00f1os de la leyenda que respiraba por primera vez - Radio UNO Digital","isPartOf":{"@id":"https:\/\/radiounodigital.com\/web\/#website"},"primaryImageOfPage":{"@id":"https:\/\/radiounodigital.com\/web\/2020\/02\/06\/roberta-nesta-marley-a-75-anos-de-la-leyenda-que-respiraba-por-primera-vez\/#primaryimage"},"image":{"@id":"https:\/\/radiounodigital.com\/web\/2020\/02\/06\/roberta-nesta-marley-a-75-anos-de-la-leyenda-que-respiraba-por-primera-vez\/#primaryimage"},"thumbnailUrl":"https:\/\/radiounodigital.com\/web\/wp-content\/uploads\/2020\/02\/Bob_Marley-1920x1080-1.jpg","datePublished":"2020-02-06T14:08:29+00:00","dateModified":"2020-02-06T14:09:48+00:00","author":{"@id":"https:\/\/radiounodigital.com\/web\/#\/schema\/person\/00b93151fa54f619ecf9c183d1fc9758"},"breadcrumb":{"@id":"https:\/\/radiounodigital.com\/web\/2020\/02\/06\/roberta-nesta-marley-a-75-anos-de-la-leyenda-que-respiraba-por-primera-vez\/#breadcrumb"},"inLanguage":"es","potentialAction":[{"@type":"ReadAction","target":["https:\/\/radiounodigital.com\/web\/2020\/02\/06\/roberta-nesta-marley-a-75-anos-de-la-leyenda-que-respiraba-por-primera-vez\/"]}]},{"@type":"ImageObject","inLanguage":"es","@id":"https:\/\/radiounodigital.com\/web\/2020\/02\/06\/roberta-nesta-marley-a-75-anos-de-la-leyenda-que-respiraba-por-primera-vez\/#primaryimage","url":"https:\/\/radiounodigital.com\/web\/wp-content\/uploads\/2020\/02\/Bob_Marley-1920x1080-1.jpg","contentUrl":"https:\/\/radiounodigital.com\/web\/wp-content\/uploads\/2020\/02\/Bob_Marley-1920x1080-1.jpg","width":1920,"height":1080},{"@type":"BreadcrumbList","@id":"https:\/\/radiounodigital.com\/web\/2020\/02\/06\/roberta-nesta-marley-a-75-anos-de-la-leyenda-que-respiraba-por-primera-vez\/#breadcrumb","itemListElement":[{"@type":"ListItem","position":1,"name":"Home","item":"https:\/\/radiounodigital.com\/web\/"},{"@type":"ListItem","position":2,"name":"Roberta Nesta Marley: A 75 a\u00f1os de la leyenda que respiraba por primera vez"}]},{"@type":"WebSite","@id":"https:\/\/radiounodigital.com\/web\/#website","url":"https:\/\/radiounodigital.com\/web\/","name":"Radio UNO Digital","description":"Donde la cultura del rock se siente","potentialAction":[{"@type":"SearchAction","target":{"@type":"EntryPoint","urlTemplate":"https:\/\/radiounodigital.com\/web\/?s={search_term_string}"},"query-input":{"@type":"PropertyValueSpecification","valueRequired":true,"valueName":"search_term_string"}}],"inLanguage":"es"},{"@type":"Person","@id":"https:\/\/radiounodigital.com\/web\/#\/schema\/person\/00b93151fa54f619ecf9c183d1fc9758","name":"diegoc","image":{"@type":"ImageObject","inLanguage":"es","@id":"https:\/\/secure.gravatar.com\/avatar\/0a67041d44c702fb0660d81a5a32c7ce6007341cf92afeb718b75883bf415864?s=96&d=blank&r=g","url":"https:\/\/secure.gravatar.com\/avatar\/0a67041d44c702fb0660d81a5a32c7ce6007341cf92afeb718b75883bf415864?s=96&d=blank&r=g","contentUrl":"https:\/\/secure.gravatar.com\/avatar\/0a67041d44c702fb0660d81a5a32c7ce6007341cf92afeb718b75883bf415864?s=96&d=blank&r=g","caption":"diegoc"},"url":"https:\/\/radiounodigital.com\/web\/author\/diegoc\/"}]}},"_links":{"self":[{"href":"https:\/\/radiounodigital.com\/web\/wp-json\/wp\/v2\/posts\/3469","targetHints":{"allow":["GET"]}}],"collection":[{"href":"https:\/\/radiounodigital.com\/web\/wp-json\/wp\/v2\/posts"}],"about":[{"href":"https:\/\/radiounodigital.com\/web\/wp-json\/wp\/v2\/types\/post"}],"author":[{"embeddable":true,"href":"https:\/\/radiounodigital.com\/web\/wp-json\/wp\/v2\/users\/1"}],"replies":[{"embeddable":true,"href":"https:\/\/radiounodigital.com\/web\/wp-json\/wp\/v2\/comments?post=3469"}],"version-history":[{"count":3,"href":"https:\/\/radiounodigital.com\/web\/wp-json\/wp\/v2\/posts\/3469\/revisions"}],"predecessor-version":[{"id":3473,"href":"https:\/\/radiounodigital.com\/web\/wp-json\/wp\/v2\/posts\/3469\/revisions\/3473"}],"wp:featuredmedia":[{"embeddable":true,"href":"https:\/\/radiounodigital.com\/web\/wp-json\/wp\/v2\/media\/3470"}],"wp:attachment":[{"href":"https:\/\/radiounodigital.com\/web\/wp-json\/wp\/v2\/media?parent=3469"}],"wp:term":[{"taxonomy":"category","embeddable":true,"href":"https:\/\/radiounodigital.com\/web\/wp-json\/wp\/v2\/categories?post=3469"},{"taxonomy":"post_tag","embeddable":true,"href":"https:\/\/radiounodigital.com\/web\/wp-json\/wp\/v2\/tags?post=3469"}],"curies":[{"name":"wp","href":"https:\/\/api.w.org\/{rel}","templated":true}]}}