{"id":3478,"date":"2020-02-08T15:21:07","date_gmt":"2020-02-08T15:21:07","guid":{"rendered":"https:\/\/radiounodigital.com\/web\/?p=3478"},"modified":"2020-02-08T15:21:07","modified_gmt":"2020-02-08T15:21:07","slug":"pearl-jam-lanza-el-video-oficial-de-dance-of-the-clairvoyants","status":"publish","type":"post","link":"https:\/\/radiounodigital.com\/web\/2020\/02\/08\/pearl-jam-lanza-el-video-oficial-de-dance-of-the-clairvoyants\/","title":{"rendered":"Pearl Jam lanza el video oficial de \u00abDance of the Clairvoyants\u00bb"},"content":{"rendered":"<h3>Dance of the Clairvoyants es el primer video musical oficial de la banda en los \u00faltimos siete a\u00f1os<\/h3>\n<p>Pearl Jam ha lanzado un tercer video para su \u00faltimo sencillo \u00abDance of the Clairvoyants\u00bb, su primer video \u00aboficial\u00bb en siete a\u00f1os.<\/p>\n<p>Leer m\u00e1s: Jeff Ament de Pearl Jam habla sobre un nuevo disco en solitario, el pr\u00f3ximo \u00e1lbum y gira de su banda, adem\u00e1s de Kanye West y Trump<br \/>\nLa banda ya comparti\u00f3 dos videos para la canci\u00f3n de regreso, luego de que las noticias de su pr\u00f3ximo \u00e1lbum &#8216;Gigaton&#8217; llegaran el 27 de marzo. La noticia fue originalmente acompa\u00f1ada por el video musical &#8216;Mach I&#8217;, una mezcla de im\u00e1genes de alta especificaci\u00f3n del mundo natural.<\/p>\n<p>Un segundo video, \u00abDance of the Clairvoyants (Mach II)\u00bb, mostr\u00f3 im\u00e1genes de la banda interpretando la canci\u00f3n, empalmadas con im\u00e1genes del primer video.<br \/>\nAhora Pearl Jam ha lanzado \u00abMach III\u00bb, el tercer y \u00faltimo video del sencillo que, seg\u00fan la banda en Twitter, representa su \u00abprimer video oficial en 7 a\u00f1os\u00bb. Mira el nuevo video a continuaci\u00f3n.<br \/>\n<iframe loading=\"lazy\" src=\"https:\/\/www.youtube.com\/embed\/ymf7DZUeVow\" width=\"560\" height=\"315\" frameborder=\"0\" allowfullscreen=\"allowfullscreen\"><\/iframe><br \/>\nEl bajista Jeff Ament describi\u00f3 previamente la nueva canci\u00f3n de Pearl Jam como \u00abuna tormenta perfecta de experimentaci\u00f3n y colaboraci\u00f3n real, mezclando la instrumentaci\u00f3n y construyendo una gran canci\u00f3n\u00bb, y agreg\u00f3 que inclu\u00eda \u00abEd escribiendo algunas de mis palabras favoritas todav\u00eda, alrededor del tambor asesino de Matt modelo.\u00bb<\/p>\n<div class=\"fb-background-color\">\n\t\t\t  <div \n\t\t\t  \tclass = \"fb-comments\" \n\t\t\t  \tdata-href = \"https:\/\/radiounodigital.com\/web\/2020\/02\/08\/pearl-jam-lanza-el-video-oficial-de-dance-of-the-clairvoyants\/\"\n\t\t\t  \tdata-numposts = \"10\"\n\t\t\t  \tdata-lazy = \"true\"\n\t\t\t\tdata-colorscheme = \"dark\"\n\t\t\t\tdata-order-by = \"reverse_time\"\n\t\t\t\tdata-mobile=true>\n\t\t\t  <\/div><\/div>\n\t\t  <style>\n\t\t    .fb-background-color {\n\t\t\t\tbackground: #ffffff !important;\n\t\t\t}\n\t\t\t.fb_iframe_widget_fluid_desktop iframe {\n\t\t\t    width: 100% !important;\n\t\t\t}\n\t\t  <\/style>\n\t\t  ","protected":false},"excerpt":{"rendered":"<p>Dance of the Clairvoyants es el primer video musical oficial de la banda en los \u00faltimos siete a\u00f1os Pearl Jam ha lanzado un tercer video para su \u00faltimo sencillo \u00abDance of the Clairvoyants\u00bb, su primer video \u00aboficial\u00bb en siete a\u00f1os. Leer m\u00e1s: Jeff Ament de Pearl Jam habla sobre un nuevo disco en solitario, el&#8230; <a href=\"https:\/\/radiounodigital.com\/web\/2020\/02\/08\/pearl-jam-lanza-el-video-oficial-de-dance-of-the-clairvoyants\/\" class=\"excerpt-read-more\">Read More<\/a><\/p>\n","protected":false},"author":1,"featured_media":3387,"comment_status":"open","ping_status":"open","sticky":false,"template":"","format":"standard","meta":{"footnotes":""},"categories":[180,127],"tags":[510,487,302,486,24],"class_list":["post-3478","post","type-post","status-publish","format-standard","has-post-thumbnail","hentry","category-news","category-rock","tag-dance-of-the-clairvoyants","tag-gigaton","tag-oficial","tag-pearl-jam","tag-video"],"yoast_head":"<!-- This site is optimized with the Yoast SEO plugin v27.4 - https:\/\/yoast.com\/product\/yoast-seo-wordpress\/ -->\n<title>Pearl Jam lanza el video oficial de &quot;Dance of the Clairvoyants&quot; - Radio UNO Digital<\/title>\n<meta name=\"robots\" content=\"index, follow, max-snippet:-1, max-image-preview:large, max-video-preview:-1\" \/>\n<link rel=\"canonical\" href=\"https:\/\/radiounodigital.com\/web\/2020\/02\/08\/pearl-jam-lanza-el-video-oficial-de-dance-of-the-clairvoyants\/\" \/>\n<meta property=\"og:locale\" content=\"es_ES\" \/>\n<meta property=\"og:type\" content=\"article\" \/>\n<meta property=\"og:title\" content=\"Pearl Jam lanza el video oficial de &quot;Dance of the Clairvoyants&quot; - Radio UNO Digital\" \/>\n<meta property=\"og:description\" content=\"Dance of the Clairvoyants es el primer video musical oficial de la banda en los \u00faltimos siete a\u00f1os Pearl Jam ha lanzado un tercer video para su \u00faltimo sencillo \u00abDance of the Clairvoyants\u00bb, su primer video \u00aboficial\u00bb en siete a\u00f1os. Leer m\u00e1s: Jeff Ament de Pearl Jam habla sobre un nuevo disco en solitario, el... Read More\" \/>\n<meta property=\"og:url\" content=\"https:\/\/radiounodigital.com\/web\/2020\/02\/08\/pearl-jam-lanza-el-video-oficial-de-dance-of-the-clairvoyants\/\" \/>\n<meta property=\"og:site_name\" content=\"Radio UNO Digital\" \/>\n<meta property=\"article:published_time\" content=\"2020-02-08T15:21:07+00:00\" \/>\n<meta property=\"og:image\" content=\"https:\/\/radiounodigital.com\/web\/wp-content\/uploads\/2020\/01\/pearl-jam-anuncio-lanzamiento-gigaton.jpg\" \/>\n\t<meta property=\"og:image:width\" content=\"641\" \/>\n\t<meta property=\"og:image:height\" content=\"423\" \/>\n\t<meta property=\"og:image:type\" content=\"image\/jpeg\" \/>\n<meta name=\"author\" content=\"diegoc\" \/>\n<meta name=\"twitter:card\" content=\"summary_large_image\" \/>\n<meta name=\"twitter:label1\" content=\"Escrito por\" \/>\n\t<meta name=\"twitter:data1\" content=\"diegoc\" \/>\n\t<meta name=\"twitter:label2\" content=\"Tiempo de lectura\" \/>\n\t<meta name=\"twitter:data2\" content=\"1 minuto\" \/>\n<script type=\"application\/ld+json\" class=\"yoast-schema-graph\">{\"@context\":\"https:\\\/\\\/schema.org\",\"@graph\":[{\"@type\":\"Article\",\"@id\":\"https:\\\/\\\/radiounodigital.com\\\/web\\\/2020\\\/02\\\/08\\\/pearl-jam-lanza-el-video-oficial-de-dance-of-the-clairvoyants\\\/#article\",\"isPartOf\":{\"@id\":\"https:\\\/\\\/radiounodigital.com\\\/web\\\/2020\\\/02\\\/08\\\/pearl-jam-lanza-el-video-oficial-de-dance-of-the-clairvoyants\\\/\"},\"author\":{\"name\":\"diegoc\",\"@id\":\"https:\\\/\\\/radiounodigital.com\\\/web\\\/#\\\/schema\\\/person\\\/00b93151fa54f619ecf9c183d1fc9758\"},\"headline\":\"Pearl Jam lanza el video oficial de \u00abDance of the Clairvoyants\u00bb\",\"datePublished\":\"2020-02-08T15:21:07+00:00\",\"mainEntityOfPage\":{\"@id\":\"https:\\\/\\\/radiounodigital.com\\\/web\\\/2020\\\/02\\\/08\\\/pearl-jam-lanza-el-video-oficial-de-dance-of-the-clairvoyants\\\/\"},\"wordCount\":252,\"commentCount\":0,\"image\":{\"@id\":\"https:\\\/\\\/radiounodigital.com\\\/web\\\/2020\\\/02\\\/08\\\/pearl-jam-lanza-el-video-oficial-de-dance-of-the-clairvoyants\\\/#primaryimage\"},\"thumbnailUrl\":\"https:\\\/\\\/radiounodigital.com\\\/web\\\/wp-content\\\/uploads\\\/2020\\\/01\\\/pearl-jam-anuncio-lanzamiento-gigaton.jpg\",\"keywords\":[\"Dance Of The Clairvoyants\",\"gigaton\",\"oficial\",\"pearl jam\",\"Video\"],\"articleSection\":[\"news\",\"Rock\"],\"inLanguage\":\"es\",\"potentialAction\":[{\"@type\":\"CommentAction\",\"name\":\"Comment\",\"target\":[\"https:\\\/\\\/radiounodigital.com\\\/web\\\/2020\\\/02\\\/08\\\/pearl-jam-lanza-el-video-oficial-de-dance-of-the-clairvoyants\\\/#respond\"]}]},{\"@type\":\"WebPage\",\"@id\":\"https:\\\/\\\/radiounodigital.com\\\/web\\\/2020\\\/02\\\/08\\\/pearl-jam-lanza-el-video-oficial-de-dance-of-the-clairvoyants\\\/\",\"url\":\"https:\\\/\\\/radiounodigital.com\\\/web\\\/2020\\\/02\\\/08\\\/pearl-jam-lanza-el-video-oficial-de-dance-of-the-clairvoyants\\\/\",\"name\":\"Pearl Jam lanza el video oficial de \\\"Dance of the Clairvoyants\\\" - Radio UNO Digital\",\"isPartOf\":{\"@id\":\"https:\\\/\\\/radiounodigital.com\\\/web\\\/#website\"},\"primaryImageOfPage\":{\"@id\":\"https:\\\/\\\/radiounodigital.com\\\/web\\\/2020\\\/02\\\/08\\\/pearl-jam-lanza-el-video-oficial-de-dance-of-the-clairvoyants\\\/#primaryimage\"},\"image\":{\"@id\":\"https:\\\/\\\/radiounodigital.com\\\/web\\\/2020\\\/02\\\/08\\\/pearl-jam-lanza-el-video-oficial-de-dance-of-the-clairvoyants\\\/#primaryimage\"},\"thumbnailUrl\":\"https:\\\/\\\/radiounodigital.com\\\/web\\\/wp-content\\\/uploads\\\/2020\\\/01\\\/pearl-jam-anuncio-lanzamiento-gigaton.jpg\",\"datePublished\":\"2020-02-08T15:21:07+00:00\",\"author\":{\"@id\":\"https:\\\/\\\/radiounodigital.com\\\/web\\\/#\\\/schema\\\/person\\\/00b93151fa54f619ecf9c183d1fc9758\"},\"breadcrumb\":{\"@id\":\"https:\\\/\\\/radiounodigital.com\\\/web\\\/2020\\\/02\\\/08\\\/pearl-jam-lanza-el-video-oficial-de-dance-of-the-clairvoyants\\\/#breadcrumb\"},\"inLanguage\":\"es\",\"potentialAction\":[{\"@type\":\"ReadAction\",\"target\":[\"https:\\\/\\\/radiounodigital.com\\\/web\\\/2020\\\/02\\\/08\\\/pearl-jam-lanza-el-video-oficial-de-dance-of-the-clairvoyants\\\/\"]}]},{\"@type\":\"ImageObject\",\"inLanguage\":\"es\",\"@id\":\"https:\\\/\\\/radiounodigital.com\\\/web\\\/2020\\\/02\\\/08\\\/pearl-jam-lanza-el-video-oficial-de-dance-of-the-clairvoyants\\\/#primaryimage\",\"url\":\"https:\\\/\\\/radiounodigital.com\\\/web\\\/wp-content\\\/uploads\\\/2020\\\/01\\\/pearl-jam-anuncio-lanzamiento-gigaton.jpg\",\"contentUrl\":\"https:\\\/\\\/radiounodigital.com\\\/web\\\/wp-content\\\/uploads\\\/2020\\\/01\\\/pearl-jam-anuncio-lanzamiento-gigaton.jpg\",\"width\":641,\"height\":423},{\"@type\":\"BreadcrumbList\",\"@id\":\"https:\\\/\\\/radiounodigital.com\\\/web\\\/2020\\\/02\\\/08\\\/pearl-jam-lanza-el-video-oficial-de-dance-of-the-clairvoyants\\\/#breadcrumb\",\"itemListElement\":[{\"@type\":\"ListItem\",\"position\":1,\"name\":\"Home\",\"item\":\"https:\\\/\\\/radiounodigital.com\\\/web\\\/\"},{\"@type\":\"ListItem\",\"position\":2,\"name\":\"Pearl Jam lanza el video oficial de \u00abDance of the Clairvoyants\u00bb\"}]},{\"@type\":\"WebSite\",\"@id\":\"https:\\\/\\\/radiounodigital.com\\\/web\\\/#website\",\"url\":\"https:\\\/\\\/radiounodigital.com\\\/web\\\/\",\"name\":\"Radio UNO Digital\",\"description\":\"Donde la cultura del rock se siente\",\"potentialAction\":[{\"@type\":\"SearchAction\",\"target\":{\"@type\":\"EntryPoint\",\"urlTemplate\":\"https:\\\/\\\/radiounodigital.com\\\/web\\\/?s={search_term_string}\"},\"query-input\":{\"@type\":\"PropertyValueSpecification\",\"valueRequired\":true,\"valueName\":\"search_term_string\"}}],\"inLanguage\":\"es\"},{\"@type\":\"Person\",\"@id\":\"https:\\\/\\\/radiounodigital.com\\\/web\\\/#\\\/schema\\\/person\\\/00b93151fa54f619ecf9c183d1fc9758\",\"name\":\"diegoc\",\"image\":{\"@type\":\"ImageObject\",\"inLanguage\":\"es\",\"@id\":\"https:\\\/\\\/secure.gravatar.com\\\/avatar\\\/0a67041d44c702fb0660d81a5a32c7ce6007341cf92afeb718b75883bf415864?s=96&d=blank&r=g\",\"url\":\"https:\\\/\\\/secure.gravatar.com\\\/avatar\\\/0a67041d44c702fb0660d81a5a32c7ce6007341cf92afeb718b75883bf415864?s=96&d=blank&r=g\",\"contentUrl\":\"https:\\\/\\\/secure.gravatar.com\\\/avatar\\\/0a67041d44c702fb0660d81a5a32c7ce6007341cf92afeb718b75883bf415864?s=96&d=blank&r=g\",\"caption\":\"diegoc\"},\"url\":\"https:\\\/\\\/radiounodigital.com\\\/web\\\/author\\\/diegoc\\\/\"}]}<\/script>\n<!-- \/ Yoast SEO plugin. -->","yoast_head_json":{"title":"Pearl Jam lanza el video oficial de \"Dance of the Clairvoyants\" - Radio UNO Digital","robots":{"index":"index","follow":"follow","max-snippet":"max-snippet:-1","max-image-preview":"max-image-preview:large","max-video-preview":"max-video-preview:-1"},"canonical":"https:\/\/radiounodigital.com\/web\/2020\/02\/08\/pearl-jam-lanza-el-video-oficial-de-dance-of-the-clairvoyants\/","og_locale":"es_ES","og_type":"article","og_title":"Pearl Jam lanza el video oficial de \"Dance of the Clairvoyants\" - Radio UNO Digital","og_description":"Dance of the Clairvoyants es el primer video musical oficial de la banda en los \u00faltimos siete a\u00f1os Pearl Jam ha lanzado un tercer video para su \u00faltimo sencillo \u00abDance of the Clairvoyants\u00bb, su primer video \u00aboficial\u00bb en siete a\u00f1os. Leer m\u00e1s: Jeff Ament de Pearl Jam habla sobre un nuevo disco en solitario, el... Read More","og_url":"https:\/\/radiounodigital.com\/web\/2020\/02\/08\/pearl-jam-lanza-el-video-oficial-de-dance-of-the-clairvoyants\/","og_site_name":"Radio UNO Digital","article_published_time":"2020-02-08T15:21:07+00:00","og_image":[{"width":641,"height":423,"url":"https:\/\/radiounodigital.com\/web\/wp-content\/uploads\/2020\/01\/pearl-jam-anuncio-lanzamiento-gigaton.jpg","type":"image\/jpeg"}],"author":"diegoc","twitter_card":"summary_large_image","twitter_misc":{"Escrito por":"diegoc","Tiempo de lectura":"1 minuto"},"schema":{"@context":"https:\/\/schema.org","@graph":[{"@type":"Article","@id":"https:\/\/radiounodigital.com\/web\/2020\/02\/08\/pearl-jam-lanza-el-video-oficial-de-dance-of-the-clairvoyants\/#article","isPartOf":{"@id":"https:\/\/radiounodigital.com\/web\/2020\/02\/08\/pearl-jam-lanza-el-video-oficial-de-dance-of-the-clairvoyants\/"},"author":{"name":"diegoc","@id":"https:\/\/radiounodigital.com\/web\/#\/schema\/person\/00b93151fa54f619ecf9c183d1fc9758"},"headline":"Pearl Jam lanza el video oficial de \u00abDance of the Clairvoyants\u00bb","datePublished":"2020-02-08T15:21:07+00:00","mainEntityOfPage":{"@id":"https:\/\/radiounodigital.com\/web\/2020\/02\/08\/pearl-jam-lanza-el-video-oficial-de-dance-of-the-clairvoyants\/"},"wordCount":252,"commentCount":0,"image":{"@id":"https:\/\/radiounodigital.com\/web\/2020\/02\/08\/pearl-jam-lanza-el-video-oficial-de-dance-of-the-clairvoyants\/#primaryimage"},"thumbnailUrl":"https:\/\/radiounodigital.com\/web\/wp-content\/uploads\/2020\/01\/pearl-jam-anuncio-lanzamiento-gigaton.jpg","keywords":["Dance Of The Clairvoyants","gigaton","oficial","pearl jam","Video"],"articleSection":["news","Rock"],"inLanguage":"es","potentialAction":[{"@type":"CommentAction","name":"Comment","target":["https:\/\/radiounodigital.com\/web\/2020\/02\/08\/pearl-jam-lanza-el-video-oficial-de-dance-of-the-clairvoyants\/#respond"]}]},{"@type":"WebPage","@id":"https:\/\/radiounodigital.com\/web\/2020\/02\/08\/pearl-jam-lanza-el-video-oficial-de-dance-of-the-clairvoyants\/","url":"https:\/\/radiounodigital.com\/web\/2020\/02\/08\/pearl-jam-lanza-el-video-oficial-de-dance-of-the-clairvoyants\/","name":"Pearl Jam lanza el video oficial de \"Dance of the Clairvoyants\" - Radio UNO Digital","isPartOf":{"@id":"https:\/\/radiounodigital.com\/web\/#website"},"primaryImageOfPage":{"@id":"https:\/\/radiounodigital.com\/web\/2020\/02\/08\/pearl-jam-lanza-el-video-oficial-de-dance-of-the-clairvoyants\/#primaryimage"},"image":{"@id":"https:\/\/radiounodigital.com\/web\/2020\/02\/08\/pearl-jam-lanza-el-video-oficial-de-dance-of-the-clairvoyants\/#primaryimage"},"thumbnailUrl":"https:\/\/radiounodigital.com\/web\/wp-content\/uploads\/2020\/01\/pearl-jam-anuncio-lanzamiento-gigaton.jpg","datePublished":"2020-02-08T15:21:07+00:00","author":{"@id":"https:\/\/radiounodigital.com\/web\/#\/schema\/person\/00b93151fa54f619ecf9c183d1fc9758"},"breadcrumb":{"@id":"https:\/\/radiounodigital.com\/web\/2020\/02\/08\/pearl-jam-lanza-el-video-oficial-de-dance-of-the-clairvoyants\/#breadcrumb"},"inLanguage":"es","potentialAction":[{"@type":"ReadAction","target":["https:\/\/radiounodigital.com\/web\/2020\/02\/08\/pearl-jam-lanza-el-video-oficial-de-dance-of-the-clairvoyants\/"]}]},{"@type":"ImageObject","inLanguage":"es","@id":"https:\/\/radiounodigital.com\/web\/2020\/02\/08\/pearl-jam-lanza-el-video-oficial-de-dance-of-the-clairvoyants\/#primaryimage","url":"https:\/\/radiounodigital.com\/web\/wp-content\/uploads\/2020\/01\/pearl-jam-anuncio-lanzamiento-gigaton.jpg","contentUrl":"https:\/\/radiounodigital.com\/web\/wp-content\/uploads\/2020\/01\/pearl-jam-anuncio-lanzamiento-gigaton.jpg","width":641,"height":423},{"@type":"BreadcrumbList","@id":"https:\/\/radiounodigital.com\/web\/2020\/02\/08\/pearl-jam-lanza-el-video-oficial-de-dance-of-the-clairvoyants\/#breadcrumb","itemListElement":[{"@type":"ListItem","position":1,"name":"Home","item":"https:\/\/radiounodigital.com\/web\/"},{"@type":"ListItem","position":2,"name":"Pearl Jam lanza el video oficial de \u00abDance of the Clairvoyants\u00bb"}]},{"@type":"WebSite","@id":"https:\/\/radiounodigital.com\/web\/#website","url":"https:\/\/radiounodigital.com\/web\/","name":"Radio UNO Digital","description":"Donde la cultura del rock se siente","potentialAction":[{"@type":"SearchAction","target":{"@type":"EntryPoint","urlTemplate":"https:\/\/radiounodigital.com\/web\/?s={search_term_string}"},"query-input":{"@type":"PropertyValueSpecification","valueRequired":true,"valueName":"search_term_string"}}],"inLanguage":"es"},{"@type":"Person","@id":"https:\/\/radiounodigital.com\/web\/#\/schema\/person\/00b93151fa54f619ecf9c183d1fc9758","name":"diegoc","image":{"@type":"ImageObject","inLanguage":"es","@id":"https:\/\/secure.gravatar.com\/avatar\/0a67041d44c702fb0660d81a5a32c7ce6007341cf92afeb718b75883bf415864?s=96&d=blank&r=g","url":"https:\/\/secure.gravatar.com\/avatar\/0a67041d44c702fb0660d81a5a32c7ce6007341cf92afeb718b75883bf415864?s=96&d=blank&r=g","contentUrl":"https:\/\/secure.gravatar.com\/avatar\/0a67041d44c702fb0660d81a5a32c7ce6007341cf92afeb718b75883bf415864?s=96&d=blank&r=g","caption":"diegoc"},"url":"https:\/\/radiounodigital.com\/web\/author\/diegoc\/"}]}},"_links":{"self":[{"href":"https:\/\/radiounodigital.com\/web\/wp-json\/wp\/v2\/posts\/3478","targetHints":{"allow":["GET"]}}],"collection":[{"href":"https:\/\/radiounodigital.com\/web\/wp-json\/wp\/v2\/posts"}],"about":[{"href":"https:\/\/radiounodigital.com\/web\/wp-json\/wp\/v2\/types\/post"}],"author":[{"embeddable":true,"href":"https:\/\/radiounodigital.com\/web\/wp-json\/wp\/v2\/users\/1"}],"replies":[{"embeddable":true,"href":"https:\/\/radiounodigital.com\/web\/wp-json\/wp\/v2\/comments?post=3478"}],"version-history":[{"count":1,"href":"https:\/\/radiounodigital.com\/web\/wp-json\/wp\/v2\/posts\/3478\/revisions"}],"predecessor-version":[{"id":3479,"href":"https:\/\/radiounodigital.com\/web\/wp-json\/wp\/v2\/posts\/3478\/revisions\/3479"}],"wp:featuredmedia":[{"embeddable":true,"href":"https:\/\/radiounodigital.com\/web\/wp-json\/wp\/v2\/media\/3387"}],"wp:attachment":[{"href":"https:\/\/radiounodigital.com\/web\/wp-json\/wp\/v2\/media?parent=3478"}],"wp:term":[{"taxonomy":"category","embeddable":true,"href":"https:\/\/radiounodigital.com\/web\/wp-json\/wp\/v2\/categories?post=3478"},{"taxonomy":"post_tag","embeddable":true,"href":"https:\/\/radiounodigital.com\/web\/wp-json\/wp\/v2\/tags?post=3478"}],"curies":[{"name":"wp","href":"https:\/\/api.w.org\/{rel}","templated":true}]}}