{"id":3493,"date":"2020-02-11T14:39:01","date_gmt":"2020-02-11T14:39:01","guid":{"rendered":"https:\/\/radiounodigital.com\/web\/?p=3493"},"modified":"2020-02-11T14:39:01","modified_gmt":"2020-02-11T14:39:01","slug":"the-strokes-anuncian-nuevo-album-y-comparten-el-primer-sencillo-at-the-door","status":"publish","type":"post","link":"https:\/\/radiounodigital.com\/web\/2020\/02\/11\/the-strokes-anuncian-nuevo-album-y-comparten-el-primer-sencillo-at-the-door\/","title":{"rendered":"The Strokes anuncian nuevo \u00e1lbum y comparten el primer sencillo \u00abAt The Door\u00bb"},"content":{"rendered":"<h3>The Strokes ha compartido \u00abAt The Door\u00bb, la primera canci\u00f3n de su pr\u00f3ximo sexto \u00e1lbum \u00abThe New Abnormal\u00bb, adem\u00e1s de confirmar detalles de un show \u00edntimo en Londres la pr\u00f3xima semana.<\/h3>\n<div id=\"attachment_3494\" style=\"width: 1930px\" class=\"wp-caption aligncenter\"><img loading=\"lazy\" decoding=\"async\" aria-describedby=\"caption-attachment-3494\" class=\"size-full wp-image-3494\" src=\"https:\/\/radiounodigital.com\/web\/wp-content\/uploads\/2020\/02\/TheStrokes_TNA_Cvr_type_10x10_HR-1920x1920-1.jpg\" alt=\"\" width=\"1920\" height=\"1920\" srcset=\"https:\/\/radiounodigital.com\/web\/wp-content\/uploads\/2020\/02\/TheStrokes_TNA_Cvr_type_10x10_HR-1920x1920-1.jpg 1920w, https:\/\/radiounodigital.com\/web\/wp-content\/uploads\/2020\/02\/TheStrokes_TNA_Cvr_type_10x10_HR-1920x1920-1-300x300.jpg 300w, https:\/\/radiounodigital.com\/web\/wp-content\/uploads\/2020\/02\/TheStrokes_TNA_Cvr_type_10x10_HR-1920x1920-1-1024x1024.jpg 1024w, https:\/\/radiounodigital.com\/web\/wp-content\/uploads\/2020\/02\/TheStrokes_TNA_Cvr_type_10x10_HR-1920x1920-1-150x150.jpg 150w, https:\/\/radiounodigital.com\/web\/wp-content\/uploads\/2020\/02\/TheStrokes_TNA_Cvr_type_10x10_HR-1920x1920-1-768x768.jpg 768w, https:\/\/radiounodigital.com\/web\/wp-content\/uploads\/2020\/02\/TheStrokes_TNA_Cvr_type_10x10_HR-1920x1920-1-1536x1536.jpg 1536w\" sizes=\"auto, (max-width: 1920px) 100vw, 1920px\" \/><p id=\"caption-attachment-3494\" class=\"wp-caption-text\">SHA-11<\/p><\/div>\n<p>El sencillo de grabaci\u00f3n lenta llega antes de la llegada de The New Abnormal el 10 de abril, a trav\u00e9s de Cult Records \/ Columbia. Marca su primer \u00e1lbum desde &#8216;Comedown Machine&#8217; de 2013.<\/p>\n<p>Un nuevo video musical tambi\u00e9n acompa\u00f1a a la pista contemplativa, y parece estar fuertemente influenciado por los dibujos animados de culto de los 80 Masters of The Universe.<\/p>\n<p>La pintura \u00abBird of Money\u00bb del legendario artista callejero estadounidense Jean-Michel Basquiat tambi\u00e9n adorna la portada del disco. Mira eso a continuaci\u00f3n, junto con la lista de canciones para \u00abThe New Abnormal\u00bb.<\/p>\n<p><iframe loading=\"lazy\" src=\"https:\/\/www.youtube.com\/embed\/9CAz_vvsK9M\" width=\"560\" height=\"315\" frameborder=\"0\" allowfullscreen=\"allowfullscreen\"><\/iframe><\/p>\n<p>1. The Adults Are Talking<br \/>\n2. Selfless<br \/>\n3. Brooklyn Bridge To Chorus<br \/>\n4. Bad Decisions<br \/>\n5. Eternal Summer<br \/>\n6. At The Door<br \/>\n7. Why Are Sundays So Depressing<br \/>\n8. Not The Same Anymore<br \/>\n9. Ode To The Mets<\/p>\n<div class=\"fb-background-color\">\n\t\t\t  <div \n\t\t\t  \tclass = \"fb-comments\" \n\t\t\t  \tdata-href = \"https:\/\/radiounodigital.com\/web\/2020\/02\/11\/the-strokes-anuncian-nuevo-album-y-comparten-el-primer-sencillo-at-the-door\/\"\n\t\t\t  \tdata-numposts = \"10\"\n\t\t\t  \tdata-lazy = \"true\"\n\t\t\t\tdata-colorscheme = \"dark\"\n\t\t\t\tdata-order-by = \"reverse_time\"\n\t\t\t\tdata-mobile=true>\n\t\t\t  <\/div><\/div>\n\t\t  <style>\n\t\t    .fb-background-color {\n\t\t\t\tbackground: #ffffff !important;\n\t\t\t}\n\t\t\t.fb_iframe_widget_fluid_desktop iframe {\n\t\t\t    width: 100% !important;\n\t\t\t}\n\t\t  <\/style>\n\t\t  ","protected":false},"excerpt":{"rendered":"<p>The Strokes ha compartido \u00abAt The Door\u00bb, la primera canci\u00f3n de su pr\u00f3ximo sexto \u00e1lbum \u00abThe New Abnormal\u00bb, adem\u00e1s de confirmar detalles de un show \u00edntimo en Londres la pr\u00f3xima semana. El sencillo de grabaci\u00f3n lenta llega antes de la llegada de The New Abnormal el 10 de abril, a trav\u00e9s de Cult Records \/&#8230; <a href=\"https:\/\/radiounodigital.com\/web\/2020\/02\/11\/the-strokes-anuncian-nuevo-album-y-comparten-el-primer-sencillo-at-the-door\/\" class=\"excerpt-read-more\">Read More<\/a><\/p>\n","protected":false},"author":1,"featured_media":3495,"comment_status":"open","ping_status":"open","sticky":false,"template":"","format":"standard","meta":{"footnotes":""},"categories":[286,180,127],"tags":[121,570,132,502,569],"class_list":["post-3493","post","type-post","status-publish","format-standard","has-post-thumbnail","hentry","category-estrenos-2019","category-news","category-rock","tag-album","tag-at-the-door","tag-nuevo","tag-single","tag-the-strokes"],"yoast_head":"<!-- This site is optimized with the Yoast SEO plugin v27.5 - https:\/\/yoast.com\/product\/yoast-seo-wordpress\/ -->\n<title>The Strokes anuncian nuevo \u00e1lbum y comparten el primer sencillo &quot;At The Door&quot; - Radio UNO Digital<\/title>\n<meta name=\"robots\" content=\"index, follow, max-snippet:-1, max-image-preview:large, max-video-preview:-1\" \/>\n<link rel=\"canonical\" href=\"https:\/\/radiounodigital.com\/web\/2020\/02\/11\/the-strokes-anuncian-nuevo-album-y-comparten-el-primer-sencillo-at-the-door\/\" \/>\n<meta property=\"og:locale\" content=\"es_ES\" \/>\n<meta property=\"og:type\" content=\"article\" \/>\n<meta property=\"og:title\" content=\"The Strokes anuncian nuevo \u00e1lbum y comparten el primer sencillo &quot;At The Door&quot; - Radio UNO Digital\" \/>\n<meta property=\"og:description\" content=\"The Strokes ha compartido \u00abAt The Door\u00bb, la primera canci\u00f3n de su pr\u00f3ximo sexto \u00e1lbum \u00abThe New Abnormal\u00bb, adem\u00e1s de confirmar detalles de un show \u00edntimo en Londres la pr\u00f3xima semana. El sencillo de grabaci\u00f3n lenta llega antes de la llegada de The New Abnormal el 10 de abril, a trav\u00e9s de Cult Records \/... Read More\" \/>\n<meta property=\"og:url\" content=\"https:\/\/radiounodigital.com\/web\/2020\/02\/11\/the-strokes-anuncian-nuevo-album-y-comparten-el-primer-sencillo-at-the-door\/\" \/>\n<meta property=\"og:site_name\" content=\"Radio UNO Digital\" \/>\n<meta property=\"article:published_time\" content=\"2020-02-11T14:39:01+00:00\" \/>\n<meta property=\"og:image\" content=\"https:\/\/radiounodigital.com\/web\/wp-content\/uploads\/2020\/02\/strokes-696x442-1.jpg\" \/>\n\t<meta property=\"og:image:width\" content=\"696\" \/>\n\t<meta property=\"og:image:height\" content=\"442\" \/>\n\t<meta property=\"og:image:type\" content=\"image\/jpeg\" \/>\n<meta name=\"author\" content=\"diegoc\" \/>\n<meta name=\"twitter:card\" content=\"summary_large_image\" \/>\n<meta name=\"twitter:label1\" content=\"Escrito por\" \/>\n\t<meta name=\"twitter:data1\" content=\"diegoc\" \/>\n\t<meta name=\"twitter:label2\" content=\"Tiempo de lectura\" \/>\n\t<meta name=\"twitter:data2\" content=\"1 minuto\" \/>\n<script type=\"application\/ld+json\" class=\"yoast-schema-graph\">{\"@context\":\"https:\\\/\\\/schema.org\",\"@graph\":[{\"@type\":\"Article\",\"@id\":\"https:\\\/\\\/radiounodigital.com\\\/web\\\/2020\\\/02\\\/11\\\/the-strokes-anuncian-nuevo-album-y-comparten-el-primer-sencillo-at-the-door\\\/#article\",\"isPartOf\":{\"@id\":\"https:\\\/\\\/radiounodigital.com\\\/web\\\/2020\\\/02\\\/11\\\/the-strokes-anuncian-nuevo-album-y-comparten-el-primer-sencillo-at-the-door\\\/\"},\"author\":{\"name\":\"diegoc\",\"@id\":\"https:\\\/\\\/radiounodigital.com\\\/web\\\/#\\\/schema\\\/person\\\/00b93151fa54f619ecf9c183d1fc9758\"},\"headline\":\"The Strokes anuncian nuevo \u00e1lbum y comparten el primer sencillo \u00abAt The Door\u00bb\",\"datePublished\":\"2020-02-11T14:39:01+00:00\",\"mainEntityOfPage\":{\"@id\":\"https:\\\/\\\/radiounodigital.com\\\/web\\\/2020\\\/02\\\/11\\\/the-strokes-anuncian-nuevo-album-y-comparten-el-primer-sencillo-at-the-door\\\/\"},\"wordCount\":181,\"commentCount\":0,\"image\":{\"@id\":\"https:\\\/\\\/radiounodigital.com\\\/web\\\/2020\\\/02\\\/11\\\/the-strokes-anuncian-nuevo-album-y-comparten-el-primer-sencillo-at-the-door\\\/#primaryimage\"},\"thumbnailUrl\":\"https:\\\/\\\/radiounodigital.com\\\/web\\\/wp-content\\\/uploads\\\/2020\\\/02\\\/strokes-696x442-1.jpg\",\"keywords\":[\"album\",\"at the door\",\"nuevo\",\"single\",\"the strokes\"],\"articleSection\":[\"ESTRENOS 2019\",\"news\",\"Rock\"],\"inLanguage\":\"es\",\"potentialAction\":[{\"@type\":\"CommentAction\",\"name\":\"Comment\",\"target\":[\"https:\\\/\\\/radiounodigital.com\\\/web\\\/2020\\\/02\\\/11\\\/the-strokes-anuncian-nuevo-album-y-comparten-el-primer-sencillo-at-the-door\\\/#respond\"]}]},{\"@type\":\"WebPage\",\"@id\":\"https:\\\/\\\/radiounodigital.com\\\/web\\\/2020\\\/02\\\/11\\\/the-strokes-anuncian-nuevo-album-y-comparten-el-primer-sencillo-at-the-door\\\/\",\"url\":\"https:\\\/\\\/radiounodigital.com\\\/web\\\/2020\\\/02\\\/11\\\/the-strokes-anuncian-nuevo-album-y-comparten-el-primer-sencillo-at-the-door\\\/\",\"name\":\"The Strokes anuncian nuevo \u00e1lbum y comparten el primer sencillo \\\"At The Door\\\" - Radio UNO Digital\",\"isPartOf\":{\"@id\":\"https:\\\/\\\/radiounodigital.com\\\/web\\\/#website\"},\"primaryImageOfPage\":{\"@id\":\"https:\\\/\\\/radiounodigital.com\\\/web\\\/2020\\\/02\\\/11\\\/the-strokes-anuncian-nuevo-album-y-comparten-el-primer-sencillo-at-the-door\\\/#primaryimage\"},\"image\":{\"@id\":\"https:\\\/\\\/radiounodigital.com\\\/web\\\/2020\\\/02\\\/11\\\/the-strokes-anuncian-nuevo-album-y-comparten-el-primer-sencillo-at-the-door\\\/#primaryimage\"},\"thumbnailUrl\":\"https:\\\/\\\/radiounodigital.com\\\/web\\\/wp-content\\\/uploads\\\/2020\\\/02\\\/strokes-696x442-1.jpg\",\"datePublished\":\"2020-02-11T14:39:01+00:00\",\"author\":{\"@id\":\"https:\\\/\\\/radiounodigital.com\\\/web\\\/#\\\/schema\\\/person\\\/00b93151fa54f619ecf9c183d1fc9758\"},\"breadcrumb\":{\"@id\":\"https:\\\/\\\/radiounodigital.com\\\/web\\\/2020\\\/02\\\/11\\\/the-strokes-anuncian-nuevo-album-y-comparten-el-primer-sencillo-at-the-door\\\/#breadcrumb\"},\"inLanguage\":\"es\",\"potentialAction\":[{\"@type\":\"ReadAction\",\"target\":[\"https:\\\/\\\/radiounodigital.com\\\/web\\\/2020\\\/02\\\/11\\\/the-strokes-anuncian-nuevo-album-y-comparten-el-primer-sencillo-at-the-door\\\/\"]}]},{\"@type\":\"ImageObject\",\"inLanguage\":\"es\",\"@id\":\"https:\\\/\\\/radiounodigital.com\\\/web\\\/2020\\\/02\\\/11\\\/the-strokes-anuncian-nuevo-album-y-comparten-el-primer-sencillo-at-the-door\\\/#primaryimage\",\"url\":\"https:\\\/\\\/radiounodigital.com\\\/web\\\/wp-content\\\/uploads\\\/2020\\\/02\\\/strokes-696x442-1.jpg\",\"contentUrl\":\"https:\\\/\\\/radiounodigital.com\\\/web\\\/wp-content\\\/uploads\\\/2020\\\/02\\\/strokes-696x442-1.jpg\",\"width\":696,\"height\":442,\"caption\":\"The Strokes, 2020. (Picture: Jason McDonald)\"},{\"@type\":\"BreadcrumbList\",\"@id\":\"https:\\\/\\\/radiounodigital.com\\\/web\\\/2020\\\/02\\\/11\\\/the-strokes-anuncian-nuevo-album-y-comparten-el-primer-sencillo-at-the-door\\\/#breadcrumb\",\"itemListElement\":[{\"@type\":\"ListItem\",\"position\":1,\"name\":\"Home\",\"item\":\"https:\\\/\\\/radiounodigital.com\\\/web\\\/\"},{\"@type\":\"ListItem\",\"position\":2,\"name\":\"The Strokes anuncian nuevo \u00e1lbum y comparten el primer sencillo \u00abAt The Door\u00bb\"}]},{\"@type\":\"WebSite\",\"@id\":\"https:\\\/\\\/radiounodigital.com\\\/web\\\/#website\",\"url\":\"https:\\\/\\\/radiounodigital.com\\\/web\\\/\",\"name\":\"Radio UNO Digital\",\"description\":\"Donde la cultura del rock se siente\",\"potentialAction\":[{\"@type\":\"SearchAction\",\"target\":{\"@type\":\"EntryPoint\",\"urlTemplate\":\"https:\\\/\\\/radiounodigital.com\\\/web\\\/?s={search_term_string}\"},\"query-input\":{\"@type\":\"PropertyValueSpecification\",\"valueRequired\":true,\"valueName\":\"search_term_string\"}}],\"inLanguage\":\"es\"},{\"@type\":\"Person\",\"@id\":\"https:\\\/\\\/radiounodigital.com\\\/web\\\/#\\\/schema\\\/person\\\/00b93151fa54f619ecf9c183d1fc9758\",\"name\":\"diegoc\",\"image\":{\"@type\":\"ImageObject\",\"inLanguage\":\"es\",\"@id\":\"https:\\\/\\\/secure.gravatar.com\\\/avatar\\\/0a67041d44c702fb0660d81a5a32c7ce6007341cf92afeb718b75883bf415864?s=96&d=blank&r=g\",\"url\":\"https:\\\/\\\/secure.gravatar.com\\\/avatar\\\/0a67041d44c702fb0660d81a5a32c7ce6007341cf92afeb718b75883bf415864?s=96&d=blank&r=g\",\"contentUrl\":\"https:\\\/\\\/secure.gravatar.com\\\/avatar\\\/0a67041d44c702fb0660d81a5a32c7ce6007341cf92afeb718b75883bf415864?s=96&d=blank&r=g\",\"caption\":\"diegoc\"},\"url\":\"https:\\\/\\\/radiounodigital.com\\\/web\\\/author\\\/diegoc\\\/\"}]}<\/script>\n<!-- \/ Yoast SEO plugin. -->","yoast_head_json":{"title":"The Strokes anuncian nuevo \u00e1lbum y comparten el primer sencillo \"At The Door\" - Radio UNO Digital","robots":{"index":"index","follow":"follow","max-snippet":"max-snippet:-1","max-image-preview":"max-image-preview:large","max-video-preview":"max-video-preview:-1"},"canonical":"https:\/\/radiounodigital.com\/web\/2020\/02\/11\/the-strokes-anuncian-nuevo-album-y-comparten-el-primer-sencillo-at-the-door\/","og_locale":"es_ES","og_type":"article","og_title":"The Strokes anuncian nuevo \u00e1lbum y comparten el primer sencillo \"At The Door\" - Radio UNO Digital","og_description":"The Strokes ha compartido \u00abAt The Door\u00bb, la primera canci\u00f3n de su pr\u00f3ximo sexto \u00e1lbum \u00abThe New Abnormal\u00bb, adem\u00e1s de confirmar detalles de un show \u00edntimo en Londres la pr\u00f3xima semana. El sencillo de grabaci\u00f3n lenta llega antes de la llegada de The New Abnormal el 10 de abril, a trav\u00e9s de Cult Records \/... Read More","og_url":"https:\/\/radiounodigital.com\/web\/2020\/02\/11\/the-strokes-anuncian-nuevo-album-y-comparten-el-primer-sencillo-at-the-door\/","og_site_name":"Radio UNO Digital","article_published_time":"2020-02-11T14:39:01+00:00","og_image":[{"width":696,"height":442,"url":"https:\/\/radiounodigital.com\/web\/wp-content\/uploads\/2020\/02\/strokes-696x442-1.jpg","type":"image\/jpeg"}],"author":"diegoc","twitter_card":"summary_large_image","twitter_misc":{"Escrito por":"diegoc","Tiempo de lectura":"1 minuto"},"schema":{"@context":"https:\/\/schema.org","@graph":[{"@type":"Article","@id":"https:\/\/radiounodigital.com\/web\/2020\/02\/11\/the-strokes-anuncian-nuevo-album-y-comparten-el-primer-sencillo-at-the-door\/#article","isPartOf":{"@id":"https:\/\/radiounodigital.com\/web\/2020\/02\/11\/the-strokes-anuncian-nuevo-album-y-comparten-el-primer-sencillo-at-the-door\/"},"author":{"name":"diegoc","@id":"https:\/\/radiounodigital.com\/web\/#\/schema\/person\/00b93151fa54f619ecf9c183d1fc9758"},"headline":"The Strokes anuncian nuevo \u00e1lbum y comparten el primer sencillo \u00abAt The Door\u00bb","datePublished":"2020-02-11T14:39:01+00:00","mainEntityOfPage":{"@id":"https:\/\/radiounodigital.com\/web\/2020\/02\/11\/the-strokes-anuncian-nuevo-album-y-comparten-el-primer-sencillo-at-the-door\/"},"wordCount":181,"commentCount":0,"image":{"@id":"https:\/\/radiounodigital.com\/web\/2020\/02\/11\/the-strokes-anuncian-nuevo-album-y-comparten-el-primer-sencillo-at-the-door\/#primaryimage"},"thumbnailUrl":"https:\/\/radiounodigital.com\/web\/wp-content\/uploads\/2020\/02\/strokes-696x442-1.jpg","keywords":["album","at the door","nuevo","single","the strokes"],"articleSection":["ESTRENOS 2019","news","Rock"],"inLanguage":"es","potentialAction":[{"@type":"CommentAction","name":"Comment","target":["https:\/\/radiounodigital.com\/web\/2020\/02\/11\/the-strokes-anuncian-nuevo-album-y-comparten-el-primer-sencillo-at-the-door\/#respond"]}]},{"@type":"WebPage","@id":"https:\/\/radiounodigital.com\/web\/2020\/02\/11\/the-strokes-anuncian-nuevo-album-y-comparten-el-primer-sencillo-at-the-door\/","url":"https:\/\/radiounodigital.com\/web\/2020\/02\/11\/the-strokes-anuncian-nuevo-album-y-comparten-el-primer-sencillo-at-the-door\/","name":"The Strokes anuncian nuevo \u00e1lbum y comparten el primer sencillo \"At The Door\" - Radio UNO Digital","isPartOf":{"@id":"https:\/\/radiounodigital.com\/web\/#website"},"primaryImageOfPage":{"@id":"https:\/\/radiounodigital.com\/web\/2020\/02\/11\/the-strokes-anuncian-nuevo-album-y-comparten-el-primer-sencillo-at-the-door\/#primaryimage"},"image":{"@id":"https:\/\/radiounodigital.com\/web\/2020\/02\/11\/the-strokes-anuncian-nuevo-album-y-comparten-el-primer-sencillo-at-the-door\/#primaryimage"},"thumbnailUrl":"https:\/\/radiounodigital.com\/web\/wp-content\/uploads\/2020\/02\/strokes-696x442-1.jpg","datePublished":"2020-02-11T14:39:01+00:00","author":{"@id":"https:\/\/radiounodigital.com\/web\/#\/schema\/person\/00b93151fa54f619ecf9c183d1fc9758"},"breadcrumb":{"@id":"https:\/\/radiounodigital.com\/web\/2020\/02\/11\/the-strokes-anuncian-nuevo-album-y-comparten-el-primer-sencillo-at-the-door\/#breadcrumb"},"inLanguage":"es","potentialAction":[{"@type":"ReadAction","target":["https:\/\/radiounodigital.com\/web\/2020\/02\/11\/the-strokes-anuncian-nuevo-album-y-comparten-el-primer-sencillo-at-the-door\/"]}]},{"@type":"ImageObject","inLanguage":"es","@id":"https:\/\/radiounodigital.com\/web\/2020\/02\/11\/the-strokes-anuncian-nuevo-album-y-comparten-el-primer-sencillo-at-the-door\/#primaryimage","url":"https:\/\/radiounodigital.com\/web\/wp-content\/uploads\/2020\/02\/strokes-696x442-1.jpg","contentUrl":"https:\/\/radiounodigital.com\/web\/wp-content\/uploads\/2020\/02\/strokes-696x442-1.jpg","width":696,"height":442,"caption":"The Strokes, 2020. (Picture: Jason McDonald)"},{"@type":"BreadcrumbList","@id":"https:\/\/radiounodigital.com\/web\/2020\/02\/11\/the-strokes-anuncian-nuevo-album-y-comparten-el-primer-sencillo-at-the-door\/#breadcrumb","itemListElement":[{"@type":"ListItem","position":1,"name":"Home","item":"https:\/\/radiounodigital.com\/web\/"},{"@type":"ListItem","position":2,"name":"The Strokes anuncian nuevo \u00e1lbum y comparten el primer sencillo \u00abAt The Door\u00bb"}]},{"@type":"WebSite","@id":"https:\/\/radiounodigital.com\/web\/#website","url":"https:\/\/radiounodigital.com\/web\/","name":"Radio UNO Digital","description":"Donde la cultura del rock se siente","potentialAction":[{"@type":"SearchAction","target":{"@type":"EntryPoint","urlTemplate":"https:\/\/radiounodigital.com\/web\/?s={search_term_string}"},"query-input":{"@type":"PropertyValueSpecification","valueRequired":true,"valueName":"search_term_string"}}],"inLanguage":"es"},{"@type":"Person","@id":"https:\/\/radiounodigital.com\/web\/#\/schema\/person\/00b93151fa54f619ecf9c183d1fc9758","name":"diegoc","image":{"@type":"ImageObject","inLanguage":"es","@id":"https:\/\/secure.gravatar.com\/avatar\/0a67041d44c702fb0660d81a5a32c7ce6007341cf92afeb718b75883bf415864?s=96&d=blank&r=g","url":"https:\/\/secure.gravatar.com\/avatar\/0a67041d44c702fb0660d81a5a32c7ce6007341cf92afeb718b75883bf415864?s=96&d=blank&r=g","contentUrl":"https:\/\/secure.gravatar.com\/avatar\/0a67041d44c702fb0660d81a5a32c7ce6007341cf92afeb718b75883bf415864?s=96&d=blank&r=g","caption":"diegoc"},"url":"https:\/\/radiounodigital.com\/web\/author\/diegoc\/"}]}},"_links":{"self":[{"href":"https:\/\/radiounodigital.com\/web\/wp-json\/wp\/v2\/posts\/3493","targetHints":{"allow":["GET"]}}],"collection":[{"href":"https:\/\/radiounodigital.com\/web\/wp-json\/wp\/v2\/posts"}],"about":[{"href":"https:\/\/radiounodigital.com\/web\/wp-json\/wp\/v2\/types\/post"}],"author":[{"embeddable":true,"href":"https:\/\/radiounodigital.com\/web\/wp-json\/wp\/v2\/users\/1"}],"replies":[{"embeddable":true,"href":"https:\/\/radiounodigital.com\/web\/wp-json\/wp\/v2\/comments?post=3493"}],"version-history":[{"count":1,"href":"https:\/\/radiounodigital.com\/web\/wp-json\/wp\/v2\/posts\/3493\/revisions"}],"predecessor-version":[{"id":3496,"href":"https:\/\/radiounodigital.com\/web\/wp-json\/wp\/v2\/posts\/3493\/revisions\/3496"}],"wp:featuredmedia":[{"embeddable":true,"href":"https:\/\/radiounodigital.com\/web\/wp-json\/wp\/v2\/media\/3495"}],"wp:attachment":[{"href":"https:\/\/radiounodigital.com\/web\/wp-json\/wp\/v2\/media?parent=3493"}],"wp:term":[{"taxonomy":"category","embeddable":true,"href":"https:\/\/radiounodigital.com\/web\/wp-json\/wp\/v2\/categories?post=3493"},{"taxonomy":"post_tag","embeddable":true,"href":"https:\/\/radiounodigital.com\/web\/wp-json\/wp\/v2\/tags?post=3493"}],"curies":[{"name":"wp","href":"https:\/\/api.w.org\/{rel}","templated":true}]}}