{"id":3508,"date":"2020-02-12T16:25:43","date_gmt":"2020-02-12T16:25:43","guid":{"rendered":"https:\/\/radiounodigital.com\/web\/?p=3508"},"modified":"2020-02-12T16:25:43","modified_gmt":"2020-02-12T16:25:43","slug":"rage-against-the-machine-confirma-los-detalles-de-la-gira-de-reunion","status":"publish","type":"post","link":"https:\/\/radiounodigital.com\/web\/2020\/02\/12\/rage-against-the-machine-confirma-los-detalles-de-la-gira-de-reunion\/","title":{"rendered":"Rage Against The Machine confirma los detalles de la gira de reuni\u00f3n"},"content":{"rendered":"<h3>Rage Against The Machine tocar\u00e1 40 fechas en Norteam\u00e9rica y Europa este a\u00f1o.<\/h3>\n<p><iframe loading=\"lazy\" src=\"https:\/\/www.youtube.com\/embed\/qm7ych5qH14\" width=\"560\" height=\"315\" frameborder=\"0\" allowfullscreen=\"allowfullscreen\"><\/iframe><\/p>\n<p>La reformada Rage Against The Machine ha confirmado 40 fechas en su gira de reuni\u00f3n.<\/p>\n<p>La serie de espect\u00e1culos de Am\u00e9rica del Norte comenzar\u00e1 el 26 de marzo en el Don Haskins Center en El Paso, TX, y concluir\u00e1 a principios de agosto con dos espect\u00e1culos en el ic\u00f3nico Madison Square Garden en Nueva York.<\/p>\n<p>La serie de fechas incluye los dos espect\u00e1culos anunciados previamente en el Festival de Coachella en California, as\u00ed como otras apariciones en el festival en Boston Calling, Firefly Music Festival, Quebec City Festival y Ottawa Bluesfest.<\/p>\n<p>La gira llegar\u00e1 a Europa a fines de agosto para presentaciones en los festivales de Leeds y Reading de este a\u00f1o el 28 y 30 de agosto, antes de dirigirse a Europa continental para seis espect\u00e1culos m\u00e1s, culminando en Viena Stadthalle en Austria el 12 de septiembre.<\/p>\n<p>Fechas completas a continuaci\u00f3n. Las entradas para los espect\u00e1culos norteamericanos saldr\u00e1n a la venta el 13 de febrero a trav\u00e9s de Ticketmaster. Las entradas para Leeds y Reading salen a la venta en la misma fecha.<\/p>\n<p>El apoyo en todos los espect\u00e1culos, aparte de las fechas del festival y el espect\u00e1culo de Chicago, proviene del d\u00fao estadounidense de hip hip Run The Jewels, que present\u00f3 al vocalista de RATM Zack de la Rocha en su canci\u00f3n de 2014 Close Your Eyes (y Count to Fuck).<\/p>\n<p>Rage Against The Machine anunci\u00f3 su retorno a fines de 2019, la noticia lleg\u00f3 despu\u00e9s de que Tom Morello, Brad Wilk y Tim Commerford revelaron que estaban disolviendo Prophets Of Rage y que se conectaron una vez m\u00e1s con De la Rocha para cinco shows.<\/p>\n<div class=\"fb-background-color\">\n\t\t\t  <div \n\t\t\t  \tclass = \"fb-comments\" \n\t\t\t  \tdata-href = \"https:\/\/radiounodigital.com\/web\/2020\/02\/12\/rage-against-the-machine-confirma-los-detalles-de-la-gira-de-reunion\/\"\n\t\t\t  \tdata-numposts = \"10\"\n\t\t\t  \tdata-lazy = \"true\"\n\t\t\t\tdata-colorscheme = \"dark\"\n\t\t\t\tdata-order-by = \"reverse_time\"\n\t\t\t\tdata-mobile=true>\n\t\t\t  <\/div><\/div>\n\t\t  <style>\n\t\t    .fb-background-color {\n\t\t\t\tbackground: #ffffff !important;\n\t\t\t}\n\t\t\t.fb_iframe_widget_fluid_desktop iframe {\n\t\t\t    width: 100% !important;\n\t\t\t}\n\t\t  <\/style>\n\t\t  ","protected":false},"excerpt":{"rendered":"<p>Rage Against The Machine tocar\u00e1 40 fechas en Norteam\u00e9rica y Europa este a\u00f1o. La reformada Rage Against The Machine ha confirmado 40 fechas en su gira de reuni\u00f3n. La serie de espect\u00e1culos de Am\u00e9rica del Norte comenzar\u00e1 el 26 de marzo en el Don Haskins Center en El Paso, TX, y concluir\u00e1 a principios de&#8230; <a href=\"https:\/\/radiounodigital.com\/web\/2020\/02\/12\/rage-against-the-machine-confirma-los-detalles-de-la-gira-de-reunion\/\" class=\"excerpt-read-more\">Read More<\/a><\/p>\n","protected":false},"author":1,"featured_media":3509,"comment_status":"open","ping_status":"open","sticky":false,"template":"","format":"standard","meta":{"footnotes":""},"categories":[180,127],"tags":[361,583,584,453,585],"class_list":["post-3508","post","type-post","status-publish","format-standard","has-post-thumbnail","hentry","category-news","category-rock","tag-gira","tag-rage-against-the-machine","tag-retorno","tag-uk","tag-usa"],"yoast_head":"<!-- This site is optimized with the Yoast SEO plugin v27.4 - https:\/\/yoast.com\/product\/yoast-seo-wordpress\/ -->\n<title>Rage Against The Machine confirma los detalles de la gira de reuni\u00f3n - Radio UNO Digital<\/title>\n<meta name=\"robots\" content=\"index, follow, max-snippet:-1, max-image-preview:large, max-video-preview:-1\" \/>\n<link rel=\"canonical\" href=\"https:\/\/radiounodigital.com\/web\/2020\/02\/12\/rage-against-the-machine-confirma-los-detalles-de-la-gira-de-reunion\/\" \/>\n<meta property=\"og:locale\" content=\"es_ES\" \/>\n<meta property=\"og:type\" content=\"article\" \/>\n<meta property=\"og:title\" content=\"Rage Against The Machine confirma los detalles de la gira de reuni\u00f3n - Radio UNO Digital\" \/>\n<meta property=\"og:description\" content=\"Rage Against The Machine tocar\u00e1 40 fechas en Norteam\u00e9rica y Europa este a\u00f1o. La reformada Rage Against The Machine ha confirmado 40 fechas en su gira de reuni\u00f3n. La serie de espect\u00e1culos de Am\u00e9rica del Norte comenzar\u00e1 el 26 de marzo en el Don Haskins Center en El Paso, TX, y concluir\u00e1 a principios de... Read More\" \/>\n<meta property=\"og:url\" content=\"https:\/\/radiounodigital.com\/web\/2020\/02\/12\/rage-against-the-machine-confirma-los-detalles-de-la-gira-de-reunion\/\" \/>\n<meta property=\"og:site_name\" content=\"Radio UNO Digital\" \/>\n<meta property=\"article:published_time\" content=\"2020-02-12T16:25:43+00:00\" \/>\n<meta property=\"og:image\" content=\"https:\/\/radiounodigital.com\/web\/wp-content\/uploads\/2020\/02\/RAgeAgainstThe-Machine-Image-credit-Christie-Goodwin-Getty-Images-.jpg\" \/>\n\t<meta property=\"og:image:width\" content=\"970\" \/>\n\t<meta property=\"og:image:height\" content=\"575\" \/>\n\t<meta property=\"og:image:type\" content=\"image\/jpeg\" \/>\n<meta name=\"author\" content=\"diegoc\" \/>\n<meta name=\"twitter:card\" content=\"summary_large_image\" \/>\n<meta name=\"twitter:label1\" content=\"Escrito por\" \/>\n\t<meta name=\"twitter:data1\" content=\"diegoc\" \/>\n\t<meta name=\"twitter:label2\" content=\"Tiempo de lectura\" \/>\n\t<meta name=\"twitter:data2\" content=\"1 minuto\" \/>\n<script type=\"application\/ld+json\" class=\"yoast-schema-graph\">{\"@context\":\"https:\\\/\\\/schema.org\",\"@graph\":[{\"@type\":\"Article\",\"@id\":\"https:\\\/\\\/radiounodigital.com\\\/web\\\/2020\\\/02\\\/12\\\/rage-against-the-machine-confirma-los-detalles-de-la-gira-de-reunion\\\/#article\",\"isPartOf\":{\"@id\":\"https:\\\/\\\/radiounodigital.com\\\/web\\\/2020\\\/02\\\/12\\\/rage-against-the-machine-confirma-los-detalles-de-la-gira-de-reunion\\\/\"},\"author\":{\"name\":\"diegoc\",\"@id\":\"https:\\\/\\\/radiounodigital.com\\\/web\\\/#\\\/schema\\\/person\\\/00b93151fa54f619ecf9c183d1fc9758\"},\"headline\":\"Rage Against The Machine confirma los detalles de la gira de reuni\u00f3n\",\"datePublished\":\"2020-02-12T16:25:43+00:00\",\"mainEntityOfPage\":{\"@id\":\"https:\\\/\\\/radiounodigital.com\\\/web\\\/2020\\\/02\\\/12\\\/rage-against-the-machine-confirma-los-detalles-de-la-gira-de-reunion\\\/\"},\"wordCount\":306,\"commentCount\":0,\"image\":{\"@id\":\"https:\\\/\\\/radiounodigital.com\\\/web\\\/2020\\\/02\\\/12\\\/rage-against-the-machine-confirma-los-detalles-de-la-gira-de-reunion\\\/#primaryimage\"},\"thumbnailUrl\":\"https:\\\/\\\/radiounodigital.com\\\/web\\\/wp-content\\\/uploads\\\/2020\\\/02\\\/RAgeAgainstThe-Machine-Image-credit-Christie-Goodwin-Getty-Images-.jpg\",\"keywords\":[\"gira\",\"rage against the machine\",\"retorno\",\"uk\",\"usa\"],\"articleSection\":[\"news\",\"Rock\"],\"inLanguage\":\"es\",\"potentialAction\":[{\"@type\":\"CommentAction\",\"name\":\"Comment\",\"target\":[\"https:\\\/\\\/radiounodigital.com\\\/web\\\/2020\\\/02\\\/12\\\/rage-against-the-machine-confirma-los-detalles-de-la-gira-de-reunion\\\/#respond\"]}]},{\"@type\":\"WebPage\",\"@id\":\"https:\\\/\\\/radiounodigital.com\\\/web\\\/2020\\\/02\\\/12\\\/rage-against-the-machine-confirma-los-detalles-de-la-gira-de-reunion\\\/\",\"url\":\"https:\\\/\\\/radiounodigital.com\\\/web\\\/2020\\\/02\\\/12\\\/rage-against-the-machine-confirma-los-detalles-de-la-gira-de-reunion\\\/\",\"name\":\"Rage Against The Machine confirma los detalles de la gira de reuni\u00f3n - Radio UNO Digital\",\"isPartOf\":{\"@id\":\"https:\\\/\\\/radiounodigital.com\\\/web\\\/#website\"},\"primaryImageOfPage\":{\"@id\":\"https:\\\/\\\/radiounodigital.com\\\/web\\\/2020\\\/02\\\/12\\\/rage-against-the-machine-confirma-los-detalles-de-la-gira-de-reunion\\\/#primaryimage\"},\"image\":{\"@id\":\"https:\\\/\\\/radiounodigital.com\\\/web\\\/2020\\\/02\\\/12\\\/rage-against-the-machine-confirma-los-detalles-de-la-gira-de-reunion\\\/#primaryimage\"},\"thumbnailUrl\":\"https:\\\/\\\/radiounodigital.com\\\/web\\\/wp-content\\\/uploads\\\/2020\\\/02\\\/RAgeAgainstThe-Machine-Image-credit-Christie-Goodwin-Getty-Images-.jpg\",\"datePublished\":\"2020-02-12T16:25:43+00:00\",\"author\":{\"@id\":\"https:\\\/\\\/radiounodigital.com\\\/web\\\/#\\\/schema\\\/person\\\/00b93151fa54f619ecf9c183d1fc9758\"},\"breadcrumb\":{\"@id\":\"https:\\\/\\\/radiounodigital.com\\\/web\\\/2020\\\/02\\\/12\\\/rage-against-the-machine-confirma-los-detalles-de-la-gira-de-reunion\\\/#breadcrumb\"},\"inLanguage\":\"es\",\"potentialAction\":[{\"@type\":\"ReadAction\",\"target\":[\"https:\\\/\\\/radiounodigital.com\\\/web\\\/2020\\\/02\\\/12\\\/rage-against-the-machine-confirma-los-detalles-de-la-gira-de-reunion\\\/\"]}]},{\"@type\":\"ImageObject\",\"inLanguage\":\"es\",\"@id\":\"https:\\\/\\\/radiounodigital.com\\\/web\\\/2020\\\/02\\\/12\\\/rage-against-the-machine-confirma-los-detalles-de-la-gira-de-reunion\\\/#primaryimage\",\"url\":\"https:\\\/\\\/radiounodigital.com\\\/web\\\/wp-content\\\/uploads\\\/2020\\\/02\\\/RAgeAgainstThe-Machine-Image-credit-Christie-Goodwin-Getty-Images-.jpg\",\"contentUrl\":\"https:\\\/\\\/radiounodigital.com\\\/web\\\/wp-content\\\/uploads\\\/2020\\\/02\\\/RAgeAgainstThe-Machine-Image-credit-Christie-Goodwin-Getty-Images-.jpg\",\"width\":970,\"height\":575,\"caption\":\"(Image credit- Christie Goodwin \\\/ Getty Images )\"},{\"@type\":\"BreadcrumbList\",\"@id\":\"https:\\\/\\\/radiounodigital.com\\\/web\\\/2020\\\/02\\\/12\\\/rage-against-the-machine-confirma-los-detalles-de-la-gira-de-reunion\\\/#breadcrumb\",\"itemListElement\":[{\"@type\":\"ListItem\",\"position\":1,\"name\":\"Home\",\"item\":\"https:\\\/\\\/radiounodigital.com\\\/web\\\/\"},{\"@type\":\"ListItem\",\"position\":2,\"name\":\"Rage Against The Machine confirma los detalles de la gira de reuni\u00f3n\"}]},{\"@type\":\"WebSite\",\"@id\":\"https:\\\/\\\/radiounodigital.com\\\/web\\\/#website\",\"url\":\"https:\\\/\\\/radiounodigital.com\\\/web\\\/\",\"name\":\"Radio UNO Digital\",\"description\":\"Donde la cultura del rock se siente\",\"potentialAction\":[{\"@type\":\"SearchAction\",\"target\":{\"@type\":\"EntryPoint\",\"urlTemplate\":\"https:\\\/\\\/radiounodigital.com\\\/web\\\/?s={search_term_string}\"},\"query-input\":{\"@type\":\"PropertyValueSpecification\",\"valueRequired\":true,\"valueName\":\"search_term_string\"}}],\"inLanguage\":\"es\"},{\"@type\":\"Person\",\"@id\":\"https:\\\/\\\/radiounodigital.com\\\/web\\\/#\\\/schema\\\/person\\\/00b93151fa54f619ecf9c183d1fc9758\",\"name\":\"diegoc\",\"image\":{\"@type\":\"ImageObject\",\"inLanguage\":\"es\",\"@id\":\"https:\\\/\\\/secure.gravatar.com\\\/avatar\\\/0a67041d44c702fb0660d81a5a32c7ce6007341cf92afeb718b75883bf415864?s=96&d=blank&r=g\",\"url\":\"https:\\\/\\\/secure.gravatar.com\\\/avatar\\\/0a67041d44c702fb0660d81a5a32c7ce6007341cf92afeb718b75883bf415864?s=96&d=blank&r=g\",\"contentUrl\":\"https:\\\/\\\/secure.gravatar.com\\\/avatar\\\/0a67041d44c702fb0660d81a5a32c7ce6007341cf92afeb718b75883bf415864?s=96&d=blank&r=g\",\"caption\":\"diegoc\"},\"url\":\"https:\\\/\\\/radiounodigital.com\\\/web\\\/author\\\/diegoc\\\/\"}]}<\/script>\n<!-- \/ Yoast SEO plugin. -->","yoast_head_json":{"title":"Rage Against The Machine confirma los detalles de la gira de reuni\u00f3n - Radio UNO Digital","robots":{"index":"index","follow":"follow","max-snippet":"max-snippet:-1","max-image-preview":"max-image-preview:large","max-video-preview":"max-video-preview:-1"},"canonical":"https:\/\/radiounodigital.com\/web\/2020\/02\/12\/rage-against-the-machine-confirma-los-detalles-de-la-gira-de-reunion\/","og_locale":"es_ES","og_type":"article","og_title":"Rage Against The Machine confirma los detalles de la gira de reuni\u00f3n - Radio UNO Digital","og_description":"Rage Against The Machine tocar\u00e1 40 fechas en Norteam\u00e9rica y Europa este a\u00f1o. La reformada Rage Against The Machine ha confirmado 40 fechas en su gira de reuni\u00f3n. La serie de espect\u00e1culos de Am\u00e9rica del Norte comenzar\u00e1 el 26 de marzo en el Don Haskins Center en El Paso, TX, y concluir\u00e1 a principios de... Read More","og_url":"https:\/\/radiounodigital.com\/web\/2020\/02\/12\/rage-against-the-machine-confirma-los-detalles-de-la-gira-de-reunion\/","og_site_name":"Radio UNO Digital","article_published_time":"2020-02-12T16:25:43+00:00","og_image":[{"width":970,"height":575,"url":"https:\/\/radiounodigital.com\/web\/wp-content\/uploads\/2020\/02\/RAgeAgainstThe-Machine-Image-credit-Christie-Goodwin-Getty-Images-.jpg","type":"image\/jpeg"}],"author":"diegoc","twitter_card":"summary_large_image","twitter_misc":{"Escrito por":"diegoc","Tiempo de lectura":"1 minuto"},"schema":{"@context":"https:\/\/schema.org","@graph":[{"@type":"Article","@id":"https:\/\/radiounodigital.com\/web\/2020\/02\/12\/rage-against-the-machine-confirma-los-detalles-de-la-gira-de-reunion\/#article","isPartOf":{"@id":"https:\/\/radiounodigital.com\/web\/2020\/02\/12\/rage-against-the-machine-confirma-los-detalles-de-la-gira-de-reunion\/"},"author":{"name":"diegoc","@id":"https:\/\/radiounodigital.com\/web\/#\/schema\/person\/00b93151fa54f619ecf9c183d1fc9758"},"headline":"Rage Against The Machine confirma los detalles de la gira de reuni\u00f3n","datePublished":"2020-02-12T16:25:43+00:00","mainEntityOfPage":{"@id":"https:\/\/radiounodigital.com\/web\/2020\/02\/12\/rage-against-the-machine-confirma-los-detalles-de-la-gira-de-reunion\/"},"wordCount":306,"commentCount":0,"image":{"@id":"https:\/\/radiounodigital.com\/web\/2020\/02\/12\/rage-against-the-machine-confirma-los-detalles-de-la-gira-de-reunion\/#primaryimage"},"thumbnailUrl":"https:\/\/radiounodigital.com\/web\/wp-content\/uploads\/2020\/02\/RAgeAgainstThe-Machine-Image-credit-Christie-Goodwin-Getty-Images-.jpg","keywords":["gira","rage against the machine","retorno","uk","usa"],"articleSection":["news","Rock"],"inLanguage":"es","potentialAction":[{"@type":"CommentAction","name":"Comment","target":["https:\/\/radiounodigital.com\/web\/2020\/02\/12\/rage-against-the-machine-confirma-los-detalles-de-la-gira-de-reunion\/#respond"]}]},{"@type":"WebPage","@id":"https:\/\/radiounodigital.com\/web\/2020\/02\/12\/rage-against-the-machine-confirma-los-detalles-de-la-gira-de-reunion\/","url":"https:\/\/radiounodigital.com\/web\/2020\/02\/12\/rage-against-the-machine-confirma-los-detalles-de-la-gira-de-reunion\/","name":"Rage Against The Machine confirma los detalles de la gira de reuni\u00f3n - Radio UNO Digital","isPartOf":{"@id":"https:\/\/radiounodigital.com\/web\/#website"},"primaryImageOfPage":{"@id":"https:\/\/radiounodigital.com\/web\/2020\/02\/12\/rage-against-the-machine-confirma-los-detalles-de-la-gira-de-reunion\/#primaryimage"},"image":{"@id":"https:\/\/radiounodigital.com\/web\/2020\/02\/12\/rage-against-the-machine-confirma-los-detalles-de-la-gira-de-reunion\/#primaryimage"},"thumbnailUrl":"https:\/\/radiounodigital.com\/web\/wp-content\/uploads\/2020\/02\/RAgeAgainstThe-Machine-Image-credit-Christie-Goodwin-Getty-Images-.jpg","datePublished":"2020-02-12T16:25:43+00:00","author":{"@id":"https:\/\/radiounodigital.com\/web\/#\/schema\/person\/00b93151fa54f619ecf9c183d1fc9758"},"breadcrumb":{"@id":"https:\/\/radiounodigital.com\/web\/2020\/02\/12\/rage-against-the-machine-confirma-los-detalles-de-la-gira-de-reunion\/#breadcrumb"},"inLanguage":"es","potentialAction":[{"@type":"ReadAction","target":["https:\/\/radiounodigital.com\/web\/2020\/02\/12\/rage-against-the-machine-confirma-los-detalles-de-la-gira-de-reunion\/"]}]},{"@type":"ImageObject","inLanguage":"es","@id":"https:\/\/radiounodigital.com\/web\/2020\/02\/12\/rage-against-the-machine-confirma-los-detalles-de-la-gira-de-reunion\/#primaryimage","url":"https:\/\/radiounodigital.com\/web\/wp-content\/uploads\/2020\/02\/RAgeAgainstThe-Machine-Image-credit-Christie-Goodwin-Getty-Images-.jpg","contentUrl":"https:\/\/radiounodigital.com\/web\/wp-content\/uploads\/2020\/02\/RAgeAgainstThe-Machine-Image-credit-Christie-Goodwin-Getty-Images-.jpg","width":970,"height":575,"caption":"(Image credit- Christie Goodwin \/ Getty Images )"},{"@type":"BreadcrumbList","@id":"https:\/\/radiounodigital.com\/web\/2020\/02\/12\/rage-against-the-machine-confirma-los-detalles-de-la-gira-de-reunion\/#breadcrumb","itemListElement":[{"@type":"ListItem","position":1,"name":"Home","item":"https:\/\/radiounodigital.com\/web\/"},{"@type":"ListItem","position":2,"name":"Rage Against The Machine confirma los detalles de la gira de reuni\u00f3n"}]},{"@type":"WebSite","@id":"https:\/\/radiounodigital.com\/web\/#website","url":"https:\/\/radiounodigital.com\/web\/","name":"Radio UNO Digital","description":"Donde la cultura del rock se siente","potentialAction":[{"@type":"SearchAction","target":{"@type":"EntryPoint","urlTemplate":"https:\/\/radiounodigital.com\/web\/?s={search_term_string}"},"query-input":{"@type":"PropertyValueSpecification","valueRequired":true,"valueName":"search_term_string"}}],"inLanguage":"es"},{"@type":"Person","@id":"https:\/\/radiounodigital.com\/web\/#\/schema\/person\/00b93151fa54f619ecf9c183d1fc9758","name":"diegoc","image":{"@type":"ImageObject","inLanguage":"es","@id":"https:\/\/secure.gravatar.com\/avatar\/0a67041d44c702fb0660d81a5a32c7ce6007341cf92afeb718b75883bf415864?s=96&d=blank&r=g","url":"https:\/\/secure.gravatar.com\/avatar\/0a67041d44c702fb0660d81a5a32c7ce6007341cf92afeb718b75883bf415864?s=96&d=blank&r=g","contentUrl":"https:\/\/secure.gravatar.com\/avatar\/0a67041d44c702fb0660d81a5a32c7ce6007341cf92afeb718b75883bf415864?s=96&d=blank&r=g","caption":"diegoc"},"url":"https:\/\/radiounodigital.com\/web\/author\/diegoc\/"}]}},"_links":{"self":[{"href":"https:\/\/radiounodigital.com\/web\/wp-json\/wp\/v2\/posts\/3508","targetHints":{"allow":["GET"]}}],"collection":[{"href":"https:\/\/radiounodigital.com\/web\/wp-json\/wp\/v2\/posts"}],"about":[{"href":"https:\/\/radiounodigital.com\/web\/wp-json\/wp\/v2\/types\/post"}],"author":[{"embeddable":true,"href":"https:\/\/radiounodigital.com\/web\/wp-json\/wp\/v2\/users\/1"}],"replies":[{"embeddable":true,"href":"https:\/\/radiounodigital.com\/web\/wp-json\/wp\/v2\/comments?post=3508"}],"version-history":[{"count":1,"href":"https:\/\/radiounodigital.com\/web\/wp-json\/wp\/v2\/posts\/3508\/revisions"}],"predecessor-version":[{"id":3510,"href":"https:\/\/radiounodigital.com\/web\/wp-json\/wp\/v2\/posts\/3508\/revisions\/3510"}],"wp:featuredmedia":[{"embeddable":true,"href":"https:\/\/radiounodigital.com\/web\/wp-json\/wp\/v2\/media\/3509"}],"wp:attachment":[{"href":"https:\/\/radiounodigital.com\/web\/wp-json\/wp\/v2\/media?parent=3508"}],"wp:term":[{"taxonomy":"category","embeddable":true,"href":"https:\/\/radiounodigital.com\/web\/wp-json\/wp\/v2\/categories?post=3508"},{"taxonomy":"post_tag","embeddable":true,"href":"https:\/\/radiounodigital.com\/web\/wp-json\/wp\/v2\/tags?post=3508"}],"curies":[{"name":"wp","href":"https:\/\/api.w.org\/{rel}","templated":true}]}}