{"id":3515,"date":"2020-02-13T14:17:51","date_gmt":"2020-02-13T14:17:51","guid":{"rendered":"https:\/\/radiounodigital.com\/web\/?p=3515"},"modified":"2020-02-13T14:17:51","modified_gmt":"2020-02-13T14:17:51","slug":"foo-fighters-tiene-pronto-un-nuevo-album","status":"publish","type":"post","link":"https:\/\/radiounodigital.com\/web\/2020\/02\/13\/foo-fighters-tiene-pronto-un-nuevo-album\/","title":{"rendered":"Foo Fighters tiene pronto un nuevo \u00e1lbum"},"content":{"rendered":"<h3>El l\u00edder de Foo Fighters, Dave Grohl, dice que hay un registro en la lata, ya que revela que tambi\u00e9n est\u00e1 trabajando en un documental sobre los d\u00edas de gira en furgonetas.<\/h3>\n<p>El vocalista y guitarrista de Foo Fighters, Dave Grohl, dice que han \u00abterminado\u00bb de hacer un nuevo disco.<\/p>\n<p>La banda celebra su 25 aniversario este a\u00f1o, y podr\u00eda ser posible que marquen el hito con el nuevo \u00e1lbum en los pr\u00f3ximos meses.<\/p>\n<p>Grohl le dice a The Bill Simmonds Podcast: \u201cAcabamos de terminar de hacer un disco. Algunas de esas canciones, a veces las mejores, suceden en 45 minutos.<\/p>\n<p>\u201cLuego hay otras canciones &#8230; \u00a1hay un riff en el nuevo disco en el que he estado trabajando durante 25 putos a\u00f1os! La primera vez que hice una demostraci\u00f3n fue en mi s\u00f3tano en Seattle. Y cada disco, me gusta, \u00ab\u00a1Vamos a ponerlo!\u00bb<\/p>\n<p>\u00ab\u00a1A veces son 45 minutos y otras 25 a\u00f1os!\u00bb<\/p>\n<p>Grohl tambi\u00e9n revela que est\u00e1 trabajando en un documental sobre furgonetas y furgonetas de gira, y dice: \u00abLa pel\u00edcula no trata tanto de an\u00e9cdotas de furgonetas realmente incre\u00edbles, sino m\u00e1s bien de la unidad para hacerlo\u00bb.<\/p>\n<div class=\"fb-background-color\">\n\t\t\t  <div \n\t\t\t  \tclass = \"fb-comments\" \n\t\t\t  \tdata-href = \"https:\/\/radiounodigital.com\/web\/2020\/02\/13\/foo-fighters-tiene-pronto-un-nuevo-album\/\"\n\t\t\t  \tdata-numposts = \"10\"\n\t\t\t  \tdata-lazy = \"true\"\n\t\t\t\tdata-colorscheme = \"dark\"\n\t\t\t\tdata-order-by = \"reverse_time\"\n\t\t\t\tdata-mobile=true>\n\t\t\t  <\/div><\/div>\n\t\t  <style>\n\t\t    .fb-background-color {\n\t\t\t\tbackground: #ffffff !important;\n\t\t\t}\n\t\t\t.fb_iframe_widget_fluid_desktop iframe {\n\t\t\t    width: 100% !important;\n\t\t\t}\n\t\t  <\/style>\n\t\t  ","protected":false},"excerpt":{"rendered":"<p>El l\u00edder de Foo Fighters, Dave Grohl, dice que hay un registro en la lata, ya que revela que tambi\u00e9n est\u00e1 trabajando en un documental sobre los d\u00edas de gira en furgonetas. El vocalista y guitarrista de Foo Fighters, Dave Grohl, dice que han \u00abterminado\u00bb de hacer un nuevo disco. La banda celebra su 25&#8230; <a href=\"https:\/\/radiounodigital.com\/web\/2020\/02\/13\/foo-fighters-tiene-pronto-un-nuevo-album\/\" class=\"excerpt-read-more\">Read More<\/a><\/p>\n","protected":false},"author":1,"featured_media":3516,"comment_status":"open","ping_status":"open","sticky":false,"template":"","format":"standard","meta":{"footnotes":""},"categories":[180,127],"tags":[100,589,95],"class_list":["post-3515","post","type-post","status-publish","format-standard","has-post-thumbnail","hentry","category-news","category-rock","tag-100","tag-foo-fighters","tag-nuevo-disco"],"yoast_head":"<!-- This site is optimized with the Yoast SEO plugin v27.4 - https:\/\/yoast.com\/product\/yoast-seo-wordpress\/ -->\n<title>Foo Fighters tiene pronto un nuevo \u00e1lbum - Radio UNO Digital<\/title>\n<meta name=\"robots\" content=\"index, follow, max-snippet:-1, max-image-preview:large, max-video-preview:-1\" \/>\n<link rel=\"canonical\" href=\"https:\/\/radiounodigital.com\/web\/2020\/02\/13\/foo-fighters-tiene-pronto-un-nuevo-album\/\" \/>\n<meta property=\"og:locale\" content=\"es_ES\" \/>\n<meta property=\"og:type\" content=\"article\" \/>\n<meta property=\"og:title\" content=\"Foo Fighters tiene pronto un nuevo \u00e1lbum - Radio UNO Digital\" \/>\n<meta property=\"og:description\" content=\"El l\u00edder de Foo Fighters, Dave Grohl, dice que hay un registro en la lata, ya que revela que tambi\u00e9n est\u00e1 trabajando en un documental sobre los d\u00edas de gira en furgonetas. El vocalista y guitarrista de Foo Fighters, Dave Grohl, dice que han \u00abterminado\u00bb de hacer un nuevo disco. La banda celebra su 25... Read More\" \/>\n<meta property=\"og:url\" content=\"https:\/\/radiounodigital.com\/web\/2020\/02\/13\/foo-fighters-tiene-pronto-un-nuevo-album\/\" \/>\n<meta property=\"og:site_name\" content=\"Radio UNO Digital\" \/>\n<meta property=\"article:published_time\" content=\"2020-02-13T14:17:51+00:00\" \/>\n<meta property=\"og:image\" content=\"https:\/\/radiounodigital.com\/web\/wp-content\/uploads\/2020\/02\/Foo-Fighters-2020-Foo-Fighters-Image-credit-Brantley-Gutierrez.jpg\" \/>\n\t<meta property=\"og:image:width\" content=\"970\" \/>\n\t<meta property=\"og:image:height\" content=\"546\" \/>\n\t<meta property=\"og:image:type\" content=\"image\/jpeg\" \/>\n<meta name=\"author\" content=\"diegoc\" \/>\n<meta name=\"twitter:card\" content=\"summary_large_image\" \/>\n<meta name=\"twitter:label1\" content=\"Escrito por\" \/>\n\t<meta name=\"twitter:data1\" content=\"diegoc\" \/>\n\t<meta name=\"twitter:label2\" content=\"Tiempo de lectura\" \/>\n\t<meta name=\"twitter:data2\" content=\"1 minuto\" \/>\n<script type=\"application\/ld+json\" class=\"yoast-schema-graph\">{\"@context\":\"https:\\\/\\\/schema.org\",\"@graph\":[{\"@type\":\"Article\",\"@id\":\"https:\\\/\\\/radiounodigital.com\\\/web\\\/2020\\\/02\\\/13\\\/foo-fighters-tiene-pronto-un-nuevo-album\\\/#article\",\"isPartOf\":{\"@id\":\"https:\\\/\\\/radiounodigital.com\\\/web\\\/2020\\\/02\\\/13\\\/foo-fighters-tiene-pronto-un-nuevo-album\\\/\"},\"author\":{\"name\":\"diegoc\",\"@id\":\"https:\\\/\\\/radiounodigital.com\\\/web\\\/#\\\/schema\\\/person\\\/00b93151fa54f619ecf9c183d1fc9758\"},\"headline\":\"Foo Fighters tiene pronto un nuevo \u00e1lbum\",\"datePublished\":\"2020-02-13T14:17:51+00:00\",\"mainEntityOfPage\":{\"@id\":\"https:\\\/\\\/radiounodigital.com\\\/web\\\/2020\\\/02\\\/13\\\/foo-fighters-tiene-pronto-un-nuevo-album\\\/\"},\"wordCount\":205,\"commentCount\":0,\"image\":{\"@id\":\"https:\\\/\\\/radiounodigital.com\\\/web\\\/2020\\\/02\\\/13\\\/foo-fighters-tiene-pronto-un-nuevo-album\\\/#primaryimage\"},\"thumbnailUrl\":\"https:\\\/\\\/radiounodigital.com\\\/web\\\/wp-content\\\/uploads\\\/2020\\\/02\\\/Foo-Fighters-2020-Foo-Fighters-Image-credit-Brantley-Gutierrez.jpg\",\"keywords\":[\"2020\",\"foo fighters\",\"nuevo disco\"],\"articleSection\":[\"news\",\"Rock\"],\"inLanguage\":\"es\",\"potentialAction\":[{\"@type\":\"CommentAction\",\"name\":\"Comment\",\"target\":[\"https:\\\/\\\/radiounodigital.com\\\/web\\\/2020\\\/02\\\/13\\\/foo-fighters-tiene-pronto-un-nuevo-album\\\/#respond\"]}]},{\"@type\":\"WebPage\",\"@id\":\"https:\\\/\\\/radiounodigital.com\\\/web\\\/2020\\\/02\\\/13\\\/foo-fighters-tiene-pronto-un-nuevo-album\\\/\",\"url\":\"https:\\\/\\\/radiounodigital.com\\\/web\\\/2020\\\/02\\\/13\\\/foo-fighters-tiene-pronto-un-nuevo-album\\\/\",\"name\":\"Foo Fighters tiene pronto un nuevo \u00e1lbum - Radio UNO Digital\",\"isPartOf\":{\"@id\":\"https:\\\/\\\/radiounodigital.com\\\/web\\\/#website\"},\"primaryImageOfPage\":{\"@id\":\"https:\\\/\\\/radiounodigital.com\\\/web\\\/2020\\\/02\\\/13\\\/foo-fighters-tiene-pronto-un-nuevo-album\\\/#primaryimage\"},\"image\":{\"@id\":\"https:\\\/\\\/radiounodigital.com\\\/web\\\/2020\\\/02\\\/13\\\/foo-fighters-tiene-pronto-un-nuevo-album\\\/#primaryimage\"},\"thumbnailUrl\":\"https:\\\/\\\/radiounodigital.com\\\/web\\\/wp-content\\\/uploads\\\/2020\\\/02\\\/Foo-Fighters-2020-Foo-Fighters-Image-credit-Brantley-Gutierrez.jpg\",\"datePublished\":\"2020-02-13T14:17:51+00:00\",\"author\":{\"@id\":\"https:\\\/\\\/radiounodigital.com\\\/web\\\/#\\\/schema\\\/person\\\/00b93151fa54f619ecf9c183d1fc9758\"},\"breadcrumb\":{\"@id\":\"https:\\\/\\\/radiounodigital.com\\\/web\\\/2020\\\/02\\\/13\\\/foo-fighters-tiene-pronto-un-nuevo-album\\\/#breadcrumb\"},\"inLanguage\":\"es\",\"potentialAction\":[{\"@type\":\"ReadAction\",\"target\":[\"https:\\\/\\\/radiounodigital.com\\\/web\\\/2020\\\/02\\\/13\\\/foo-fighters-tiene-pronto-un-nuevo-album\\\/\"]}]},{\"@type\":\"ImageObject\",\"inLanguage\":\"es\",\"@id\":\"https:\\\/\\\/radiounodigital.com\\\/web\\\/2020\\\/02\\\/13\\\/foo-fighters-tiene-pronto-un-nuevo-album\\\/#primaryimage\",\"url\":\"https:\\\/\\\/radiounodigital.com\\\/web\\\/wp-content\\\/uploads\\\/2020\\\/02\\\/Foo-Fighters-2020-Foo-Fighters-Image-credit-Brantley-Gutierrez.jpg\",\"contentUrl\":\"https:\\\/\\\/radiounodigital.com\\\/web\\\/wp-content\\\/uploads\\\/2020\\\/02\\\/Foo-Fighters-2020-Foo-Fighters-Image-credit-Brantley-Gutierrez.jpg\",\"width\":970,\"height\":546,\"caption\":\"Foo Fighters (Image credit: Brantley Gutierrez)\"},{\"@type\":\"BreadcrumbList\",\"@id\":\"https:\\\/\\\/radiounodigital.com\\\/web\\\/2020\\\/02\\\/13\\\/foo-fighters-tiene-pronto-un-nuevo-album\\\/#breadcrumb\",\"itemListElement\":[{\"@type\":\"ListItem\",\"position\":1,\"name\":\"Home\",\"item\":\"https:\\\/\\\/radiounodigital.com\\\/web\\\/\"},{\"@type\":\"ListItem\",\"position\":2,\"name\":\"Foo Fighters tiene pronto un nuevo \u00e1lbum\"}]},{\"@type\":\"WebSite\",\"@id\":\"https:\\\/\\\/radiounodigital.com\\\/web\\\/#website\",\"url\":\"https:\\\/\\\/radiounodigital.com\\\/web\\\/\",\"name\":\"Radio UNO Digital\",\"description\":\"Donde la cultura del rock se siente\",\"potentialAction\":[{\"@type\":\"SearchAction\",\"target\":{\"@type\":\"EntryPoint\",\"urlTemplate\":\"https:\\\/\\\/radiounodigital.com\\\/web\\\/?s={search_term_string}\"},\"query-input\":{\"@type\":\"PropertyValueSpecification\",\"valueRequired\":true,\"valueName\":\"search_term_string\"}}],\"inLanguage\":\"es\"},{\"@type\":\"Person\",\"@id\":\"https:\\\/\\\/radiounodigital.com\\\/web\\\/#\\\/schema\\\/person\\\/00b93151fa54f619ecf9c183d1fc9758\",\"name\":\"diegoc\",\"image\":{\"@type\":\"ImageObject\",\"inLanguage\":\"es\",\"@id\":\"https:\\\/\\\/secure.gravatar.com\\\/avatar\\\/0a67041d44c702fb0660d81a5a32c7ce6007341cf92afeb718b75883bf415864?s=96&d=blank&r=g\",\"url\":\"https:\\\/\\\/secure.gravatar.com\\\/avatar\\\/0a67041d44c702fb0660d81a5a32c7ce6007341cf92afeb718b75883bf415864?s=96&d=blank&r=g\",\"contentUrl\":\"https:\\\/\\\/secure.gravatar.com\\\/avatar\\\/0a67041d44c702fb0660d81a5a32c7ce6007341cf92afeb718b75883bf415864?s=96&d=blank&r=g\",\"caption\":\"diegoc\"},\"url\":\"https:\\\/\\\/radiounodigital.com\\\/web\\\/author\\\/diegoc\\\/\"}]}<\/script>\n<!-- \/ Yoast SEO plugin. -->","yoast_head_json":{"title":"Foo Fighters tiene pronto un nuevo \u00e1lbum - Radio UNO Digital","robots":{"index":"index","follow":"follow","max-snippet":"max-snippet:-1","max-image-preview":"max-image-preview:large","max-video-preview":"max-video-preview:-1"},"canonical":"https:\/\/radiounodigital.com\/web\/2020\/02\/13\/foo-fighters-tiene-pronto-un-nuevo-album\/","og_locale":"es_ES","og_type":"article","og_title":"Foo Fighters tiene pronto un nuevo \u00e1lbum - Radio UNO Digital","og_description":"El l\u00edder de Foo Fighters, Dave Grohl, dice que hay un registro en la lata, ya que revela que tambi\u00e9n est\u00e1 trabajando en un documental sobre los d\u00edas de gira en furgonetas. El vocalista y guitarrista de Foo Fighters, Dave Grohl, dice que han \u00abterminado\u00bb de hacer un nuevo disco. La banda celebra su 25... Read More","og_url":"https:\/\/radiounodigital.com\/web\/2020\/02\/13\/foo-fighters-tiene-pronto-un-nuevo-album\/","og_site_name":"Radio UNO Digital","article_published_time":"2020-02-13T14:17:51+00:00","og_image":[{"width":970,"height":546,"url":"https:\/\/radiounodigital.com\/web\/wp-content\/uploads\/2020\/02\/Foo-Fighters-2020-Foo-Fighters-Image-credit-Brantley-Gutierrez.jpg","type":"image\/jpeg"}],"author":"diegoc","twitter_card":"summary_large_image","twitter_misc":{"Escrito por":"diegoc","Tiempo de lectura":"1 minuto"},"schema":{"@context":"https:\/\/schema.org","@graph":[{"@type":"Article","@id":"https:\/\/radiounodigital.com\/web\/2020\/02\/13\/foo-fighters-tiene-pronto-un-nuevo-album\/#article","isPartOf":{"@id":"https:\/\/radiounodigital.com\/web\/2020\/02\/13\/foo-fighters-tiene-pronto-un-nuevo-album\/"},"author":{"name":"diegoc","@id":"https:\/\/radiounodigital.com\/web\/#\/schema\/person\/00b93151fa54f619ecf9c183d1fc9758"},"headline":"Foo Fighters tiene pronto un nuevo \u00e1lbum","datePublished":"2020-02-13T14:17:51+00:00","mainEntityOfPage":{"@id":"https:\/\/radiounodigital.com\/web\/2020\/02\/13\/foo-fighters-tiene-pronto-un-nuevo-album\/"},"wordCount":205,"commentCount":0,"image":{"@id":"https:\/\/radiounodigital.com\/web\/2020\/02\/13\/foo-fighters-tiene-pronto-un-nuevo-album\/#primaryimage"},"thumbnailUrl":"https:\/\/radiounodigital.com\/web\/wp-content\/uploads\/2020\/02\/Foo-Fighters-2020-Foo-Fighters-Image-credit-Brantley-Gutierrez.jpg","keywords":["2020","foo fighters","nuevo disco"],"articleSection":["news","Rock"],"inLanguage":"es","potentialAction":[{"@type":"CommentAction","name":"Comment","target":["https:\/\/radiounodigital.com\/web\/2020\/02\/13\/foo-fighters-tiene-pronto-un-nuevo-album\/#respond"]}]},{"@type":"WebPage","@id":"https:\/\/radiounodigital.com\/web\/2020\/02\/13\/foo-fighters-tiene-pronto-un-nuevo-album\/","url":"https:\/\/radiounodigital.com\/web\/2020\/02\/13\/foo-fighters-tiene-pronto-un-nuevo-album\/","name":"Foo Fighters tiene pronto un nuevo \u00e1lbum - Radio UNO Digital","isPartOf":{"@id":"https:\/\/radiounodigital.com\/web\/#website"},"primaryImageOfPage":{"@id":"https:\/\/radiounodigital.com\/web\/2020\/02\/13\/foo-fighters-tiene-pronto-un-nuevo-album\/#primaryimage"},"image":{"@id":"https:\/\/radiounodigital.com\/web\/2020\/02\/13\/foo-fighters-tiene-pronto-un-nuevo-album\/#primaryimage"},"thumbnailUrl":"https:\/\/radiounodigital.com\/web\/wp-content\/uploads\/2020\/02\/Foo-Fighters-2020-Foo-Fighters-Image-credit-Brantley-Gutierrez.jpg","datePublished":"2020-02-13T14:17:51+00:00","author":{"@id":"https:\/\/radiounodigital.com\/web\/#\/schema\/person\/00b93151fa54f619ecf9c183d1fc9758"},"breadcrumb":{"@id":"https:\/\/radiounodigital.com\/web\/2020\/02\/13\/foo-fighters-tiene-pronto-un-nuevo-album\/#breadcrumb"},"inLanguage":"es","potentialAction":[{"@type":"ReadAction","target":["https:\/\/radiounodigital.com\/web\/2020\/02\/13\/foo-fighters-tiene-pronto-un-nuevo-album\/"]}]},{"@type":"ImageObject","inLanguage":"es","@id":"https:\/\/radiounodigital.com\/web\/2020\/02\/13\/foo-fighters-tiene-pronto-un-nuevo-album\/#primaryimage","url":"https:\/\/radiounodigital.com\/web\/wp-content\/uploads\/2020\/02\/Foo-Fighters-2020-Foo-Fighters-Image-credit-Brantley-Gutierrez.jpg","contentUrl":"https:\/\/radiounodigital.com\/web\/wp-content\/uploads\/2020\/02\/Foo-Fighters-2020-Foo-Fighters-Image-credit-Brantley-Gutierrez.jpg","width":970,"height":546,"caption":"Foo Fighters (Image credit: Brantley Gutierrez)"},{"@type":"BreadcrumbList","@id":"https:\/\/radiounodigital.com\/web\/2020\/02\/13\/foo-fighters-tiene-pronto-un-nuevo-album\/#breadcrumb","itemListElement":[{"@type":"ListItem","position":1,"name":"Home","item":"https:\/\/radiounodigital.com\/web\/"},{"@type":"ListItem","position":2,"name":"Foo Fighters tiene pronto un nuevo \u00e1lbum"}]},{"@type":"WebSite","@id":"https:\/\/radiounodigital.com\/web\/#website","url":"https:\/\/radiounodigital.com\/web\/","name":"Radio UNO Digital","description":"Donde la cultura del rock se siente","potentialAction":[{"@type":"SearchAction","target":{"@type":"EntryPoint","urlTemplate":"https:\/\/radiounodigital.com\/web\/?s={search_term_string}"},"query-input":{"@type":"PropertyValueSpecification","valueRequired":true,"valueName":"search_term_string"}}],"inLanguage":"es"},{"@type":"Person","@id":"https:\/\/radiounodigital.com\/web\/#\/schema\/person\/00b93151fa54f619ecf9c183d1fc9758","name":"diegoc","image":{"@type":"ImageObject","inLanguage":"es","@id":"https:\/\/secure.gravatar.com\/avatar\/0a67041d44c702fb0660d81a5a32c7ce6007341cf92afeb718b75883bf415864?s=96&d=blank&r=g","url":"https:\/\/secure.gravatar.com\/avatar\/0a67041d44c702fb0660d81a5a32c7ce6007341cf92afeb718b75883bf415864?s=96&d=blank&r=g","contentUrl":"https:\/\/secure.gravatar.com\/avatar\/0a67041d44c702fb0660d81a5a32c7ce6007341cf92afeb718b75883bf415864?s=96&d=blank&r=g","caption":"diegoc"},"url":"https:\/\/radiounodigital.com\/web\/author\/diegoc\/"}]}},"_links":{"self":[{"href":"https:\/\/radiounodigital.com\/web\/wp-json\/wp\/v2\/posts\/3515","targetHints":{"allow":["GET"]}}],"collection":[{"href":"https:\/\/radiounodigital.com\/web\/wp-json\/wp\/v2\/posts"}],"about":[{"href":"https:\/\/radiounodigital.com\/web\/wp-json\/wp\/v2\/types\/post"}],"author":[{"embeddable":true,"href":"https:\/\/radiounodigital.com\/web\/wp-json\/wp\/v2\/users\/1"}],"replies":[{"embeddable":true,"href":"https:\/\/radiounodigital.com\/web\/wp-json\/wp\/v2\/comments?post=3515"}],"version-history":[{"count":1,"href":"https:\/\/radiounodigital.com\/web\/wp-json\/wp\/v2\/posts\/3515\/revisions"}],"predecessor-version":[{"id":3517,"href":"https:\/\/radiounodigital.com\/web\/wp-json\/wp\/v2\/posts\/3515\/revisions\/3517"}],"wp:featuredmedia":[{"embeddable":true,"href":"https:\/\/radiounodigital.com\/web\/wp-json\/wp\/v2\/media\/3516"}],"wp:attachment":[{"href":"https:\/\/radiounodigital.com\/web\/wp-json\/wp\/v2\/media?parent=3515"}],"wp:term":[{"taxonomy":"category","embeddable":true,"href":"https:\/\/radiounodigital.com\/web\/wp-json\/wp\/v2\/categories?post=3515"},{"taxonomy":"post_tag","embeddable":true,"href":"https:\/\/radiounodigital.com\/web\/wp-json\/wp\/v2\/tags?post=3515"}],"curies":[{"name":"wp","href":"https:\/\/api.w.org\/{rel}","templated":true}]}}