{"id":3563,"date":"2020-02-24T13:35:43","date_gmt":"2020-02-24T13:35:43","guid":{"rendered":"https:\/\/radiounodigital.com\/web\/?p=3563"},"modified":"2020-02-24T13:35:43","modified_gmt":"2020-02-24T13:35:43","slug":"los-primeros-anos-de-genesis-plasmados-en-un-nuevo-libro","status":"publish","type":"post","link":"https:\/\/radiounodigital.com\/web\/2020\/02\/24\/los-primeros-anos-de-genesis-plasmados-en-un-nuevo-libro\/","title":{"rendered":"Los primeros a\u00f1os de G\u00e9nesis plasmados en un nuevo libro"},"content":{"rendered":"<h3>El nuevo libro de Mario Giammetti abarca los primeros a\u00f1os de Genesis con Peter Gabriel al frente de la banda.<\/h3>\n<div id=\"attachment_3564\" style=\"width: 660px\" class=\"wp-caption aligncenter\"><img loading=\"lazy\" decoding=\"async\" aria-describedby=\"caption-attachment-3564\" class=\"size-full wp-image-3564\" src=\"https:\/\/radiounodigital.com\/web\/wp-content\/uploads\/2020\/02\/genesis-1967-1975-Image-credit-Kingmaker-PublishingDavid-GahrGetty-Images.jpg\" alt=\"\" width=\"650\" height=\"930\" srcset=\"https:\/\/radiounodigital.com\/web\/wp-content\/uploads\/2020\/02\/genesis-1967-1975-Image-credit-Kingmaker-PublishingDavid-GahrGetty-Images.jpg 650w, https:\/\/radiounodigital.com\/web\/wp-content\/uploads\/2020\/02\/genesis-1967-1975-Image-credit-Kingmaker-PublishingDavid-GahrGetty-Images-210x300.jpg 210w\" sizes=\"auto, (max-width: 650px) 100vw, 650px\" \/><p id=\"caption-attachment-3564\" class=\"wp-caption-text\">(Image credit: Kingmaker Publishing\/David Gahr\/Getty Images)<\/p><\/div>\n<p>Los primeros a\u00f1os de Genesis son el foco de un nuevo libro que se publicar\u00e1 este a\u00f1o a trav\u00e9s de Kingmaker. G\u00e9nesis 1967 a 1975: The Peter Gabriel Years ha sido escrito por Mario Giammetti e incluye entrevistas exclusivas con miembros de la banda y asociados clave, as\u00ed como fotos nunca antes vistas.<\/p>\n<p>Kingmaker Publishing fue lanzada el a\u00f1o pasado por el periodista de Prog Nick Shilton y el fundador de Big Big Train, Greg Spawton. Spawton dice: \u201cHe sido un gran fan\u00e1tico de Genesis desde mi juventud y he le\u00eddo todos los libros que existen sobre la banda. Sin embargo, el libro de Mario contiene una gran cantidad de detalles sobre la era de Peter Gabriel del G\u00e9nesis que antes desconoc\u00eda. Sent\u00ed que estas ideas deb\u00edan compartirse con la base de admiradores de Genesis y, por lo tanto, estaba muy interesado en que el libro de Mario fuera la publicaci\u00f3n debut de Kingmaker \u00ab.<\/p>\n<p>El cr\u00edtico musical italiano Giammetti ha escrito 14 libros sobre la banda de rock progresivo y fund\u00f3 la revista Genesis Dusk en 1991. Este es su primer libro en ingl\u00e9s.<\/p>\n<div class=\"fb-background-color\">\n\t\t\t  <div \n\t\t\t  \tclass = \"fb-comments\" \n\t\t\t  \tdata-href = \"https:\/\/radiounodigital.com\/web\/2020\/02\/24\/los-primeros-anos-de-genesis-plasmados-en-un-nuevo-libro\/\"\n\t\t\t  \tdata-numposts = \"10\"\n\t\t\t  \tdata-lazy = \"true\"\n\t\t\t\tdata-colorscheme = \"dark\"\n\t\t\t\tdata-order-by = \"reverse_time\"\n\t\t\t\tdata-mobile=true>\n\t\t\t  <\/div><\/div>\n\t\t  <style>\n\t\t    .fb-background-color {\n\t\t\t\tbackground: #ffffff !important;\n\t\t\t}\n\t\t\t.fb_iframe_widget_fluid_desktop iframe {\n\t\t\t    width: 100% !important;\n\t\t\t}\n\t\t  <\/style>\n\t\t  ","protected":false},"excerpt":{"rendered":"<p>El nuevo libro de Mario Giammetti abarca los primeros a\u00f1os de Genesis con Peter Gabriel al frente de la banda. Los primeros a\u00f1os de Genesis son el foco de un nuevo libro que se publicar\u00e1 este a\u00f1o a trav\u00e9s de Kingmaker. G\u00e9nesis 1967 a 1975: The Peter Gabriel Years ha sido escrito por Mario Giammetti&#8230; <a href=\"https:\/\/radiounodigital.com\/web\/2020\/02\/24\/los-primeros-anos-de-genesis-plasmados-en-un-nuevo-libro\/\" class=\"excerpt-read-more\">Read More<\/a><\/p>\n","protected":false},"author":1,"featured_media":3565,"comment_status":"open","ping_status":"open","sticky":false,"template":"","format":"standard","meta":{"footnotes":""},"categories":[180,128],"tags":[528,617,417,618],"class_list":["post-3563","post","type-post","status-publish","format-standard","has-post-thumbnail","hentry","category-news","category-rock-clasico","tag-early-years","tag-genesis","tag-libro","tag-peter-gabriel"],"yoast_head":"<!-- This site is optimized with the Yoast SEO plugin v27.4 - https:\/\/yoast.com\/product\/yoast-seo-wordpress\/ -->\n<title>Los primeros a\u00f1os de G\u00e9nesis plasmados en un nuevo libro - Radio UNO Digital<\/title>\n<meta name=\"robots\" content=\"index, follow, max-snippet:-1, max-image-preview:large, max-video-preview:-1\" \/>\n<link rel=\"canonical\" href=\"https:\/\/radiounodigital.com\/web\/2020\/02\/24\/los-primeros-anos-de-genesis-plasmados-en-un-nuevo-libro\/\" \/>\n<meta property=\"og:locale\" content=\"es_ES\" \/>\n<meta property=\"og:type\" content=\"article\" \/>\n<meta property=\"og:title\" content=\"Los primeros a\u00f1os de G\u00e9nesis plasmados en un nuevo libro - Radio UNO Digital\" \/>\n<meta property=\"og:description\" content=\"El nuevo libro de Mario Giammetti abarca los primeros a\u00f1os de Genesis con Peter Gabriel al frente de la banda. Los primeros a\u00f1os de Genesis son el foco de un nuevo libro que se publicar\u00e1 este a\u00f1o a trav\u00e9s de Kingmaker. G\u00e9nesis 1967 a 1975: The Peter Gabriel Years ha sido escrito por Mario Giammetti... Read More\" \/>\n<meta property=\"og:url\" content=\"https:\/\/radiounodigital.com\/web\/2020\/02\/24\/los-primeros-anos-de-genesis-plasmados-en-un-nuevo-libro\/\" \/>\n<meta property=\"og:site_name\" content=\"Radio UNO Digital\" \/>\n<meta property=\"article:published_time\" content=\"2020-02-24T13:35:43+00:00\" \/>\n<meta property=\"og:image\" content=\"https:\/\/radiounodigital.com\/web\/wp-content\/uploads\/2020\/02\/genesis-early-years.jpg\" \/>\n\t<meta property=\"og:image:width\" content=\"1024\" \/>\n\t<meta property=\"og:image:height\" content=\"576\" \/>\n\t<meta property=\"og:image:type\" content=\"image\/jpeg\" \/>\n<meta name=\"author\" content=\"diegoc\" \/>\n<meta name=\"twitter:card\" content=\"summary_large_image\" \/>\n<meta name=\"twitter:label1\" content=\"Escrito por\" \/>\n\t<meta name=\"twitter:data1\" content=\"diegoc\" \/>\n\t<meta name=\"twitter:label2\" content=\"Tiempo de lectura\" \/>\n\t<meta name=\"twitter:data2\" content=\"1 minuto\" \/>\n<script type=\"application\/ld+json\" class=\"yoast-schema-graph\">{\"@context\":\"https:\\\/\\\/schema.org\",\"@graph\":[{\"@type\":\"Article\",\"@id\":\"https:\\\/\\\/radiounodigital.com\\\/web\\\/2020\\\/02\\\/24\\\/los-primeros-anos-de-genesis-plasmados-en-un-nuevo-libro\\\/#article\",\"isPartOf\":{\"@id\":\"https:\\\/\\\/radiounodigital.com\\\/web\\\/2020\\\/02\\\/24\\\/los-primeros-anos-de-genesis-plasmados-en-un-nuevo-libro\\\/\"},\"author\":{\"name\":\"diegoc\",\"@id\":\"https:\\\/\\\/radiounodigital.com\\\/web\\\/#\\\/schema\\\/person\\\/00b93151fa54f619ecf9c183d1fc9758\"},\"headline\":\"Los primeros a\u00f1os de G\u00e9nesis plasmados en un nuevo libro\",\"datePublished\":\"2020-02-24T13:35:43+00:00\",\"mainEntityOfPage\":{\"@id\":\"https:\\\/\\\/radiounodigital.com\\\/web\\\/2020\\\/02\\\/24\\\/los-primeros-anos-de-genesis-plasmados-en-un-nuevo-libro\\\/\"},\"wordCount\":241,\"commentCount\":0,\"image\":{\"@id\":\"https:\\\/\\\/radiounodigital.com\\\/web\\\/2020\\\/02\\\/24\\\/los-primeros-anos-de-genesis-plasmados-en-un-nuevo-libro\\\/#primaryimage\"},\"thumbnailUrl\":\"https:\\\/\\\/radiounodigital.com\\\/web\\\/wp-content\\\/uploads\\\/2020\\\/02\\\/genesis-early-years.jpg\",\"keywords\":[\"early years\",\"genesis\",\"libro\",\"peter gabriel\"],\"articleSection\":[\"news\",\"Rock Clasico\"],\"inLanguage\":\"es\",\"potentialAction\":[{\"@type\":\"CommentAction\",\"name\":\"Comment\",\"target\":[\"https:\\\/\\\/radiounodigital.com\\\/web\\\/2020\\\/02\\\/24\\\/los-primeros-anos-de-genesis-plasmados-en-un-nuevo-libro\\\/#respond\"]}]},{\"@type\":\"WebPage\",\"@id\":\"https:\\\/\\\/radiounodigital.com\\\/web\\\/2020\\\/02\\\/24\\\/los-primeros-anos-de-genesis-plasmados-en-un-nuevo-libro\\\/\",\"url\":\"https:\\\/\\\/radiounodigital.com\\\/web\\\/2020\\\/02\\\/24\\\/los-primeros-anos-de-genesis-plasmados-en-un-nuevo-libro\\\/\",\"name\":\"Los primeros a\u00f1os de G\u00e9nesis plasmados en un nuevo libro - Radio UNO Digital\",\"isPartOf\":{\"@id\":\"https:\\\/\\\/radiounodigital.com\\\/web\\\/#website\"},\"primaryImageOfPage\":{\"@id\":\"https:\\\/\\\/radiounodigital.com\\\/web\\\/2020\\\/02\\\/24\\\/los-primeros-anos-de-genesis-plasmados-en-un-nuevo-libro\\\/#primaryimage\"},\"image\":{\"@id\":\"https:\\\/\\\/radiounodigital.com\\\/web\\\/2020\\\/02\\\/24\\\/los-primeros-anos-de-genesis-plasmados-en-un-nuevo-libro\\\/#primaryimage\"},\"thumbnailUrl\":\"https:\\\/\\\/radiounodigital.com\\\/web\\\/wp-content\\\/uploads\\\/2020\\\/02\\\/genesis-early-years.jpg\",\"datePublished\":\"2020-02-24T13:35:43+00:00\",\"author\":{\"@id\":\"https:\\\/\\\/radiounodigital.com\\\/web\\\/#\\\/schema\\\/person\\\/00b93151fa54f619ecf9c183d1fc9758\"},\"breadcrumb\":{\"@id\":\"https:\\\/\\\/radiounodigital.com\\\/web\\\/2020\\\/02\\\/24\\\/los-primeros-anos-de-genesis-plasmados-en-un-nuevo-libro\\\/#breadcrumb\"},\"inLanguage\":\"es\",\"potentialAction\":[{\"@type\":\"ReadAction\",\"target\":[\"https:\\\/\\\/radiounodigital.com\\\/web\\\/2020\\\/02\\\/24\\\/los-primeros-anos-de-genesis-plasmados-en-un-nuevo-libro\\\/\"]}]},{\"@type\":\"ImageObject\",\"inLanguage\":\"es\",\"@id\":\"https:\\\/\\\/radiounodigital.com\\\/web\\\/2020\\\/02\\\/24\\\/los-primeros-anos-de-genesis-plasmados-en-un-nuevo-libro\\\/#primaryimage\",\"url\":\"https:\\\/\\\/radiounodigital.com\\\/web\\\/wp-content\\\/uploads\\\/2020\\\/02\\\/genesis-early-years.jpg\",\"contentUrl\":\"https:\\\/\\\/radiounodigital.com\\\/web\\\/wp-content\\\/uploads\\\/2020\\\/02\\\/genesis-early-years.jpg\",\"width\":1024,\"height\":576,\"caption\":\"Credit: Getty Images\"},{\"@type\":\"BreadcrumbList\",\"@id\":\"https:\\\/\\\/radiounodigital.com\\\/web\\\/2020\\\/02\\\/24\\\/los-primeros-anos-de-genesis-plasmados-en-un-nuevo-libro\\\/#breadcrumb\",\"itemListElement\":[{\"@type\":\"ListItem\",\"position\":1,\"name\":\"Home\",\"item\":\"https:\\\/\\\/radiounodigital.com\\\/web\\\/\"},{\"@type\":\"ListItem\",\"position\":2,\"name\":\"Los primeros a\u00f1os de G\u00e9nesis plasmados en un nuevo libro\"}]},{\"@type\":\"WebSite\",\"@id\":\"https:\\\/\\\/radiounodigital.com\\\/web\\\/#website\",\"url\":\"https:\\\/\\\/radiounodigital.com\\\/web\\\/\",\"name\":\"Radio UNO Digital\",\"description\":\"Donde la cultura del rock se siente\",\"potentialAction\":[{\"@type\":\"SearchAction\",\"target\":{\"@type\":\"EntryPoint\",\"urlTemplate\":\"https:\\\/\\\/radiounodigital.com\\\/web\\\/?s={search_term_string}\"},\"query-input\":{\"@type\":\"PropertyValueSpecification\",\"valueRequired\":true,\"valueName\":\"search_term_string\"}}],\"inLanguage\":\"es\"},{\"@type\":\"Person\",\"@id\":\"https:\\\/\\\/radiounodigital.com\\\/web\\\/#\\\/schema\\\/person\\\/00b93151fa54f619ecf9c183d1fc9758\",\"name\":\"diegoc\",\"image\":{\"@type\":\"ImageObject\",\"inLanguage\":\"es\",\"@id\":\"https:\\\/\\\/secure.gravatar.com\\\/avatar\\\/0a67041d44c702fb0660d81a5a32c7ce6007341cf92afeb718b75883bf415864?s=96&d=blank&r=g\",\"url\":\"https:\\\/\\\/secure.gravatar.com\\\/avatar\\\/0a67041d44c702fb0660d81a5a32c7ce6007341cf92afeb718b75883bf415864?s=96&d=blank&r=g\",\"contentUrl\":\"https:\\\/\\\/secure.gravatar.com\\\/avatar\\\/0a67041d44c702fb0660d81a5a32c7ce6007341cf92afeb718b75883bf415864?s=96&d=blank&r=g\",\"caption\":\"diegoc\"},\"url\":\"https:\\\/\\\/radiounodigital.com\\\/web\\\/author\\\/diegoc\\\/\"}]}<\/script>\n<!-- \/ Yoast SEO plugin. -->","yoast_head_json":{"title":"Los primeros a\u00f1os de G\u00e9nesis plasmados en un nuevo libro - Radio UNO Digital","robots":{"index":"index","follow":"follow","max-snippet":"max-snippet:-1","max-image-preview":"max-image-preview:large","max-video-preview":"max-video-preview:-1"},"canonical":"https:\/\/radiounodigital.com\/web\/2020\/02\/24\/los-primeros-anos-de-genesis-plasmados-en-un-nuevo-libro\/","og_locale":"es_ES","og_type":"article","og_title":"Los primeros a\u00f1os de G\u00e9nesis plasmados en un nuevo libro - Radio UNO Digital","og_description":"El nuevo libro de Mario Giammetti abarca los primeros a\u00f1os de Genesis con Peter Gabriel al frente de la banda. Los primeros a\u00f1os de Genesis son el foco de un nuevo libro que se publicar\u00e1 este a\u00f1o a trav\u00e9s de Kingmaker. G\u00e9nesis 1967 a 1975: The Peter Gabriel Years ha sido escrito por Mario Giammetti... Read More","og_url":"https:\/\/radiounodigital.com\/web\/2020\/02\/24\/los-primeros-anos-de-genesis-plasmados-en-un-nuevo-libro\/","og_site_name":"Radio UNO Digital","article_published_time":"2020-02-24T13:35:43+00:00","og_image":[{"width":1024,"height":576,"url":"https:\/\/radiounodigital.com\/web\/wp-content\/uploads\/2020\/02\/genesis-early-years.jpg","type":"image\/jpeg"}],"author":"diegoc","twitter_card":"summary_large_image","twitter_misc":{"Escrito por":"diegoc","Tiempo de lectura":"1 minuto"},"schema":{"@context":"https:\/\/schema.org","@graph":[{"@type":"Article","@id":"https:\/\/radiounodigital.com\/web\/2020\/02\/24\/los-primeros-anos-de-genesis-plasmados-en-un-nuevo-libro\/#article","isPartOf":{"@id":"https:\/\/radiounodigital.com\/web\/2020\/02\/24\/los-primeros-anos-de-genesis-plasmados-en-un-nuevo-libro\/"},"author":{"name":"diegoc","@id":"https:\/\/radiounodigital.com\/web\/#\/schema\/person\/00b93151fa54f619ecf9c183d1fc9758"},"headline":"Los primeros a\u00f1os de G\u00e9nesis plasmados en un nuevo libro","datePublished":"2020-02-24T13:35:43+00:00","mainEntityOfPage":{"@id":"https:\/\/radiounodigital.com\/web\/2020\/02\/24\/los-primeros-anos-de-genesis-plasmados-en-un-nuevo-libro\/"},"wordCount":241,"commentCount":0,"image":{"@id":"https:\/\/radiounodigital.com\/web\/2020\/02\/24\/los-primeros-anos-de-genesis-plasmados-en-un-nuevo-libro\/#primaryimage"},"thumbnailUrl":"https:\/\/radiounodigital.com\/web\/wp-content\/uploads\/2020\/02\/genesis-early-years.jpg","keywords":["early years","genesis","libro","peter gabriel"],"articleSection":["news","Rock Clasico"],"inLanguage":"es","potentialAction":[{"@type":"CommentAction","name":"Comment","target":["https:\/\/radiounodigital.com\/web\/2020\/02\/24\/los-primeros-anos-de-genesis-plasmados-en-un-nuevo-libro\/#respond"]}]},{"@type":"WebPage","@id":"https:\/\/radiounodigital.com\/web\/2020\/02\/24\/los-primeros-anos-de-genesis-plasmados-en-un-nuevo-libro\/","url":"https:\/\/radiounodigital.com\/web\/2020\/02\/24\/los-primeros-anos-de-genesis-plasmados-en-un-nuevo-libro\/","name":"Los primeros a\u00f1os de G\u00e9nesis plasmados en un nuevo libro - Radio UNO Digital","isPartOf":{"@id":"https:\/\/radiounodigital.com\/web\/#website"},"primaryImageOfPage":{"@id":"https:\/\/radiounodigital.com\/web\/2020\/02\/24\/los-primeros-anos-de-genesis-plasmados-en-un-nuevo-libro\/#primaryimage"},"image":{"@id":"https:\/\/radiounodigital.com\/web\/2020\/02\/24\/los-primeros-anos-de-genesis-plasmados-en-un-nuevo-libro\/#primaryimage"},"thumbnailUrl":"https:\/\/radiounodigital.com\/web\/wp-content\/uploads\/2020\/02\/genesis-early-years.jpg","datePublished":"2020-02-24T13:35:43+00:00","author":{"@id":"https:\/\/radiounodigital.com\/web\/#\/schema\/person\/00b93151fa54f619ecf9c183d1fc9758"},"breadcrumb":{"@id":"https:\/\/radiounodigital.com\/web\/2020\/02\/24\/los-primeros-anos-de-genesis-plasmados-en-un-nuevo-libro\/#breadcrumb"},"inLanguage":"es","potentialAction":[{"@type":"ReadAction","target":["https:\/\/radiounodigital.com\/web\/2020\/02\/24\/los-primeros-anos-de-genesis-plasmados-en-un-nuevo-libro\/"]}]},{"@type":"ImageObject","inLanguage":"es","@id":"https:\/\/radiounodigital.com\/web\/2020\/02\/24\/los-primeros-anos-de-genesis-plasmados-en-un-nuevo-libro\/#primaryimage","url":"https:\/\/radiounodigital.com\/web\/wp-content\/uploads\/2020\/02\/genesis-early-years.jpg","contentUrl":"https:\/\/radiounodigital.com\/web\/wp-content\/uploads\/2020\/02\/genesis-early-years.jpg","width":1024,"height":576,"caption":"Credit: Getty Images"},{"@type":"BreadcrumbList","@id":"https:\/\/radiounodigital.com\/web\/2020\/02\/24\/los-primeros-anos-de-genesis-plasmados-en-un-nuevo-libro\/#breadcrumb","itemListElement":[{"@type":"ListItem","position":1,"name":"Home","item":"https:\/\/radiounodigital.com\/web\/"},{"@type":"ListItem","position":2,"name":"Los primeros a\u00f1os de G\u00e9nesis plasmados en un nuevo libro"}]},{"@type":"WebSite","@id":"https:\/\/radiounodigital.com\/web\/#website","url":"https:\/\/radiounodigital.com\/web\/","name":"Radio UNO Digital","description":"Donde la cultura del rock se siente","potentialAction":[{"@type":"SearchAction","target":{"@type":"EntryPoint","urlTemplate":"https:\/\/radiounodigital.com\/web\/?s={search_term_string}"},"query-input":{"@type":"PropertyValueSpecification","valueRequired":true,"valueName":"search_term_string"}}],"inLanguage":"es"},{"@type":"Person","@id":"https:\/\/radiounodigital.com\/web\/#\/schema\/person\/00b93151fa54f619ecf9c183d1fc9758","name":"diegoc","image":{"@type":"ImageObject","inLanguage":"es","@id":"https:\/\/secure.gravatar.com\/avatar\/0a67041d44c702fb0660d81a5a32c7ce6007341cf92afeb718b75883bf415864?s=96&d=blank&r=g","url":"https:\/\/secure.gravatar.com\/avatar\/0a67041d44c702fb0660d81a5a32c7ce6007341cf92afeb718b75883bf415864?s=96&d=blank&r=g","contentUrl":"https:\/\/secure.gravatar.com\/avatar\/0a67041d44c702fb0660d81a5a32c7ce6007341cf92afeb718b75883bf415864?s=96&d=blank&r=g","caption":"diegoc"},"url":"https:\/\/radiounodigital.com\/web\/author\/diegoc\/"}]}},"_links":{"self":[{"href":"https:\/\/radiounodigital.com\/web\/wp-json\/wp\/v2\/posts\/3563","targetHints":{"allow":["GET"]}}],"collection":[{"href":"https:\/\/radiounodigital.com\/web\/wp-json\/wp\/v2\/posts"}],"about":[{"href":"https:\/\/radiounodigital.com\/web\/wp-json\/wp\/v2\/types\/post"}],"author":[{"embeddable":true,"href":"https:\/\/radiounodigital.com\/web\/wp-json\/wp\/v2\/users\/1"}],"replies":[{"embeddable":true,"href":"https:\/\/radiounodigital.com\/web\/wp-json\/wp\/v2\/comments?post=3563"}],"version-history":[{"count":1,"href":"https:\/\/radiounodigital.com\/web\/wp-json\/wp\/v2\/posts\/3563\/revisions"}],"predecessor-version":[{"id":3566,"href":"https:\/\/radiounodigital.com\/web\/wp-json\/wp\/v2\/posts\/3563\/revisions\/3566"}],"wp:featuredmedia":[{"embeddable":true,"href":"https:\/\/radiounodigital.com\/web\/wp-json\/wp\/v2\/media\/3565"}],"wp:attachment":[{"href":"https:\/\/radiounodigital.com\/web\/wp-json\/wp\/v2\/media?parent=3563"}],"wp:term":[{"taxonomy":"category","embeddable":true,"href":"https:\/\/radiounodigital.com\/web\/wp-json\/wp\/v2\/categories?post=3563"},{"taxonomy":"post_tag","embeddable":true,"href":"https:\/\/radiounodigital.com\/web\/wp-json\/wp\/v2\/tags?post=3563"}],"curies":[{"name":"wp","href":"https:\/\/api.w.org\/{rel}","templated":true}]}}