{"id":3591,"date":"2020-03-03T12:59:27","date_gmt":"2020-03-03T12:59:27","guid":{"rendered":"https:\/\/radiounodigital.com\/web\/?p=3591"},"modified":"2020-03-03T15:20:31","modified_gmt":"2020-03-03T15:20:31","slug":"como-se-llama-tu-banda-amigo-conoce-a-sophie-y-the-giants","status":"publish","type":"post","link":"https:\/\/radiounodigital.com\/web\/2020\/03\/03\/como-se-llama-tu-banda-amigo-conoce-a-sophie-y-the-giants\/","title":{"rendered":"\u00bfC\u00f3mo se llama tu banda, amigo? Conoc\u00e9 a Sophie y The Giants"},"content":{"rendered":"<h3>Cada semana, si vale la pena, presentamos a un nuevo artista gracias a los amigos de NME \u00bfC\u00f3mo se llama tu banda, amigo? Esta semana, Sophie y The Giants hablan sobre las duchas con desinfectante de manos, su actitud DGAF y un secuestro final.<\/h3>\n<p>\u00bfC\u00f3mo se llama tu banda, amigo?<\/p>\n<p>Sophie y The Giants<\/p>\n<p>Como suenasLa mejor m\u00fasica pop que jam\u00e1s hayas escuchado. Tenemos las l\u00edneas geniales de guitarra, el bajo funky, la bater\u00eda en vivo y electr\u00f3nica mezcladas con voces potentes de una mujer muy peque\u00f1a (en altura), que canta sobre la verdad y no te dice lo que quieres escuchar, pero te da el poder. \u00a1necesitas!<\/p>\n<p>\u00bfEres bueno (sinceramente)?<\/p>\n<p>Por eso estamos aqu\u00ed &#8230;<br \/>\n\u00bfCu\u00e1l es tu mejor canci\u00f3n?<\/p>\n<p><iframe loading=\"lazy\" src=\"https:\/\/www.youtube.com\/embed\/ieAiL1axMm0\" width=\"560\" height=\"315\" frameborder=\"0\" allowfullscreen=\"allowfullscreen\"><\/iframe><\/p>\n<p>Todav\u00eda no se ha lanzado ? Pero de lo que hay en la vuelta, probablemente \u2018Waste My Air\u2019. Creo que esa canci\u00f3n somos completamente nosotros, es muy divertido tocar en vivo y el t\u00edtulo lo dice todo; no dejes que la gente joda con el tiempo que tienes aqu\u00ed.<\/p>\n<p>\u00bfCu\u00e1l ha sido tu concierto m\u00e1s memorable?<\/p>\n<p>Nuestro concierto m\u00e1s reciente en la ciudad natal de Sheffield en Leadmill. Todo gracias a la incre\u00edble multitud y al escuchar todas las voces que nos cantaron a lo largo de cada canci\u00f3n, la sensaci\u00f3n de que era algo m\u00e1s, totalmente surrealista y probablemente uno de los mejores \/ m\u00e1s gratificantes momentos de mi vida.<\/p>\n<p>Cu\u00e9ntanos algo realmente interesante sobre ti, que no tenga que ver con la m\u00fasica.<\/p>\n<p>Mis dos cosas favoritas son los extraterrestres y las pel\u00edculas de terror. Me encantar\u00eda conocer a un alien\u00edgena y protagonizar una pel\u00edcula de terror como la peque\u00f1a pelirroja espeluznante.<\/p>\n<p>Dijimos realmente interesante &#8230;<\/p>\n<p>Cuando tocamos en Glastonbury el a\u00f1o pasado, nuestro baterista sufri\u00f3 quemaduras qu\u00edmicas despu\u00e9s de cubrirse con desinfectante para manos porque dijo que \u00ablo enfri\u00f3\u00bb.<\/p>\n<p>\u00bfCu\u00e1l es tu canci\u00f3n de karaoke?<\/p>\n<p>\u00abTequila\u00bb de los Campeones, \u00a1es una canci\u00f3n redactada ya que realmente no hago karaoke!<\/p>\n<p>Escenario: le hemos dado un mont\u00f3n de dinero para hacer un video de gran presupuesto. \u00bfQu\u00e9 hace?<\/p>\n<p>\u00a1Enfermo! Pague mi renta y haga un video casero genial.<\/p>\n<p><iframe loading=\"lazy\" src=\"https:\/\/www.youtube.com\/embed\/am5t5KOey_8\" width=\"560\" height=\"315\" frameborder=\"0\" allowfullscreen=\"allowfullscreen\"><\/iframe><\/p>\n<p>\u00bfQu\u00e9 quieres lograr con tu m\u00fasica?<\/p>\n<p>Afortunadamente, solo tendr\u00e1 un impacto positivo en la vida de muchas personas y les ayudar\u00e1 a superar los tiempos dif\u00edciles &#8230; Y a recorrer el mundo obviamente.<br \/>\nSi su autob\u00fas de la gira se cern\u00eda sobre el borde de un acantilado y necesita tirar a un miembro de la banda como lastre, \u00bfcu\u00e1l miembro ser\u00eda y por qu\u00e9?<\/p>\n<p>Es todo o nada, nos mantenemos unidos y saltamos como un equipo.<\/p>\n<p>Si tu banda tuviera \u00abstans\u00bb (superfans, como Kitty Cats de Katy Perry o Little Monsters de Lady Gaga), \u00bfcu\u00e1l ser\u00eda el nombre para ellos?<\/p>\n<p>Gigantes Porque son seres empoderados, independientemente de su tama\u00f1o. Somos gigantes, ellos son gigantes.<\/p>\n<p>\u00bfD\u00f3nde podemos verte a continuaci\u00f3n?<\/p>\n<p>7 de marzo &#8211; Festival RADAR, Suiza.<\/p>\n<p>\u00bfQu\u00e9 quieres que suceda en tu \u00faltimo show?<\/p>\n<p>Ser secuestrado<\/p>\n<p>\u00bfAlguna palabra final?<\/p>\n<p>Soy Sophie, gracias por invitarme.<\/p>\n<div class=\"fb-background-color\">\n\t\t\t  <div \n\t\t\t  \tclass = \"fb-comments\" \n\t\t\t  \tdata-href = \"https:\/\/radiounodigital.com\/web\/2020\/03\/03\/como-se-llama-tu-banda-amigo-conoce-a-sophie-y-the-giants\/\"\n\t\t\t  \tdata-numposts = \"10\"\n\t\t\t  \tdata-lazy = \"true\"\n\t\t\t\tdata-colorscheme = \"dark\"\n\t\t\t\tdata-order-by = \"reverse_time\"\n\t\t\t\tdata-mobile=true>\n\t\t\t  <\/div><\/div>\n\t\t  <style>\n\t\t    .fb-background-color {\n\t\t\t\tbackground: #ffffff !important;\n\t\t\t}\n\t\t\t.fb_iframe_widget_fluid_desktop iframe {\n\t\t\t    width: 100% !important;\n\t\t\t}\n\t\t  <\/style>\n\t\t  ","protected":false},"excerpt":{"rendered":"<p>Cada semana, si vale la pena, presentamos a un nuevo artista gracias a los amigos de NME \u00bfC\u00f3mo se llama tu banda, amigo? Esta semana, Sophie y The Giants hablan sobre las duchas con desinfectante de manos, su actitud DGAF y un secuestro final. \u00bfC\u00f3mo se llama tu banda, amigo? Sophie y The Giants Como&#8230; <a href=\"https:\/\/radiounodigital.com\/web\/2020\/03\/03\/como-se-llama-tu-banda-amigo-conoce-a-sophie-y-the-giants\/\" class=\"excerpt-read-more\">Read More<\/a><\/p>\n","protected":false},"author":1,"featured_media":3592,"comment_status":"open","ping_status":"open","sticky":false,"template":"","format":"standard","meta":{"footnotes":""},"categories":[286,180,127],"tags":[448,606,635,634,93,633],"class_list":["post-3591","post","type-post","status-publish","format-standard","has-post-thumbnail","hentry","category-estrenos-2019","category-news","category-rock","tag-banda","tag-como-se-llama-tu-banda-amigo","tag-estreno","tag-nme","tag-nueva","tag-sophie-and-the-giants"],"yoast_head":"<!-- This site is optimized with the Yoast SEO plugin v27.4 - https:\/\/yoast.com\/product\/yoast-seo-wordpress\/ -->\n<title>\u00bfC\u00f3mo se llama tu banda, amigo? Conoc\u00e9 a Sophie y The Giants - Radio UNO Digital<\/title>\n<meta name=\"robots\" content=\"index, follow, max-snippet:-1, max-image-preview:large, max-video-preview:-1\" \/>\n<link rel=\"canonical\" href=\"https:\/\/radiounodigital.com\/web\/2020\/03\/03\/como-se-llama-tu-banda-amigo-conoce-a-sophie-y-the-giants\/\" \/>\n<meta property=\"og:locale\" content=\"es_ES\" \/>\n<meta property=\"og:type\" content=\"article\" \/>\n<meta property=\"og:title\" content=\"\u00bfC\u00f3mo se llama tu banda, amigo? Conoc\u00e9 a Sophie y The Giants - Radio UNO Digital\" \/>\n<meta property=\"og:description\" content=\"Cada semana, si vale la pena, presentamos a un nuevo artista gracias a los amigos de NME \u00bfC\u00f3mo se llama tu banda, amigo? Esta semana, Sophie y The Giants hablan sobre las duchas con desinfectante de manos, su actitud DGAF y un secuestro final. \u00bfC\u00f3mo se llama tu banda, amigo? Sophie y The Giants Como... Read More\" \/>\n<meta property=\"og:url\" content=\"https:\/\/radiounodigital.com\/web\/2020\/03\/03\/como-se-llama-tu-banda-amigo-conoce-a-sophie-y-the-giants\/\" \/>\n<meta property=\"og:site_name\" content=\"Radio UNO Digital\" \/>\n<meta property=\"article:published_time\" content=\"2020-03-03T12:59:27+00:00\" \/>\n<meta property=\"article:modified_time\" content=\"2020-03-03T15:20:31+00:00\" \/>\n<meta property=\"og:image\" content=\"https:\/\/radiounodigital.com\/web\/wp-content\/uploads\/2020\/03\/Sophie-and-the-Giants-696x442-1.jpg\" \/>\n\t<meta property=\"og:image:width\" content=\"696\" \/>\n\t<meta property=\"og:image:height\" content=\"442\" \/>\n\t<meta property=\"og:image:type\" content=\"image\/jpeg\" \/>\n<meta name=\"author\" content=\"diegoc\" \/>\n<meta name=\"twitter:card\" content=\"summary_large_image\" \/>\n<meta name=\"twitter:label1\" content=\"Escrito por\" \/>\n\t<meta name=\"twitter:data1\" content=\"diegoc\" \/>\n\t<meta name=\"twitter:label2\" content=\"Tiempo de lectura\" \/>\n\t<meta name=\"twitter:data2\" content=\"3 minutos\" \/>\n<script type=\"application\/ld+json\" class=\"yoast-schema-graph\">{\"@context\":\"https:\\\/\\\/schema.org\",\"@graph\":[{\"@type\":\"Article\",\"@id\":\"https:\\\/\\\/radiounodigital.com\\\/web\\\/2020\\\/03\\\/03\\\/como-se-llama-tu-banda-amigo-conoce-a-sophie-y-the-giants\\\/#article\",\"isPartOf\":{\"@id\":\"https:\\\/\\\/radiounodigital.com\\\/web\\\/2020\\\/03\\\/03\\\/como-se-llama-tu-banda-amigo-conoce-a-sophie-y-the-giants\\\/\"},\"author\":{\"name\":\"diegoc\",\"@id\":\"https:\\\/\\\/radiounodigital.com\\\/web\\\/#\\\/schema\\\/person\\\/00b93151fa54f619ecf9c183d1fc9758\"},\"headline\":\"\u00bfC\u00f3mo se llama tu banda, amigo? Conoc\u00e9 a Sophie y The Giants\",\"datePublished\":\"2020-03-03T12:59:27+00:00\",\"dateModified\":\"2020-03-03T15:20:31+00:00\",\"mainEntityOfPage\":{\"@id\":\"https:\\\/\\\/radiounodigital.com\\\/web\\\/2020\\\/03\\\/03\\\/como-se-llama-tu-banda-amigo-conoce-a-sophie-y-the-giants\\\/\"},\"wordCount\":547,\"commentCount\":0,\"image\":{\"@id\":\"https:\\\/\\\/radiounodigital.com\\\/web\\\/2020\\\/03\\\/03\\\/como-se-llama-tu-banda-amigo-conoce-a-sophie-y-the-giants\\\/#primaryimage\"},\"thumbnailUrl\":\"https:\\\/\\\/radiounodigital.com\\\/web\\\/wp-content\\\/uploads\\\/2020\\\/03\\\/Sophie-and-the-Giants-696x442-1.jpg\",\"keywords\":[\"banda\",\"como se llama tu banda amigo\",\"estreno\",\"NME\",\"nueva\",\"sophie and the giants\"],\"articleSection\":[\"ESTRENOS 2019\",\"news\",\"Rock\"],\"inLanguage\":\"es\",\"potentialAction\":[{\"@type\":\"CommentAction\",\"name\":\"Comment\",\"target\":[\"https:\\\/\\\/radiounodigital.com\\\/web\\\/2020\\\/03\\\/03\\\/como-se-llama-tu-banda-amigo-conoce-a-sophie-y-the-giants\\\/#respond\"]}]},{\"@type\":\"WebPage\",\"@id\":\"https:\\\/\\\/radiounodigital.com\\\/web\\\/2020\\\/03\\\/03\\\/como-se-llama-tu-banda-amigo-conoce-a-sophie-y-the-giants\\\/\",\"url\":\"https:\\\/\\\/radiounodigital.com\\\/web\\\/2020\\\/03\\\/03\\\/como-se-llama-tu-banda-amigo-conoce-a-sophie-y-the-giants\\\/\",\"name\":\"\u00bfC\u00f3mo se llama tu banda, amigo? Conoc\u00e9 a Sophie y The Giants - Radio UNO Digital\",\"isPartOf\":{\"@id\":\"https:\\\/\\\/radiounodigital.com\\\/web\\\/#website\"},\"primaryImageOfPage\":{\"@id\":\"https:\\\/\\\/radiounodigital.com\\\/web\\\/2020\\\/03\\\/03\\\/como-se-llama-tu-banda-amigo-conoce-a-sophie-y-the-giants\\\/#primaryimage\"},\"image\":{\"@id\":\"https:\\\/\\\/radiounodigital.com\\\/web\\\/2020\\\/03\\\/03\\\/como-se-llama-tu-banda-amigo-conoce-a-sophie-y-the-giants\\\/#primaryimage\"},\"thumbnailUrl\":\"https:\\\/\\\/radiounodigital.com\\\/web\\\/wp-content\\\/uploads\\\/2020\\\/03\\\/Sophie-and-the-Giants-696x442-1.jpg\",\"datePublished\":\"2020-03-03T12:59:27+00:00\",\"dateModified\":\"2020-03-03T15:20:31+00:00\",\"author\":{\"@id\":\"https:\\\/\\\/radiounodigital.com\\\/web\\\/#\\\/schema\\\/person\\\/00b93151fa54f619ecf9c183d1fc9758\"},\"breadcrumb\":{\"@id\":\"https:\\\/\\\/radiounodigital.com\\\/web\\\/2020\\\/03\\\/03\\\/como-se-llama-tu-banda-amigo-conoce-a-sophie-y-the-giants\\\/#breadcrumb\"},\"inLanguage\":\"es\",\"potentialAction\":[{\"@type\":\"ReadAction\",\"target\":[\"https:\\\/\\\/radiounodigital.com\\\/web\\\/2020\\\/03\\\/03\\\/como-se-llama-tu-banda-amigo-conoce-a-sophie-y-the-giants\\\/\"]}]},{\"@type\":\"ImageObject\",\"inLanguage\":\"es\",\"@id\":\"https:\\\/\\\/radiounodigital.com\\\/web\\\/2020\\\/03\\\/03\\\/como-se-llama-tu-banda-amigo-conoce-a-sophie-y-the-giants\\\/#primaryimage\",\"url\":\"https:\\\/\\\/radiounodigital.com\\\/web\\\/wp-content\\\/uploads\\\/2020\\\/03\\\/Sophie-and-the-Giants-696x442-1.jpg\",\"contentUrl\":\"https:\\\/\\\/radiounodigital.com\\\/web\\\/wp-content\\\/uploads\\\/2020\\\/03\\\/Sophie-and-the-Giants-696x442-1.jpg\",\"width\":696,\"height\":442},{\"@type\":\"BreadcrumbList\",\"@id\":\"https:\\\/\\\/radiounodigital.com\\\/web\\\/2020\\\/03\\\/03\\\/como-se-llama-tu-banda-amigo-conoce-a-sophie-y-the-giants\\\/#breadcrumb\",\"itemListElement\":[{\"@type\":\"ListItem\",\"position\":1,\"name\":\"Home\",\"item\":\"https:\\\/\\\/radiounodigital.com\\\/web\\\/\"},{\"@type\":\"ListItem\",\"position\":2,\"name\":\"\u00bfC\u00f3mo se llama tu banda, amigo? Conoc\u00e9 a Sophie y The Giants\"}]},{\"@type\":\"WebSite\",\"@id\":\"https:\\\/\\\/radiounodigital.com\\\/web\\\/#website\",\"url\":\"https:\\\/\\\/radiounodigital.com\\\/web\\\/\",\"name\":\"Radio UNO Digital\",\"description\":\"Donde la cultura del rock se siente\",\"potentialAction\":[{\"@type\":\"SearchAction\",\"target\":{\"@type\":\"EntryPoint\",\"urlTemplate\":\"https:\\\/\\\/radiounodigital.com\\\/web\\\/?s={search_term_string}\"},\"query-input\":{\"@type\":\"PropertyValueSpecification\",\"valueRequired\":true,\"valueName\":\"search_term_string\"}}],\"inLanguage\":\"es\"},{\"@type\":\"Person\",\"@id\":\"https:\\\/\\\/radiounodigital.com\\\/web\\\/#\\\/schema\\\/person\\\/00b93151fa54f619ecf9c183d1fc9758\",\"name\":\"diegoc\",\"image\":{\"@type\":\"ImageObject\",\"inLanguage\":\"es\",\"@id\":\"https:\\\/\\\/secure.gravatar.com\\\/avatar\\\/0a67041d44c702fb0660d81a5a32c7ce6007341cf92afeb718b75883bf415864?s=96&d=blank&r=g\",\"url\":\"https:\\\/\\\/secure.gravatar.com\\\/avatar\\\/0a67041d44c702fb0660d81a5a32c7ce6007341cf92afeb718b75883bf415864?s=96&d=blank&r=g\",\"contentUrl\":\"https:\\\/\\\/secure.gravatar.com\\\/avatar\\\/0a67041d44c702fb0660d81a5a32c7ce6007341cf92afeb718b75883bf415864?s=96&d=blank&r=g\",\"caption\":\"diegoc\"},\"url\":\"https:\\\/\\\/radiounodigital.com\\\/web\\\/author\\\/diegoc\\\/\"}]}<\/script>\n<!-- \/ Yoast SEO plugin. -->","yoast_head_json":{"title":"\u00bfC\u00f3mo se llama tu banda, amigo? Conoc\u00e9 a Sophie y The Giants - Radio UNO Digital","robots":{"index":"index","follow":"follow","max-snippet":"max-snippet:-1","max-image-preview":"max-image-preview:large","max-video-preview":"max-video-preview:-1"},"canonical":"https:\/\/radiounodigital.com\/web\/2020\/03\/03\/como-se-llama-tu-banda-amigo-conoce-a-sophie-y-the-giants\/","og_locale":"es_ES","og_type":"article","og_title":"\u00bfC\u00f3mo se llama tu banda, amigo? Conoc\u00e9 a Sophie y The Giants - Radio UNO Digital","og_description":"Cada semana, si vale la pena, presentamos a un nuevo artista gracias a los amigos de NME \u00bfC\u00f3mo se llama tu banda, amigo? Esta semana, Sophie y The Giants hablan sobre las duchas con desinfectante de manos, su actitud DGAF y un secuestro final. \u00bfC\u00f3mo se llama tu banda, amigo? Sophie y The Giants Como... Read More","og_url":"https:\/\/radiounodigital.com\/web\/2020\/03\/03\/como-se-llama-tu-banda-amigo-conoce-a-sophie-y-the-giants\/","og_site_name":"Radio UNO Digital","article_published_time":"2020-03-03T12:59:27+00:00","article_modified_time":"2020-03-03T15:20:31+00:00","og_image":[{"width":696,"height":442,"url":"https:\/\/radiounodigital.com\/web\/wp-content\/uploads\/2020\/03\/Sophie-and-the-Giants-696x442-1.jpg","type":"image\/jpeg"}],"author":"diegoc","twitter_card":"summary_large_image","twitter_misc":{"Escrito por":"diegoc","Tiempo de lectura":"3 minutos"},"schema":{"@context":"https:\/\/schema.org","@graph":[{"@type":"Article","@id":"https:\/\/radiounodigital.com\/web\/2020\/03\/03\/como-se-llama-tu-banda-amigo-conoce-a-sophie-y-the-giants\/#article","isPartOf":{"@id":"https:\/\/radiounodigital.com\/web\/2020\/03\/03\/como-se-llama-tu-banda-amigo-conoce-a-sophie-y-the-giants\/"},"author":{"name":"diegoc","@id":"https:\/\/radiounodigital.com\/web\/#\/schema\/person\/00b93151fa54f619ecf9c183d1fc9758"},"headline":"\u00bfC\u00f3mo se llama tu banda, amigo? Conoc\u00e9 a Sophie y The Giants","datePublished":"2020-03-03T12:59:27+00:00","dateModified":"2020-03-03T15:20:31+00:00","mainEntityOfPage":{"@id":"https:\/\/radiounodigital.com\/web\/2020\/03\/03\/como-se-llama-tu-banda-amigo-conoce-a-sophie-y-the-giants\/"},"wordCount":547,"commentCount":0,"image":{"@id":"https:\/\/radiounodigital.com\/web\/2020\/03\/03\/como-se-llama-tu-banda-amigo-conoce-a-sophie-y-the-giants\/#primaryimage"},"thumbnailUrl":"https:\/\/radiounodigital.com\/web\/wp-content\/uploads\/2020\/03\/Sophie-and-the-Giants-696x442-1.jpg","keywords":["banda","como se llama tu banda amigo","estreno","NME","nueva","sophie and the giants"],"articleSection":["ESTRENOS 2019","news","Rock"],"inLanguage":"es","potentialAction":[{"@type":"CommentAction","name":"Comment","target":["https:\/\/radiounodigital.com\/web\/2020\/03\/03\/como-se-llama-tu-banda-amigo-conoce-a-sophie-y-the-giants\/#respond"]}]},{"@type":"WebPage","@id":"https:\/\/radiounodigital.com\/web\/2020\/03\/03\/como-se-llama-tu-banda-amigo-conoce-a-sophie-y-the-giants\/","url":"https:\/\/radiounodigital.com\/web\/2020\/03\/03\/como-se-llama-tu-banda-amigo-conoce-a-sophie-y-the-giants\/","name":"\u00bfC\u00f3mo se llama tu banda, amigo? Conoc\u00e9 a Sophie y The Giants - Radio UNO Digital","isPartOf":{"@id":"https:\/\/radiounodigital.com\/web\/#website"},"primaryImageOfPage":{"@id":"https:\/\/radiounodigital.com\/web\/2020\/03\/03\/como-se-llama-tu-banda-amigo-conoce-a-sophie-y-the-giants\/#primaryimage"},"image":{"@id":"https:\/\/radiounodigital.com\/web\/2020\/03\/03\/como-se-llama-tu-banda-amigo-conoce-a-sophie-y-the-giants\/#primaryimage"},"thumbnailUrl":"https:\/\/radiounodigital.com\/web\/wp-content\/uploads\/2020\/03\/Sophie-and-the-Giants-696x442-1.jpg","datePublished":"2020-03-03T12:59:27+00:00","dateModified":"2020-03-03T15:20:31+00:00","author":{"@id":"https:\/\/radiounodigital.com\/web\/#\/schema\/person\/00b93151fa54f619ecf9c183d1fc9758"},"breadcrumb":{"@id":"https:\/\/radiounodigital.com\/web\/2020\/03\/03\/como-se-llama-tu-banda-amigo-conoce-a-sophie-y-the-giants\/#breadcrumb"},"inLanguage":"es","potentialAction":[{"@type":"ReadAction","target":["https:\/\/radiounodigital.com\/web\/2020\/03\/03\/como-se-llama-tu-banda-amigo-conoce-a-sophie-y-the-giants\/"]}]},{"@type":"ImageObject","inLanguage":"es","@id":"https:\/\/radiounodigital.com\/web\/2020\/03\/03\/como-se-llama-tu-banda-amigo-conoce-a-sophie-y-the-giants\/#primaryimage","url":"https:\/\/radiounodigital.com\/web\/wp-content\/uploads\/2020\/03\/Sophie-and-the-Giants-696x442-1.jpg","contentUrl":"https:\/\/radiounodigital.com\/web\/wp-content\/uploads\/2020\/03\/Sophie-and-the-Giants-696x442-1.jpg","width":696,"height":442},{"@type":"BreadcrumbList","@id":"https:\/\/radiounodigital.com\/web\/2020\/03\/03\/como-se-llama-tu-banda-amigo-conoce-a-sophie-y-the-giants\/#breadcrumb","itemListElement":[{"@type":"ListItem","position":1,"name":"Home","item":"https:\/\/radiounodigital.com\/web\/"},{"@type":"ListItem","position":2,"name":"\u00bfC\u00f3mo se llama tu banda, amigo? Conoc\u00e9 a Sophie y The Giants"}]},{"@type":"WebSite","@id":"https:\/\/radiounodigital.com\/web\/#website","url":"https:\/\/radiounodigital.com\/web\/","name":"Radio UNO Digital","description":"Donde la cultura del rock se siente","potentialAction":[{"@type":"SearchAction","target":{"@type":"EntryPoint","urlTemplate":"https:\/\/radiounodigital.com\/web\/?s={search_term_string}"},"query-input":{"@type":"PropertyValueSpecification","valueRequired":true,"valueName":"search_term_string"}}],"inLanguage":"es"},{"@type":"Person","@id":"https:\/\/radiounodigital.com\/web\/#\/schema\/person\/00b93151fa54f619ecf9c183d1fc9758","name":"diegoc","image":{"@type":"ImageObject","inLanguage":"es","@id":"https:\/\/secure.gravatar.com\/avatar\/0a67041d44c702fb0660d81a5a32c7ce6007341cf92afeb718b75883bf415864?s=96&d=blank&r=g","url":"https:\/\/secure.gravatar.com\/avatar\/0a67041d44c702fb0660d81a5a32c7ce6007341cf92afeb718b75883bf415864?s=96&d=blank&r=g","contentUrl":"https:\/\/secure.gravatar.com\/avatar\/0a67041d44c702fb0660d81a5a32c7ce6007341cf92afeb718b75883bf415864?s=96&d=blank&r=g","caption":"diegoc"},"url":"https:\/\/radiounodigital.com\/web\/author\/diegoc\/"}]}},"_links":{"self":[{"href":"https:\/\/radiounodigital.com\/web\/wp-json\/wp\/v2\/posts\/3591","targetHints":{"allow":["GET"]}}],"collection":[{"href":"https:\/\/radiounodigital.com\/web\/wp-json\/wp\/v2\/posts"}],"about":[{"href":"https:\/\/radiounodigital.com\/web\/wp-json\/wp\/v2\/types\/post"}],"author":[{"embeddable":true,"href":"https:\/\/radiounodigital.com\/web\/wp-json\/wp\/v2\/users\/1"}],"replies":[{"embeddable":true,"href":"https:\/\/radiounodigital.com\/web\/wp-json\/wp\/v2\/comments?post=3591"}],"version-history":[{"count":1,"href":"https:\/\/radiounodigital.com\/web\/wp-json\/wp\/v2\/posts\/3591\/revisions"}],"predecessor-version":[{"id":3593,"href":"https:\/\/radiounodigital.com\/web\/wp-json\/wp\/v2\/posts\/3591\/revisions\/3593"}],"wp:featuredmedia":[{"embeddable":true,"href":"https:\/\/radiounodigital.com\/web\/wp-json\/wp\/v2\/media\/3592"}],"wp:attachment":[{"href":"https:\/\/radiounodigital.com\/web\/wp-json\/wp\/v2\/media?parent=3591"}],"wp:term":[{"taxonomy":"category","embeddable":true,"href":"https:\/\/radiounodigital.com\/web\/wp-json\/wp\/v2\/categories?post=3591"},{"taxonomy":"post_tag","embeddable":true,"href":"https:\/\/radiounodigital.com\/web\/wp-json\/wp\/v2\/tags?post=3591"}],"curies":[{"name":"wp","href":"https:\/\/api.w.org\/{rel}","templated":true}]}}