{"id":3597,"date":"2020-03-05T01:13:45","date_gmt":"2020-03-05T01:13:45","guid":{"rendered":"https:\/\/radiounodigital.com\/web\/?p=3597"},"modified":"2020-03-05T01:13:45","modified_gmt":"2020-03-05T01:13:45","slug":"biffy-clyro-anuncia-el-titulo-y-tapa-de-su-nuevo-album","status":"publish","type":"post","link":"https:\/\/radiounodigital.com\/web\/2020\/03\/05\/biffy-clyro-anuncia-el-titulo-y-tapa-de-su-nuevo-album\/","title":{"rendered":"Biffy Clyro anuncia el t\u00edtulo y tapa de su nuevo \u00e1lbum"},"content":{"rendered":"<h3>Biffy Clyro ha revelado que su pr\u00f3ximo noveno \u00e1lbum se titular\u00e1 A Celebration Of Endings y ha presentado su portada a los fan\u00e1ticos.<\/h3>\n<p><img loading=\"lazy\" decoding=\"async\" class=\"aligncenter size-full wp-image-3598\" src=\"https:\/\/radiounodigital.com\/web\/wp-content\/uploads\/2020\/03\/Biffy-Clyro-a-celebration-of-endings.jpg\" alt=\"\" width=\"345\" height=\"345\" srcset=\"https:\/\/radiounodigital.com\/web\/wp-content\/uploads\/2020\/03\/Biffy-Clyro-a-celebration-of-endings.jpg 345w, https:\/\/radiounodigital.com\/web\/wp-content\/uploads\/2020\/03\/Biffy-Clyro-a-celebration-of-endings-300x300.jpg 300w, https:\/\/radiounodigital.com\/web\/wp-content\/uploads\/2020\/03\/Biffy-Clyro-a-celebration-of-endings-150x150.jpg 150w\" sizes=\"auto, (max-width: 345px) 100vw, 345px\" \/><\/p>\n<p>Biffy Clyro ha anunciado que su pr\u00f3ximo noveno \u00e1lbum de estudio se titular\u00e1 A Celebration Of Endings.<\/p>\n<p>Al dar a conocer las noticias a trav\u00e9s de sus canales de redes sociales, la banda alist\u00f3 a los fan\u00e1ticos en una elaborada maniobra de Instagram para revelar la obra de arte que acompa\u00f1a al \u00e1lbum. Sus seguidores fueron instruidos para capturar una historia de Instagram de la portada cortada en pedazos peque\u00f1os, para eventualmente armar la obra de arte ellos mismos. Esa es tecnolog\u00eda moderna para ustedes, amigos.<\/p>\n<p>La banda lanz\u00f3 anteriormente el sencillo principal de A Celebration Of Endings, Instant History, a principios de este mes.<\/p>\n<p>En la canci\u00f3n, el vocalista Simon Neil dice: \u00abEsta vez quer\u00edamos liderar con algo que fuera lo m\u00e1s importante que tenemos en el disco\u00bb. Instant History es el momento pop m\u00e1s grande y violento en el que hemos trabajado.<\/p>\n<p>\u00abEs una declaraci\u00f3n de apertura fant\u00e1stica, aunque musicalmente no refleja la direcci\u00f3n del \u00e1lbum. Pero tem\u00e1ticamente es un buen indicador de lo que trata el \u00e1lbum: aprender de los errores y darse cuenta de c\u00f3mo puedes avanzar. Las cosas pueden ser similares, aunque nunca ser\u00e1n las mismas, pero no tengamos miedo de eso \u00ab.<\/p>\n<p><iframe loading=\"lazy\" src=\"https:\/\/www.youtube.com\/embed\/WD-BGzENgDQ\" width=\"560\" height=\"315\" frameborder=\"0\" allowfullscreen=\"allowfullscreen\"><\/iframe><\/p>\n<div class=\"fb-background-color\">\n\t\t\t  <div \n\t\t\t  \tclass = \"fb-comments\" \n\t\t\t  \tdata-href = \"https:\/\/radiounodigital.com\/web\/2020\/03\/05\/biffy-clyro-anuncia-el-titulo-y-tapa-de-su-nuevo-album\/\"\n\t\t\t  \tdata-numposts = \"10\"\n\t\t\t  \tdata-lazy = \"true\"\n\t\t\t\tdata-colorscheme = \"dark\"\n\t\t\t\tdata-order-by = \"reverse_time\"\n\t\t\t\tdata-mobile=true>\n\t\t\t  <\/div><\/div>\n\t\t  <style>\n\t\t    .fb-background-color {\n\t\t\t\tbackground: #ffffff !important;\n\t\t\t}\n\t\t\t.fb_iframe_widget_fluid_desktop iframe {\n\t\t\t    width: 100% !important;\n\t\t\t}\n\t\t  <\/style>\n\t\t  ","protected":false},"excerpt":{"rendered":"<p>Biffy Clyro ha revelado que su pr\u00f3ximo noveno \u00e1lbum se titular\u00e1 A Celebration Of Endings y ha presentado su portada a los fan\u00e1ticos. Biffy Clyro ha anunciado que su pr\u00f3ximo noveno \u00e1lbum de estudio se titular\u00e1 A Celebration Of Endings. Al dar a conocer las noticias a trav\u00e9s de sus canales de redes sociales, la&#8230; <a href=\"https:\/\/radiounodigital.com\/web\/2020\/03\/05\/biffy-clyro-anuncia-el-titulo-y-tapa-de-su-nuevo-album\/\" class=\"excerpt-read-more\">Read More<\/a><\/p>\n","protected":false},"author":1,"featured_media":3599,"comment_status":"open","ping_status":"open","sticky":false,"template":"","format":"standard","meta":{"footnotes":""},"categories":[286,180,127],"tags":[646,121,645,119,647,132,502],"class_list":["post-3597","post","type-post","status-publish","format-standard","has-post-thumbnail","hentry","category-estrenos-2019","category-news","category-rock","tag-a-celebreation-ofendings","tag-album","tag-biffy-clyro","tag-disco","tag-instant-history","tag-nuevo","tag-single"],"yoast_head":"<!-- This site is optimized with the Yoast SEO plugin v27.4 - https:\/\/yoast.com\/product\/yoast-seo-wordpress\/ -->\n<title>Biffy Clyro anuncia el t\u00edtulo y tapa de su nuevo \u00e1lbum - Radio UNO Digital<\/title>\n<meta name=\"robots\" content=\"index, follow, max-snippet:-1, max-image-preview:large, max-video-preview:-1\" \/>\n<link rel=\"canonical\" href=\"https:\/\/radiounodigital.com\/web\/2020\/03\/05\/biffy-clyro-anuncia-el-titulo-y-tapa-de-su-nuevo-album\/\" \/>\n<meta property=\"og:locale\" content=\"es_ES\" \/>\n<meta property=\"og:type\" content=\"article\" \/>\n<meta property=\"og:title\" content=\"Biffy Clyro anuncia el t\u00edtulo y tapa de su nuevo \u00e1lbum - Radio UNO Digital\" \/>\n<meta property=\"og:description\" content=\"Biffy Clyro ha revelado que su pr\u00f3ximo noveno \u00e1lbum se titular\u00e1 A Celebration Of Endings y ha presentado su portada a los fan\u00e1ticos. Biffy Clyro ha anunciado que su pr\u00f3ximo noveno \u00e1lbum de estudio se titular\u00e1 A Celebration Of Endings. Al dar a conocer las noticias a trav\u00e9s de sus canales de redes sociales, la... Read More\" \/>\n<meta property=\"og:url\" content=\"https:\/\/radiounodigital.com\/web\/2020\/03\/05\/biffy-clyro-anuncia-el-titulo-y-tapa-de-su-nuevo-album\/\" \/>\n<meta property=\"og:site_name\" content=\"Radio UNO Digital\" \/>\n<meta property=\"article:published_time\" content=\"2020-03-05T01:13:45+00:00\" \/>\n<meta property=\"og:image\" content=\"https:\/\/radiounodigital.com\/web\/wp-content\/uploads\/2020\/03\/biffy-clyro.jpg\" \/>\n\t<meta property=\"og:image:width\" content=\"600\" \/>\n\t<meta property=\"og:image:height\" content=\"337\" \/>\n\t<meta property=\"og:image:type\" content=\"image\/jpeg\" \/>\n<meta name=\"author\" content=\"diegoc\" \/>\n<meta name=\"twitter:card\" content=\"summary_large_image\" \/>\n<meta name=\"twitter:label1\" content=\"Escrito por\" \/>\n\t<meta name=\"twitter:data1\" content=\"diegoc\" \/>\n\t<meta name=\"twitter:label2\" content=\"Tiempo de lectura\" \/>\n\t<meta name=\"twitter:data2\" content=\"1 minuto\" \/>\n<script type=\"application\/ld+json\" class=\"yoast-schema-graph\">{\"@context\":\"https:\\\/\\\/schema.org\",\"@graph\":[{\"@type\":\"Article\",\"@id\":\"https:\\\/\\\/radiounodigital.com\\\/web\\\/2020\\\/03\\\/05\\\/biffy-clyro-anuncia-el-titulo-y-tapa-de-su-nuevo-album\\\/#article\",\"isPartOf\":{\"@id\":\"https:\\\/\\\/radiounodigital.com\\\/web\\\/2020\\\/03\\\/05\\\/biffy-clyro-anuncia-el-titulo-y-tapa-de-su-nuevo-album\\\/\"},\"author\":{\"name\":\"diegoc\",\"@id\":\"https:\\\/\\\/radiounodigital.com\\\/web\\\/#\\\/schema\\\/person\\\/00b93151fa54f619ecf9c183d1fc9758\"},\"headline\":\"Biffy Clyro anuncia el t\u00edtulo y tapa de su nuevo \u00e1lbum\",\"datePublished\":\"2020-03-05T01:13:45+00:00\",\"mainEntityOfPage\":{\"@id\":\"https:\\\/\\\/radiounodigital.com\\\/web\\\/2020\\\/03\\\/05\\\/biffy-clyro-anuncia-el-titulo-y-tapa-de-su-nuevo-album\\\/\"},\"wordCount\":250,\"commentCount\":0,\"image\":{\"@id\":\"https:\\\/\\\/radiounodigital.com\\\/web\\\/2020\\\/03\\\/05\\\/biffy-clyro-anuncia-el-titulo-y-tapa-de-su-nuevo-album\\\/#primaryimage\"},\"thumbnailUrl\":\"https:\\\/\\\/radiounodigital.com\\\/web\\\/wp-content\\\/uploads\\\/2020\\\/03\\\/biffy-clyro.jpg\",\"keywords\":[\"a celebreation ofendings\",\"album\",\"biffy clyro\",\"disco\",\"instant history\",\"nuevo\",\"single\"],\"articleSection\":[\"ESTRENOS 2019\",\"news\",\"Rock\"],\"inLanguage\":\"es\",\"potentialAction\":[{\"@type\":\"CommentAction\",\"name\":\"Comment\",\"target\":[\"https:\\\/\\\/radiounodigital.com\\\/web\\\/2020\\\/03\\\/05\\\/biffy-clyro-anuncia-el-titulo-y-tapa-de-su-nuevo-album\\\/#respond\"]}]},{\"@type\":\"WebPage\",\"@id\":\"https:\\\/\\\/radiounodigital.com\\\/web\\\/2020\\\/03\\\/05\\\/biffy-clyro-anuncia-el-titulo-y-tapa-de-su-nuevo-album\\\/\",\"url\":\"https:\\\/\\\/radiounodigital.com\\\/web\\\/2020\\\/03\\\/05\\\/biffy-clyro-anuncia-el-titulo-y-tapa-de-su-nuevo-album\\\/\",\"name\":\"Biffy Clyro anuncia el t\u00edtulo y tapa de su nuevo \u00e1lbum - Radio UNO Digital\",\"isPartOf\":{\"@id\":\"https:\\\/\\\/radiounodigital.com\\\/web\\\/#website\"},\"primaryImageOfPage\":{\"@id\":\"https:\\\/\\\/radiounodigital.com\\\/web\\\/2020\\\/03\\\/05\\\/biffy-clyro-anuncia-el-titulo-y-tapa-de-su-nuevo-album\\\/#primaryimage\"},\"image\":{\"@id\":\"https:\\\/\\\/radiounodigital.com\\\/web\\\/2020\\\/03\\\/05\\\/biffy-clyro-anuncia-el-titulo-y-tapa-de-su-nuevo-album\\\/#primaryimage\"},\"thumbnailUrl\":\"https:\\\/\\\/radiounodigital.com\\\/web\\\/wp-content\\\/uploads\\\/2020\\\/03\\\/biffy-clyro.jpg\",\"datePublished\":\"2020-03-05T01:13:45+00:00\",\"author\":{\"@id\":\"https:\\\/\\\/radiounodigital.com\\\/web\\\/#\\\/schema\\\/person\\\/00b93151fa54f619ecf9c183d1fc9758\"},\"breadcrumb\":{\"@id\":\"https:\\\/\\\/radiounodigital.com\\\/web\\\/2020\\\/03\\\/05\\\/biffy-clyro-anuncia-el-titulo-y-tapa-de-su-nuevo-album\\\/#breadcrumb\"},\"inLanguage\":\"es\",\"potentialAction\":[{\"@type\":\"ReadAction\",\"target\":[\"https:\\\/\\\/radiounodigital.com\\\/web\\\/2020\\\/03\\\/05\\\/biffy-clyro-anuncia-el-titulo-y-tapa-de-su-nuevo-album\\\/\"]}]},{\"@type\":\"ImageObject\",\"inLanguage\":\"es\",\"@id\":\"https:\\\/\\\/radiounodigital.com\\\/web\\\/2020\\\/03\\\/05\\\/biffy-clyro-anuncia-el-titulo-y-tapa-de-su-nuevo-album\\\/#primaryimage\",\"url\":\"https:\\\/\\\/radiounodigital.com\\\/web\\\/wp-content\\\/uploads\\\/2020\\\/03\\\/biffy-clyro.jpg\",\"contentUrl\":\"https:\\\/\\\/radiounodigital.com\\\/web\\\/wp-content\\\/uploads\\\/2020\\\/03\\\/biffy-clyro.jpg\",\"width\":600,\"height\":337},{\"@type\":\"BreadcrumbList\",\"@id\":\"https:\\\/\\\/radiounodigital.com\\\/web\\\/2020\\\/03\\\/05\\\/biffy-clyro-anuncia-el-titulo-y-tapa-de-su-nuevo-album\\\/#breadcrumb\",\"itemListElement\":[{\"@type\":\"ListItem\",\"position\":1,\"name\":\"Home\",\"item\":\"https:\\\/\\\/radiounodigital.com\\\/web\\\/\"},{\"@type\":\"ListItem\",\"position\":2,\"name\":\"Biffy Clyro anuncia el t\u00edtulo y tapa de su nuevo \u00e1lbum\"}]},{\"@type\":\"WebSite\",\"@id\":\"https:\\\/\\\/radiounodigital.com\\\/web\\\/#website\",\"url\":\"https:\\\/\\\/radiounodigital.com\\\/web\\\/\",\"name\":\"Radio UNO Digital\",\"description\":\"Donde la cultura del rock se siente\",\"potentialAction\":[{\"@type\":\"SearchAction\",\"target\":{\"@type\":\"EntryPoint\",\"urlTemplate\":\"https:\\\/\\\/radiounodigital.com\\\/web\\\/?s={search_term_string}\"},\"query-input\":{\"@type\":\"PropertyValueSpecification\",\"valueRequired\":true,\"valueName\":\"search_term_string\"}}],\"inLanguage\":\"es\"},{\"@type\":\"Person\",\"@id\":\"https:\\\/\\\/radiounodigital.com\\\/web\\\/#\\\/schema\\\/person\\\/00b93151fa54f619ecf9c183d1fc9758\",\"name\":\"diegoc\",\"image\":{\"@type\":\"ImageObject\",\"inLanguage\":\"es\",\"@id\":\"https:\\\/\\\/secure.gravatar.com\\\/avatar\\\/0a67041d44c702fb0660d81a5a32c7ce6007341cf92afeb718b75883bf415864?s=96&d=blank&r=g\",\"url\":\"https:\\\/\\\/secure.gravatar.com\\\/avatar\\\/0a67041d44c702fb0660d81a5a32c7ce6007341cf92afeb718b75883bf415864?s=96&d=blank&r=g\",\"contentUrl\":\"https:\\\/\\\/secure.gravatar.com\\\/avatar\\\/0a67041d44c702fb0660d81a5a32c7ce6007341cf92afeb718b75883bf415864?s=96&d=blank&r=g\",\"caption\":\"diegoc\"},\"url\":\"https:\\\/\\\/radiounodigital.com\\\/web\\\/author\\\/diegoc\\\/\"}]}<\/script>\n<!-- \/ Yoast SEO plugin. -->","yoast_head_json":{"title":"Biffy Clyro anuncia el t\u00edtulo y tapa de su nuevo \u00e1lbum - Radio UNO Digital","robots":{"index":"index","follow":"follow","max-snippet":"max-snippet:-1","max-image-preview":"max-image-preview:large","max-video-preview":"max-video-preview:-1"},"canonical":"https:\/\/radiounodigital.com\/web\/2020\/03\/05\/biffy-clyro-anuncia-el-titulo-y-tapa-de-su-nuevo-album\/","og_locale":"es_ES","og_type":"article","og_title":"Biffy Clyro anuncia el t\u00edtulo y tapa de su nuevo \u00e1lbum - Radio UNO Digital","og_description":"Biffy Clyro ha revelado que su pr\u00f3ximo noveno \u00e1lbum se titular\u00e1 A Celebration Of Endings y ha presentado su portada a los fan\u00e1ticos. Biffy Clyro ha anunciado que su pr\u00f3ximo noveno \u00e1lbum de estudio se titular\u00e1 A Celebration Of Endings. Al dar a conocer las noticias a trav\u00e9s de sus canales de redes sociales, la... Read More","og_url":"https:\/\/radiounodigital.com\/web\/2020\/03\/05\/biffy-clyro-anuncia-el-titulo-y-tapa-de-su-nuevo-album\/","og_site_name":"Radio UNO Digital","article_published_time":"2020-03-05T01:13:45+00:00","og_image":[{"width":600,"height":337,"url":"https:\/\/radiounodigital.com\/web\/wp-content\/uploads\/2020\/03\/biffy-clyro.jpg","type":"image\/jpeg"}],"author":"diegoc","twitter_card":"summary_large_image","twitter_misc":{"Escrito por":"diegoc","Tiempo de lectura":"1 minuto"},"schema":{"@context":"https:\/\/schema.org","@graph":[{"@type":"Article","@id":"https:\/\/radiounodigital.com\/web\/2020\/03\/05\/biffy-clyro-anuncia-el-titulo-y-tapa-de-su-nuevo-album\/#article","isPartOf":{"@id":"https:\/\/radiounodigital.com\/web\/2020\/03\/05\/biffy-clyro-anuncia-el-titulo-y-tapa-de-su-nuevo-album\/"},"author":{"name":"diegoc","@id":"https:\/\/radiounodigital.com\/web\/#\/schema\/person\/00b93151fa54f619ecf9c183d1fc9758"},"headline":"Biffy Clyro anuncia el t\u00edtulo y tapa de su nuevo \u00e1lbum","datePublished":"2020-03-05T01:13:45+00:00","mainEntityOfPage":{"@id":"https:\/\/radiounodigital.com\/web\/2020\/03\/05\/biffy-clyro-anuncia-el-titulo-y-tapa-de-su-nuevo-album\/"},"wordCount":250,"commentCount":0,"image":{"@id":"https:\/\/radiounodigital.com\/web\/2020\/03\/05\/biffy-clyro-anuncia-el-titulo-y-tapa-de-su-nuevo-album\/#primaryimage"},"thumbnailUrl":"https:\/\/radiounodigital.com\/web\/wp-content\/uploads\/2020\/03\/biffy-clyro.jpg","keywords":["a celebreation ofendings","album","biffy clyro","disco","instant history","nuevo","single"],"articleSection":["ESTRENOS 2019","news","Rock"],"inLanguage":"es","potentialAction":[{"@type":"CommentAction","name":"Comment","target":["https:\/\/radiounodigital.com\/web\/2020\/03\/05\/biffy-clyro-anuncia-el-titulo-y-tapa-de-su-nuevo-album\/#respond"]}]},{"@type":"WebPage","@id":"https:\/\/radiounodigital.com\/web\/2020\/03\/05\/biffy-clyro-anuncia-el-titulo-y-tapa-de-su-nuevo-album\/","url":"https:\/\/radiounodigital.com\/web\/2020\/03\/05\/biffy-clyro-anuncia-el-titulo-y-tapa-de-su-nuevo-album\/","name":"Biffy Clyro anuncia el t\u00edtulo y tapa de su nuevo \u00e1lbum - Radio UNO Digital","isPartOf":{"@id":"https:\/\/radiounodigital.com\/web\/#website"},"primaryImageOfPage":{"@id":"https:\/\/radiounodigital.com\/web\/2020\/03\/05\/biffy-clyro-anuncia-el-titulo-y-tapa-de-su-nuevo-album\/#primaryimage"},"image":{"@id":"https:\/\/radiounodigital.com\/web\/2020\/03\/05\/biffy-clyro-anuncia-el-titulo-y-tapa-de-su-nuevo-album\/#primaryimage"},"thumbnailUrl":"https:\/\/radiounodigital.com\/web\/wp-content\/uploads\/2020\/03\/biffy-clyro.jpg","datePublished":"2020-03-05T01:13:45+00:00","author":{"@id":"https:\/\/radiounodigital.com\/web\/#\/schema\/person\/00b93151fa54f619ecf9c183d1fc9758"},"breadcrumb":{"@id":"https:\/\/radiounodigital.com\/web\/2020\/03\/05\/biffy-clyro-anuncia-el-titulo-y-tapa-de-su-nuevo-album\/#breadcrumb"},"inLanguage":"es","potentialAction":[{"@type":"ReadAction","target":["https:\/\/radiounodigital.com\/web\/2020\/03\/05\/biffy-clyro-anuncia-el-titulo-y-tapa-de-su-nuevo-album\/"]}]},{"@type":"ImageObject","inLanguage":"es","@id":"https:\/\/radiounodigital.com\/web\/2020\/03\/05\/biffy-clyro-anuncia-el-titulo-y-tapa-de-su-nuevo-album\/#primaryimage","url":"https:\/\/radiounodigital.com\/web\/wp-content\/uploads\/2020\/03\/biffy-clyro.jpg","contentUrl":"https:\/\/radiounodigital.com\/web\/wp-content\/uploads\/2020\/03\/biffy-clyro.jpg","width":600,"height":337},{"@type":"BreadcrumbList","@id":"https:\/\/radiounodigital.com\/web\/2020\/03\/05\/biffy-clyro-anuncia-el-titulo-y-tapa-de-su-nuevo-album\/#breadcrumb","itemListElement":[{"@type":"ListItem","position":1,"name":"Home","item":"https:\/\/radiounodigital.com\/web\/"},{"@type":"ListItem","position":2,"name":"Biffy Clyro anuncia el t\u00edtulo y tapa de su nuevo \u00e1lbum"}]},{"@type":"WebSite","@id":"https:\/\/radiounodigital.com\/web\/#website","url":"https:\/\/radiounodigital.com\/web\/","name":"Radio UNO Digital","description":"Donde la cultura del rock se siente","potentialAction":[{"@type":"SearchAction","target":{"@type":"EntryPoint","urlTemplate":"https:\/\/radiounodigital.com\/web\/?s={search_term_string}"},"query-input":{"@type":"PropertyValueSpecification","valueRequired":true,"valueName":"search_term_string"}}],"inLanguage":"es"},{"@type":"Person","@id":"https:\/\/radiounodigital.com\/web\/#\/schema\/person\/00b93151fa54f619ecf9c183d1fc9758","name":"diegoc","image":{"@type":"ImageObject","inLanguage":"es","@id":"https:\/\/secure.gravatar.com\/avatar\/0a67041d44c702fb0660d81a5a32c7ce6007341cf92afeb718b75883bf415864?s=96&d=blank&r=g","url":"https:\/\/secure.gravatar.com\/avatar\/0a67041d44c702fb0660d81a5a32c7ce6007341cf92afeb718b75883bf415864?s=96&d=blank&r=g","contentUrl":"https:\/\/secure.gravatar.com\/avatar\/0a67041d44c702fb0660d81a5a32c7ce6007341cf92afeb718b75883bf415864?s=96&d=blank&r=g","caption":"diegoc"},"url":"https:\/\/radiounodigital.com\/web\/author\/diegoc\/"}]}},"_links":{"self":[{"href":"https:\/\/radiounodigital.com\/web\/wp-json\/wp\/v2\/posts\/3597","targetHints":{"allow":["GET"]}}],"collection":[{"href":"https:\/\/radiounodigital.com\/web\/wp-json\/wp\/v2\/posts"}],"about":[{"href":"https:\/\/radiounodigital.com\/web\/wp-json\/wp\/v2\/types\/post"}],"author":[{"embeddable":true,"href":"https:\/\/radiounodigital.com\/web\/wp-json\/wp\/v2\/users\/1"}],"replies":[{"embeddable":true,"href":"https:\/\/radiounodigital.com\/web\/wp-json\/wp\/v2\/comments?post=3597"}],"version-history":[{"count":1,"href":"https:\/\/radiounodigital.com\/web\/wp-json\/wp\/v2\/posts\/3597\/revisions"}],"predecessor-version":[{"id":3600,"href":"https:\/\/radiounodigital.com\/web\/wp-json\/wp\/v2\/posts\/3597\/revisions\/3600"}],"wp:featuredmedia":[{"embeddable":true,"href":"https:\/\/radiounodigital.com\/web\/wp-json\/wp\/v2\/media\/3599"}],"wp:attachment":[{"href":"https:\/\/radiounodigital.com\/web\/wp-json\/wp\/v2\/media?parent=3597"}],"wp:term":[{"taxonomy":"category","embeddable":true,"href":"https:\/\/radiounodigital.com\/web\/wp-json\/wp\/v2\/categories?post=3597"},{"taxonomy":"post_tag","embeddable":true,"href":"https:\/\/radiounodigital.com\/web\/wp-json\/wp\/v2\/tags?post=3597"}],"curies":[{"name":"wp","href":"https:\/\/api.w.org\/{rel}","templated":true}]}}