{"id":3605,"date":"2020-03-06T12:55:48","date_gmt":"2020-03-06T12:55:48","guid":{"rendered":"https:\/\/radiounodigital.com\/web\/?p=3605"},"modified":"2020-03-06T12:55:48","modified_gmt":"2020-03-06T12:55:48","slug":"pearl-jam-anuncia-la-experiencia-auditiva-global-gigaton","status":"publish","type":"post","link":"https:\/\/radiounodigital.com\/web\/2020\/03\/06\/pearl-jam-anuncia-la-experiencia-auditiva-global-gigaton\/","title":{"rendered":"Pearl Jam anuncia la experiencia auditiva global \u00abGigaton\u00bb"},"content":{"rendered":"<h3>Gigaton\u00a0llegar\u00e1 a finales de este mes.<\/h3>\n<div id=\"attachment_3386\" style=\"width: 610px\" class=\"wp-caption aligncenter\"><img loading=\"lazy\" decoding=\"async\" aria-describedby=\"caption-attachment-3386\" class=\"size-full wp-image-3386\" src=\"https:\/\/radiounodigital.com\/web\/wp-content\/uploads\/2020\/01\/gigaton-pearl-jam.jpg\" alt=\"\" width=\"600\" height=\"600\" srcset=\"https:\/\/radiounodigital.com\/web\/wp-content\/uploads\/2020\/01\/gigaton-pearl-jam.jpg 600w, https:\/\/radiounodigital.com\/web\/wp-content\/uploads\/2020\/01\/gigaton-pearl-jam-300x300.jpg 300w, https:\/\/radiounodigital.com\/web\/wp-content\/uploads\/2020\/01\/gigaton-pearl-jam-150x150.jpg 150w\" sizes=\"auto, (max-width: 600px) 100vw, 600px\" \/><p id=\"caption-attachment-3386\" class=\"wp-caption-text\">(Image credit: Monkeywrench Records\/Republic Records)<\/p><\/div>\n<p>Pearl Jam permitir\u00e1 a los fan\u00e1ticos echar un vistazo a su nuevo \u00e1lbum \u00abGigaton\u00bb en experiencias audiovisuales especiales que tendr\u00e1n lugar en todo el mundo.<\/p>\n<p>El 25 de marzo, los fan\u00e1ticos podr\u00e1n escuchar el disco en 200 teatros Dolby Atmos en todo el mundo. Se lleva a cabo solo dos d\u00edas antes de que llegue el LP el 27 de marzo.<\/p>\n<p>La &#8216;Gigaton Listening Experience&#8217; contar\u00e1 con una reproducci\u00f3n de alta calidad de todo el disco, junto con im\u00e1genes \u00fanicas creadas por Evolve, el cineasta que anteriormente dirigi\u00f3 el video de &#8216;Dance of the Clairvoyants&#8217;, que es el primer sencillo en llegar del grabar.<\/p>\n<p>TWITEER<\/p>\n<p>\u00abEs realmente una forma \u00fanica de experimentar este \u00e1lbum\u00bb, dijo el productor de Gigaton Josh Evans.<\/p>\n<p>\u00abEstoy emocionado de que los fan\u00e1ticos puedan sumergirse en el sonido y escuchar la profundidad y las capas de estas canciones y actuaciones\u00bb. Se puede acceder a una lista completa de los cines participantes en el sitio web de Pearl Jam, y tambi\u00e9n hay entradas disponibles para las proyecciones.<\/p>\n<p>Mientras tanto, Pearl Jam recientemente estren\u00f3 su nuevo video para \u00abSuperblood Wolfmoon\u00bb.<\/p>\n<p>La pista se comparti\u00f3 despu\u00e9s de una vista previa a trav\u00e9s de una funci\u00f3n de tel\u00e9fono inteligente que reproduc\u00eda fragmentos de la canci\u00f3n cada vez que los fan\u00e1ticos apuntaban su dispositivo m\u00f3vil a la luna.<\/p>\n<p>Pearl Jam est\u00e1 listo para comenzar una gran gira europea este verano, marcando 30 a\u00f1os de gira como banda. La carrera incluye un espacio para titulares en el British Summer Time Festival de Londres en Hyde Park el 10 de julio, donde se unir\u00e1n Pixies y White Reaper.<\/p>\n<p>&nbsp;<\/p>\n<p>&nbsp;<\/p>\n<div class=\"fb-background-color\">\n\t\t\t  <div \n\t\t\t  \tclass = \"fb-comments\" \n\t\t\t  \tdata-href = \"https:\/\/radiounodigital.com\/web\/2020\/03\/06\/pearl-jam-anuncia-la-experiencia-auditiva-global-gigaton\/\"\n\t\t\t  \tdata-numposts = \"10\"\n\t\t\t  \tdata-lazy = \"true\"\n\t\t\t\tdata-colorscheme = \"dark\"\n\t\t\t\tdata-order-by = \"reverse_time\"\n\t\t\t\tdata-mobile=true>\n\t\t\t  <\/div><\/div>\n\t\t  <style>\n\t\t    .fb-background-color {\n\t\t\t\tbackground: #ffffff !important;\n\t\t\t}\n\t\t\t.fb_iframe_widget_fluid_desktop iframe {\n\t\t\t    width: 100% !important;\n\t\t\t}\n\t\t  <\/style>\n\t\t  ","protected":false},"excerpt":{"rendered":"<p>Gigaton\u00a0llegar\u00e1 a finales de este mes. Pearl Jam permitir\u00e1 a los fan\u00e1ticos echar un vistazo a su nuevo \u00e1lbum \u00abGigaton\u00bb en experiencias audiovisuales especiales que tendr\u00e1n lugar en todo el mundo. El 25 de marzo, los fan\u00e1ticos podr\u00e1n escuchar el disco en 200 teatros Dolby Atmos en todo el mundo. Se lleva a cabo solo&#8230; <a href=\"https:\/\/radiounodigital.com\/web\/2020\/03\/06\/pearl-jam-anuncia-la-experiencia-auditiva-global-gigaton\/\" class=\"excerpt-read-more\">Read More<\/a><\/p>\n","protected":false},"author":1,"featured_media":3606,"comment_status":"open","ping_status":"open","sticky":false,"template":"","format":"standard","meta":{"footnotes":""},"categories":[180,127,128],"tags":[100,651,650,487,652,486],"class_list":["post-3605","post","type-post","status-publish","format-standard","has-post-thumbnail","hentry","category-news","category-rock","category-rock-clasico","tag-100","tag-auditiva","tag-experiencia","tag-gigaton","tag-marzo-25","tag-pearl-jam"],"yoast_head":"<!-- This site is optimized with the Yoast SEO plugin v27.4 - https:\/\/yoast.com\/product\/yoast-seo-wordpress\/ -->\n<title>Pearl Jam anuncia la experiencia auditiva global &quot;Gigaton&quot; - Radio UNO Digital<\/title>\n<meta name=\"robots\" content=\"index, follow, max-snippet:-1, max-image-preview:large, max-video-preview:-1\" \/>\n<link rel=\"canonical\" href=\"https:\/\/radiounodigital.com\/web\/2020\/03\/06\/pearl-jam-anuncia-la-experiencia-auditiva-global-gigaton\/\" \/>\n<meta property=\"og:locale\" content=\"es_ES\" \/>\n<meta property=\"og:type\" content=\"article\" \/>\n<meta property=\"og:title\" content=\"Pearl Jam anuncia la experiencia auditiva global &quot;Gigaton&quot; - Radio UNO Digital\" \/>\n<meta property=\"og:description\" content=\"Gigaton\u00a0llegar\u00e1 a finales de este mes. Pearl Jam permitir\u00e1 a los fan\u00e1ticos echar un vistazo a su nuevo \u00e1lbum \u00abGigaton\u00bb en experiencias audiovisuales especiales que tendr\u00e1n lugar en todo el mundo. El 25 de marzo, los fan\u00e1ticos podr\u00e1n escuchar el disco en 200 teatros Dolby Atmos en todo el mundo. Se lleva a cabo solo... Read More\" \/>\n<meta property=\"og:url\" content=\"https:\/\/radiounodigital.com\/web\/2020\/03\/06\/pearl-jam-anuncia-la-experiencia-auditiva-global-gigaton\/\" \/>\n<meta property=\"og:site_name\" content=\"Radio UNO Digital\" \/>\n<meta property=\"article:published_time\" content=\"2020-03-06T12:55:48+00:00\" \/>\n<meta property=\"og:image\" content=\"https:\/\/radiounodigital.com\/web\/wp-content\/uploads\/2020\/03\/EDDIE-VEDDER-GETTY.jpg\" \/>\n\t<meta property=\"og:image:width\" content=\"696\" \/>\n\t<meta property=\"og:image:height\" content=\"442\" \/>\n\t<meta property=\"og:image:type\" content=\"image\/jpeg\" \/>\n<meta name=\"author\" content=\"diegoc\" \/>\n<meta name=\"twitter:card\" content=\"summary_large_image\" \/>\n<meta name=\"twitter:label1\" content=\"Escrito por\" \/>\n\t<meta name=\"twitter:data1\" content=\"diegoc\" \/>\n\t<meta name=\"twitter:label2\" content=\"Tiempo de lectura\" \/>\n\t<meta name=\"twitter:data2\" content=\"2 minutos\" \/>\n<script type=\"application\/ld+json\" class=\"yoast-schema-graph\">{\"@context\":\"https:\\\/\\\/schema.org\",\"@graph\":[{\"@type\":\"Article\",\"@id\":\"https:\\\/\\\/radiounodigital.com\\\/web\\\/2020\\\/03\\\/06\\\/pearl-jam-anuncia-la-experiencia-auditiva-global-gigaton\\\/#article\",\"isPartOf\":{\"@id\":\"https:\\\/\\\/radiounodigital.com\\\/web\\\/2020\\\/03\\\/06\\\/pearl-jam-anuncia-la-experiencia-auditiva-global-gigaton\\\/\"},\"author\":{\"name\":\"diegoc\",\"@id\":\"https:\\\/\\\/radiounodigital.com\\\/web\\\/#\\\/schema\\\/person\\\/00b93151fa54f619ecf9c183d1fc9758\"},\"headline\":\"Pearl Jam anuncia la experiencia auditiva global \u00abGigaton\u00bb\",\"datePublished\":\"2020-03-06T12:55:48+00:00\",\"mainEntityOfPage\":{\"@id\":\"https:\\\/\\\/radiounodigital.com\\\/web\\\/2020\\\/03\\\/06\\\/pearl-jam-anuncia-la-experiencia-auditiva-global-gigaton\\\/\"},\"wordCount\":309,\"commentCount\":0,\"image\":{\"@id\":\"https:\\\/\\\/radiounodigital.com\\\/web\\\/2020\\\/03\\\/06\\\/pearl-jam-anuncia-la-experiencia-auditiva-global-gigaton\\\/#primaryimage\"},\"thumbnailUrl\":\"https:\\\/\\\/radiounodigital.com\\\/web\\\/wp-content\\\/uploads\\\/2020\\\/03\\\/EDDIE-VEDDER-GETTY.jpg\",\"keywords\":[\"2020\",\"AUDITIVA\",\"EXPERIENCIA\",\"gigaton\",\"MARZO 25\",\"pearl jam\"],\"articleSection\":[\"news\",\"Rock\",\"Rock Clasico\"],\"inLanguage\":\"es\",\"potentialAction\":[{\"@type\":\"CommentAction\",\"name\":\"Comment\",\"target\":[\"https:\\\/\\\/radiounodigital.com\\\/web\\\/2020\\\/03\\\/06\\\/pearl-jam-anuncia-la-experiencia-auditiva-global-gigaton\\\/#respond\"]}]},{\"@type\":\"WebPage\",\"@id\":\"https:\\\/\\\/radiounodigital.com\\\/web\\\/2020\\\/03\\\/06\\\/pearl-jam-anuncia-la-experiencia-auditiva-global-gigaton\\\/\",\"url\":\"https:\\\/\\\/radiounodigital.com\\\/web\\\/2020\\\/03\\\/06\\\/pearl-jam-anuncia-la-experiencia-auditiva-global-gigaton\\\/\",\"name\":\"Pearl Jam anuncia la experiencia auditiva global \\\"Gigaton\\\" - Radio UNO Digital\",\"isPartOf\":{\"@id\":\"https:\\\/\\\/radiounodigital.com\\\/web\\\/#website\"},\"primaryImageOfPage\":{\"@id\":\"https:\\\/\\\/radiounodigital.com\\\/web\\\/2020\\\/03\\\/06\\\/pearl-jam-anuncia-la-experiencia-auditiva-global-gigaton\\\/#primaryimage\"},\"image\":{\"@id\":\"https:\\\/\\\/radiounodigital.com\\\/web\\\/2020\\\/03\\\/06\\\/pearl-jam-anuncia-la-experiencia-auditiva-global-gigaton\\\/#primaryimage\"},\"thumbnailUrl\":\"https:\\\/\\\/radiounodigital.com\\\/web\\\/wp-content\\\/uploads\\\/2020\\\/03\\\/EDDIE-VEDDER-GETTY.jpg\",\"datePublished\":\"2020-03-06T12:55:48+00:00\",\"author\":{\"@id\":\"https:\\\/\\\/radiounodigital.com\\\/web\\\/#\\\/schema\\\/person\\\/00b93151fa54f619ecf9c183d1fc9758\"},\"breadcrumb\":{\"@id\":\"https:\\\/\\\/radiounodigital.com\\\/web\\\/2020\\\/03\\\/06\\\/pearl-jam-anuncia-la-experiencia-auditiva-global-gigaton\\\/#breadcrumb\"},\"inLanguage\":\"es\",\"potentialAction\":[{\"@type\":\"ReadAction\",\"target\":[\"https:\\\/\\\/radiounodigital.com\\\/web\\\/2020\\\/03\\\/06\\\/pearl-jam-anuncia-la-experiencia-auditiva-global-gigaton\\\/\"]}]},{\"@type\":\"ImageObject\",\"inLanguage\":\"es\",\"@id\":\"https:\\\/\\\/radiounodigital.com\\\/web\\\/2020\\\/03\\\/06\\\/pearl-jam-anuncia-la-experiencia-auditiva-global-gigaton\\\/#primaryimage\",\"url\":\"https:\\\/\\\/radiounodigital.com\\\/web\\\/wp-content\\\/uploads\\\/2020\\\/03\\\/EDDIE-VEDDER-GETTY.jpg\",\"contentUrl\":\"https:\\\/\\\/radiounodigital.com\\\/web\\\/wp-content\\\/uploads\\\/2020\\\/03\\\/EDDIE-VEDDER-GETTY.jpg\",\"width\":696,\"height\":442,\"caption\":\"Eddie Vedder - Foto: Getty Images\"},{\"@type\":\"BreadcrumbList\",\"@id\":\"https:\\\/\\\/radiounodigital.com\\\/web\\\/2020\\\/03\\\/06\\\/pearl-jam-anuncia-la-experiencia-auditiva-global-gigaton\\\/#breadcrumb\",\"itemListElement\":[{\"@type\":\"ListItem\",\"position\":1,\"name\":\"Home\",\"item\":\"https:\\\/\\\/radiounodigital.com\\\/web\\\/\"},{\"@type\":\"ListItem\",\"position\":2,\"name\":\"Pearl Jam anuncia la experiencia auditiva global \u00abGigaton\u00bb\"}]},{\"@type\":\"WebSite\",\"@id\":\"https:\\\/\\\/radiounodigital.com\\\/web\\\/#website\",\"url\":\"https:\\\/\\\/radiounodigital.com\\\/web\\\/\",\"name\":\"Radio UNO Digital\",\"description\":\"Donde la cultura del rock se siente\",\"potentialAction\":[{\"@type\":\"SearchAction\",\"target\":{\"@type\":\"EntryPoint\",\"urlTemplate\":\"https:\\\/\\\/radiounodigital.com\\\/web\\\/?s={search_term_string}\"},\"query-input\":{\"@type\":\"PropertyValueSpecification\",\"valueRequired\":true,\"valueName\":\"search_term_string\"}}],\"inLanguage\":\"es\"},{\"@type\":\"Person\",\"@id\":\"https:\\\/\\\/radiounodigital.com\\\/web\\\/#\\\/schema\\\/person\\\/00b93151fa54f619ecf9c183d1fc9758\",\"name\":\"diegoc\",\"image\":{\"@type\":\"ImageObject\",\"inLanguage\":\"es\",\"@id\":\"https:\\\/\\\/secure.gravatar.com\\\/avatar\\\/0a67041d44c702fb0660d81a5a32c7ce6007341cf92afeb718b75883bf415864?s=96&d=blank&r=g\",\"url\":\"https:\\\/\\\/secure.gravatar.com\\\/avatar\\\/0a67041d44c702fb0660d81a5a32c7ce6007341cf92afeb718b75883bf415864?s=96&d=blank&r=g\",\"contentUrl\":\"https:\\\/\\\/secure.gravatar.com\\\/avatar\\\/0a67041d44c702fb0660d81a5a32c7ce6007341cf92afeb718b75883bf415864?s=96&d=blank&r=g\",\"caption\":\"diegoc\"},\"url\":\"https:\\\/\\\/radiounodigital.com\\\/web\\\/author\\\/diegoc\\\/\"}]}<\/script>\n<!-- \/ Yoast SEO plugin. -->","yoast_head_json":{"title":"Pearl Jam anuncia la experiencia auditiva global \"Gigaton\" - Radio UNO Digital","robots":{"index":"index","follow":"follow","max-snippet":"max-snippet:-1","max-image-preview":"max-image-preview:large","max-video-preview":"max-video-preview:-1"},"canonical":"https:\/\/radiounodigital.com\/web\/2020\/03\/06\/pearl-jam-anuncia-la-experiencia-auditiva-global-gigaton\/","og_locale":"es_ES","og_type":"article","og_title":"Pearl Jam anuncia la experiencia auditiva global \"Gigaton\" - Radio UNO Digital","og_description":"Gigaton\u00a0llegar\u00e1 a finales de este mes. Pearl Jam permitir\u00e1 a los fan\u00e1ticos echar un vistazo a su nuevo \u00e1lbum \u00abGigaton\u00bb en experiencias audiovisuales especiales que tendr\u00e1n lugar en todo el mundo. El 25 de marzo, los fan\u00e1ticos podr\u00e1n escuchar el disco en 200 teatros Dolby Atmos en todo el mundo. Se lleva a cabo solo... Read More","og_url":"https:\/\/radiounodigital.com\/web\/2020\/03\/06\/pearl-jam-anuncia-la-experiencia-auditiva-global-gigaton\/","og_site_name":"Radio UNO Digital","article_published_time":"2020-03-06T12:55:48+00:00","og_image":[{"width":696,"height":442,"url":"https:\/\/radiounodigital.com\/web\/wp-content\/uploads\/2020\/03\/EDDIE-VEDDER-GETTY.jpg","type":"image\/jpeg"}],"author":"diegoc","twitter_card":"summary_large_image","twitter_misc":{"Escrito por":"diegoc","Tiempo de lectura":"2 minutos"},"schema":{"@context":"https:\/\/schema.org","@graph":[{"@type":"Article","@id":"https:\/\/radiounodigital.com\/web\/2020\/03\/06\/pearl-jam-anuncia-la-experiencia-auditiva-global-gigaton\/#article","isPartOf":{"@id":"https:\/\/radiounodigital.com\/web\/2020\/03\/06\/pearl-jam-anuncia-la-experiencia-auditiva-global-gigaton\/"},"author":{"name":"diegoc","@id":"https:\/\/radiounodigital.com\/web\/#\/schema\/person\/00b93151fa54f619ecf9c183d1fc9758"},"headline":"Pearl Jam anuncia la experiencia auditiva global \u00abGigaton\u00bb","datePublished":"2020-03-06T12:55:48+00:00","mainEntityOfPage":{"@id":"https:\/\/radiounodigital.com\/web\/2020\/03\/06\/pearl-jam-anuncia-la-experiencia-auditiva-global-gigaton\/"},"wordCount":309,"commentCount":0,"image":{"@id":"https:\/\/radiounodigital.com\/web\/2020\/03\/06\/pearl-jam-anuncia-la-experiencia-auditiva-global-gigaton\/#primaryimage"},"thumbnailUrl":"https:\/\/radiounodigital.com\/web\/wp-content\/uploads\/2020\/03\/EDDIE-VEDDER-GETTY.jpg","keywords":["2020","AUDITIVA","EXPERIENCIA","gigaton","MARZO 25","pearl jam"],"articleSection":["news","Rock","Rock Clasico"],"inLanguage":"es","potentialAction":[{"@type":"CommentAction","name":"Comment","target":["https:\/\/radiounodigital.com\/web\/2020\/03\/06\/pearl-jam-anuncia-la-experiencia-auditiva-global-gigaton\/#respond"]}]},{"@type":"WebPage","@id":"https:\/\/radiounodigital.com\/web\/2020\/03\/06\/pearl-jam-anuncia-la-experiencia-auditiva-global-gigaton\/","url":"https:\/\/radiounodigital.com\/web\/2020\/03\/06\/pearl-jam-anuncia-la-experiencia-auditiva-global-gigaton\/","name":"Pearl Jam anuncia la experiencia auditiva global \"Gigaton\" - Radio UNO Digital","isPartOf":{"@id":"https:\/\/radiounodigital.com\/web\/#website"},"primaryImageOfPage":{"@id":"https:\/\/radiounodigital.com\/web\/2020\/03\/06\/pearl-jam-anuncia-la-experiencia-auditiva-global-gigaton\/#primaryimage"},"image":{"@id":"https:\/\/radiounodigital.com\/web\/2020\/03\/06\/pearl-jam-anuncia-la-experiencia-auditiva-global-gigaton\/#primaryimage"},"thumbnailUrl":"https:\/\/radiounodigital.com\/web\/wp-content\/uploads\/2020\/03\/EDDIE-VEDDER-GETTY.jpg","datePublished":"2020-03-06T12:55:48+00:00","author":{"@id":"https:\/\/radiounodigital.com\/web\/#\/schema\/person\/00b93151fa54f619ecf9c183d1fc9758"},"breadcrumb":{"@id":"https:\/\/radiounodigital.com\/web\/2020\/03\/06\/pearl-jam-anuncia-la-experiencia-auditiva-global-gigaton\/#breadcrumb"},"inLanguage":"es","potentialAction":[{"@type":"ReadAction","target":["https:\/\/radiounodigital.com\/web\/2020\/03\/06\/pearl-jam-anuncia-la-experiencia-auditiva-global-gigaton\/"]}]},{"@type":"ImageObject","inLanguage":"es","@id":"https:\/\/radiounodigital.com\/web\/2020\/03\/06\/pearl-jam-anuncia-la-experiencia-auditiva-global-gigaton\/#primaryimage","url":"https:\/\/radiounodigital.com\/web\/wp-content\/uploads\/2020\/03\/EDDIE-VEDDER-GETTY.jpg","contentUrl":"https:\/\/radiounodigital.com\/web\/wp-content\/uploads\/2020\/03\/EDDIE-VEDDER-GETTY.jpg","width":696,"height":442,"caption":"Eddie Vedder - Foto: Getty Images"},{"@type":"BreadcrumbList","@id":"https:\/\/radiounodigital.com\/web\/2020\/03\/06\/pearl-jam-anuncia-la-experiencia-auditiva-global-gigaton\/#breadcrumb","itemListElement":[{"@type":"ListItem","position":1,"name":"Home","item":"https:\/\/radiounodigital.com\/web\/"},{"@type":"ListItem","position":2,"name":"Pearl Jam anuncia la experiencia auditiva global \u00abGigaton\u00bb"}]},{"@type":"WebSite","@id":"https:\/\/radiounodigital.com\/web\/#website","url":"https:\/\/radiounodigital.com\/web\/","name":"Radio UNO Digital","description":"Donde la cultura del rock se siente","potentialAction":[{"@type":"SearchAction","target":{"@type":"EntryPoint","urlTemplate":"https:\/\/radiounodigital.com\/web\/?s={search_term_string}"},"query-input":{"@type":"PropertyValueSpecification","valueRequired":true,"valueName":"search_term_string"}}],"inLanguage":"es"},{"@type":"Person","@id":"https:\/\/radiounodigital.com\/web\/#\/schema\/person\/00b93151fa54f619ecf9c183d1fc9758","name":"diegoc","image":{"@type":"ImageObject","inLanguage":"es","@id":"https:\/\/secure.gravatar.com\/avatar\/0a67041d44c702fb0660d81a5a32c7ce6007341cf92afeb718b75883bf415864?s=96&d=blank&r=g","url":"https:\/\/secure.gravatar.com\/avatar\/0a67041d44c702fb0660d81a5a32c7ce6007341cf92afeb718b75883bf415864?s=96&d=blank&r=g","contentUrl":"https:\/\/secure.gravatar.com\/avatar\/0a67041d44c702fb0660d81a5a32c7ce6007341cf92afeb718b75883bf415864?s=96&d=blank&r=g","caption":"diegoc"},"url":"https:\/\/radiounodigital.com\/web\/author\/diegoc\/"}]}},"_links":{"self":[{"href":"https:\/\/radiounodigital.com\/web\/wp-json\/wp\/v2\/posts\/3605","targetHints":{"allow":["GET"]}}],"collection":[{"href":"https:\/\/radiounodigital.com\/web\/wp-json\/wp\/v2\/posts"}],"about":[{"href":"https:\/\/radiounodigital.com\/web\/wp-json\/wp\/v2\/types\/post"}],"author":[{"embeddable":true,"href":"https:\/\/radiounodigital.com\/web\/wp-json\/wp\/v2\/users\/1"}],"replies":[{"embeddable":true,"href":"https:\/\/radiounodigital.com\/web\/wp-json\/wp\/v2\/comments?post=3605"}],"version-history":[{"count":1,"href":"https:\/\/radiounodigital.com\/web\/wp-json\/wp\/v2\/posts\/3605\/revisions"}],"predecessor-version":[{"id":3607,"href":"https:\/\/radiounodigital.com\/web\/wp-json\/wp\/v2\/posts\/3605\/revisions\/3607"}],"wp:featuredmedia":[{"embeddable":true,"href":"https:\/\/radiounodigital.com\/web\/wp-json\/wp\/v2\/media\/3606"}],"wp:attachment":[{"href":"https:\/\/radiounodigital.com\/web\/wp-json\/wp\/v2\/media?parent=3605"}],"wp:term":[{"taxonomy":"category","embeddable":true,"href":"https:\/\/radiounodigital.com\/web\/wp-json\/wp\/v2\/categories?post=3605"},{"taxonomy":"post_tag","embeddable":true,"href":"https:\/\/radiounodigital.com\/web\/wp-json\/wp\/v2\/tags?post=3605"}],"curies":[{"name":"wp","href":"https:\/\/api.w.org\/{rel}","templated":true}]}}