{"id":3608,"date":"2020-03-07T15:41:46","date_gmt":"2020-03-07T15:41:46","guid":{"rendered":"https:\/\/radiounodigital.com\/web\/?p=3608"},"modified":"2020-03-07T15:44:00","modified_gmt":"2020-03-07T15:44:00","slug":"iggy-pop-comparte-el-video-de-we-are-the-peopleinspirada-en-lou-reed","status":"publish","type":"post","link":"https:\/\/radiounodigital.com\/web\/2020\/03\/07\/iggy-pop-comparte-el-video-de-we-are-the-peopleinspirada-en-lou-reed\/","title":{"rendered":"Iggy Pop comparte el video de \u00abWe Are The People\u00bbinspirada en Lou Reed"},"content":{"rendered":"<h3>La canci\u00f3n es un homenaje a Lou Reed en lo que habr\u00eda sido su 78 cumplea\u00f1os<\/h3>\n<p><iframe loading=\"lazy\" src=\"https:\/\/www.youtube.com\/embed\/Yd7Pughcb_4\" width=\"560\" height=\"315\" frameborder=\"0\" allowfullscreen=\"allowfullscreen\"><\/iframe><\/p>\n<p>Iggy Pop ha compartido un nuevo video m\u00ednimo para su canci\u00f3n \u00abWe Are The People\u00bb, que apareci\u00f3 originalmente en el \u00e1lbum \u00abFree\u00bb del a\u00f1o pasado.<\/p>\n<p>La canci\u00f3n utiliza palabras de un poema escrito en 1970 por el fallecido Lou Reed, y el video fue compartido el d\u00eda en el que habr\u00eda sido su 78 cumplea\u00f1os.<\/p>\n<p>\u00ab\u00bfCu\u00e1n bellamente contempor\u00e1neo es este poema de 1970?\u00bb Pop escribi\u00f3 en Twitter. \u201cCu\u00e1n verdaderas son las palabras. Nosotros somos personas.\u00bb<\/p>\n<p>Pop realiz\u00f3 recientemente la canci\u00f3n en vivo en el espect\u00e1culo anual de beneficio Tibet House junto a Laurie Anderson, la artista, m\u00fasico y director que estuvo casada con Reed desde 2008 hasta su muerte en 2013.<\/p>\n<p>El ex l\u00edder de los Stooges lanzar\u00e1 las pruebas de &#8216;Free&#8217;, su \u00e1lbum m\u00e1s reciente, este s\u00e1bado (7 de marzo). La ejecuci\u00f3n se limitar\u00e1 a solo 340 copias y viene con un registro adicional de 7 \u2033 que contiene dos pistas in\u00e9ditas, \u00abBrahms Lullaby\u00bb y \u00abEpistle to Tromba\u00bb.<\/p>\n<p>Pop tambi\u00e9n apareci\u00f3 recientemente en una nueva versi\u00f3n de Cage The Elephant \u2018Broken Boy\u2019, tomada del aclamado quinto \u00e1lbum de la banda \u2018Social Cues\u2019.<\/p>\n<p>\u00abCage es un conjunto de energ\u00eda s\u00faper alta, que vive el sue\u00f1o de Rock\u00bb, dijo Pop. \u201cAs\u00ed que por un par de minutos divertidos fui uno de los muchachos. A m\u00ed me suena bastante malvado.<\/p>\n<div class=\"fb-background-color\">\n\t\t\t  <div \n\t\t\t  \tclass = \"fb-comments\" \n\t\t\t  \tdata-href = \"https:\/\/radiounodigital.com\/web\/2020\/03\/07\/iggy-pop-comparte-el-video-de-we-are-the-peopleinspirada-en-lou-reed\/\"\n\t\t\t  \tdata-numposts = \"10\"\n\t\t\t  \tdata-lazy = \"true\"\n\t\t\t\tdata-colorscheme = \"dark\"\n\t\t\t\tdata-order-by = \"reverse_time\"\n\t\t\t\tdata-mobile=true>\n\t\t\t  <\/div><\/div>\n\t\t  <style>\n\t\t    .fb-background-color {\n\t\t\t\tbackground: #ffffff !important;\n\t\t\t}\n\t\t\t.fb_iframe_widget_fluid_desktop iframe {\n\t\t\t    width: 100% !important;\n\t\t\t}\n\t\t  <\/style>\n\t\t  ","protected":false},"excerpt":{"rendered":"<p>La canci\u00f3n es un homenaje a Lou Reed en lo que habr\u00eda sido su 78 cumplea\u00f1os Iggy Pop ha compartido un nuevo video m\u00ednimo para su canci\u00f3n \u00abWe Are The People\u00bb, que apareci\u00f3 originalmente en el \u00e1lbum \u00abFree\u00bb del a\u00f1o pasado. La canci\u00f3n utiliza palabras de un poema escrito en 1970 por el fallecido Lou&#8230; <a href=\"https:\/\/radiounodigital.com\/web\/2020\/03\/07\/iggy-pop-comparte-el-video-de-we-are-the-peopleinspirada-en-lou-reed\/\" class=\"excerpt-read-more\">Read More<\/a><\/p>\n","protected":false},"author":1,"featured_media":3609,"comment_status":"open","ping_status":"open","sticky":false,"template":"","format":"standard","meta":{"footnotes":""},"categories":[286,180,127,128],"tags":[94,256,653,655,93,24,654],"class_list":["post-3608","post","type-post","status-publish","format-standard","has-post-thumbnail","hentry","category-estrenos-2019","category-news","category-rock","category-rock-clasico","tag-cancion","tag-homenaje","tag-iggy-pop","tag-lou-reed","tag-nueva","tag-video","tag-we-are-the-people"],"yoast_head":"<!-- This site is optimized with the Yoast SEO plugin v27.4 - https:\/\/yoast.com\/product\/yoast-seo-wordpress\/ -->\n<title>Iggy Pop comparte el video de &quot;We Are The People&quot;inspirada en Lou Reed - Radio UNO Digital<\/title>\n<meta name=\"robots\" content=\"index, follow, max-snippet:-1, max-image-preview:large, max-video-preview:-1\" \/>\n<link rel=\"canonical\" href=\"https:\/\/radiounodigital.com\/web\/2020\/03\/07\/iggy-pop-comparte-el-video-de-we-are-the-peopleinspirada-en-lou-reed\/\" \/>\n<meta property=\"og:locale\" content=\"es_ES\" \/>\n<meta property=\"og:type\" content=\"article\" \/>\n<meta property=\"og:title\" content=\"Iggy Pop comparte el video de &quot;We Are The People&quot;inspirada en Lou Reed - Radio UNO Digital\" \/>\n<meta property=\"og:description\" content=\"La canci\u00f3n es un homenaje a Lou Reed en lo que habr\u00eda sido su 78 cumplea\u00f1os Iggy Pop ha compartido un nuevo video m\u00ednimo para su canci\u00f3n \u00abWe Are The People\u00bb, que apareci\u00f3 originalmente en el \u00e1lbum \u00abFree\u00bb del a\u00f1o pasado. La canci\u00f3n utiliza palabras de un poema escrito en 1970 por el fallecido Lou... Read More\" \/>\n<meta property=\"og:url\" content=\"https:\/\/radiounodigital.com\/web\/2020\/03\/07\/iggy-pop-comparte-el-video-de-we-are-the-peopleinspirada-en-lou-reed\/\" \/>\n<meta property=\"og:site_name\" content=\"Radio UNO Digital\" \/>\n<meta property=\"article:published_time\" content=\"2020-03-07T15:41:46+00:00\" \/>\n<meta property=\"article:modified_time\" content=\"2020-03-07T15:44:00+00:00\" \/>\n<meta property=\"og:image\" content=\"https:\/\/radiounodigital.com\/web\/wp-content\/uploads\/2020\/03\/iggy-pop-1-1024x650.jpg\" \/>\n\t<meta property=\"og:image:width\" content=\"1024\" \/>\n\t<meta property=\"og:image:height\" content=\"650\" \/>\n\t<meta property=\"og:image:type\" content=\"image\/jpeg\" \/>\n<meta name=\"author\" content=\"diegoc\" \/>\n<meta name=\"twitter:card\" content=\"summary_large_image\" \/>\n<meta name=\"twitter:label1\" content=\"Escrito por\" \/>\n\t<meta name=\"twitter:data1\" content=\"diegoc\" \/>\n\t<meta name=\"twitter:label2\" content=\"Tiempo de lectura\" \/>\n\t<meta name=\"twitter:data2\" content=\"1 minuto\" \/>\n<script type=\"application\/ld+json\" class=\"yoast-schema-graph\">{\"@context\":\"https:\\\/\\\/schema.org\",\"@graph\":[{\"@type\":\"Article\",\"@id\":\"https:\\\/\\\/radiounodigital.com\\\/web\\\/2020\\\/03\\\/07\\\/iggy-pop-comparte-el-video-de-we-are-the-peopleinspirada-en-lou-reed\\\/#article\",\"isPartOf\":{\"@id\":\"https:\\\/\\\/radiounodigital.com\\\/web\\\/2020\\\/03\\\/07\\\/iggy-pop-comparte-el-video-de-we-are-the-peopleinspirada-en-lou-reed\\\/\"},\"author\":{\"name\":\"diegoc\",\"@id\":\"https:\\\/\\\/radiounodigital.com\\\/web\\\/#\\\/schema\\\/person\\\/00b93151fa54f619ecf9c183d1fc9758\"},\"headline\":\"Iggy Pop comparte el video de \u00abWe Are The People\u00bbinspirada en Lou Reed\",\"datePublished\":\"2020-03-07T15:41:46+00:00\",\"dateModified\":\"2020-03-07T15:44:00+00:00\",\"mainEntityOfPage\":{\"@id\":\"https:\\\/\\\/radiounodigital.com\\\/web\\\/2020\\\/03\\\/07\\\/iggy-pop-comparte-el-video-de-we-are-the-peopleinspirada-en-lou-reed\\\/\"},\"wordCount\":264,\"commentCount\":0,\"image\":{\"@id\":\"https:\\\/\\\/radiounodigital.com\\\/web\\\/2020\\\/03\\\/07\\\/iggy-pop-comparte-el-video-de-we-are-the-peopleinspirada-en-lou-reed\\\/#primaryimage\"},\"thumbnailUrl\":\"https:\\\/\\\/radiounodigital.com\\\/web\\\/wp-content\\\/uploads\\\/2020\\\/03\\\/iggy-pop-1.jpg\",\"keywords\":[\"cancion\",\"homenaje\",\"iggy pop\",\"lou reed\",\"nueva\",\"Video\",\"we are the people\"],\"articleSection\":[\"ESTRENOS 2019\",\"news\",\"Rock\",\"Rock Clasico\"],\"inLanguage\":\"es\",\"potentialAction\":[{\"@type\":\"CommentAction\",\"name\":\"Comment\",\"target\":[\"https:\\\/\\\/radiounodigital.com\\\/web\\\/2020\\\/03\\\/07\\\/iggy-pop-comparte-el-video-de-we-are-the-peopleinspirada-en-lou-reed\\\/#respond\"]}]},{\"@type\":\"WebPage\",\"@id\":\"https:\\\/\\\/radiounodigital.com\\\/web\\\/2020\\\/03\\\/07\\\/iggy-pop-comparte-el-video-de-we-are-the-peopleinspirada-en-lou-reed\\\/\",\"url\":\"https:\\\/\\\/radiounodigital.com\\\/web\\\/2020\\\/03\\\/07\\\/iggy-pop-comparte-el-video-de-we-are-the-peopleinspirada-en-lou-reed\\\/\",\"name\":\"Iggy Pop comparte el video de \\\"We Are The People\\\"inspirada en Lou Reed - Radio UNO Digital\",\"isPartOf\":{\"@id\":\"https:\\\/\\\/radiounodigital.com\\\/web\\\/#website\"},\"primaryImageOfPage\":{\"@id\":\"https:\\\/\\\/radiounodigital.com\\\/web\\\/2020\\\/03\\\/07\\\/iggy-pop-comparte-el-video-de-we-are-the-peopleinspirada-en-lou-reed\\\/#primaryimage\"},\"image\":{\"@id\":\"https:\\\/\\\/radiounodigital.com\\\/web\\\/2020\\\/03\\\/07\\\/iggy-pop-comparte-el-video-de-we-are-the-peopleinspirada-en-lou-reed\\\/#primaryimage\"},\"thumbnailUrl\":\"https:\\\/\\\/radiounodigital.com\\\/web\\\/wp-content\\\/uploads\\\/2020\\\/03\\\/iggy-pop-1.jpg\",\"datePublished\":\"2020-03-07T15:41:46+00:00\",\"dateModified\":\"2020-03-07T15:44:00+00:00\",\"author\":{\"@id\":\"https:\\\/\\\/radiounodigital.com\\\/web\\\/#\\\/schema\\\/person\\\/00b93151fa54f619ecf9c183d1fc9758\"},\"breadcrumb\":{\"@id\":\"https:\\\/\\\/radiounodigital.com\\\/web\\\/2020\\\/03\\\/07\\\/iggy-pop-comparte-el-video-de-we-are-the-peopleinspirada-en-lou-reed\\\/#breadcrumb\"},\"inLanguage\":\"es\",\"potentialAction\":[{\"@type\":\"ReadAction\",\"target\":[\"https:\\\/\\\/radiounodigital.com\\\/web\\\/2020\\\/03\\\/07\\\/iggy-pop-comparte-el-video-de-we-are-the-peopleinspirada-en-lou-reed\\\/\"]}]},{\"@type\":\"ImageObject\",\"inLanguage\":\"es\",\"@id\":\"https:\\\/\\\/radiounodigital.com\\\/web\\\/2020\\\/03\\\/07\\\/iggy-pop-comparte-el-video-de-we-are-the-peopleinspirada-en-lou-reed\\\/#primaryimage\",\"url\":\"https:\\\/\\\/radiounodigital.com\\\/web\\\/wp-content\\\/uploads\\\/2020\\\/03\\\/iggy-pop-1.jpg\",\"contentUrl\":\"https:\\\/\\\/radiounodigital.com\\\/web\\\/wp-content\\\/uploads\\\/2020\\\/03\\\/iggy-pop-1.jpg\",\"width\":2000,\"height\":1269,\"caption\":\"MELBOURNE, AUSTRALIA - APRIL 21: Iggy Pop performs at Festival Hall on his 72nd birthday - April 21, 2019 in Melbourne, Australia. (Photo by Naomi Rahim\\\/WireImage)\"},{\"@type\":\"BreadcrumbList\",\"@id\":\"https:\\\/\\\/radiounodigital.com\\\/web\\\/2020\\\/03\\\/07\\\/iggy-pop-comparte-el-video-de-we-are-the-peopleinspirada-en-lou-reed\\\/#breadcrumb\",\"itemListElement\":[{\"@type\":\"ListItem\",\"position\":1,\"name\":\"Home\",\"item\":\"https:\\\/\\\/radiounodigital.com\\\/web\\\/\"},{\"@type\":\"ListItem\",\"position\":2,\"name\":\"Iggy Pop comparte el video de \u00abWe Are The People\u00bbinspirada en Lou Reed\"}]},{\"@type\":\"WebSite\",\"@id\":\"https:\\\/\\\/radiounodigital.com\\\/web\\\/#website\",\"url\":\"https:\\\/\\\/radiounodigital.com\\\/web\\\/\",\"name\":\"Radio UNO Digital\",\"description\":\"Donde la cultura del rock se siente\",\"potentialAction\":[{\"@type\":\"SearchAction\",\"target\":{\"@type\":\"EntryPoint\",\"urlTemplate\":\"https:\\\/\\\/radiounodigital.com\\\/web\\\/?s={search_term_string}\"},\"query-input\":{\"@type\":\"PropertyValueSpecification\",\"valueRequired\":true,\"valueName\":\"search_term_string\"}}],\"inLanguage\":\"es\"},{\"@type\":\"Person\",\"@id\":\"https:\\\/\\\/radiounodigital.com\\\/web\\\/#\\\/schema\\\/person\\\/00b93151fa54f619ecf9c183d1fc9758\",\"name\":\"diegoc\",\"image\":{\"@type\":\"ImageObject\",\"inLanguage\":\"es\",\"@id\":\"https:\\\/\\\/secure.gravatar.com\\\/avatar\\\/0a67041d44c702fb0660d81a5a32c7ce6007341cf92afeb718b75883bf415864?s=96&d=blank&r=g\",\"url\":\"https:\\\/\\\/secure.gravatar.com\\\/avatar\\\/0a67041d44c702fb0660d81a5a32c7ce6007341cf92afeb718b75883bf415864?s=96&d=blank&r=g\",\"contentUrl\":\"https:\\\/\\\/secure.gravatar.com\\\/avatar\\\/0a67041d44c702fb0660d81a5a32c7ce6007341cf92afeb718b75883bf415864?s=96&d=blank&r=g\",\"caption\":\"diegoc\"},\"url\":\"https:\\\/\\\/radiounodigital.com\\\/web\\\/author\\\/diegoc\\\/\"}]}<\/script>\n<!-- \/ Yoast SEO plugin. -->","yoast_head_json":{"title":"Iggy Pop comparte el video de \"We Are The People\"inspirada en Lou Reed - Radio UNO Digital","robots":{"index":"index","follow":"follow","max-snippet":"max-snippet:-1","max-image-preview":"max-image-preview:large","max-video-preview":"max-video-preview:-1"},"canonical":"https:\/\/radiounodigital.com\/web\/2020\/03\/07\/iggy-pop-comparte-el-video-de-we-are-the-peopleinspirada-en-lou-reed\/","og_locale":"es_ES","og_type":"article","og_title":"Iggy Pop comparte el video de \"We Are The People\"inspirada en Lou Reed - Radio UNO Digital","og_description":"La canci\u00f3n es un homenaje a Lou Reed en lo que habr\u00eda sido su 78 cumplea\u00f1os Iggy Pop ha compartido un nuevo video m\u00ednimo para su canci\u00f3n \u00abWe Are The People\u00bb, que apareci\u00f3 originalmente en el \u00e1lbum \u00abFree\u00bb del a\u00f1o pasado. La canci\u00f3n utiliza palabras de un poema escrito en 1970 por el fallecido Lou... Read More","og_url":"https:\/\/radiounodigital.com\/web\/2020\/03\/07\/iggy-pop-comparte-el-video-de-we-are-the-peopleinspirada-en-lou-reed\/","og_site_name":"Radio UNO Digital","article_published_time":"2020-03-07T15:41:46+00:00","article_modified_time":"2020-03-07T15:44:00+00:00","og_image":[{"width":1024,"height":650,"url":"https:\/\/radiounodigital.com\/web\/wp-content\/uploads\/2020\/03\/iggy-pop-1-1024x650.jpg","type":"image\/jpeg"}],"author":"diegoc","twitter_card":"summary_large_image","twitter_misc":{"Escrito por":"diegoc","Tiempo de lectura":"1 minuto"},"schema":{"@context":"https:\/\/schema.org","@graph":[{"@type":"Article","@id":"https:\/\/radiounodigital.com\/web\/2020\/03\/07\/iggy-pop-comparte-el-video-de-we-are-the-peopleinspirada-en-lou-reed\/#article","isPartOf":{"@id":"https:\/\/radiounodigital.com\/web\/2020\/03\/07\/iggy-pop-comparte-el-video-de-we-are-the-peopleinspirada-en-lou-reed\/"},"author":{"name":"diegoc","@id":"https:\/\/radiounodigital.com\/web\/#\/schema\/person\/00b93151fa54f619ecf9c183d1fc9758"},"headline":"Iggy Pop comparte el video de \u00abWe Are The People\u00bbinspirada en Lou Reed","datePublished":"2020-03-07T15:41:46+00:00","dateModified":"2020-03-07T15:44:00+00:00","mainEntityOfPage":{"@id":"https:\/\/radiounodigital.com\/web\/2020\/03\/07\/iggy-pop-comparte-el-video-de-we-are-the-peopleinspirada-en-lou-reed\/"},"wordCount":264,"commentCount":0,"image":{"@id":"https:\/\/radiounodigital.com\/web\/2020\/03\/07\/iggy-pop-comparte-el-video-de-we-are-the-peopleinspirada-en-lou-reed\/#primaryimage"},"thumbnailUrl":"https:\/\/radiounodigital.com\/web\/wp-content\/uploads\/2020\/03\/iggy-pop-1.jpg","keywords":["cancion","homenaje","iggy pop","lou reed","nueva","Video","we are the people"],"articleSection":["ESTRENOS 2019","news","Rock","Rock Clasico"],"inLanguage":"es","potentialAction":[{"@type":"CommentAction","name":"Comment","target":["https:\/\/radiounodigital.com\/web\/2020\/03\/07\/iggy-pop-comparte-el-video-de-we-are-the-peopleinspirada-en-lou-reed\/#respond"]}]},{"@type":"WebPage","@id":"https:\/\/radiounodigital.com\/web\/2020\/03\/07\/iggy-pop-comparte-el-video-de-we-are-the-peopleinspirada-en-lou-reed\/","url":"https:\/\/radiounodigital.com\/web\/2020\/03\/07\/iggy-pop-comparte-el-video-de-we-are-the-peopleinspirada-en-lou-reed\/","name":"Iggy Pop comparte el video de \"We Are The People\"inspirada en Lou Reed - Radio UNO Digital","isPartOf":{"@id":"https:\/\/radiounodigital.com\/web\/#website"},"primaryImageOfPage":{"@id":"https:\/\/radiounodigital.com\/web\/2020\/03\/07\/iggy-pop-comparte-el-video-de-we-are-the-peopleinspirada-en-lou-reed\/#primaryimage"},"image":{"@id":"https:\/\/radiounodigital.com\/web\/2020\/03\/07\/iggy-pop-comparte-el-video-de-we-are-the-peopleinspirada-en-lou-reed\/#primaryimage"},"thumbnailUrl":"https:\/\/radiounodigital.com\/web\/wp-content\/uploads\/2020\/03\/iggy-pop-1.jpg","datePublished":"2020-03-07T15:41:46+00:00","dateModified":"2020-03-07T15:44:00+00:00","author":{"@id":"https:\/\/radiounodigital.com\/web\/#\/schema\/person\/00b93151fa54f619ecf9c183d1fc9758"},"breadcrumb":{"@id":"https:\/\/radiounodigital.com\/web\/2020\/03\/07\/iggy-pop-comparte-el-video-de-we-are-the-peopleinspirada-en-lou-reed\/#breadcrumb"},"inLanguage":"es","potentialAction":[{"@type":"ReadAction","target":["https:\/\/radiounodigital.com\/web\/2020\/03\/07\/iggy-pop-comparte-el-video-de-we-are-the-peopleinspirada-en-lou-reed\/"]}]},{"@type":"ImageObject","inLanguage":"es","@id":"https:\/\/radiounodigital.com\/web\/2020\/03\/07\/iggy-pop-comparte-el-video-de-we-are-the-peopleinspirada-en-lou-reed\/#primaryimage","url":"https:\/\/radiounodigital.com\/web\/wp-content\/uploads\/2020\/03\/iggy-pop-1.jpg","contentUrl":"https:\/\/radiounodigital.com\/web\/wp-content\/uploads\/2020\/03\/iggy-pop-1.jpg","width":2000,"height":1269,"caption":"MELBOURNE, AUSTRALIA - APRIL 21: Iggy Pop performs at Festival Hall on his 72nd birthday - April 21, 2019 in Melbourne, Australia. (Photo by Naomi Rahim\/WireImage)"},{"@type":"BreadcrumbList","@id":"https:\/\/radiounodigital.com\/web\/2020\/03\/07\/iggy-pop-comparte-el-video-de-we-are-the-peopleinspirada-en-lou-reed\/#breadcrumb","itemListElement":[{"@type":"ListItem","position":1,"name":"Home","item":"https:\/\/radiounodigital.com\/web\/"},{"@type":"ListItem","position":2,"name":"Iggy Pop comparte el video de \u00abWe Are The People\u00bbinspirada en Lou Reed"}]},{"@type":"WebSite","@id":"https:\/\/radiounodigital.com\/web\/#website","url":"https:\/\/radiounodigital.com\/web\/","name":"Radio UNO Digital","description":"Donde la cultura del rock se siente","potentialAction":[{"@type":"SearchAction","target":{"@type":"EntryPoint","urlTemplate":"https:\/\/radiounodigital.com\/web\/?s={search_term_string}"},"query-input":{"@type":"PropertyValueSpecification","valueRequired":true,"valueName":"search_term_string"}}],"inLanguage":"es"},{"@type":"Person","@id":"https:\/\/radiounodigital.com\/web\/#\/schema\/person\/00b93151fa54f619ecf9c183d1fc9758","name":"diegoc","image":{"@type":"ImageObject","inLanguage":"es","@id":"https:\/\/secure.gravatar.com\/avatar\/0a67041d44c702fb0660d81a5a32c7ce6007341cf92afeb718b75883bf415864?s=96&d=blank&r=g","url":"https:\/\/secure.gravatar.com\/avatar\/0a67041d44c702fb0660d81a5a32c7ce6007341cf92afeb718b75883bf415864?s=96&d=blank&r=g","contentUrl":"https:\/\/secure.gravatar.com\/avatar\/0a67041d44c702fb0660d81a5a32c7ce6007341cf92afeb718b75883bf415864?s=96&d=blank&r=g","caption":"diegoc"},"url":"https:\/\/radiounodigital.com\/web\/author\/diegoc\/"}]}},"_links":{"self":[{"href":"https:\/\/radiounodigital.com\/web\/wp-json\/wp\/v2\/posts\/3608","targetHints":{"allow":["GET"]}}],"collection":[{"href":"https:\/\/radiounodigital.com\/web\/wp-json\/wp\/v2\/posts"}],"about":[{"href":"https:\/\/radiounodigital.com\/web\/wp-json\/wp\/v2\/types\/post"}],"author":[{"embeddable":true,"href":"https:\/\/radiounodigital.com\/web\/wp-json\/wp\/v2\/users\/1"}],"replies":[{"embeddable":true,"href":"https:\/\/radiounodigital.com\/web\/wp-json\/wp\/v2\/comments?post=3608"}],"version-history":[{"count":1,"href":"https:\/\/radiounodigital.com\/web\/wp-json\/wp\/v2\/posts\/3608\/revisions"}],"predecessor-version":[{"id":3610,"href":"https:\/\/radiounodigital.com\/web\/wp-json\/wp\/v2\/posts\/3608\/revisions\/3610"}],"wp:featuredmedia":[{"embeddable":true,"href":"https:\/\/radiounodigital.com\/web\/wp-json\/wp\/v2\/media\/3609"}],"wp:attachment":[{"href":"https:\/\/radiounodigital.com\/web\/wp-json\/wp\/v2\/media?parent=3608"}],"wp:term":[{"taxonomy":"category","embeddable":true,"href":"https:\/\/radiounodigital.com\/web\/wp-json\/wp\/v2\/categories?post=3608"},{"taxonomy":"post_tag","embeddable":true,"href":"https:\/\/radiounodigital.com\/web\/wp-json\/wp\/v2\/tags?post=3608"}],"curies":[{"name":"wp","href":"https:\/\/api.w.org\/{rel}","templated":true}]}}