{"id":3622,"date":"2020-03-11T12:58:22","date_gmt":"2020-03-11T12:58:22","guid":{"rendered":"https:\/\/radiounodigital.com\/web\/?p=3622"},"modified":"2020-03-11T12:58:22","modified_gmt":"2020-03-11T12:58:22","slug":"los-hermanos-celebran-los-50-anos-de-the-allmans-con-un-setlist-epico","status":"publish","type":"post","link":"https:\/\/radiounodigital.com\/web\/2020\/03\/11\/los-hermanos-celebran-los-50-anos-de-the-allmans-con-un-setlist-epico\/","title":{"rendered":"Los hermanos celebran los 50 a\u00f1os de The Allmans con un setlist \u00e9pico"},"content":{"rendered":"<h3>Un elenco de estrellas se re\u00fane en el Madison Square Garden en Nueva York para rendir homenaje a la Allman Brothers Band.<\/h3>\n<p><iframe loading=\"lazy\" src=\"https:\/\/www.youtube.com\/embed\/eUHcKvTUblA\" width=\"560\" height=\"315\" frameborder=\"0\" allowfullscreen=\"allowfullscreen\"><\/iframe><\/p>\n<p>Los miembros sobrevivientes de la \u00faltima alineaci\u00f3n de Allman Brothers Band se reunieron anoche para un espect\u00e1culo en el ic\u00f3nico Madison Square Garden en Nueva York.<\/p>\n<p>Bajo el nombre de \u00abThe Brothers\u00bb, los m\u00fasicos, que incluyeron a los guitarristas Warren Haynes y Derek Trucks, el baterista Jaimoe Johanson, el bajista Oteil Burbridge y el percusionista Marc Quinones, tocaron un set de 24 canciones que abarc\u00f3 la carrera de los Allman.<\/p>\n<p>El espect\u00e1culo tuvo lugar m\u00e1s de cinco a\u00f1os despu\u00e9s del espect\u00e1culo final de la banda en el Beacon Theatre de Nueva York el 28 de octubre de 2014, y tres a\u00f1os despu\u00e9s de la muerte del miembro fundador Gregg Allman.<\/p>\n<p>Entre el setlist se encontraban cl\u00e1sicos como Statesboro Blues, Black Hearted Woman, Jessica, Mountain Jam, In Memory Of Elizabeth Reed y Whipping Post, mientras que la banda se uni\u00f3 a diez canciones por el tecladista Chuck Leavell, miembro de The Allman Brothers Band desde 1972 hasta 1976. Setlist completa a continuaci\u00f3n.<\/p>\n<p>The Brothers: New York&#8217;s Madison Square Garden: March 10, 2020<br \/>\nSet 1<br \/>\nDon&#8217;t Want You No More (The Spencer Davis Group cover)<br \/>\nIt&#8217;s Not My Cross to Bear (The Allman Brothers Band cover)<br \/>\nStatesboro Blues (Blind Willie McTell cover)<br \/>\nRevival (The Allman Brothers Band cover)<br \/>\nTrouble No More (Muddy Waters cover)<br \/>\nDon&#8217;t Keep Me Wonderin&#8217; (The Allman Brothers Band cover)<br \/>\nBlack Hearted Woman (The Allman Brothers Band cover)<br \/>\nDreams (The Allman Brothers Band cover)<br \/>\nHot &#8216;Lanta (The Allman Brothers Band cover)<br \/>\nCome and Go Blues (The Allman Brothers Band cover) *<br \/>\nSoulshine (The Allman Brothers Band cover) *<br \/>\nStand Back (The Allman Brothers Band cover) *<br \/>\nJessica (The Allman Brothers Band cover) *<\/p>\n<p>Set 2<br \/>\nMountain Jam (The Allman Brothers Band cover) *<br \/>\nBlue Sky (The Allman Brothers Band cover) *<br \/>\nDesdemona (The Allman Brothers Band cover) *<br \/>\nAin&#8217;t Wastin&#8217; Time No More (The Allman Brothers Band cover) *<br \/>\nEvery Hungry Woman (The Allman Brothers Band cover)<br \/>\nMelissa (The Allman Brothers Band cover)<br \/>\nIn Memory of Elizabeth Reed (The Allman Brothers Band cover)<br \/>\nNo One to Run With (The Allman Brothers Band cover)<br \/>\nOne Way Out (Elmore James cover)<\/p>\n<p>Bis<br \/>\nMidnight Rider (The Allman Brothers Band cover) *<br \/>\nWhipping Post (The Allman Brothers Band cover) *<\/p>\n<p>* = with Chuck Leavell<\/p>\n<div class=\"fb-background-color\">\n\t\t\t  <div \n\t\t\t  \tclass = \"fb-comments\" \n\t\t\t  \tdata-href = \"https:\/\/radiounodigital.com\/web\/2020\/03\/11\/los-hermanos-celebran-los-50-anos-de-the-allmans-con-un-setlist-epico\/\"\n\t\t\t  \tdata-numposts = \"10\"\n\t\t\t  \tdata-lazy = \"true\"\n\t\t\t\tdata-colorscheme = \"dark\"\n\t\t\t\tdata-order-by = \"reverse_time\"\n\t\t\t\tdata-mobile=true>\n\t\t\t  <\/div><\/div>\n\t\t  <style>\n\t\t    .fb-background-color {\n\t\t\t\tbackground: #ffffff !important;\n\t\t\t}\n\t\t\t.fb_iframe_widget_fluid_desktop iframe {\n\t\t\t    width: 100% !important;\n\t\t\t}\n\t\t  <\/style>\n\t\t  ","protected":false},"excerpt":{"rendered":"<p>Un elenco de estrellas se re\u00fane en el Madison Square Garden en Nueva York para rendir homenaje a la Allman Brothers Band. Los miembros sobrevivientes de la \u00faltima alineaci\u00f3n de Allman Brothers Band se reunieron anoche para un espect\u00e1culo en el ic\u00f3nico Madison Square Garden en Nueva York. Bajo el nombre de \u00abThe Brothers\u00bb, los&#8230; <a href=\"https:\/\/radiounodigital.com\/web\/2020\/03\/11\/los-hermanos-celebran-los-50-anos-de-the-allmans-con-un-setlist-epico\/\" class=\"excerpt-read-more\">Read More<\/a><\/p>\n","protected":false},"author":1,"featured_media":3623,"comment_status":"open","ping_status":"open","sticky":false,"template":"","format":"standard","meta":{"footnotes":""},"categories":[126,180,128],"tags":[669,668,178,670,366,667,671],"class_list":["post-3622","post","type-post","status-publish","format-standard","has-post-thumbnail","hentry","category-blues","category-news","category-rock-clasico","tag-50-anos","tag-celbracion","tag-derek-trucks","tag-madison-square-garden","tag-new-york","tag-the-allman-brothers","tag-warren-haynes"],"yoast_head":"<!-- This site is optimized with the Yoast SEO plugin v27.5 - https:\/\/yoast.com\/product\/yoast-seo-wordpress\/ -->\n<title>Los hermanos celebran los 50 a\u00f1os de The Allmans con un setlist \u00e9pico - Radio UNO Digital<\/title>\n<meta name=\"robots\" content=\"index, follow, max-snippet:-1, max-image-preview:large, max-video-preview:-1\" \/>\n<link rel=\"canonical\" href=\"https:\/\/radiounodigital.com\/web\/2020\/03\/11\/los-hermanos-celebran-los-50-anos-de-the-allmans-con-un-setlist-epico\/\" \/>\n<meta property=\"og:locale\" content=\"es_ES\" \/>\n<meta property=\"og:type\" content=\"article\" \/>\n<meta property=\"og:title\" content=\"Los hermanos celebran los 50 a\u00f1os de The Allmans con un setlist \u00e9pico - Radio UNO Digital\" \/>\n<meta property=\"og:description\" content=\"Un elenco de estrellas se re\u00fane en el Madison Square Garden en Nueva York para rendir homenaje a la Allman Brothers Band. Los miembros sobrevivientes de la \u00faltima alineaci\u00f3n de Allman Brothers Band se reunieron anoche para un espect\u00e1culo en el ic\u00f3nico Madison Square Garden en Nueva York. Bajo el nombre de \u00abThe Brothers\u00bb, los... Read More\" \/>\n<meta property=\"og:url\" content=\"https:\/\/radiounodigital.com\/web\/2020\/03\/11\/los-hermanos-celebran-los-50-anos-de-the-allmans-con-un-setlist-epico\/\" \/>\n<meta property=\"og:site_name\" content=\"Radio UNO Digital\" \/>\n<meta property=\"article:published_time\" content=\"2020-03-11T12:58:22+00:00\" \/>\n<meta property=\"og:image\" content=\"https:\/\/radiounodigital.com\/web\/wp-content\/uploads\/2020\/03\/ALLSTAR-ALLMAN-BROTHER-50TH-ANIVERSARY-CELEBRATION.jpg\" \/>\n\t<meta property=\"og:image:width\" content=\"970\" \/>\n\t<meta property=\"og:image:height\" content=\"546\" \/>\n\t<meta property=\"og:image:type\" content=\"image\/jpeg\" \/>\n<meta name=\"author\" content=\"diegoc\" \/>\n<meta name=\"twitter:card\" content=\"summary_large_image\" \/>\n<meta name=\"twitter:label1\" content=\"Escrito por\" \/>\n\t<meta name=\"twitter:data1\" content=\"diegoc\" \/>\n\t<meta name=\"twitter:label2\" content=\"Tiempo de lectura\" \/>\n\t<meta name=\"twitter:data2\" content=\"2 minutos\" \/>\n<script type=\"application\/ld+json\" class=\"yoast-schema-graph\">{\"@context\":\"https:\\\/\\\/schema.org\",\"@graph\":[{\"@type\":\"Article\",\"@id\":\"https:\\\/\\\/radiounodigital.com\\\/web\\\/2020\\\/03\\\/11\\\/los-hermanos-celebran-los-50-anos-de-the-allmans-con-un-setlist-epico\\\/#article\",\"isPartOf\":{\"@id\":\"https:\\\/\\\/radiounodigital.com\\\/web\\\/2020\\\/03\\\/11\\\/los-hermanos-celebran-los-50-anos-de-the-allmans-con-un-setlist-epico\\\/\"},\"author\":{\"name\":\"diegoc\",\"@id\":\"https:\\\/\\\/radiounodigital.com\\\/web\\\/#\\\/schema\\\/person\\\/00b93151fa54f619ecf9c183d1fc9758\"},\"headline\":\"Los hermanos celebran los 50 a\u00f1os de The Allmans con un setlist \u00e9pico\",\"datePublished\":\"2020-03-11T12:58:22+00:00\",\"mainEntityOfPage\":{\"@id\":\"https:\\\/\\\/radiounodigital.com\\\/web\\\/2020\\\/03\\\/11\\\/los-hermanos-celebran-los-50-anos-de-the-allmans-con-un-setlist-epico\\\/\"},\"wordCount\":405,\"commentCount\":0,\"image\":{\"@id\":\"https:\\\/\\\/radiounodigital.com\\\/web\\\/2020\\\/03\\\/11\\\/los-hermanos-celebran-los-50-anos-de-the-allmans-con-un-setlist-epico\\\/#primaryimage\"},\"thumbnailUrl\":\"https:\\\/\\\/radiounodigital.com\\\/web\\\/wp-content\\\/uploads\\\/2020\\\/03\\\/ALLSTAR-ALLMAN-BROTHER-50TH-ANIVERSARY-CELEBRATION.jpg\",\"keywords\":[\"50 a\u00f1os\",\"celbracion\",\"derek trucks\",\"madison square garden\",\"New York\",\"the allman brothers\",\"warren haynes\"],\"articleSection\":[\"Blues\",\"news\",\"Rock Clasico\"],\"inLanguage\":\"es\",\"potentialAction\":[{\"@type\":\"CommentAction\",\"name\":\"Comment\",\"target\":[\"https:\\\/\\\/radiounodigital.com\\\/web\\\/2020\\\/03\\\/11\\\/los-hermanos-celebran-los-50-anos-de-the-allmans-con-un-setlist-epico\\\/#respond\"]}]},{\"@type\":\"WebPage\",\"@id\":\"https:\\\/\\\/radiounodigital.com\\\/web\\\/2020\\\/03\\\/11\\\/los-hermanos-celebran-los-50-anos-de-the-allmans-con-un-setlist-epico\\\/\",\"url\":\"https:\\\/\\\/radiounodigital.com\\\/web\\\/2020\\\/03\\\/11\\\/los-hermanos-celebran-los-50-anos-de-the-allmans-con-un-setlist-epico\\\/\",\"name\":\"Los hermanos celebran los 50 a\u00f1os de The Allmans con un setlist \u00e9pico - Radio UNO Digital\",\"isPartOf\":{\"@id\":\"https:\\\/\\\/radiounodigital.com\\\/web\\\/#website\"},\"primaryImageOfPage\":{\"@id\":\"https:\\\/\\\/radiounodigital.com\\\/web\\\/2020\\\/03\\\/11\\\/los-hermanos-celebran-los-50-anos-de-the-allmans-con-un-setlist-epico\\\/#primaryimage\"},\"image\":{\"@id\":\"https:\\\/\\\/radiounodigital.com\\\/web\\\/2020\\\/03\\\/11\\\/los-hermanos-celebran-los-50-anos-de-the-allmans-con-un-setlist-epico\\\/#primaryimage\"},\"thumbnailUrl\":\"https:\\\/\\\/radiounodigital.com\\\/web\\\/wp-content\\\/uploads\\\/2020\\\/03\\\/ALLSTAR-ALLMAN-BROTHER-50TH-ANIVERSARY-CELEBRATION.jpg\",\"datePublished\":\"2020-03-11T12:58:22+00:00\",\"author\":{\"@id\":\"https:\\\/\\\/radiounodigital.com\\\/web\\\/#\\\/schema\\\/person\\\/00b93151fa54f619ecf9c183d1fc9758\"},\"breadcrumb\":{\"@id\":\"https:\\\/\\\/radiounodigital.com\\\/web\\\/2020\\\/03\\\/11\\\/los-hermanos-celebran-los-50-anos-de-the-allmans-con-un-setlist-epico\\\/#breadcrumb\"},\"inLanguage\":\"es\",\"potentialAction\":[{\"@type\":\"ReadAction\",\"target\":[\"https:\\\/\\\/radiounodigital.com\\\/web\\\/2020\\\/03\\\/11\\\/los-hermanos-celebran-los-50-anos-de-the-allmans-con-un-setlist-epico\\\/\"]}]},{\"@type\":\"ImageObject\",\"inLanguage\":\"es\",\"@id\":\"https:\\\/\\\/radiounodigital.com\\\/web\\\/2020\\\/03\\\/11\\\/los-hermanos-celebran-los-50-anos-de-the-allmans-con-un-setlist-epico\\\/#primaryimage\",\"url\":\"https:\\\/\\\/radiounodigital.com\\\/web\\\/wp-content\\\/uploads\\\/2020\\\/03\\\/ALLSTAR-ALLMAN-BROTHER-50TH-ANIVERSARY-CELEBRATION.jpg\",\"contentUrl\":\"https:\\\/\\\/radiounodigital.com\\\/web\\\/wp-content\\\/uploads\\\/2020\\\/03\\\/ALLSTAR-ALLMAN-BROTHER-50TH-ANIVERSARY-CELEBRATION.jpg\",\"width\":970,\"height\":546,\"caption\":\"(Image credit: Taylor Hill \\\/ Getty Images)\"},{\"@type\":\"BreadcrumbList\",\"@id\":\"https:\\\/\\\/radiounodigital.com\\\/web\\\/2020\\\/03\\\/11\\\/los-hermanos-celebran-los-50-anos-de-the-allmans-con-un-setlist-epico\\\/#breadcrumb\",\"itemListElement\":[{\"@type\":\"ListItem\",\"position\":1,\"name\":\"Home\",\"item\":\"https:\\\/\\\/radiounodigital.com\\\/web\\\/\"},{\"@type\":\"ListItem\",\"position\":2,\"name\":\"Los hermanos celebran los 50 a\u00f1os de The Allmans con un setlist \u00e9pico\"}]},{\"@type\":\"WebSite\",\"@id\":\"https:\\\/\\\/radiounodigital.com\\\/web\\\/#website\",\"url\":\"https:\\\/\\\/radiounodigital.com\\\/web\\\/\",\"name\":\"Radio UNO Digital\",\"description\":\"Donde la cultura del rock se siente\",\"potentialAction\":[{\"@type\":\"SearchAction\",\"target\":{\"@type\":\"EntryPoint\",\"urlTemplate\":\"https:\\\/\\\/radiounodigital.com\\\/web\\\/?s={search_term_string}\"},\"query-input\":{\"@type\":\"PropertyValueSpecification\",\"valueRequired\":true,\"valueName\":\"search_term_string\"}}],\"inLanguage\":\"es\"},{\"@type\":\"Person\",\"@id\":\"https:\\\/\\\/radiounodigital.com\\\/web\\\/#\\\/schema\\\/person\\\/00b93151fa54f619ecf9c183d1fc9758\",\"name\":\"diegoc\",\"image\":{\"@type\":\"ImageObject\",\"inLanguage\":\"es\",\"@id\":\"https:\\\/\\\/secure.gravatar.com\\\/avatar\\\/0a67041d44c702fb0660d81a5a32c7ce6007341cf92afeb718b75883bf415864?s=96&d=blank&r=g\",\"url\":\"https:\\\/\\\/secure.gravatar.com\\\/avatar\\\/0a67041d44c702fb0660d81a5a32c7ce6007341cf92afeb718b75883bf415864?s=96&d=blank&r=g\",\"contentUrl\":\"https:\\\/\\\/secure.gravatar.com\\\/avatar\\\/0a67041d44c702fb0660d81a5a32c7ce6007341cf92afeb718b75883bf415864?s=96&d=blank&r=g\",\"caption\":\"diegoc\"},\"url\":\"https:\\\/\\\/radiounodigital.com\\\/web\\\/author\\\/diegoc\\\/\"}]}<\/script>\n<!-- \/ Yoast SEO plugin. -->","yoast_head_json":{"title":"Los hermanos celebran los 50 a\u00f1os de The Allmans con un setlist \u00e9pico - Radio UNO Digital","robots":{"index":"index","follow":"follow","max-snippet":"max-snippet:-1","max-image-preview":"max-image-preview:large","max-video-preview":"max-video-preview:-1"},"canonical":"https:\/\/radiounodigital.com\/web\/2020\/03\/11\/los-hermanos-celebran-los-50-anos-de-the-allmans-con-un-setlist-epico\/","og_locale":"es_ES","og_type":"article","og_title":"Los hermanos celebran los 50 a\u00f1os de The Allmans con un setlist \u00e9pico - Radio UNO Digital","og_description":"Un elenco de estrellas se re\u00fane en el Madison Square Garden en Nueva York para rendir homenaje a la Allman Brothers Band. Los miembros sobrevivientes de la \u00faltima alineaci\u00f3n de Allman Brothers Band se reunieron anoche para un espect\u00e1culo en el ic\u00f3nico Madison Square Garden en Nueva York. Bajo el nombre de \u00abThe Brothers\u00bb, los... Read More","og_url":"https:\/\/radiounodigital.com\/web\/2020\/03\/11\/los-hermanos-celebran-los-50-anos-de-the-allmans-con-un-setlist-epico\/","og_site_name":"Radio UNO Digital","article_published_time":"2020-03-11T12:58:22+00:00","og_image":[{"width":970,"height":546,"url":"https:\/\/radiounodigital.com\/web\/wp-content\/uploads\/2020\/03\/ALLSTAR-ALLMAN-BROTHER-50TH-ANIVERSARY-CELEBRATION.jpg","type":"image\/jpeg"}],"author":"diegoc","twitter_card":"summary_large_image","twitter_misc":{"Escrito por":"diegoc","Tiempo de lectura":"2 minutos"},"schema":{"@context":"https:\/\/schema.org","@graph":[{"@type":"Article","@id":"https:\/\/radiounodigital.com\/web\/2020\/03\/11\/los-hermanos-celebran-los-50-anos-de-the-allmans-con-un-setlist-epico\/#article","isPartOf":{"@id":"https:\/\/radiounodigital.com\/web\/2020\/03\/11\/los-hermanos-celebran-los-50-anos-de-the-allmans-con-un-setlist-epico\/"},"author":{"name":"diegoc","@id":"https:\/\/radiounodigital.com\/web\/#\/schema\/person\/00b93151fa54f619ecf9c183d1fc9758"},"headline":"Los hermanos celebran los 50 a\u00f1os de The Allmans con un setlist \u00e9pico","datePublished":"2020-03-11T12:58:22+00:00","mainEntityOfPage":{"@id":"https:\/\/radiounodigital.com\/web\/2020\/03\/11\/los-hermanos-celebran-los-50-anos-de-the-allmans-con-un-setlist-epico\/"},"wordCount":405,"commentCount":0,"image":{"@id":"https:\/\/radiounodigital.com\/web\/2020\/03\/11\/los-hermanos-celebran-los-50-anos-de-the-allmans-con-un-setlist-epico\/#primaryimage"},"thumbnailUrl":"https:\/\/radiounodigital.com\/web\/wp-content\/uploads\/2020\/03\/ALLSTAR-ALLMAN-BROTHER-50TH-ANIVERSARY-CELEBRATION.jpg","keywords":["50 a\u00f1os","celbracion","derek trucks","madison square garden","New York","the allman brothers","warren haynes"],"articleSection":["Blues","news","Rock Clasico"],"inLanguage":"es","potentialAction":[{"@type":"CommentAction","name":"Comment","target":["https:\/\/radiounodigital.com\/web\/2020\/03\/11\/los-hermanos-celebran-los-50-anos-de-the-allmans-con-un-setlist-epico\/#respond"]}]},{"@type":"WebPage","@id":"https:\/\/radiounodigital.com\/web\/2020\/03\/11\/los-hermanos-celebran-los-50-anos-de-the-allmans-con-un-setlist-epico\/","url":"https:\/\/radiounodigital.com\/web\/2020\/03\/11\/los-hermanos-celebran-los-50-anos-de-the-allmans-con-un-setlist-epico\/","name":"Los hermanos celebran los 50 a\u00f1os de The Allmans con un setlist \u00e9pico - Radio UNO Digital","isPartOf":{"@id":"https:\/\/radiounodigital.com\/web\/#website"},"primaryImageOfPage":{"@id":"https:\/\/radiounodigital.com\/web\/2020\/03\/11\/los-hermanos-celebran-los-50-anos-de-the-allmans-con-un-setlist-epico\/#primaryimage"},"image":{"@id":"https:\/\/radiounodigital.com\/web\/2020\/03\/11\/los-hermanos-celebran-los-50-anos-de-the-allmans-con-un-setlist-epico\/#primaryimage"},"thumbnailUrl":"https:\/\/radiounodigital.com\/web\/wp-content\/uploads\/2020\/03\/ALLSTAR-ALLMAN-BROTHER-50TH-ANIVERSARY-CELEBRATION.jpg","datePublished":"2020-03-11T12:58:22+00:00","author":{"@id":"https:\/\/radiounodigital.com\/web\/#\/schema\/person\/00b93151fa54f619ecf9c183d1fc9758"},"breadcrumb":{"@id":"https:\/\/radiounodigital.com\/web\/2020\/03\/11\/los-hermanos-celebran-los-50-anos-de-the-allmans-con-un-setlist-epico\/#breadcrumb"},"inLanguage":"es","potentialAction":[{"@type":"ReadAction","target":["https:\/\/radiounodigital.com\/web\/2020\/03\/11\/los-hermanos-celebran-los-50-anos-de-the-allmans-con-un-setlist-epico\/"]}]},{"@type":"ImageObject","inLanguage":"es","@id":"https:\/\/radiounodigital.com\/web\/2020\/03\/11\/los-hermanos-celebran-los-50-anos-de-the-allmans-con-un-setlist-epico\/#primaryimage","url":"https:\/\/radiounodigital.com\/web\/wp-content\/uploads\/2020\/03\/ALLSTAR-ALLMAN-BROTHER-50TH-ANIVERSARY-CELEBRATION.jpg","contentUrl":"https:\/\/radiounodigital.com\/web\/wp-content\/uploads\/2020\/03\/ALLSTAR-ALLMAN-BROTHER-50TH-ANIVERSARY-CELEBRATION.jpg","width":970,"height":546,"caption":"(Image credit: Taylor Hill \/ Getty Images)"},{"@type":"BreadcrumbList","@id":"https:\/\/radiounodigital.com\/web\/2020\/03\/11\/los-hermanos-celebran-los-50-anos-de-the-allmans-con-un-setlist-epico\/#breadcrumb","itemListElement":[{"@type":"ListItem","position":1,"name":"Home","item":"https:\/\/radiounodigital.com\/web\/"},{"@type":"ListItem","position":2,"name":"Los hermanos celebran los 50 a\u00f1os de The Allmans con un setlist \u00e9pico"}]},{"@type":"WebSite","@id":"https:\/\/radiounodigital.com\/web\/#website","url":"https:\/\/radiounodigital.com\/web\/","name":"Radio UNO Digital","description":"Donde la cultura del rock se siente","potentialAction":[{"@type":"SearchAction","target":{"@type":"EntryPoint","urlTemplate":"https:\/\/radiounodigital.com\/web\/?s={search_term_string}"},"query-input":{"@type":"PropertyValueSpecification","valueRequired":true,"valueName":"search_term_string"}}],"inLanguage":"es"},{"@type":"Person","@id":"https:\/\/radiounodigital.com\/web\/#\/schema\/person\/00b93151fa54f619ecf9c183d1fc9758","name":"diegoc","image":{"@type":"ImageObject","inLanguage":"es","@id":"https:\/\/secure.gravatar.com\/avatar\/0a67041d44c702fb0660d81a5a32c7ce6007341cf92afeb718b75883bf415864?s=96&d=blank&r=g","url":"https:\/\/secure.gravatar.com\/avatar\/0a67041d44c702fb0660d81a5a32c7ce6007341cf92afeb718b75883bf415864?s=96&d=blank&r=g","contentUrl":"https:\/\/secure.gravatar.com\/avatar\/0a67041d44c702fb0660d81a5a32c7ce6007341cf92afeb718b75883bf415864?s=96&d=blank&r=g","caption":"diegoc"},"url":"https:\/\/radiounodigital.com\/web\/author\/diegoc\/"}]}},"_links":{"self":[{"href":"https:\/\/radiounodigital.com\/web\/wp-json\/wp\/v2\/posts\/3622","targetHints":{"allow":["GET"]}}],"collection":[{"href":"https:\/\/radiounodigital.com\/web\/wp-json\/wp\/v2\/posts"}],"about":[{"href":"https:\/\/radiounodigital.com\/web\/wp-json\/wp\/v2\/types\/post"}],"author":[{"embeddable":true,"href":"https:\/\/radiounodigital.com\/web\/wp-json\/wp\/v2\/users\/1"}],"replies":[{"embeddable":true,"href":"https:\/\/radiounodigital.com\/web\/wp-json\/wp\/v2\/comments?post=3622"}],"version-history":[{"count":1,"href":"https:\/\/radiounodigital.com\/web\/wp-json\/wp\/v2\/posts\/3622\/revisions"}],"predecessor-version":[{"id":3624,"href":"https:\/\/radiounodigital.com\/web\/wp-json\/wp\/v2\/posts\/3622\/revisions\/3624"}],"wp:featuredmedia":[{"embeddable":true,"href":"https:\/\/radiounodigital.com\/web\/wp-json\/wp\/v2\/media\/3623"}],"wp:attachment":[{"href":"https:\/\/radiounodigital.com\/web\/wp-json\/wp\/v2\/media?parent=3622"}],"wp:term":[{"taxonomy":"category","embeddable":true,"href":"https:\/\/radiounodigital.com\/web\/wp-json\/wp\/v2\/categories?post=3622"},{"taxonomy":"post_tag","embeddable":true,"href":"https:\/\/radiounodigital.com\/web\/wp-json\/wp\/v2\/tags?post=3622"}],"curies":[{"name":"wp","href":"https:\/\/api.w.org\/{rel}","templated":true}]}}