{"id":3724,"date":"2020-04-05T16:47:11","date_gmt":"2020-04-05T16:47:11","guid":{"rendered":"https:\/\/radiounodigital.com\/web\/?p=3724"},"modified":"2020-04-05T16:47:11","modified_gmt":"2020-04-05T16:47:11","slug":"john-primer-el-ultimo-guitarrista-de-muddy-waters-en-vivo-hoy-5-pm-mvd-bsas","status":"publish","type":"post","link":"https:\/\/radiounodigital.com\/web\/2020\/04\/05\/john-primer-el-ultimo-guitarrista-de-muddy-waters-en-vivo-hoy-5-pm-mvd-bsas\/","title":{"rendered":"John Primer, el \u00faltimo guitarrista de Muddy Waters en vivo hoy 5 PM (MVD-BSAS)"},"content":{"rendered":"<h3>Hoy a las 5 PM, horario de Buenos Aires y Montevideo tendremos en vivo en nuestr pagina de Facebook Live a John Primer leyenda viva del Chicago Blues y quien fuera el \u00faltimo guitarrista de Muddy Waters previo a su muerte en 1981.<\/h3>\n<p>Como l\u00edder de la banda y guitarrista principal de Muddy Waters, Willie Dixon, Magic Slim y The Teardrops, el virtuosismo de John Primer como m\u00fasico de blues fue forjado por leyendas.<\/p>\n<p>John comenz\u00f3 a tocar en Maxwell Street, el lugar de nacimiento del blues de Chicago y pronto se convirti\u00f3 en el l\u00edder de la banda en el infame Theresa&#8217;s Lounge durante siete a\u00f1os junto a Sammy Lawhorn, Junior Wells, James Cotton y otros.<\/p>\n<p>Despu\u00e9s de haber tocado o grabado con un qui\u00e9n es qui\u00e9n de los grandes del blues, incluidos Gary Clark Jr., Derek Trucks, Johnny Winter y Buddy Guy, por nombrar algunos, los reconocimientos personales de John Primer, incluidos los Lifetime Achievement Awards, reflejan sus innumerables contribuciones a la historia de la historia. blues.<\/p>\n<p>Hay muy pocos fan\u00e1ticos del blues, cr\u00edticos o m\u00fasicos que nieguen el hecho de que John Primer es el verdadero negocio.<\/p>\n<p>Como l\u00edder de la banda y guitarrista principal de Muddy Waters, Willie Dixon, Magic Slim y The Teardrops, el virtuosismo de John Primer como m\u00fasico de blues fue forjado por leyendas.<\/p>\n<p>John comenz\u00f3 a tocar en Maxwell Street, el lugar de nacimiento del blues de Chicago y pronto se convirti\u00f3 en el l\u00edder de la banda en el infame Theresa&#8217;s Lounge durante siete a\u00f1os junto a Sammy Lawhorn, Junior Wells, James Cotton y otros.<\/p>\n<p>Despu\u00e9s de haber tocado o grabado con un qui\u00e9n es qui\u00e9n de los grandes del blues, incluidos Gary Clark Jr., Derek Trucks, Johnny Winter y Buddy Guy, por nombrar algunos, los reconocimientos personales de John Primer, incluidos los Lifetime Achievement Awards, reflejan sus innumerables contribuciones a la historia de la historia. blues.<\/p>\n<p>Hay muy pocos fan\u00e1ticos del blues, cr\u00edticos o m\u00fasicos que nieguen el hecho de que John Primer es el verdadero negocio.<\/p>\n<div class=\"fb-background-color\">\n\t\t\t  <div \n\t\t\t  \tclass = \"fb-comments\" \n\t\t\t  \tdata-href = \"https:\/\/radiounodigital.com\/web\/2020\/04\/05\/john-primer-el-ultimo-guitarrista-de-muddy-waters-en-vivo-hoy-5-pm-mvd-bsas\/\"\n\t\t\t  \tdata-numposts = \"10\"\n\t\t\t  \tdata-lazy = \"true\"\n\t\t\t\tdata-colorscheme = \"dark\"\n\t\t\t\tdata-order-by = \"reverse_time\"\n\t\t\t\tdata-mobile=true>\n\t\t\t  <\/div><\/div>\n\t\t  <style>\n\t\t    .fb-background-color {\n\t\t\t\tbackground: #ffffff !important;\n\t\t\t}\n\t\t\t.fb_iframe_widget_fluid_desktop iframe {\n\t\t\t    width: 100% !important;\n\t\t\t}\n\t\t  <\/style>\n\t\t  ","protected":false},"excerpt":{"rendered":"<p>Hoy a las 5 PM, horario de Buenos Aires y Montevideo tendremos en vivo en nuestr pagina de Facebook Live a John Primer leyenda viva del Chicago Blues y quien fuera el \u00faltimo guitarrista de Muddy Waters previo a su muerte en 1981. Como l\u00edder de la banda y guitarrista principal de Muddy Waters, Willie&#8230; <a href=\"https:\/\/radiounodigital.com\/web\/2020\/04\/05\/john-primer-el-ultimo-guitarrista-de-muddy-waters-en-vivo-hoy-5-pm-mvd-bsas\/\" class=\"excerpt-read-more\">Read More<\/a><\/p>\n","protected":false},"author":1,"featured_media":3725,"comment_status":"open","ping_status":"open","sticky":false,"template":"","format":"standard","meta":{"footnotes":""},"categories":[126,180],"tags":[747,72],"class_list":["post-3724","post","type-post","status-publish","format-standard","has-post-thumbnail","hentry","category-blues","category-news","tag-john-primer","tag-muddy-waters"],"yoast_head":"<!-- This site is optimized with the Yoast SEO plugin v27.4 - https:\/\/yoast.com\/product\/yoast-seo-wordpress\/ -->\n<title>John Primer, el \u00faltimo guitarrista de Muddy Waters en vivo hoy 5 PM (MVD-BSAS) - Radio UNO Digital<\/title>\n<meta name=\"robots\" content=\"index, follow, max-snippet:-1, max-image-preview:large, max-video-preview:-1\" \/>\n<link rel=\"canonical\" href=\"https:\/\/radiounodigital.com\/web\/2020\/04\/05\/john-primer-el-ultimo-guitarrista-de-muddy-waters-en-vivo-hoy-5-pm-mvd-bsas\/\" \/>\n<meta property=\"og:locale\" content=\"es_ES\" \/>\n<meta property=\"og:type\" content=\"article\" \/>\n<meta property=\"og:title\" content=\"John Primer, el \u00faltimo guitarrista de Muddy Waters en vivo hoy 5 PM (MVD-BSAS) - Radio UNO Digital\" \/>\n<meta property=\"og:description\" content=\"Hoy a las 5 PM, horario de Buenos Aires y Montevideo tendremos en vivo en nuestr pagina de Facebook Live a John Primer leyenda viva del Chicago Blues y quien fuera el \u00faltimo guitarrista de Muddy Waters previo a su muerte en 1981. Como l\u00edder de la banda y guitarrista principal de Muddy Waters, Willie... Read More\" \/>\n<meta property=\"og:url\" content=\"https:\/\/radiounodigital.com\/web\/2020\/04\/05\/john-primer-el-ultimo-guitarrista-de-muddy-waters-en-vivo-hoy-5-pm-mvd-bsas\/\" \/>\n<meta property=\"og:site_name\" content=\"Radio UNO Digital\" \/>\n<meta property=\"article:published_time\" content=\"2020-04-05T16:47:11+00:00\" \/>\n<meta property=\"og:image\" content=\"https:\/\/radiounodigital.com\/web\/wp-content\/uploads\/2020\/04\/john-primer.png\" \/>\n\t<meta property=\"og:image:width\" content=\"1023\" \/>\n\t<meta property=\"og:image:height\" content=\"679\" \/>\n\t<meta property=\"og:image:type\" content=\"image\/png\" \/>\n<meta name=\"author\" content=\"diegoc\" \/>\n<meta name=\"twitter:card\" content=\"summary_large_image\" \/>\n<meta name=\"twitter:label1\" content=\"Escrito por\" \/>\n\t<meta name=\"twitter:data1\" content=\"diegoc\" \/>\n\t<meta name=\"twitter:label2\" content=\"Tiempo de lectura\" \/>\n\t<meta name=\"twitter:data2\" content=\"2 minutos\" \/>\n<script type=\"application\/ld+json\" class=\"yoast-schema-graph\">{\"@context\":\"https:\\\/\\\/schema.org\",\"@graph\":[{\"@type\":\"Article\",\"@id\":\"https:\\\/\\\/radiounodigital.com\\\/web\\\/2020\\\/04\\\/05\\\/john-primer-el-ultimo-guitarrista-de-muddy-waters-en-vivo-hoy-5-pm-mvd-bsas\\\/#article\",\"isPartOf\":{\"@id\":\"https:\\\/\\\/radiounodigital.com\\\/web\\\/2020\\\/04\\\/05\\\/john-primer-el-ultimo-guitarrista-de-muddy-waters-en-vivo-hoy-5-pm-mvd-bsas\\\/\"},\"author\":{\"name\":\"diegoc\",\"@id\":\"https:\\\/\\\/radiounodigital.com\\\/web\\\/#\\\/schema\\\/person\\\/00b93151fa54f619ecf9c183d1fc9758\"},\"headline\":\"John Primer, el \u00faltimo guitarrista de Muddy Waters en vivo hoy 5 PM (MVD-BSAS)\",\"datePublished\":\"2020-04-05T16:47:11+00:00\",\"mainEntityOfPage\":{\"@id\":\"https:\\\/\\\/radiounodigital.com\\\/web\\\/2020\\\/04\\\/05\\\/john-primer-el-ultimo-guitarrista-de-muddy-waters-en-vivo-hoy-5-pm-mvd-bsas\\\/\"},\"wordCount\":370,\"commentCount\":0,\"image\":{\"@id\":\"https:\\\/\\\/radiounodigital.com\\\/web\\\/2020\\\/04\\\/05\\\/john-primer-el-ultimo-guitarrista-de-muddy-waters-en-vivo-hoy-5-pm-mvd-bsas\\\/#primaryimage\"},\"thumbnailUrl\":\"https:\\\/\\\/radiounodigital.com\\\/web\\\/wp-content\\\/uploads\\\/2020\\\/04\\\/john-primer.png\",\"keywords\":[\"john primer\",\"muddy waters\"],\"articleSection\":[\"Blues\",\"news\"],\"inLanguage\":\"es\",\"potentialAction\":[{\"@type\":\"CommentAction\",\"name\":\"Comment\",\"target\":[\"https:\\\/\\\/radiounodigital.com\\\/web\\\/2020\\\/04\\\/05\\\/john-primer-el-ultimo-guitarrista-de-muddy-waters-en-vivo-hoy-5-pm-mvd-bsas\\\/#respond\"]}]},{\"@type\":\"WebPage\",\"@id\":\"https:\\\/\\\/radiounodigital.com\\\/web\\\/2020\\\/04\\\/05\\\/john-primer-el-ultimo-guitarrista-de-muddy-waters-en-vivo-hoy-5-pm-mvd-bsas\\\/\",\"url\":\"https:\\\/\\\/radiounodigital.com\\\/web\\\/2020\\\/04\\\/05\\\/john-primer-el-ultimo-guitarrista-de-muddy-waters-en-vivo-hoy-5-pm-mvd-bsas\\\/\",\"name\":\"John Primer, el \u00faltimo guitarrista de Muddy Waters en vivo hoy 5 PM (MVD-BSAS) - Radio UNO Digital\",\"isPartOf\":{\"@id\":\"https:\\\/\\\/radiounodigital.com\\\/web\\\/#website\"},\"primaryImageOfPage\":{\"@id\":\"https:\\\/\\\/radiounodigital.com\\\/web\\\/2020\\\/04\\\/05\\\/john-primer-el-ultimo-guitarrista-de-muddy-waters-en-vivo-hoy-5-pm-mvd-bsas\\\/#primaryimage\"},\"image\":{\"@id\":\"https:\\\/\\\/radiounodigital.com\\\/web\\\/2020\\\/04\\\/05\\\/john-primer-el-ultimo-guitarrista-de-muddy-waters-en-vivo-hoy-5-pm-mvd-bsas\\\/#primaryimage\"},\"thumbnailUrl\":\"https:\\\/\\\/radiounodigital.com\\\/web\\\/wp-content\\\/uploads\\\/2020\\\/04\\\/john-primer.png\",\"datePublished\":\"2020-04-05T16:47:11+00:00\",\"author\":{\"@id\":\"https:\\\/\\\/radiounodigital.com\\\/web\\\/#\\\/schema\\\/person\\\/00b93151fa54f619ecf9c183d1fc9758\"},\"breadcrumb\":{\"@id\":\"https:\\\/\\\/radiounodigital.com\\\/web\\\/2020\\\/04\\\/05\\\/john-primer-el-ultimo-guitarrista-de-muddy-waters-en-vivo-hoy-5-pm-mvd-bsas\\\/#breadcrumb\"},\"inLanguage\":\"es\",\"potentialAction\":[{\"@type\":\"ReadAction\",\"target\":[\"https:\\\/\\\/radiounodigital.com\\\/web\\\/2020\\\/04\\\/05\\\/john-primer-el-ultimo-guitarrista-de-muddy-waters-en-vivo-hoy-5-pm-mvd-bsas\\\/\"]}]},{\"@type\":\"ImageObject\",\"inLanguage\":\"es\",\"@id\":\"https:\\\/\\\/radiounodigital.com\\\/web\\\/2020\\\/04\\\/05\\\/john-primer-el-ultimo-guitarrista-de-muddy-waters-en-vivo-hoy-5-pm-mvd-bsas\\\/#primaryimage\",\"url\":\"https:\\\/\\\/radiounodigital.com\\\/web\\\/wp-content\\\/uploads\\\/2020\\\/04\\\/john-primer.png\",\"contentUrl\":\"https:\\\/\\\/radiounodigital.com\\\/web\\\/wp-content\\\/uploads\\\/2020\\\/04\\\/john-primer.png\",\"width\":1023,\"height\":679},{\"@type\":\"BreadcrumbList\",\"@id\":\"https:\\\/\\\/radiounodigital.com\\\/web\\\/2020\\\/04\\\/05\\\/john-primer-el-ultimo-guitarrista-de-muddy-waters-en-vivo-hoy-5-pm-mvd-bsas\\\/#breadcrumb\",\"itemListElement\":[{\"@type\":\"ListItem\",\"position\":1,\"name\":\"Home\",\"item\":\"https:\\\/\\\/radiounodigital.com\\\/web\\\/\"},{\"@type\":\"ListItem\",\"position\":2,\"name\":\"John Primer, el \u00faltimo guitarrista de Muddy Waters en vivo hoy 5 PM (MVD-BSAS)\"}]},{\"@type\":\"WebSite\",\"@id\":\"https:\\\/\\\/radiounodigital.com\\\/web\\\/#website\",\"url\":\"https:\\\/\\\/radiounodigital.com\\\/web\\\/\",\"name\":\"Radio UNO Digital\",\"description\":\"Donde la cultura del rock se siente\",\"potentialAction\":[{\"@type\":\"SearchAction\",\"target\":{\"@type\":\"EntryPoint\",\"urlTemplate\":\"https:\\\/\\\/radiounodigital.com\\\/web\\\/?s={search_term_string}\"},\"query-input\":{\"@type\":\"PropertyValueSpecification\",\"valueRequired\":true,\"valueName\":\"search_term_string\"}}],\"inLanguage\":\"es\"},{\"@type\":\"Person\",\"@id\":\"https:\\\/\\\/radiounodigital.com\\\/web\\\/#\\\/schema\\\/person\\\/00b93151fa54f619ecf9c183d1fc9758\",\"name\":\"diegoc\",\"image\":{\"@type\":\"ImageObject\",\"inLanguage\":\"es\",\"@id\":\"https:\\\/\\\/secure.gravatar.com\\\/avatar\\\/0a67041d44c702fb0660d81a5a32c7ce6007341cf92afeb718b75883bf415864?s=96&d=blank&r=g\",\"url\":\"https:\\\/\\\/secure.gravatar.com\\\/avatar\\\/0a67041d44c702fb0660d81a5a32c7ce6007341cf92afeb718b75883bf415864?s=96&d=blank&r=g\",\"contentUrl\":\"https:\\\/\\\/secure.gravatar.com\\\/avatar\\\/0a67041d44c702fb0660d81a5a32c7ce6007341cf92afeb718b75883bf415864?s=96&d=blank&r=g\",\"caption\":\"diegoc\"},\"url\":\"https:\\\/\\\/radiounodigital.com\\\/web\\\/author\\\/diegoc\\\/\"}]}<\/script>\n<!-- \/ Yoast SEO plugin. -->","yoast_head_json":{"title":"John Primer, el \u00faltimo guitarrista de Muddy Waters en vivo hoy 5 PM (MVD-BSAS) - Radio UNO Digital","robots":{"index":"index","follow":"follow","max-snippet":"max-snippet:-1","max-image-preview":"max-image-preview:large","max-video-preview":"max-video-preview:-1"},"canonical":"https:\/\/radiounodigital.com\/web\/2020\/04\/05\/john-primer-el-ultimo-guitarrista-de-muddy-waters-en-vivo-hoy-5-pm-mvd-bsas\/","og_locale":"es_ES","og_type":"article","og_title":"John Primer, el \u00faltimo guitarrista de Muddy Waters en vivo hoy 5 PM (MVD-BSAS) - Radio UNO Digital","og_description":"Hoy a las 5 PM, horario de Buenos Aires y Montevideo tendremos en vivo en nuestr pagina de Facebook Live a John Primer leyenda viva del Chicago Blues y quien fuera el \u00faltimo guitarrista de Muddy Waters previo a su muerte en 1981. Como l\u00edder de la banda y guitarrista principal de Muddy Waters, Willie... Read More","og_url":"https:\/\/radiounodigital.com\/web\/2020\/04\/05\/john-primer-el-ultimo-guitarrista-de-muddy-waters-en-vivo-hoy-5-pm-mvd-bsas\/","og_site_name":"Radio UNO Digital","article_published_time":"2020-04-05T16:47:11+00:00","og_image":[{"width":1023,"height":679,"url":"https:\/\/radiounodigital.com\/web\/wp-content\/uploads\/2020\/04\/john-primer.png","type":"image\/png"}],"author":"diegoc","twitter_card":"summary_large_image","twitter_misc":{"Escrito por":"diegoc","Tiempo de lectura":"2 minutos"},"schema":{"@context":"https:\/\/schema.org","@graph":[{"@type":"Article","@id":"https:\/\/radiounodigital.com\/web\/2020\/04\/05\/john-primer-el-ultimo-guitarrista-de-muddy-waters-en-vivo-hoy-5-pm-mvd-bsas\/#article","isPartOf":{"@id":"https:\/\/radiounodigital.com\/web\/2020\/04\/05\/john-primer-el-ultimo-guitarrista-de-muddy-waters-en-vivo-hoy-5-pm-mvd-bsas\/"},"author":{"name":"diegoc","@id":"https:\/\/radiounodigital.com\/web\/#\/schema\/person\/00b93151fa54f619ecf9c183d1fc9758"},"headline":"John Primer, el \u00faltimo guitarrista de Muddy Waters en vivo hoy 5 PM (MVD-BSAS)","datePublished":"2020-04-05T16:47:11+00:00","mainEntityOfPage":{"@id":"https:\/\/radiounodigital.com\/web\/2020\/04\/05\/john-primer-el-ultimo-guitarrista-de-muddy-waters-en-vivo-hoy-5-pm-mvd-bsas\/"},"wordCount":370,"commentCount":0,"image":{"@id":"https:\/\/radiounodigital.com\/web\/2020\/04\/05\/john-primer-el-ultimo-guitarrista-de-muddy-waters-en-vivo-hoy-5-pm-mvd-bsas\/#primaryimage"},"thumbnailUrl":"https:\/\/radiounodigital.com\/web\/wp-content\/uploads\/2020\/04\/john-primer.png","keywords":["john primer","muddy waters"],"articleSection":["Blues","news"],"inLanguage":"es","potentialAction":[{"@type":"CommentAction","name":"Comment","target":["https:\/\/radiounodigital.com\/web\/2020\/04\/05\/john-primer-el-ultimo-guitarrista-de-muddy-waters-en-vivo-hoy-5-pm-mvd-bsas\/#respond"]}]},{"@type":"WebPage","@id":"https:\/\/radiounodigital.com\/web\/2020\/04\/05\/john-primer-el-ultimo-guitarrista-de-muddy-waters-en-vivo-hoy-5-pm-mvd-bsas\/","url":"https:\/\/radiounodigital.com\/web\/2020\/04\/05\/john-primer-el-ultimo-guitarrista-de-muddy-waters-en-vivo-hoy-5-pm-mvd-bsas\/","name":"John Primer, el \u00faltimo guitarrista de Muddy Waters en vivo hoy 5 PM (MVD-BSAS) - Radio UNO Digital","isPartOf":{"@id":"https:\/\/radiounodigital.com\/web\/#website"},"primaryImageOfPage":{"@id":"https:\/\/radiounodigital.com\/web\/2020\/04\/05\/john-primer-el-ultimo-guitarrista-de-muddy-waters-en-vivo-hoy-5-pm-mvd-bsas\/#primaryimage"},"image":{"@id":"https:\/\/radiounodigital.com\/web\/2020\/04\/05\/john-primer-el-ultimo-guitarrista-de-muddy-waters-en-vivo-hoy-5-pm-mvd-bsas\/#primaryimage"},"thumbnailUrl":"https:\/\/radiounodigital.com\/web\/wp-content\/uploads\/2020\/04\/john-primer.png","datePublished":"2020-04-05T16:47:11+00:00","author":{"@id":"https:\/\/radiounodigital.com\/web\/#\/schema\/person\/00b93151fa54f619ecf9c183d1fc9758"},"breadcrumb":{"@id":"https:\/\/radiounodigital.com\/web\/2020\/04\/05\/john-primer-el-ultimo-guitarrista-de-muddy-waters-en-vivo-hoy-5-pm-mvd-bsas\/#breadcrumb"},"inLanguage":"es","potentialAction":[{"@type":"ReadAction","target":["https:\/\/radiounodigital.com\/web\/2020\/04\/05\/john-primer-el-ultimo-guitarrista-de-muddy-waters-en-vivo-hoy-5-pm-mvd-bsas\/"]}]},{"@type":"ImageObject","inLanguage":"es","@id":"https:\/\/radiounodigital.com\/web\/2020\/04\/05\/john-primer-el-ultimo-guitarrista-de-muddy-waters-en-vivo-hoy-5-pm-mvd-bsas\/#primaryimage","url":"https:\/\/radiounodigital.com\/web\/wp-content\/uploads\/2020\/04\/john-primer.png","contentUrl":"https:\/\/radiounodigital.com\/web\/wp-content\/uploads\/2020\/04\/john-primer.png","width":1023,"height":679},{"@type":"BreadcrumbList","@id":"https:\/\/radiounodigital.com\/web\/2020\/04\/05\/john-primer-el-ultimo-guitarrista-de-muddy-waters-en-vivo-hoy-5-pm-mvd-bsas\/#breadcrumb","itemListElement":[{"@type":"ListItem","position":1,"name":"Home","item":"https:\/\/radiounodigital.com\/web\/"},{"@type":"ListItem","position":2,"name":"John Primer, el \u00faltimo guitarrista de Muddy Waters en vivo hoy 5 PM (MVD-BSAS)"}]},{"@type":"WebSite","@id":"https:\/\/radiounodigital.com\/web\/#website","url":"https:\/\/radiounodigital.com\/web\/","name":"Radio UNO Digital","description":"Donde la cultura del rock se siente","potentialAction":[{"@type":"SearchAction","target":{"@type":"EntryPoint","urlTemplate":"https:\/\/radiounodigital.com\/web\/?s={search_term_string}"},"query-input":{"@type":"PropertyValueSpecification","valueRequired":true,"valueName":"search_term_string"}}],"inLanguage":"es"},{"@type":"Person","@id":"https:\/\/radiounodigital.com\/web\/#\/schema\/person\/00b93151fa54f619ecf9c183d1fc9758","name":"diegoc","image":{"@type":"ImageObject","inLanguage":"es","@id":"https:\/\/secure.gravatar.com\/avatar\/0a67041d44c702fb0660d81a5a32c7ce6007341cf92afeb718b75883bf415864?s=96&d=blank&r=g","url":"https:\/\/secure.gravatar.com\/avatar\/0a67041d44c702fb0660d81a5a32c7ce6007341cf92afeb718b75883bf415864?s=96&d=blank&r=g","contentUrl":"https:\/\/secure.gravatar.com\/avatar\/0a67041d44c702fb0660d81a5a32c7ce6007341cf92afeb718b75883bf415864?s=96&d=blank&r=g","caption":"diegoc"},"url":"https:\/\/radiounodigital.com\/web\/author\/diegoc\/"}]}},"_links":{"self":[{"href":"https:\/\/radiounodigital.com\/web\/wp-json\/wp\/v2\/posts\/3724","targetHints":{"allow":["GET"]}}],"collection":[{"href":"https:\/\/radiounodigital.com\/web\/wp-json\/wp\/v2\/posts"}],"about":[{"href":"https:\/\/radiounodigital.com\/web\/wp-json\/wp\/v2\/types\/post"}],"author":[{"embeddable":true,"href":"https:\/\/radiounodigital.com\/web\/wp-json\/wp\/v2\/users\/1"}],"replies":[{"embeddable":true,"href":"https:\/\/radiounodigital.com\/web\/wp-json\/wp\/v2\/comments?post=3724"}],"version-history":[{"count":1,"href":"https:\/\/radiounodigital.com\/web\/wp-json\/wp\/v2\/posts\/3724\/revisions"}],"predecessor-version":[{"id":3726,"href":"https:\/\/radiounodigital.com\/web\/wp-json\/wp\/v2\/posts\/3724\/revisions\/3726"}],"wp:featuredmedia":[{"embeddable":true,"href":"https:\/\/radiounodigital.com\/web\/wp-json\/wp\/v2\/media\/3725"}],"wp:attachment":[{"href":"https:\/\/radiounodigital.com\/web\/wp-json\/wp\/v2\/media?parent=3724"}],"wp:term":[{"taxonomy":"category","embeddable":true,"href":"https:\/\/radiounodigital.com\/web\/wp-json\/wp\/v2\/categories?post=3724"},{"taxonomy":"post_tag","embeddable":true,"href":"https:\/\/radiounodigital.com\/web\/wp-json\/wp\/v2\/tags?post=3724"}],"curies":[{"name":"wp","href":"https:\/\/api.w.org\/{rel}","templated":true}]}}