{"id":3742,"date":"2020-04-09T20:56:59","date_gmt":"2020-04-09T20:56:59","guid":{"rendered":"https:\/\/radiounodigital.com\/web\/?p=3742"},"modified":"2020-04-10T01:00:18","modified_gmt":"2020-04-10T01:00:18","slug":"together-at-home-elton-john-eddie-vedder-y-paul-mccartney-y-muchos-mas-en-vivo-abril-18","status":"publish","type":"post","link":"https:\/\/radiounodigital.com\/web\/2020\/04\/09\/together-at-home-elton-john-eddie-vedder-y-paul-mccartney-y-muchos-mas-en-vivo-abril-18\/","title":{"rendered":"Together At Home: Elton John, Eddie Vedder y Paul McCartney y muchos m\u00e1s en vivo Abril 18"},"content":{"rendered":"<h3>09El pr\u00f3ximo 18 de abril un grupo de estrellas de la m\u00fasica mundial se reunir\u00e1n virtualmente en un concierto sin precedentes, en apoyo al combate de esta pandemia que nos esta atacando ferozmente.<\/h3>\n<p><iframe loading=\"lazy\" src=\"https:\/\/www.youtube.com\/embed\/02yZJDuh8tY\" width=\"560\" height=\"315\" frameborder=\"0\" allowfullscreen=\"allowfullscreen\"><\/iframe><\/p>\n<p>El evento, sin precedentes por las caracter\u00edsticas del mismo ser\u00e1 transmitido en vivo y en directo a trav\u00e9s de varias plataformas, el cual est\u00e1 precedido por Lady Gaga y una lista de artistas que dejar\u00eda sin palabras a todo aquel que pudiera verlos junto y en vivo en un mismo show.<\/p>\n<p>Los artistas que participaran de este evento el pr\u00f3ximo 18 de abril a partir de las 21:00 horas son:<\/p>\n<p>ALANIS MORISSETTE\u00a0\u2022\u00a0ANDREA BOCELLI\u00a0\u2022\u00a0BILLIE EILISH\u00a0\u2022\u00a0BILLIE JOE ARMSTRONG\u00a0\u2022\u00a0BURNA BOY\u00a0\u2022\u00a0CHRIS MARTIN\u00a0\u2022\u00a0DAVID BECKHAM\u00a0\u2022\u00a0EDDIE VEDDER\u00a0\u2022\u00a0ELTON JOHN\u00a0\u2022\u00a0FINNEAS\u00a0\u2022\u00a0IDRIS AND SABRINA ELBA\u00a0\u2022\u00a0J BALVIN\u00a0\u2022\u00a0JOHN LEGEND\u00a0\u2022\u00a0KACEY MUSGRAVES\u00a0\u2022\u00a0KEITH URBAN\u00a0\u2022\u00a0KERRY WASHINGTON\u00a0\u2022\u00a0LADY GAGA\u00a0\u2022\u00a0LANG LANG\u00a0\u2022\u00a0LIZZO\u00a0\u2022\u00a0MALUMA\u00a0\u2022\u00a0PAUL MCCARTNEY\u00a0\u2022\u00a0PRIYANKA CHOPRA JONAS\u00a0\u2022\u00a0SHAH RUKH KHAN\u00a0\u2022\u00a0STEVIE WONDER<\/p>\n<p><span class=\"small\">Presentadores del show: <\/span>JIMMY FALLON\u00a0\u2022\u00a0JIMMY KIMMEL\u00a0\u2022\u00a0STEPHEN COLBERT<\/p>\n<div class=\"fb-background-color\">\n\t\t\t  <div \n\t\t\t  \tclass = \"fb-comments\" \n\t\t\t  \tdata-href = \"https:\/\/radiounodigital.com\/web\/2020\/04\/09\/together-at-home-elton-john-eddie-vedder-y-paul-mccartney-y-muchos-mas-en-vivo-abril-18\/\"\n\t\t\t  \tdata-numposts = \"10\"\n\t\t\t  \tdata-lazy = \"true\"\n\t\t\t\tdata-colorscheme = \"dark\"\n\t\t\t\tdata-order-by = \"reverse_time\"\n\t\t\t\tdata-mobile=true>\n\t\t\t  <\/div><\/div>\n\t\t  <style>\n\t\t    .fb-background-color {\n\t\t\t\tbackground: #ffffff !important;\n\t\t\t}\n\t\t\t.fb_iframe_widget_fluid_desktop iframe {\n\t\t\t    width: 100% !important;\n\t\t\t}\n\t\t  <\/style>\n\t\t  ","protected":false},"excerpt":{"rendered":"<p>09El pr\u00f3ximo 18 de abril un grupo de estrellas de la m\u00fasica mundial se reunir\u00e1n virtualmente en un concierto sin precedentes, en apoyo al combate de esta pandemia que nos esta atacando ferozmente. El evento, sin precedentes por las caracter\u00edsticas del mismo ser\u00e1 transmitido en vivo y en directo a trav\u00e9s de varias plataformas, el&#8230; <a href=\"https:\/\/radiounodigital.com\/web\/2020\/04\/09\/together-at-home-elton-john-eddie-vedder-y-paul-mccartney-y-muchos-mas-en-vivo-abril-18\/\" class=\"excerpt-read-more\">Read More<\/a><\/p>\n","protected":false},"author":1,"featured_media":3743,"comment_status":"open","ping_status":"open","sticky":false,"template":"","format":"standard","meta":{"footnotes":""},"categories":[180,127],"tags":[773,768,774,769,469,770,772,767,657,771],"class_list":["post-3742","post","type-post","status-publish","format-standard","has-post-thumbnail","hentry","category-news","category-rock","tag-alanis-morisette","tag-billie-eilish","tag-billie-joe-armstrong","tag-eddie-vedder","tag-elton-john","tag-john-legend","tag-lady-gaga","tag-one-world-together-at-home","tag-paul-mccartney","tag-stevie-wonder"],"yoast_head":"<!-- This site is optimized with the Yoast SEO plugin v27.4 - https:\/\/yoast.com\/product\/yoast-seo-wordpress\/ -->\n<title>Together At Home: Elton John, Eddie Vedder y Paul McCartney y muchos m\u00e1s en vivo Abril 18 - Radio UNO Digital<\/title>\n<meta name=\"robots\" content=\"index, follow, max-snippet:-1, max-image-preview:large, max-video-preview:-1\" \/>\n<link rel=\"canonical\" href=\"https:\/\/radiounodigital.com\/web\/2020\/04\/09\/together-at-home-elton-john-eddie-vedder-y-paul-mccartney-y-muchos-mas-en-vivo-abril-18\/\" \/>\n<meta property=\"og:locale\" content=\"es_ES\" \/>\n<meta property=\"og:type\" content=\"article\" \/>\n<meta property=\"og:title\" content=\"Together At Home: Elton John, Eddie Vedder y Paul McCartney y muchos m\u00e1s en vivo Abril 18 - Radio UNO Digital\" \/>\n<meta property=\"og:description\" content=\"09El pr\u00f3ximo 18 de abril un grupo de estrellas de la m\u00fasica mundial se reunir\u00e1n virtualmente en un concierto sin precedentes, en apoyo al combate de esta pandemia que nos esta atacando ferozmente. El evento, sin precedentes por las caracter\u00edsticas del mismo ser\u00e1 transmitido en vivo y en directo a trav\u00e9s de varias plataformas, el... Read More\" \/>\n<meta property=\"og:url\" content=\"https:\/\/radiounodigital.com\/web\/2020\/04\/09\/together-at-home-elton-john-eddie-vedder-y-paul-mccartney-y-muchos-mas-en-vivo-abril-18\/\" \/>\n<meta property=\"og:site_name\" content=\"Radio UNO Digital\" \/>\n<meta property=\"article:published_time\" content=\"2020-04-09T20:56:59+00:00\" \/>\n<meta property=\"article:modified_time\" content=\"2020-04-10T01:00:18+00:00\" \/>\n<meta property=\"og:image\" content=\"https:\/\/radiounodigital.com\/web\/wp-content\/uploads\/2020\/04\/concierto-one-world-togeder-at-home-678x381-1.jpg\" \/>\n\t<meta property=\"og:image:width\" content=\"678\" \/>\n\t<meta property=\"og:image:height\" content=\"381\" \/>\n\t<meta property=\"og:image:type\" content=\"image\/jpeg\" \/>\n<meta name=\"author\" content=\"diegoc\" \/>\n<meta name=\"twitter:card\" content=\"summary_large_image\" \/>\n<meta name=\"twitter:label1\" content=\"Escrito por\" \/>\n\t<meta name=\"twitter:data1\" content=\"diegoc\" \/>\n\t<meta name=\"twitter:label2\" content=\"Tiempo de lectura\" \/>\n\t<meta name=\"twitter:data2\" content=\"1 minuto\" \/>\n<script type=\"application\/ld+json\" class=\"yoast-schema-graph\">{\"@context\":\"https:\\\/\\\/schema.org\",\"@graph\":[{\"@type\":\"Article\",\"@id\":\"https:\\\/\\\/radiounodigital.com\\\/web\\\/2020\\\/04\\\/09\\\/together-at-home-elton-john-eddie-vedder-y-paul-mccartney-y-muchos-mas-en-vivo-abril-18\\\/#article\",\"isPartOf\":{\"@id\":\"https:\\\/\\\/radiounodigital.com\\\/web\\\/2020\\\/04\\\/09\\\/together-at-home-elton-john-eddie-vedder-y-paul-mccartney-y-muchos-mas-en-vivo-abril-18\\\/\"},\"author\":{\"name\":\"diegoc\",\"@id\":\"https:\\\/\\\/radiounodigital.com\\\/web\\\/#\\\/schema\\\/person\\\/00b93151fa54f619ecf9c183d1fc9758\"},\"headline\":\"Together At Home: Elton John, Eddie Vedder y Paul McCartney y muchos m\u00e1s en vivo Abril 18\",\"datePublished\":\"2020-04-09T20:56:59+00:00\",\"dateModified\":\"2020-04-10T01:00:18+00:00\",\"mainEntityOfPage\":{\"@id\":\"https:\\\/\\\/radiounodigital.com\\\/web\\\/2020\\\/04\\\/09\\\/together-at-home-elton-john-eddie-vedder-y-paul-mccartney-y-muchos-mas-en-vivo-abril-18\\\/\"},\"wordCount\":183,\"commentCount\":0,\"image\":{\"@id\":\"https:\\\/\\\/radiounodigital.com\\\/web\\\/2020\\\/04\\\/09\\\/together-at-home-elton-john-eddie-vedder-y-paul-mccartney-y-muchos-mas-en-vivo-abril-18\\\/#primaryimage\"},\"thumbnailUrl\":\"https:\\\/\\\/radiounodigital.com\\\/web\\\/wp-content\\\/uploads\\\/2020\\\/04\\\/concierto-one-world-togeder-at-home-678x381-1.jpg\",\"keywords\":[\"alanis morisette\",\"billie eilish\",\"billie joe armstrong\",\"eddie vedder\",\"elton john\",\"john legend\",\"lady gaga\",\"one world together at home\",\"paul mccartney\",\"stevie wonder\"],\"articleSection\":[\"news\",\"Rock\"],\"inLanguage\":\"es\",\"potentialAction\":[{\"@type\":\"CommentAction\",\"name\":\"Comment\",\"target\":[\"https:\\\/\\\/radiounodigital.com\\\/web\\\/2020\\\/04\\\/09\\\/together-at-home-elton-john-eddie-vedder-y-paul-mccartney-y-muchos-mas-en-vivo-abril-18\\\/#respond\"]}]},{\"@type\":\"WebPage\",\"@id\":\"https:\\\/\\\/radiounodigital.com\\\/web\\\/2020\\\/04\\\/09\\\/together-at-home-elton-john-eddie-vedder-y-paul-mccartney-y-muchos-mas-en-vivo-abril-18\\\/\",\"url\":\"https:\\\/\\\/radiounodigital.com\\\/web\\\/2020\\\/04\\\/09\\\/together-at-home-elton-john-eddie-vedder-y-paul-mccartney-y-muchos-mas-en-vivo-abril-18\\\/\",\"name\":\"Together At Home: Elton John, Eddie Vedder y Paul McCartney y muchos m\u00e1s en vivo Abril 18 - Radio UNO Digital\",\"isPartOf\":{\"@id\":\"https:\\\/\\\/radiounodigital.com\\\/web\\\/#website\"},\"primaryImageOfPage\":{\"@id\":\"https:\\\/\\\/radiounodigital.com\\\/web\\\/2020\\\/04\\\/09\\\/together-at-home-elton-john-eddie-vedder-y-paul-mccartney-y-muchos-mas-en-vivo-abril-18\\\/#primaryimage\"},\"image\":{\"@id\":\"https:\\\/\\\/radiounodigital.com\\\/web\\\/2020\\\/04\\\/09\\\/together-at-home-elton-john-eddie-vedder-y-paul-mccartney-y-muchos-mas-en-vivo-abril-18\\\/#primaryimage\"},\"thumbnailUrl\":\"https:\\\/\\\/radiounodigital.com\\\/web\\\/wp-content\\\/uploads\\\/2020\\\/04\\\/concierto-one-world-togeder-at-home-678x381-1.jpg\",\"datePublished\":\"2020-04-09T20:56:59+00:00\",\"dateModified\":\"2020-04-10T01:00:18+00:00\",\"author\":{\"@id\":\"https:\\\/\\\/radiounodigital.com\\\/web\\\/#\\\/schema\\\/person\\\/00b93151fa54f619ecf9c183d1fc9758\"},\"breadcrumb\":{\"@id\":\"https:\\\/\\\/radiounodigital.com\\\/web\\\/2020\\\/04\\\/09\\\/together-at-home-elton-john-eddie-vedder-y-paul-mccartney-y-muchos-mas-en-vivo-abril-18\\\/#breadcrumb\"},\"inLanguage\":\"es\",\"potentialAction\":[{\"@type\":\"ReadAction\",\"target\":[\"https:\\\/\\\/radiounodigital.com\\\/web\\\/2020\\\/04\\\/09\\\/together-at-home-elton-john-eddie-vedder-y-paul-mccartney-y-muchos-mas-en-vivo-abril-18\\\/\"]}]},{\"@type\":\"ImageObject\",\"inLanguage\":\"es\",\"@id\":\"https:\\\/\\\/radiounodigital.com\\\/web\\\/2020\\\/04\\\/09\\\/together-at-home-elton-john-eddie-vedder-y-paul-mccartney-y-muchos-mas-en-vivo-abril-18\\\/#primaryimage\",\"url\":\"https:\\\/\\\/radiounodigital.com\\\/web\\\/wp-content\\\/uploads\\\/2020\\\/04\\\/concierto-one-world-togeder-at-home-678x381-1.jpg\",\"contentUrl\":\"https:\\\/\\\/radiounodigital.com\\\/web\\\/wp-content\\\/uploads\\\/2020\\\/04\\\/concierto-one-world-togeder-at-home-678x381-1.jpg\",\"width\":678,\"height\":381},{\"@type\":\"BreadcrumbList\",\"@id\":\"https:\\\/\\\/radiounodigital.com\\\/web\\\/2020\\\/04\\\/09\\\/together-at-home-elton-john-eddie-vedder-y-paul-mccartney-y-muchos-mas-en-vivo-abril-18\\\/#breadcrumb\",\"itemListElement\":[{\"@type\":\"ListItem\",\"position\":1,\"name\":\"Home\",\"item\":\"https:\\\/\\\/radiounodigital.com\\\/web\\\/\"},{\"@type\":\"ListItem\",\"position\":2,\"name\":\"Together At Home: Elton John, Eddie Vedder y Paul McCartney y muchos m\u00e1s en vivo Abril 18\"}]},{\"@type\":\"WebSite\",\"@id\":\"https:\\\/\\\/radiounodigital.com\\\/web\\\/#website\",\"url\":\"https:\\\/\\\/radiounodigital.com\\\/web\\\/\",\"name\":\"Radio UNO Digital\",\"description\":\"Donde la cultura del rock se siente\",\"potentialAction\":[{\"@type\":\"SearchAction\",\"target\":{\"@type\":\"EntryPoint\",\"urlTemplate\":\"https:\\\/\\\/radiounodigital.com\\\/web\\\/?s={search_term_string}\"},\"query-input\":{\"@type\":\"PropertyValueSpecification\",\"valueRequired\":true,\"valueName\":\"search_term_string\"}}],\"inLanguage\":\"es\"},{\"@type\":\"Person\",\"@id\":\"https:\\\/\\\/radiounodigital.com\\\/web\\\/#\\\/schema\\\/person\\\/00b93151fa54f619ecf9c183d1fc9758\",\"name\":\"diegoc\",\"image\":{\"@type\":\"ImageObject\",\"inLanguage\":\"es\",\"@id\":\"https:\\\/\\\/secure.gravatar.com\\\/avatar\\\/0a67041d44c702fb0660d81a5a32c7ce6007341cf92afeb718b75883bf415864?s=96&d=blank&r=g\",\"url\":\"https:\\\/\\\/secure.gravatar.com\\\/avatar\\\/0a67041d44c702fb0660d81a5a32c7ce6007341cf92afeb718b75883bf415864?s=96&d=blank&r=g\",\"contentUrl\":\"https:\\\/\\\/secure.gravatar.com\\\/avatar\\\/0a67041d44c702fb0660d81a5a32c7ce6007341cf92afeb718b75883bf415864?s=96&d=blank&r=g\",\"caption\":\"diegoc\"},\"url\":\"https:\\\/\\\/radiounodigital.com\\\/web\\\/author\\\/diegoc\\\/\"}]}<\/script>\n<!-- \/ Yoast SEO plugin. -->","yoast_head_json":{"title":"Together At Home: Elton John, Eddie Vedder y Paul McCartney y muchos m\u00e1s en vivo Abril 18 - Radio UNO Digital","robots":{"index":"index","follow":"follow","max-snippet":"max-snippet:-1","max-image-preview":"max-image-preview:large","max-video-preview":"max-video-preview:-1"},"canonical":"https:\/\/radiounodigital.com\/web\/2020\/04\/09\/together-at-home-elton-john-eddie-vedder-y-paul-mccartney-y-muchos-mas-en-vivo-abril-18\/","og_locale":"es_ES","og_type":"article","og_title":"Together At Home: Elton John, Eddie Vedder y Paul McCartney y muchos m\u00e1s en vivo Abril 18 - Radio UNO Digital","og_description":"09El pr\u00f3ximo 18 de abril un grupo de estrellas de la m\u00fasica mundial se reunir\u00e1n virtualmente en un concierto sin precedentes, en apoyo al combate de esta pandemia que nos esta atacando ferozmente. El evento, sin precedentes por las caracter\u00edsticas del mismo ser\u00e1 transmitido en vivo y en directo a trav\u00e9s de varias plataformas, el... Read More","og_url":"https:\/\/radiounodigital.com\/web\/2020\/04\/09\/together-at-home-elton-john-eddie-vedder-y-paul-mccartney-y-muchos-mas-en-vivo-abril-18\/","og_site_name":"Radio UNO Digital","article_published_time":"2020-04-09T20:56:59+00:00","article_modified_time":"2020-04-10T01:00:18+00:00","og_image":[{"width":678,"height":381,"url":"https:\/\/radiounodigital.com\/web\/wp-content\/uploads\/2020\/04\/concierto-one-world-togeder-at-home-678x381-1.jpg","type":"image\/jpeg"}],"author":"diegoc","twitter_card":"summary_large_image","twitter_misc":{"Escrito por":"diegoc","Tiempo de lectura":"1 minuto"},"schema":{"@context":"https:\/\/schema.org","@graph":[{"@type":"Article","@id":"https:\/\/radiounodigital.com\/web\/2020\/04\/09\/together-at-home-elton-john-eddie-vedder-y-paul-mccartney-y-muchos-mas-en-vivo-abril-18\/#article","isPartOf":{"@id":"https:\/\/radiounodigital.com\/web\/2020\/04\/09\/together-at-home-elton-john-eddie-vedder-y-paul-mccartney-y-muchos-mas-en-vivo-abril-18\/"},"author":{"name":"diegoc","@id":"https:\/\/radiounodigital.com\/web\/#\/schema\/person\/00b93151fa54f619ecf9c183d1fc9758"},"headline":"Together At Home: Elton John, Eddie Vedder y Paul McCartney y muchos m\u00e1s en vivo Abril 18","datePublished":"2020-04-09T20:56:59+00:00","dateModified":"2020-04-10T01:00:18+00:00","mainEntityOfPage":{"@id":"https:\/\/radiounodigital.com\/web\/2020\/04\/09\/together-at-home-elton-john-eddie-vedder-y-paul-mccartney-y-muchos-mas-en-vivo-abril-18\/"},"wordCount":183,"commentCount":0,"image":{"@id":"https:\/\/radiounodigital.com\/web\/2020\/04\/09\/together-at-home-elton-john-eddie-vedder-y-paul-mccartney-y-muchos-mas-en-vivo-abril-18\/#primaryimage"},"thumbnailUrl":"https:\/\/radiounodigital.com\/web\/wp-content\/uploads\/2020\/04\/concierto-one-world-togeder-at-home-678x381-1.jpg","keywords":["alanis morisette","billie eilish","billie joe armstrong","eddie vedder","elton john","john legend","lady gaga","one world together at home","paul mccartney","stevie wonder"],"articleSection":["news","Rock"],"inLanguage":"es","potentialAction":[{"@type":"CommentAction","name":"Comment","target":["https:\/\/radiounodigital.com\/web\/2020\/04\/09\/together-at-home-elton-john-eddie-vedder-y-paul-mccartney-y-muchos-mas-en-vivo-abril-18\/#respond"]}]},{"@type":"WebPage","@id":"https:\/\/radiounodigital.com\/web\/2020\/04\/09\/together-at-home-elton-john-eddie-vedder-y-paul-mccartney-y-muchos-mas-en-vivo-abril-18\/","url":"https:\/\/radiounodigital.com\/web\/2020\/04\/09\/together-at-home-elton-john-eddie-vedder-y-paul-mccartney-y-muchos-mas-en-vivo-abril-18\/","name":"Together At Home: Elton John, Eddie Vedder y Paul McCartney y muchos m\u00e1s en vivo Abril 18 - Radio UNO Digital","isPartOf":{"@id":"https:\/\/radiounodigital.com\/web\/#website"},"primaryImageOfPage":{"@id":"https:\/\/radiounodigital.com\/web\/2020\/04\/09\/together-at-home-elton-john-eddie-vedder-y-paul-mccartney-y-muchos-mas-en-vivo-abril-18\/#primaryimage"},"image":{"@id":"https:\/\/radiounodigital.com\/web\/2020\/04\/09\/together-at-home-elton-john-eddie-vedder-y-paul-mccartney-y-muchos-mas-en-vivo-abril-18\/#primaryimage"},"thumbnailUrl":"https:\/\/radiounodigital.com\/web\/wp-content\/uploads\/2020\/04\/concierto-one-world-togeder-at-home-678x381-1.jpg","datePublished":"2020-04-09T20:56:59+00:00","dateModified":"2020-04-10T01:00:18+00:00","author":{"@id":"https:\/\/radiounodigital.com\/web\/#\/schema\/person\/00b93151fa54f619ecf9c183d1fc9758"},"breadcrumb":{"@id":"https:\/\/radiounodigital.com\/web\/2020\/04\/09\/together-at-home-elton-john-eddie-vedder-y-paul-mccartney-y-muchos-mas-en-vivo-abril-18\/#breadcrumb"},"inLanguage":"es","potentialAction":[{"@type":"ReadAction","target":["https:\/\/radiounodigital.com\/web\/2020\/04\/09\/together-at-home-elton-john-eddie-vedder-y-paul-mccartney-y-muchos-mas-en-vivo-abril-18\/"]}]},{"@type":"ImageObject","inLanguage":"es","@id":"https:\/\/radiounodigital.com\/web\/2020\/04\/09\/together-at-home-elton-john-eddie-vedder-y-paul-mccartney-y-muchos-mas-en-vivo-abril-18\/#primaryimage","url":"https:\/\/radiounodigital.com\/web\/wp-content\/uploads\/2020\/04\/concierto-one-world-togeder-at-home-678x381-1.jpg","contentUrl":"https:\/\/radiounodigital.com\/web\/wp-content\/uploads\/2020\/04\/concierto-one-world-togeder-at-home-678x381-1.jpg","width":678,"height":381},{"@type":"BreadcrumbList","@id":"https:\/\/radiounodigital.com\/web\/2020\/04\/09\/together-at-home-elton-john-eddie-vedder-y-paul-mccartney-y-muchos-mas-en-vivo-abril-18\/#breadcrumb","itemListElement":[{"@type":"ListItem","position":1,"name":"Home","item":"https:\/\/radiounodigital.com\/web\/"},{"@type":"ListItem","position":2,"name":"Together At Home: Elton John, Eddie Vedder y Paul McCartney y muchos m\u00e1s en vivo Abril 18"}]},{"@type":"WebSite","@id":"https:\/\/radiounodigital.com\/web\/#website","url":"https:\/\/radiounodigital.com\/web\/","name":"Radio UNO Digital","description":"Donde la cultura del rock se siente","potentialAction":[{"@type":"SearchAction","target":{"@type":"EntryPoint","urlTemplate":"https:\/\/radiounodigital.com\/web\/?s={search_term_string}"},"query-input":{"@type":"PropertyValueSpecification","valueRequired":true,"valueName":"search_term_string"}}],"inLanguage":"es"},{"@type":"Person","@id":"https:\/\/radiounodigital.com\/web\/#\/schema\/person\/00b93151fa54f619ecf9c183d1fc9758","name":"diegoc","image":{"@type":"ImageObject","inLanguage":"es","@id":"https:\/\/secure.gravatar.com\/avatar\/0a67041d44c702fb0660d81a5a32c7ce6007341cf92afeb718b75883bf415864?s=96&d=blank&r=g","url":"https:\/\/secure.gravatar.com\/avatar\/0a67041d44c702fb0660d81a5a32c7ce6007341cf92afeb718b75883bf415864?s=96&d=blank&r=g","contentUrl":"https:\/\/secure.gravatar.com\/avatar\/0a67041d44c702fb0660d81a5a32c7ce6007341cf92afeb718b75883bf415864?s=96&d=blank&r=g","caption":"diegoc"},"url":"https:\/\/radiounodigital.com\/web\/author\/diegoc\/"}]}},"_links":{"self":[{"href":"https:\/\/radiounodigital.com\/web\/wp-json\/wp\/v2\/posts\/3742","targetHints":{"allow":["GET"]}}],"collection":[{"href":"https:\/\/radiounodigital.com\/web\/wp-json\/wp\/v2\/posts"}],"about":[{"href":"https:\/\/radiounodigital.com\/web\/wp-json\/wp\/v2\/types\/post"}],"author":[{"embeddable":true,"href":"https:\/\/radiounodigital.com\/web\/wp-json\/wp\/v2\/users\/1"}],"replies":[{"embeddable":true,"href":"https:\/\/radiounodigital.com\/web\/wp-json\/wp\/v2\/comments?post=3742"}],"version-history":[{"count":2,"href":"https:\/\/radiounodigital.com\/web\/wp-json\/wp\/v2\/posts\/3742\/revisions"}],"predecessor-version":[{"id":3745,"href":"https:\/\/radiounodigital.com\/web\/wp-json\/wp\/v2\/posts\/3742\/revisions\/3745"}],"wp:featuredmedia":[{"embeddable":true,"href":"https:\/\/radiounodigital.com\/web\/wp-json\/wp\/v2\/media\/3743"}],"wp:attachment":[{"href":"https:\/\/radiounodigital.com\/web\/wp-json\/wp\/v2\/media?parent=3742"}],"wp:term":[{"taxonomy":"category","embeddable":true,"href":"https:\/\/radiounodigital.com\/web\/wp-json\/wp\/v2\/categories?post=3742"},{"taxonomy":"post_tag","embeddable":true,"href":"https:\/\/radiounodigital.com\/web\/wp-json\/wp\/v2\/tags?post=3742"}],"curies":[{"name":"wp","href":"https:\/\/api.w.org\/{rel}","templated":true}]}}