{"id":3746,"date":"2020-04-10T01:27:19","date_gmt":"2020-04-10T01:27:19","guid":{"rendered":"https:\/\/radiounodigital.com\/web\/?p=3746"},"modified":"2020-04-10T01:27:19","modified_gmt":"2020-04-10T01:27:19","slug":"stevie-ray-vaughan-entraba-al-salon-de-la-fama-del-rock-and-roll-en-2015","status":"publish","type":"post","link":"https:\/\/radiounodigital.com\/web\/2020\/04\/10\/stevie-ray-vaughan-entraba-al-salon-de-la-fama-del-rock-and-roll-en-2015\/","title":{"rendered":"Stevie Ray Vaughan entraba al Sal\u00f3n de la Fama del Rock and Roll en 2015"},"content":{"rendered":"<h3>2015 fue el a\u00f1o en que se hizo justicia para uno de los guitarristas m\u00e1s grandes en la historia del Blues y del Rock, ya que era inducido al Rock and Roll Hall of Fame a casi 25 a\u00f1os de su desaparici\u00f3n f\u00edsica.<\/h3>\n<p>El homenaje m\u00e1s que merecido fue introducido por el guitarrista John Mayer a quien Stevie Ray Vaughan influyo de una manera determinante, tal cual lo expresa en sus palabras \u00abEn el momento que lo escuche (Texas Flood SRV first album) supe que iba a significar algo en mi vida\u00bb y tambi\u00e9n dec\u00eda que \u00abStevie Ray Vaughan es el \u00faltimo h\u00e9roe de la guitarra, y cada h\u00e9roe tiene una historia original, un legendario explica c\u00f3mo llega a sus poderes. Stevie me dio esperanza porque los h\u00e9roes te dan esperanza\u00bb<\/p>\n<p>A continuaci\u00f3n podr\u00e1n el video de inducci\u00f3n de SRV al Sal\u00f3n de la Fama del Rock and Roll y el homenaje de su hermano Jimmie Vaughan junto a John Mayer. Doyle Bramhall, Gary Clark Jr. y Chris Layton y Tommy Shannon de Double Trouble.<\/p>\n<p><iframe loading=\"lazy\" src=\"https:\/\/www.youtube.com\/embed\/awx8ztx3qeg\" width=\"560\" height=\"315\" frameborder=\"0\" allowfullscreen=\"allowfullscreen\"><\/iframe><\/p>\n<p>&nbsp;<\/p>\n<p><iframe loading=\"lazy\" src=\"https:\/\/www.youtube.com\/embed\/S7KTyUk83f4\" width=\"560\" height=\"315\" frameborder=\"0\" allowfullscreen=\"allowfullscreen\"><\/iframe><\/p>\n<p>&nbsp;<\/p>\n<div class=\"fb-background-color\">\n\t\t\t  <div \n\t\t\t  \tclass = \"fb-comments\" \n\t\t\t  \tdata-href = \"https:\/\/radiounodigital.com\/web\/2020\/04\/10\/stevie-ray-vaughan-entraba-al-salon-de-la-fama-del-rock-and-roll-en-2015\/\"\n\t\t\t  \tdata-numposts = \"10\"\n\t\t\t  \tdata-lazy = \"true\"\n\t\t\t\tdata-colorscheme = \"dark\"\n\t\t\t\tdata-order-by = \"reverse_time\"\n\t\t\t\tdata-mobile=true>\n\t\t\t  <\/div><\/div>\n\t\t  <style>\n\t\t    .fb-background-color {\n\t\t\t\tbackground: #ffffff !important;\n\t\t\t}\n\t\t\t.fb_iframe_widget_fluid_desktop iframe {\n\t\t\t    width: 100% !important;\n\t\t\t}\n\t\t  <\/style>\n\t\t  ","protected":false},"excerpt":{"rendered":"<p>2015 fue el a\u00f1o en que se hizo justicia para uno de los guitarristas m\u00e1s grandes en la historia del Blues y del Rock, ya que era inducido al Rock and Roll Hall of Fame a casi 25 a\u00f1os de su desaparici\u00f3n f\u00edsica. El homenaje m\u00e1s que merecido fue introducido por el guitarrista John Mayer&#8230; <a href=\"https:\/\/radiounodigital.com\/web\/2020\/04\/10\/stevie-ray-vaughan-entraba-al-salon-de-la-fama-del-rock-and-roll-en-2015\/\" class=\"excerpt-read-more\">Read More<\/a><\/p>\n","protected":false},"author":1,"featured_media":3747,"comment_status":"open","ping_status":"open","sticky":false,"template":"","format":"standard","meta":{"footnotes":""},"categories":[126,180,127,128],"tags":[775,495,208],"class_list":["post-3746","post","type-post","status-publish","format-standard","has-post-thumbnail","hentry","category-blues","category-news","category-rock","category-rock-clasico","tag-induccion","tag-rock-and-roll-hall-of-fame","tag-stevie-ray-vaughan"],"yoast_head":"<!-- This site is optimized with the Yoast SEO plugin v27.4 - https:\/\/yoast.com\/product\/yoast-seo-wordpress\/ -->\n<title>Stevie Ray Vaughan entraba al Sal\u00f3n de la Fama del Rock and Roll en 2015 - Radio UNO Digital<\/title>\n<meta name=\"robots\" content=\"index, follow, max-snippet:-1, max-image-preview:large, max-video-preview:-1\" \/>\n<link rel=\"canonical\" href=\"https:\/\/radiounodigital.com\/web\/2020\/04\/10\/stevie-ray-vaughan-entraba-al-salon-de-la-fama-del-rock-and-roll-en-2015\/\" \/>\n<meta property=\"og:locale\" content=\"es_ES\" \/>\n<meta property=\"og:type\" content=\"article\" \/>\n<meta property=\"og:title\" content=\"Stevie Ray Vaughan entraba al Sal\u00f3n de la Fama del Rock and Roll en 2015 - Radio UNO Digital\" \/>\n<meta property=\"og:description\" content=\"2015 fue el a\u00f1o en que se hizo justicia para uno de los guitarristas m\u00e1s grandes en la historia del Blues y del Rock, ya que era inducido al Rock and Roll Hall of Fame a casi 25 a\u00f1os de su desaparici\u00f3n f\u00edsica. El homenaje m\u00e1s que merecido fue introducido por el guitarrista John Mayer... Read More\" \/>\n<meta property=\"og:url\" content=\"https:\/\/radiounodigital.com\/web\/2020\/04\/10\/stevie-ray-vaughan-entraba-al-salon-de-la-fama-del-rock-and-roll-en-2015\/\" \/>\n<meta property=\"og:site_name\" content=\"Radio UNO Digital\" \/>\n<meta property=\"article:published_time\" content=\"2020-04-10T01:27:19+00:00\" \/>\n<meta property=\"og:image\" content=\"https:\/\/radiounodigital.com\/web\/wp-content\/uploads\/2020\/04\/srv-tribute-2015-735x413-1.jpg\" \/>\n\t<meta property=\"og:image:width\" content=\"735\" \/>\n\t<meta property=\"og:image:height\" content=\"413\" \/>\n\t<meta property=\"og:image:type\" content=\"image\/jpeg\" \/>\n<meta name=\"author\" content=\"diegoc\" \/>\n<meta name=\"twitter:card\" content=\"summary_large_image\" \/>\n<meta name=\"twitter:label1\" content=\"Escrito por\" \/>\n\t<meta name=\"twitter:data1\" content=\"diegoc\" \/>\n\t<meta name=\"twitter:label2\" content=\"Tiempo de lectura\" \/>\n\t<meta name=\"twitter:data2\" content=\"1 minuto\" \/>\n<script type=\"application\/ld+json\" class=\"yoast-schema-graph\">{\"@context\":\"https:\\\/\\\/schema.org\",\"@graph\":[{\"@type\":\"Article\",\"@id\":\"https:\\\/\\\/radiounodigital.com\\\/web\\\/2020\\\/04\\\/10\\\/stevie-ray-vaughan-entraba-al-salon-de-la-fama-del-rock-and-roll-en-2015\\\/#article\",\"isPartOf\":{\"@id\":\"https:\\\/\\\/radiounodigital.com\\\/web\\\/2020\\\/04\\\/10\\\/stevie-ray-vaughan-entraba-al-salon-de-la-fama-del-rock-and-roll-en-2015\\\/\"},\"author\":{\"name\":\"diegoc\",\"@id\":\"https:\\\/\\\/radiounodigital.com\\\/web\\\/#\\\/schema\\\/person\\\/00b93151fa54f619ecf9c183d1fc9758\"},\"headline\":\"Stevie Ray Vaughan entraba al Sal\u00f3n de la Fama del Rock and Roll en 2015\",\"datePublished\":\"2020-04-10T01:27:19+00:00\",\"mainEntityOfPage\":{\"@id\":\"https:\\\/\\\/radiounodigital.com\\\/web\\\/2020\\\/04\\\/10\\\/stevie-ray-vaughan-entraba-al-salon-de-la-fama-del-rock-and-roll-en-2015\\\/\"},\"wordCount\":206,\"commentCount\":0,\"image\":{\"@id\":\"https:\\\/\\\/radiounodigital.com\\\/web\\\/2020\\\/04\\\/10\\\/stevie-ray-vaughan-entraba-al-salon-de-la-fama-del-rock-and-roll-en-2015\\\/#primaryimage\"},\"thumbnailUrl\":\"https:\\\/\\\/radiounodigital.com\\\/web\\\/wp-content\\\/uploads\\\/2020\\\/04\\\/srv-tribute-2015-735x413-1.jpg\",\"keywords\":[\"induccion\",\"rock and roll hall of fame\",\"STEVIE RAY VAUGHAN\"],\"articleSection\":[\"Blues\",\"news\",\"Rock\",\"Rock Clasico\"],\"inLanguage\":\"es\",\"potentialAction\":[{\"@type\":\"CommentAction\",\"name\":\"Comment\",\"target\":[\"https:\\\/\\\/radiounodigital.com\\\/web\\\/2020\\\/04\\\/10\\\/stevie-ray-vaughan-entraba-al-salon-de-la-fama-del-rock-and-roll-en-2015\\\/#respond\"]}]},{\"@type\":\"WebPage\",\"@id\":\"https:\\\/\\\/radiounodigital.com\\\/web\\\/2020\\\/04\\\/10\\\/stevie-ray-vaughan-entraba-al-salon-de-la-fama-del-rock-and-roll-en-2015\\\/\",\"url\":\"https:\\\/\\\/radiounodigital.com\\\/web\\\/2020\\\/04\\\/10\\\/stevie-ray-vaughan-entraba-al-salon-de-la-fama-del-rock-and-roll-en-2015\\\/\",\"name\":\"Stevie Ray Vaughan entraba al Sal\u00f3n de la Fama del Rock and Roll en 2015 - Radio UNO Digital\",\"isPartOf\":{\"@id\":\"https:\\\/\\\/radiounodigital.com\\\/web\\\/#website\"},\"primaryImageOfPage\":{\"@id\":\"https:\\\/\\\/radiounodigital.com\\\/web\\\/2020\\\/04\\\/10\\\/stevie-ray-vaughan-entraba-al-salon-de-la-fama-del-rock-and-roll-en-2015\\\/#primaryimage\"},\"image\":{\"@id\":\"https:\\\/\\\/radiounodigital.com\\\/web\\\/2020\\\/04\\\/10\\\/stevie-ray-vaughan-entraba-al-salon-de-la-fama-del-rock-and-roll-en-2015\\\/#primaryimage\"},\"thumbnailUrl\":\"https:\\\/\\\/radiounodigital.com\\\/web\\\/wp-content\\\/uploads\\\/2020\\\/04\\\/srv-tribute-2015-735x413-1.jpg\",\"datePublished\":\"2020-04-10T01:27:19+00:00\",\"author\":{\"@id\":\"https:\\\/\\\/radiounodigital.com\\\/web\\\/#\\\/schema\\\/person\\\/00b93151fa54f619ecf9c183d1fc9758\"},\"breadcrumb\":{\"@id\":\"https:\\\/\\\/radiounodigital.com\\\/web\\\/2020\\\/04\\\/10\\\/stevie-ray-vaughan-entraba-al-salon-de-la-fama-del-rock-and-roll-en-2015\\\/#breadcrumb\"},\"inLanguage\":\"es\",\"potentialAction\":[{\"@type\":\"ReadAction\",\"target\":[\"https:\\\/\\\/radiounodigital.com\\\/web\\\/2020\\\/04\\\/10\\\/stevie-ray-vaughan-entraba-al-salon-de-la-fama-del-rock-and-roll-en-2015\\\/\"]}]},{\"@type\":\"ImageObject\",\"inLanguage\":\"es\",\"@id\":\"https:\\\/\\\/radiounodigital.com\\\/web\\\/2020\\\/04\\\/10\\\/stevie-ray-vaughan-entraba-al-salon-de-la-fama-del-rock-and-roll-en-2015\\\/#primaryimage\",\"url\":\"https:\\\/\\\/radiounodigital.com\\\/web\\\/wp-content\\\/uploads\\\/2020\\\/04\\\/srv-tribute-2015-735x413-1.jpg\",\"contentUrl\":\"https:\\\/\\\/radiounodigital.com\\\/web\\\/wp-content\\\/uploads\\\/2020\\\/04\\\/srv-tribute-2015-735x413-1.jpg\",\"width\":735,\"height\":413},{\"@type\":\"BreadcrumbList\",\"@id\":\"https:\\\/\\\/radiounodigital.com\\\/web\\\/2020\\\/04\\\/10\\\/stevie-ray-vaughan-entraba-al-salon-de-la-fama-del-rock-and-roll-en-2015\\\/#breadcrumb\",\"itemListElement\":[{\"@type\":\"ListItem\",\"position\":1,\"name\":\"Home\",\"item\":\"https:\\\/\\\/radiounodigital.com\\\/web\\\/\"},{\"@type\":\"ListItem\",\"position\":2,\"name\":\"Stevie Ray Vaughan entraba al Sal\u00f3n de la Fama del Rock and Roll en 2015\"}]},{\"@type\":\"WebSite\",\"@id\":\"https:\\\/\\\/radiounodigital.com\\\/web\\\/#website\",\"url\":\"https:\\\/\\\/radiounodigital.com\\\/web\\\/\",\"name\":\"Radio UNO Digital\",\"description\":\"Donde la cultura del rock se siente\",\"potentialAction\":[{\"@type\":\"SearchAction\",\"target\":{\"@type\":\"EntryPoint\",\"urlTemplate\":\"https:\\\/\\\/radiounodigital.com\\\/web\\\/?s={search_term_string}\"},\"query-input\":{\"@type\":\"PropertyValueSpecification\",\"valueRequired\":true,\"valueName\":\"search_term_string\"}}],\"inLanguage\":\"es\"},{\"@type\":\"Person\",\"@id\":\"https:\\\/\\\/radiounodigital.com\\\/web\\\/#\\\/schema\\\/person\\\/00b93151fa54f619ecf9c183d1fc9758\",\"name\":\"diegoc\",\"image\":{\"@type\":\"ImageObject\",\"inLanguage\":\"es\",\"@id\":\"https:\\\/\\\/secure.gravatar.com\\\/avatar\\\/0a67041d44c702fb0660d81a5a32c7ce6007341cf92afeb718b75883bf415864?s=96&d=blank&r=g\",\"url\":\"https:\\\/\\\/secure.gravatar.com\\\/avatar\\\/0a67041d44c702fb0660d81a5a32c7ce6007341cf92afeb718b75883bf415864?s=96&d=blank&r=g\",\"contentUrl\":\"https:\\\/\\\/secure.gravatar.com\\\/avatar\\\/0a67041d44c702fb0660d81a5a32c7ce6007341cf92afeb718b75883bf415864?s=96&d=blank&r=g\",\"caption\":\"diegoc\"},\"url\":\"https:\\\/\\\/radiounodigital.com\\\/web\\\/author\\\/diegoc\\\/\"}]}<\/script>\n<!-- \/ Yoast SEO plugin. -->","yoast_head_json":{"title":"Stevie Ray Vaughan entraba al Sal\u00f3n de la Fama del Rock and Roll en 2015 - Radio UNO Digital","robots":{"index":"index","follow":"follow","max-snippet":"max-snippet:-1","max-image-preview":"max-image-preview:large","max-video-preview":"max-video-preview:-1"},"canonical":"https:\/\/radiounodigital.com\/web\/2020\/04\/10\/stevie-ray-vaughan-entraba-al-salon-de-la-fama-del-rock-and-roll-en-2015\/","og_locale":"es_ES","og_type":"article","og_title":"Stevie Ray Vaughan entraba al Sal\u00f3n de la Fama del Rock and Roll en 2015 - Radio UNO Digital","og_description":"2015 fue el a\u00f1o en que se hizo justicia para uno de los guitarristas m\u00e1s grandes en la historia del Blues y del Rock, ya que era inducido al Rock and Roll Hall of Fame a casi 25 a\u00f1os de su desaparici\u00f3n f\u00edsica. El homenaje m\u00e1s que merecido fue introducido por el guitarrista John Mayer... Read More","og_url":"https:\/\/radiounodigital.com\/web\/2020\/04\/10\/stevie-ray-vaughan-entraba-al-salon-de-la-fama-del-rock-and-roll-en-2015\/","og_site_name":"Radio UNO Digital","article_published_time":"2020-04-10T01:27:19+00:00","og_image":[{"width":735,"height":413,"url":"https:\/\/radiounodigital.com\/web\/wp-content\/uploads\/2020\/04\/srv-tribute-2015-735x413-1.jpg","type":"image\/jpeg"}],"author":"diegoc","twitter_card":"summary_large_image","twitter_misc":{"Escrito por":"diegoc","Tiempo de lectura":"1 minuto"},"schema":{"@context":"https:\/\/schema.org","@graph":[{"@type":"Article","@id":"https:\/\/radiounodigital.com\/web\/2020\/04\/10\/stevie-ray-vaughan-entraba-al-salon-de-la-fama-del-rock-and-roll-en-2015\/#article","isPartOf":{"@id":"https:\/\/radiounodigital.com\/web\/2020\/04\/10\/stevie-ray-vaughan-entraba-al-salon-de-la-fama-del-rock-and-roll-en-2015\/"},"author":{"name":"diegoc","@id":"https:\/\/radiounodigital.com\/web\/#\/schema\/person\/00b93151fa54f619ecf9c183d1fc9758"},"headline":"Stevie Ray Vaughan entraba al Sal\u00f3n de la Fama del Rock and Roll en 2015","datePublished":"2020-04-10T01:27:19+00:00","mainEntityOfPage":{"@id":"https:\/\/radiounodigital.com\/web\/2020\/04\/10\/stevie-ray-vaughan-entraba-al-salon-de-la-fama-del-rock-and-roll-en-2015\/"},"wordCount":206,"commentCount":0,"image":{"@id":"https:\/\/radiounodigital.com\/web\/2020\/04\/10\/stevie-ray-vaughan-entraba-al-salon-de-la-fama-del-rock-and-roll-en-2015\/#primaryimage"},"thumbnailUrl":"https:\/\/radiounodigital.com\/web\/wp-content\/uploads\/2020\/04\/srv-tribute-2015-735x413-1.jpg","keywords":["induccion","rock and roll hall of fame","STEVIE RAY VAUGHAN"],"articleSection":["Blues","news","Rock","Rock Clasico"],"inLanguage":"es","potentialAction":[{"@type":"CommentAction","name":"Comment","target":["https:\/\/radiounodigital.com\/web\/2020\/04\/10\/stevie-ray-vaughan-entraba-al-salon-de-la-fama-del-rock-and-roll-en-2015\/#respond"]}]},{"@type":"WebPage","@id":"https:\/\/radiounodigital.com\/web\/2020\/04\/10\/stevie-ray-vaughan-entraba-al-salon-de-la-fama-del-rock-and-roll-en-2015\/","url":"https:\/\/radiounodigital.com\/web\/2020\/04\/10\/stevie-ray-vaughan-entraba-al-salon-de-la-fama-del-rock-and-roll-en-2015\/","name":"Stevie Ray Vaughan entraba al Sal\u00f3n de la Fama del Rock and Roll en 2015 - Radio UNO Digital","isPartOf":{"@id":"https:\/\/radiounodigital.com\/web\/#website"},"primaryImageOfPage":{"@id":"https:\/\/radiounodigital.com\/web\/2020\/04\/10\/stevie-ray-vaughan-entraba-al-salon-de-la-fama-del-rock-and-roll-en-2015\/#primaryimage"},"image":{"@id":"https:\/\/radiounodigital.com\/web\/2020\/04\/10\/stevie-ray-vaughan-entraba-al-salon-de-la-fama-del-rock-and-roll-en-2015\/#primaryimage"},"thumbnailUrl":"https:\/\/radiounodigital.com\/web\/wp-content\/uploads\/2020\/04\/srv-tribute-2015-735x413-1.jpg","datePublished":"2020-04-10T01:27:19+00:00","author":{"@id":"https:\/\/radiounodigital.com\/web\/#\/schema\/person\/00b93151fa54f619ecf9c183d1fc9758"},"breadcrumb":{"@id":"https:\/\/radiounodigital.com\/web\/2020\/04\/10\/stevie-ray-vaughan-entraba-al-salon-de-la-fama-del-rock-and-roll-en-2015\/#breadcrumb"},"inLanguage":"es","potentialAction":[{"@type":"ReadAction","target":["https:\/\/radiounodigital.com\/web\/2020\/04\/10\/stevie-ray-vaughan-entraba-al-salon-de-la-fama-del-rock-and-roll-en-2015\/"]}]},{"@type":"ImageObject","inLanguage":"es","@id":"https:\/\/radiounodigital.com\/web\/2020\/04\/10\/stevie-ray-vaughan-entraba-al-salon-de-la-fama-del-rock-and-roll-en-2015\/#primaryimage","url":"https:\/\/radiounodigital.com\/web\/wp-content\/uploads\/2020\/04\/srv-tribute-2015-735x413-1.jpg","contentUrl":"https:\/\/radiounodigital.com\/web\/wp-content\/uploads\/2020\/04\/srv-tribute-2015-735x413-1.jpg","width":735,"height":413},{"@type":"BreadcrumbList","@id":"https:\/\/radiounodigital.com\/web\/2020\/04\/10\/stevie-ray-vaughan-entraba-al-salon-de-la-fama-del-rock-and-roll-en-2015\/#breadcrumb","itemListElement":[{"@type":"ListItem","position":1,"name":"Home","item":"https:\/\/radiounodigital.com\/web\/"},{"@type":"ListItem","position":2,"name":"Stevie Ray Vaughan entraba al Sal\u00f3n de la Fama del Rock and Roll en 2015"}]},{"@type":"WebSite","@id":"https:\/\/radiounodigital.com\/web\/#website","url":"https:\/\/radiounodigital.com\/web\/","name":"Radio UNO Digital","description":"Donde la cultura del rock se siente","potentialAction":[{"@type":"SearchAction","target":{"@type":"EntryPoint","urlTemplate":"https:\/\/radiounodigital.com\/web\/?s={search_term_string}"},"query-input":{"@type":"PropertyValueSpecification","valueRequired":true,"valueName":"search_term_string"}}],"inLanguage":"es"},{"@type":"Person","@id":"https:\/\/radiounodigital.com\/web\/#\/schema\/person\/00b93151fa54f619ecf9c183d1fc9758","name":"diegoc","image":{"@type":"ImageObject","inLanguage":"es","@id":"https:\/\/secure.gravatar.com\/avatar\/0a67041d44c702fb0660d81a5a32c7ce6007341cf92afeb718b75883bf415864?s=96&d=blank&r=g","url":"https:\/\/secure.gravatar.com\/avatar\/0a67041d44c702fb0660d81a5a32c7ce6007341cf92afeb718b75883bf415864?s=96&d=blank&r=g","contentUrl":"https:\/\/secure.gravatar.com\/avatar\/0a67041d44c702fb0660d81a5a32c7ce6007341cf92afeb718b75883bf415864?s=96&d=blank&r=g","caption":"diegoc"},"url":"https:\/\/radiounodigital.com\/web\/author\/diegoc\/"}]}},"_links":{"self":[{"href":"https:\/\/radiounodigital.com\/web\/wp-json\/wp\/v2\/posts\/3746","targetHints":{"allow":["GET"]}}],"collection":[{"href":"https:\/\/radiounodigital.com\/web\/wp-json\/wp\/v2\/posts"}],"about":[{"href":"https:\/\/radiounodigital.com\/web\/wp-json\/wp\/v2\/types\/post"}],"author":[{"embeddable":true,"href":"https:\/\/radiounodigital.com\/web\/wp-json\/wp\/v2\/users\/1"}],"replies":[{"embeddable":true,"href":"https:\/\/radiounodigital.com\/web\/wp-json\/wp\/v2\/comments?post=3746"}],"version-history":[{"count":1,"href":"https:\/\/radiounodigital.com\/web\/wp-json\/wp\/v2\/posts\/3746\/revisions"}],"predecessor-version":[{"id":3748,"href":"https:\/\/radiounodigital.com\/web\/wp-json\/wp\/v2\/posts\/3746\/revisions\/3748"}],"wp:featuredmedia":[{"embeddable":true,"href":"https:\/\/radiounodigital.com\/web\/wp-json\/wp\/v2\/media\/3747"}],"wp:attachment":[{"href":"https:\/\/radiounodigital.com\/web\/wp-json\/wp\/v2\/media?parent=3746"}],"wp:term":[{"taxonomy":"category","embeddable":true,"href":"https:\/\/radiounodigital.com\/web\/wp-json\/wp\/v2\/categories?post=3746"},{"taxonomy":"post_tag","embeddable":true,"href":"https:\/\/radiounodigital.com\/web\/wp-json\/wp\/v2\/tags?post=3746"}],"curies":[{"name":"wp","href":"https:\/\/api.w.org\/{rel}","templated":true}]}}