{"id":3787,"date":"2020-04-19T15:21:40","date_gmt":"2020-04-19T15:21:40","guid":{"rendered":"https:\/\/radiounodigital.com\/web\/?p=3787"},"modified":"2020-04-19T15:21:40","modified_gmt":"2020-04-19T15:21:40","slug":"victor-nattero-presenta-sujetando-la-luna-de-a-dos-con-andres-monetti","status":"publish","type":"post","link":"https:\/\/radiounodigital.com\/web\/2020\/04\/19\/victor-nattero-presenta-sujetando-la-luna-de-a-dos-con-andres-monetti\/","title":{"rendered":"Victor Nattero presenta Sujetando la luna\u00bb de a DOS con Andr\u00e9s Monetti"},"content":{"rendered":"<h3>Victor Nattero se largo en su primer trabajo como solista junto a Andr\u00e9s Monetti con el que form\u00f3 un d\u00fao al que llamaron DOS y hoy nos presentan \u00abSujetando la luna\u00bb como adelanto de lo que sera el nuevo disco a lanzarse este a\u00f1o.<\/h3>\n<p><img loading=\"lazy\" decoding=\"async\" class=\"aligncenter size-full wp-image-3788\" src=\"https:\/\/radiounodigital.com\/web\/wp-content\/uploads\/2020\/04\/nattero-monetti-dos.jpg\" alt=\"\" width=\"534\" height=\"534\" srcset=\"https:\/\/radiounodigital.com\/web\/wp-content\/uploads\/2020\/04\/nattero-monetti-dos.jpg 534w, https:\/\/radiounodigital.com\/web\/wp-content\/uploads\/2020\/04\/nattero-monetti-dos-300x300.jpg 300w, https:\/\/radiounodigital.com\/web\/wp-content\/uploads\/2020\/04\/nattero-monetti-dos-150x150.jpg 150w\" sizes=\"auto, (max-width: 534px) 100vw, 534px\" \/><\/p>\n<p>Hace pocos minutos Victor Nattero lo anunciaba a trav\u00e9s de las redes sociales de esta manera:<\/p>\n<p><iframe loading=\"lazy\" style=\"border: none; overflow: hidden;\" src=\"https:\/\/www.facebook.com\/plugins\/video.php?href=https%3A%2F%2Fwww.facebook.com%2Fvictor.nattero%2Fvideos%2F3335181719842824%2F&amp;show_text=1&amp;width=560\" width=\"560\" height=\"508\" frameborder=\"0\" scrolling=\"no\" allowfullscreen=\"allowfullscreen\"><\/iframe><\/p>\n<p>&nbsp;<\/p>\n<p><iframe loading=\"lazy\" src=\"https:\/\/www.youtube.com\/embed\/cVMPpcjMYL0\" width=\"560\" height=\"315\" frameborder=\"0\" allowfullscreen=\"allowfullscreen\"><\/iframe><\/p>\n<p>&nbsp;<\/p>\n<div class=\"fb-background-color\">\n\t\t\t  <div \n\t\t\t  \tclass = \"fb-comments\" \n\t\t\t  \tdata-href = \"https:\/\/radiounodigital.com\/web\/2020\/04\/19\/victor-nattero-presenta-sujetando-la-luna-de-a-dos-con-andres-monetti\/\"\n\t\t\t  \tdata-numposts = \"10\"\n\t\t\t  \tdata-lazy = \"true\"\n\t\t\t\tdata-colorscheme = \"dark\"\n\t\t\t\tdata-order-by = \"reverse_time\"\n\t\t\t\tdata-mobile=true>\n\t\t\t  <\/div><\/div>\n\t\t  <style>\n\t\t    .fb-background-color {\n\t\t\t\tbackground: #ffffff !important;\n\t\t\t}\n\t\t\t.fb_iframe_widget_fluid_desktop iframe {\n\t\t\t    width: 100% !important;\n\t\t\t}\n\t\t  <\/style>\n\t\t  ","protected":false},"excerpt":{"rendered":"<p>Victor Nattero se largo en su primer trabajo como solista junto a Andr\u00e9s Monetti con el que form\u00f3 un d\u00fao al que llamaron DOS y hoy nos presentan \u00abSujetando la luna\u00bb como adelanto de lo que sera el nuevo disco a lanzarse este a\u00f1o. Hace pocos minutos Victor Nattero lo anunciaba a trav\u00e9s de las&#8230; <a href=\"https:\/\/radiounodigital.com\/web\/2020\/04\/19\/victor-nattero-presenta-sujetando-la-luna-de-a-dos-con-andres-monetti\/\" class=\"excerpt-read-more\">Read More<\/a><\/p>\n","protected":false},"author":1,"featured_media":3789,"comment_status":"open","ping_status":"open","sticky":false,"template":"","format":"standard","meta":{"footnotes":""},"categories":[286,180,127],"tags":[810,811,635,812,809],"class_list":["post-3787","post","type-post","status-publish","format-standard","has-post-thumbnail","hentry","category-estrenos-2019","category-news","category-rock","tag-andres-monetti","tag-dos","tag-estreno","tag-sujetando-la-luna","tag-victor-nattero"],"yoast_head":"<!-- This site is optimized with the Yoast SEO plugin v27.4 - https:\/\/yoast.com\/product\/yoast-seo-wordpress\/ -->\n<title>Victor Nattero presenta Sujetando la luna&quot; de a DOS con Andr\u00e9s Monetti - Radio UNO Digital<\/title>\n<meta name=\"robots\" content=\"index, follow, max-snippet:-1, max-image-preview:large, max-video-preview:-1\" \/>\n<link rel=\"canonical\" href=\"https:\/\/radiounodigital.com\/web\/2020\/04\/19\/victor-nattero-presenta-sujetando-la-luna-de-a-dos-con-andres-monetti\/\" \/>\n<meta property=\"og:locale\" content=\"es_ES\" \/>\n<meta property=\"og:type\" content=\"article\" \/>\n<meta property=\"og:title\" content=\"Victor Nattero presenta Sujetando la luna&quot; de a DOS con Andr\u00e9s Monetti - Radio UNO Digital\" \/>\n<meta property=\"og:description\" content=\"Victor Nattero se largo en su primer trabajo como solista junto a Andr\u00e9s Monetti con el que form\u00f3 un d\u00fao al que llamaron DOS y hoy nos presentan \u00abSujetando la luna\u00bb como adelanto de lo que sera el nuevo disco a lanzarse este a\u00f1o. Hace pocos minutos Victor Nattero lo anunciaba a trav\u00e9s de las... Read More\" \/>\n<meta property=\"og:url\" content=\"https:\/\/radiounodigital.com\/web\/2020\/04\/19\/victor-nattero-presenta-sujetando-la-luna-de-a-dos-con-andres-monetti\/\" \/>\n<meta property=\"og:site_name\" content=\"Radio UNO Digital\" \/>\n<meta property=\"article:published_time\" content=\"2020-04-19T15:21:40+00:00\" \/>\n<meta property=\"og:image\" content=\"https:\/\/radiounodigital.com\/web\/wp-content\/uploads\/2020\/04\/victor-andres-DOS.jpg\" \/>\n\t<meta property=\"og:image:width\" content=\"1280\" \/>\n\t<meta property=\"og:image:height\" content=\"720\" \/>\n\t<meta property=\"og:image:type\" content=\"image\/jpeg\" \/>\n<meta name=\"author\" content=\"diegoc\" \/>\n<meta name=\"twitter:card\" content=\"summary_large_image\" \/>\n<meta name=\"twitter:label1\" content=\"Escrito por\" \/>\n\t<meta name=\"twitter:data1\" content=\"diegoc\" \/>\n<script type=\"application\/ld+json\" class=\"yoast-schema-graph\">{\"@context\":\"https:\\\/\\\/schema.org\",\"@graph\":[{\"@type\":\"Article\",\"@id\":\"https:\\\/\\\/radiounodigital.com\\\/web\\\/2020\\\/04\\\/19\\\/victor-nattero-presenta-sujetando-la-luna-de-a-dos-con-andres-monetti\\\/#article\",\"isPartOf\":{\"@id\":\"https:\\\/\\\/radiounodigital.com\\\/web\\\/2020\\\/04\\\/19\\\/victor-nattero-presenta-sujetando-la-luna-de-a-dos-con-andres-monetti\\\/\"},\"author\":{\"name\":\"diegoc\",\"@id\":\"https:\\\/\\\/radiounodigital.com\\\/web\\\/#\\\/schema\\\/person\\\/00b93151fa54f619ecf9c183d1fc9758\"},\"headline\":\"Victor Nattero presenta Sujetando la luna\u00bb de a DOS con Andr\u00e9s Monetti\",\"datePublished\":\"2020-04-19T15:21:40+00:00\",\"mainEntityOfPage\":{\"@id\":\"https:\\\/\\\/radiounodigital.com\\\/web\\\/2020\\\/04\\\/19\\\/victor-nattero-presenta-sujetando-la-luna-de-a-dos-con-andres-monetti\\\/\"},\"wordCount\":79,\"commentCount\":0,\"image\":{\"@id\":\"https:\\\/\\\/radiounodigital.com\\\/web\\\/2020\\\/04\\\/19\\\/victor-nattero-presenta-sujetando-la-luna-de-a-dos-con-andres-monetti\\\/#primaryimage\"},\"thumbnailUrl\":\"https:\\\/\\\/radiounodigital.com\\\/web\\\/wp-content\\\/uploads\\\/2020\\\/04\\\/victor-andres-DOS.jpg\",\"keywords\":[\"andres monetti\",\"DOS\",\"estreno\",\"sujetando la luna\",\"victor nattero\"],\"articleSection\":[\"ESTRENOS 2019\",\"news\",\"Rock\"],\"inLanguage\":\"es\",\"potentialAction\":[{\"@type\":\"CommentAction\",\"name\":\"Comment\",\"target\":[\"https:\\\/\\\/radiounodigital.com\\\/web\\\/2020\\\/04\\\/19\\\/victor-nattero-presenta-sujetando-la-luna-de-a-dos-con-andres-monetti\\\/#respond\"]}]},{\"@type\":\"WebPage\",\"@id\":\"https:\\\/\\\/radiounodigital.com\\\/web\\\/2020\\\/04\\\/19\\\/victor-nattero-presenta-sujetando-la-luna-de-a-dos-con-andres-monetti\\\/\",\"url\":\"https:\\\/\\\/radiounodigital.com\\\/web\\\/2020\\\/04\\\/19\\\/victor-nattero-presenta-sujetando-la-luna-de-a-dos-con-andres-monetti\\\/\",\"name\":\"Victor Nattero presenta Sujetando la luna\\\" de a DOS con Andr\u00e9s Monetti - Radio UNO Digital\",\"isPartOf\":{\"@id\":\"https:\\\/\\\/radiounodigital.com\\\/web\\\/#website\"},\"primaryImageOfPage\":{\"@id\":\"https:\\\/\\\/radiounodigital.com\\\/web\\\/2020\\\/04\\\/19\\\/victor-nattero-presenta-sujetando-la-luna-de-a-dos-con-andres-monetti\\\/#primaryimage\"},\"image\":{\"@id\":\"https:\\\/\\\/radiounodigital.com\\\/web\\\/2020\\\/04\\\/19\\\/victor-nattero-presenta-sujetando-la-luna-de-a-dos-con-andres-monetti\\\/#primaryimage\"},\"thumbnailUrl\":\"https:\\\/\\\/radiounodigital.com\\\/web\\\/wp-content\\\/uploads\\\/2020\\\/04\\\/victor-andres-DOS.jpg\",\"datePublished\":\"2020-04-19T15:21:40+00:00\",\"author\":{\"@id\":\"https:\\\/\\\/radiounodigital.com\\\/web\\\/#\\\/schema\\\/person\\\/00b93151fa54f619ecf9c183d1fc9758\"},\"breadcrumb\":{\"@id\":\"https:\\\/\\\/radiounodigital.com\\\/web\\\/2020\\\/04\\\/19\\\/victor-nattero-presenta-sujetando-la-luna-de-a-dos-con-andres-monetti\\\/#breadcrumb\"},\"inLanguage\":\"es\",\"potentialAction\":[{\"@type\":\"ReadAction\",\"target\":[\"https:\\\/\\\/radiounodigital.com\\\/web\\\/2020\\\/04\\\/19\\\/victor-nattero-presenta-sujetando-la-luna-de-a-dos-con-andres-monetti\\\/\"]}]},{\"@type\":\"ImageObject\",\"inLanguage\":\"es\",\"@id\":\"https:\\\/\\\/radiounodigital.com\\\/web\\\/2020\\\/04\\\/19\\\/victor-nattero-presenta-sujetando-la-luna-de-a-dos-con-andres-monetti\\\/#primaryimage\",\"url\":\"https:\\\/\\\/radiounodigital.com\\\/web\\\/wp-content\\\/uploads\\\/2020\\\/04\\\/victor-andres-DOS.jpg\",\"contentUrl\":\"https:\\\/\\\/radiounodigital.com\\\/web\\\/wp-content\\\/uploads\\\/2020\\\/04\\\/victor-andres-DOS.jpg\",\"width\":1280,\"height\":720},{\"@type\":\"BreadcrumbList\",\"@id\":\"https:\\\/\\\/radiounodigital.com\\\/web\\\/2020\\\/04\\\/19\\\/victor-nattero-presenta-sujetando-la-luna-de-a-dos-con-andres-monetti\\\/#breadcrumb\",\"itemListElement\":[{\"@type\":\"ListItem\",\"position\":1,\"name\":\"Home\",\"item\":\"https:\\\/\\\/radiounodigital.com\\\/web\\\/\"},{\"@type\":\"ListItem\",\"position\":2,\"name\":\"Victor Nattero presenta Sujetando la luna\u00bb de a DOS con Andr\u00e9s Monetti\"}]},{\"@type\":\"WebSite\",\"@id\":\"https:\\\/\\\/radiounodigital.com\\\/web\\\/#website\",\"url\":\"https:\\\/\\\/radiounodigital.com\\\/web\\\/\",\"name\":\"Radio UNO Digital\",\"description\":\"Donde la cultura del rock se siente\",\"potentialAction\":[{\"@type\":\"SearchAction\",\"target\":{\"@type\":\"EntryPoint\",\"urlTemplate\":\"https:\\\/\\\/radiounodigital.com\\\/web\\\/?s={search_term_string}\"},\"query-input\":{\"@type\":\"PropertyValueSpecification\",\"valueRequired\":true,\"valueName\":\"search_term_string\"}}],\"inLanguage\":\"es\"},{\"@type\":\"Person\",\"@id\":\"https:\\\/\\\/radiounodigital.com\\\/web\\\/#\\\/schema\\\/person\\\/00b93151fa54f619ecf9c183d1fc9758\",\"name\":\"diegoc\",\"image\":{\"@type\":\"ImageObject\",\"inLanguage\":\"es\",\"@id\":\"https:\\\/\\\/secure.gravatar.com\\\/avatar\\\/0a67041d44c702fb0660d81a5a32c7ce6007341cf92afeb718b75883bf415864?s=96&d=blank&r=g\",\"url\":\"https:\\\/\\\/secure.gravatar.com\\\/avatar\\\/0a67041d44c702fb0660d81a5a32c7ce6007341cf92afeb718b75883bf415864?s=96&d=blank&r=g\",\"contentUrl\":\"https:\\\/\\\/secure.gravatar.com\\\/avatar\\\/0a67041d44c702fb0660d81a5a32c7ce6007341cf92afeb718b75883bf415864?s=96&d=blank&r=g\",\"caption\":\"diegoc\"},\"url\":\"https:\\\/\\\/radiounodigital.com\\\/web\\\/author\\\/diegoc\\\/\"}]}<\/script>\n<!-- \/ Yoast SEO plugin. -->","yoast_head_json":{"title":"Victor Nattero presenta Sujetando la luna\" de a DOS con Andr\u00e9s Monetti - Radio UNO Digital","robots":{"index":"index","follow":"follow","max-snippet":"max-snippet:-1","max-image-preview":"max-image-preview:large","max-video-preview":"max-video-preview:-1"},"canonical":"https:\/\/radiounodigital.com\/web\/2020\/04\/19\/victor-nattero-presenta-sujetando-la-luna-de-a-dos-con-andres-monetti\/","og_locale":"es_ES","og_type":"article","og_title":"Victor Nattero presenta Sujetando la luna\" de a DOS con Andr\u00e9s Monetti - Radio UNO Digital","og_description":"Victor Nattero se largo en su primer trabajo como solista junto a Andr\u00e9s Monetti con el que form\u00f3 un d\u00fao al que llamaron DOS y hoy nos presentan \u00abSujetando la luna\u00bb como adelanto de lo que sera el nuevo disco a lanzarse este a\u00f1o. Hace pocos minutos Victor Nattero lo anunciaba a trav\u00e9s de las... Read More","og_url":"https:\/\/radiounodigital.com\/web\/2020\/04\/19\/victor-nattero-presenta-sujetando-la-luna-de-a-dos-con-andres-monetti\/","og_site_name":"Radio UNO Digital","article_published_time":"2020-04-19T15:21:40+00:00","og_image":[{"width":1280,"height":720,"url":"https:\/\/radiounodigital.com\/web\/wp-content\/uploads\/2020\/04\/victor-andres-DOS.jpg","type":"image\/jpeg"}],"author":"diegoc","twitter_card":"summary_large_image","twitter_misc":{"Escrito por":"diegoc"},"schema":{"@context":"https:\/\/schema.org","@graph":[{"@type":"Article","@id":"https:\/\/radiounodigital.com\/web\/2020\/04\/19\/victor-nattero-presenta-sujetando-la-luna-de-a-dos-con-andres-monetti\/#article","isPartOf":{"@id":"https:\/\/radiounodigital.com\/web\/2020\/04\/19\/victor-nattero-presenta-sujetando-la-luna-de-a-dos-con-andres-monetti\/"},"author":{"name":"diegoc","@id":"https:\/\/radiounodigital.com\/web\/#\/schema\/person\/00b93151fa54f619ecf9c183d1fc9758"},"headline":"Victor Nattero presenta Sujetando la luna\u00bb de a DOS con Andr\u00e9s Monetti","datePublished":"2020-04-19T15:21:40+00:00","mainEntityOfPage":{"@id":"https:\/\/radiounodigital.com\/web\/2020\/04\/19\/victor-nattero-presenta-sujetando-la-luna-de-a-dos-con-andres-monetti\/"},"wordCount":79,"commentCount":0,"image":{"@id":"https:\/\/radiounodigital.com\/web\/2020\/04\/19\/victor-nattero-presenta-sujetando-la-luna-de-a-dos-con-andres-monetti\/#primaryimage"},"thumbnailUrl":"https:\/\/radiounodigital.com\/web\/wp-content\/uploads\/2020\/04\/victor-andres-DOS.jpg","keywords":["andres monetti","DOS","estreno","sujetando la luna","victor nattero"],"articleSection":["ESTRENOS 2019","news","Rock"],"inLanguage":"es","potentialAction":[{"@type":"CommentAction","name":"Comment","target":["https:\/\/radiounodigital.com\/web\/2020\/04\/19\/victor-nattero-presenta-sujetando-la-luna-de-a-dos-con-andres-monetti\/#respond"]}]},{"@type":"WebPage","@id":"https:\/\/radiounodigital.com\/web\/2020\/04\/19\/victor-nattero-presenta-sujetando-la-luna-de-a-dos-con-andres-monetti\/","url":"https:\/\/radiounodigital.com\/web\/2020\/04\/19\/victor-nattero-presenta-sujetando-la-luna-de-a-dos-con-andres-monetti\/","name":"Victor Nattero presenta Sujetando la luna\" de a DOS con Andr\u00e9s Monetti - Radio UNO Digital","isPartOf":{"@id":"https:\/\/radiounodigital.com\/web\/#website"},"primaryImageOfPage":{"@id":"https:\/\/radiounodigital.com\/web\/2020\/04\/19\/victor-nattero-presenta-sujetando-la-luna-de-a-dos-con-andres-monetti\/#primaryimage"},"image":{"@id":"https:\/\/radiounodigital.com\/web\/2020\/04\/19\/victor-nattero-presenta-sujetando-la-luna-de-a-dos-con-andres-monetti\/#primaryimage"},"thumbnailUrl":"https:\/\/radiounodigital.com\/web\/wp-content\/uploads\/2020\/04\/victor-andres-DOS.jpg","datePublished":"2020-04-19T15:21:40+00:00","author":{"@id":"https:\/\/radiounodigital.com\/web\/#\/schema\/person\/00b93151fa54f619ecf9c183d1fc9758"},"breadcrumb":{"@id":"https:\/\/radiounodigital.com\/web\/2020\/04\/19\/victor-nattero-presenta-sujetando-la-luna-de-a-dos-con-andres-monetti\/#breadcrumb"},"inLanguage":"es","potentialAction":[{"@type":"ReadAction","target":["https:\/\/radiounodigital.com\/web\/2020\/04\/19\/victor-nattero-presenta-sujetando-la-luna-de-a-dos-con-andres-monetti\/"]}]},{"@type":"ImageObject","inLanguage":"es","@id":"https:\/\/radiounodigital.com\/web\/2020\/04\/19\/victor-nattero-presenta-sujetando-la-luna-de-a-dos-con-andres-monetti\/#primaryimage","url":"https:\/\/radiounodigital.com\/web\/wp-content\/uploads\/2020\/04\/victor-andres-DOS.jpg","contentUrl":"https:\/\/radiounodigital.com\/web\/wp-content\/uploads\/2020\/04\/victor-andres-DOS.jpg","width":1280,"height":720},{"@type":"BreadcrumbList","@id":"https:\/\/radiounodigital.com\/web\/2020\/04\/19\/victor-nattero-presenta-sujetando-la-luna-de-a-dos-con-andres-monetti\/#breadcrumb","itemListElement":[{"@type":"ListItem","position":1,"name":"Home","item":"https:\/\/radiounodigital.com\/web\/"},{"@type":"ListItem","position":2,"name":"Victor Nattero presenta Sujetando la luna\u00bb de a DOS con Andr\u00e9s Monetti"}]},{"@type":"WebSite","@id":"https:\/\/radiounodigital.com\/web\/#website","url":"https:\/\/radiounodigital.com\/web\/","name":"Radio UNO Digital","description":"Donde la cultura del rock se siente","potentialAction":[{"@type":"SearchAction","target":{"@type":"EntryPoint","urlTemplate":"https:\/\/radiounodigital.com\/web\/?s={search_term_string}"},"query-input":{"@type":"PropertyValueSpecification","valueRequired":true,"valueName":"search_term_string"}}],"inLanguage":"es"},{"@type":"Person","@id":"https:\/\/radiounodigital.com\/web\/#\/schema\/person\/00b93151fa54f619ecf9c183d1fc9758","name":"diegoc","image":{"@type":"ImageObject","inLanguage":"es","@id":"https:\/\/secure.gravatar.com\/avatar\/0a67041d44c702fb0660d81a5a32c7ce6007341cf92afeb718b75883bf415864?s=96&d=blank&r=g","url":"https:\/\/secure.gravatar.com\/avatar\/0a67041d44c702fb0660d81a5a32c7ce6007341cf92afeb718b75883bf415864?s=96&d=blank&r=g","contentUrl":"https:\/\/secure.gravatar.com\/avatar\/0a67041d44c702fb0660d81a5a32c7ce6007341cf92afeb718b75883bf415864?s=96&d=blank&r=g","caption":"diegoc"},"url":"https:\/\/radiounodigital.com\/web\/author\/diegoc\/"}]}},"_links":{"self":[{"href":"https:\/\/radiounodigital.com\/web\/wp-json\/wp\/v2\/posts\/3787","targetHints":{"allow":["GET"]}}],"collection":[{"href":"https:\/\/radiounodigital.com\/web\/wp-json\/wp\/v2\/posts"}],"about":[{"href":"https:\/\/radiounodigital.com\/web\/wp-json\/wp\/v2\/types\/post"}],"author":[{"embeddable":true,"href":"https:\/\/radiounodigital.com\/web\/wp-json\/wp\/v2\/users\/1"}],"replies":[{"embeddable":true,"href":"https:\/\/radiounodigital.com\/web\/wp-json\/wp\/v2\/comments?post=3787"}],"version-history":[{"count":1,"href":"https:\/\/radiounodigital.com\/web\/wp-json\/wp\/v2\/posts\/3787\/revisions"}],"predecessor-version":[{"id":3790,"href":"https:\/\/radiounodigital.com\/web\/wp-json\/wp\/v2\/posts\/3787\/revisions\/3790"}],"wp:featuredmedia":[{"embeddable":true,"href":"https:\/\/radiounodigital.com\/web\/wp-json\/wp\/v2\/media\/3789"}],"wp:attachment":[{"href":"https:\/\/radiounodigital.com\/web\/wp-json\/wp\/v2\/media?parent=3787"}],"wp:term":[{"taxonomy":"category","embeddable":true,"href":"https:\/\/radiounodigital.com\/web\/wp-json\/wp\/v2\/categories?post=3787"},{"taxonomy":"post_tag","embeddable":true,"href":"https:\/\/radiounodigital.com\/web\/wp-json\/wp\/v2\/tags?post=3787"}],"curies":[{"name":"wp","href":"https:\/\/api.w.org\/{rel}","templated":true}]}}