{"id":3870,"date":"2020-05-08T17:30:51","date_gmt":"2020-05-08T17:30:51","guid":{"rendered":"https:\/\/radiounodigital.com\/web\/?p=3870"},"modified":"2020-05-08T17:47:08","modified_gmt":"2020-05-08T17:47:08","slug":"vuelve-led-zeppelin-y-el-rock-de-los-70-de-la-mano-de-greta-van-fleet-quienes-son","status":"publish","type":"post","link":"https:\/\/radiounodigital.com\/web\/2020\/05\/08\/vuelve-led-zeppelin-y-el-rock-de-los-70-de-la-mano-de-greta-van-fleet-quienes-son\/","title":{"rendered":"Vuelve Led Zeppelin y el rock de los 70 de la mano de Greta Van Fleet. \u00bfQuienes son?"},"content":{"rendered":"<h3>Greta Van Fleet proviene de la ciudad de Detroit y tienen un aire tan similar al de Led Zeppelin que algunos podr\u00edan considerarlos plagio o unos brillantes imitadores.<\/h3>\n<p><img loading=\"lazy\" decoding=\"async\" class=\"aligncenter size-full wp-image-3872\" src=\"https:\/\/radiounodigital.com\/web\/wp-content\/uploads\/2020\/05\/Greta-kAIH-620x349@abc.jpg\" alt=\"\" width=\"620\" height=\"349\" srcset=\"https:\/\/radiounodigital.com\/web\/wp-content\/uploads\/2020\/05\/Greta-kAIH-620x349@abc.jpg 620w, https:\/\/radiounodigital.com\/web\/wp-content\/uploads\/2020\/05\/Greta-kAIH-620x349@abc-300x169.jpg 300w\" sizes=\"auto, (max-width: 620px) 100vw, 620px\" \/><\/p>\n<p>A esta altura, esta banda de veintea\u00f1eros ya tiene dos discos publicados, y reconozco que me llam\u00f3 la atenci\u00f3n cuando le\u00ed sobre su similitud con Led Zeppelin, pero m\u00e1s sorprendido quede cuando los escuche por primera vez.<\/p>\n<p>Algunos cr\u00edticos han opinado que es un nuevo fen\u00f3meno del rock setentero que est\u00e1 creciendo a la sombra de Led Zeppelin, pero por el contrario, creemos que crece con la luz que a\u00fan brilla fuerte de la legendaria banda brit\u00e1nica. Y si algo es prueba de ello, esto es lo que dijo Robert Plant el a\u00f1o pasado en una entrevista <em>\u00abHay una banda en Detroit llamada Greta Van Fleet: son Led Zeppelin I, con un bonito y peque\u00f1o cantante, \u00a1los odio! \u00a1Ese muchacho pidi\u00f3 prestado algo de alguien al que conozco muy bien!\u00bb,\u00a0<\/em><\/p>\n<p>&nbsp;<\/p>\n<p><iframe loading=\"lazy\" src=\"https:\/\/www.youtube.com\/embed\/aJg4OJxp-co\" width=\"560\" height=\"315\" frameborder=\"0\" allowfullscreen=\"allowfullscreen\"><\/iframe><br \/>\n<iframe loading=\"lazy\" src=\"https:\/\/open.spotify.com\/embed\/album\/6uSnHSIBGKUiW1uKQLYZ7w\" width=\"500\" height=\"380\" frameborder=\"0\"><span data-mce-type=\"bookmark\" style=\"display: inline-block; width: 0px; overflow: hidden; line-height: 0;\" class=\"mce_SELRES_start\">\ufeff<\/span><span data-mce-type=\"bookmark\" style=\"display: inline-block; width: 0px; overflow: hidden; line-height: 0;\" class=\"mce_SELRES_start\">\ufeff<\/span><\/iframe><\/p>\n<p>De los dos \u00e1lbumes que llevan publicados, el primero es resumen de dos EP, en donde dejan bien en claro los s\u00f3lidos principios de su est\u00e9tica musical y f\u00edsica: melenas, pechos al aire libre, pantalones coloridos, vestimenta hippie, y, unos riff de guitarras muy potentes, sumado a los aullidos que rozan la perfecci\u00f3n del estilo Plant en sus a\u00f1os mozos.\u00a0 Muy lejos de copiar componen m\u00e1s que aceptables registros propios.<\/p>\n<p><iframe loading=\"lazy\" src=\"https:\/\/open.spotify.com\/embed\/album\/7zeCZY6rQRufc8IHGKyXGX\" width=\"500\" height=\"440\" frameborder=\"0\"><span data-mce-type=\"bookmark\" style=\"display: inline-block; width: 0px; overflow: hidden; line-height: 0;\" class=\"mce_SELRES_start\">\ufeff<\/span><span data-mce-type=\"bookmark\" style=\"display: inline-block; width: 0px; overflow: hidden; line-height: 0;\" class=\"mce_SELRES_start\">\ufeff<\/span><span data-mce-type=\"bookmark\" style=\"display: inline-block; width: 0px; overflow: hidden; line-height: 0;\" class=\"mce_SELRES_start\">\ufeff<\/span><\/iframe><\/p>\n<p>Por si son perezosos de busca informaci\u00f3n en la red, me animo a tirarles algunos datos. La banda esta formada por tres hermanos, dos de ellos gemelos, uno haciendo de Robert Plant mucho mejor que el de una banda tributo y el otro representa a Jimmy Page, m\u00e1s el tercer hermano en bater\u00eda (que nadie se anima a compararlo con Bonzo) y un amigo en el bajo que tampoco es John Paul Jones. La influencia proviene nada m\u00e1s ni menos que del padre de los tres hermanos, que toca la guitarra, un enfermo fan enloquecido de los setenta, y claro, de Led Zeppelin.<\/p>\n<div class=\"fb-background-color\">\n\t\t\t  <div \n\t\t\t  \tclass = \"fb-comments\" \n\t\t\t  \tdata-href = \"https:\/\/radiounodigital.com\/web\/2020\/05\/08\/vuelve-led-zeppelin-y-el-rock-de-los-70-de-la-mano-de-greta-van-fleet-quienes-son\/\"\n\t\t\t  \tdata-numposts = \"10\"\n\t\t\t  \tdata-lazy = \"true\"\n\t\t\t\tdata-colorscheme = \"dark\"\n\t\t\t\tdata-order-by = \"reverse_time\"\n\t\t\t\tdata-mobile=true>\n\t\t\t  <\/div><\/div>\n\t\t  <style>\n\t\t    .fb-background-color {\n\t\t\t\tbackground: #ffffff !important;\n\t\t\t}\n\t\t\t.fb_iframe_widget_fluid_desktop iframe {\n\t\t\t    width: 100% !important;\n\t\t\t}\n\t\t  <\/style>\n\t\t  ","protected":false},"excerpt":{"rendered":"<p>Greta Van Fleet proviene de la ciudad de Detroit y tienen un aire tan similar al de Led Zeppelin que algunos podr\u00edan considerarlos plagio o unos brillantes imitadores. A esta altura, esta banda de veintea\u00f1eros ya tiene dos discos publicados, y reconozco que me llam\u00f3 la atenci\u00f3n cuando le\u00ed sobre su similitud con Led Zeppelin,&#8230; <a href=\"https:\/\/radiounodigital.com\/web\/2020\/05\/08\/vuelve-led-zeppelin-y-el-rock-de-los-70-de-la-mano-de-greta-van-fleet-quienes-son\/\" class=\"excerpt-read-more\">Read More<\/a><\/p>\n","protected":false},"author":1,"featured_media":3873,"comment_status":"open","ping_status":"open","sticky":false,"template":"","format":"standard","meta":{"footnotes":""},"categories":[180,127],"tags":[875,873,588,222,874,143],"class_list":["post-3870","post","type-post","status-publish","format-standard","has-post-thumbnail","hentry","category-news","category-rock","tag-70s","tag-greta-van-fleet","tag-jimmy-page","tag-led-zeppelin","tag-robert-plant","tag-rock"],"yoast_head":"<!-- This site is optimized with the Yoast SEO plugin v27.5 - https:\/\/yoast.com\/product\/yoast-seo-wordpress\/ -->\n<title>Vuelve Led Zeppelin y el rock de los 70 de la mano de Greta Van Fleet. \u00bfQuienes son? - Radio UNO Digital<\/title>\n<meta name=\"robots\" content=\"index, follow, max-snippet:-1, max-image-preview:large, max-video-preview:-1\" \/>\n<link rel=\"canonical\" href=\"https:\/\/radiounodigital.com\/web\/2020\/05\/08\/vuelve-led-zeppelin-y-el-rock-de-los-70-de-la-mano-de-greta-van-fleet-quienes-son\/\" \/>\n<meta property=\"og:locale\" content=\"es_ES\" \/>\n<meta property=\"og:type\" content=\"article\" \/>\n<meta property=\"og:title\" content=\"Vuelve Led Zeppelin y el rock de los 70 de la mano de Greta Van Fleet. \u00bfQuienes son? - Radio UNO Digital\" \/>\n<meta property=\"og:description\" content=\"Greta Van Fleet proviene de la ciudad de Detroit y tienen un aire tan similar al de Led Zeppelin que algunos podr\u00edan considerarlos plagio o unos brillantes imitadores. A esta altura, esta banda de veintea\u00f1eros ya tiene dos discos publicados, y reconozco que me llam\u00f3 la atenci\u00f3n cuando le\u00ed sobre su similitud con Led Zeppelin,... Read More\" \/>\n<meta property=\"og:url\" content=\"https:\/\/radiounodigital.com\/web\/2020\/05\/08\/vuelve-led-zeppelin-y-el-rock-de-los-70-de-la-mano-de-greta-van-fleet-quienes-son\/\" \/>\n<meta property=\"og:site_name\" content=\"Radio UNO Digital\" \/>\n<meta property=\"article:published_time\" content=\"2020-05-08T17:30:51+00:00\" \/>\n<meta property=\"article:modified_time\" content=\"2020-05-08T17:47:08+00:00\" \/>\n<meta property=\"og:image\" content=\"https:\/\/radiounodigital.com\/web\/wp-content\/uploads\/2020\/05\/gretavanfleet_previa.jpg\" \/>\n\t<meta property=\"og:image:width\" content=\"696\" \/>\n\t<meta property=\"og:image:height\" content=\"442\" \/>\n\t<meta property=\"og:image:type\" content=\"image\/jpeg\" \/>\n<meta name=\"author\" content=\"diegoc\" \/>\n<meta name=\"twitter:card\" content=\"summary_large_image\" \/>\n<meta name=\"twitter:label1\" content=\"Escrito por\" \/>\n\t<meta name=\"twitter:data1\" content=\"diegoc\" \/>\n\t<meta name=\"twitter:label2\" content=\"Tiempo de lectura\" \/>\n\t<meta name=\"twitter:data2\" content=\"2 minutos\" \/>\n<script type=\"application\/ld+json\" class=\"yoast-schema-graph\">{\"@context\":\"https:\\\/\\\/schema.org\",\"@graph\":[{\"@type\":\"Article\",\"@id\":\"https:\\\/\\\/radiounodigital.com\\\/web\\\/2020\\\/05\\\/08\\\/vuelve-led-zeppelin-y-el-rock-de-los-70-de-la-mano-de-greta-van-fleet-quienes-son\\\/#article\",\"isPartOf\":{\"@id\":\"https:\\\/\\\/radiounodigital.com\\\/web\\\/2020\\\/05\\\/08\\\/vuelve-led-zeppelin-y-el-rock-de-los-70-de-la-mano-de-greta-van-fleet-quienes-son\\\/\"},\"author\":{\"name\":\"diegoc\",\"@id\":\"https:\\\/\\\/radiounodigital.com\\\/web\\\/#\\\/schema\\\/person\\\/00b93151fa54f619ecf9c183d1fc9758\"},\"headline\":\"Vuelve Led Zeppelin y el rock de los 70 de la mano de Greta Van Fleet. \u00bfQuienes son?\",\"datePublished\":\"2020-05-08T17:30:51+00:00\",\"dateModified\":\"2020-05-08T17:47:08+00:00\",\"mainEntityOfPage\":{\"@id\":\"https:\\\/\\\/radiounodigital.com\\\/web\\\/2020\\\/05\\\/08\\\/vuelve-led-zeppelin-y-el-rock-de-los-70-de-la-mano-de-greta-van-fleet-quienes-son\\\/\"},\"wordCount\":369,\"commentCount\":0,\"image\":{\"@id\":\"https:\\\/\\\/radiounodigital.com\\\/web\\\/2020\\\/05\\\/08\\\/vuelve-led-zeppelin-y-el-rock-de-los-70-de-la-mano-de-greta-van-fleet-quienes-son\\\/#primaryimage\"},\"thumbnailUrl\":\"https:\\\/\\\/radiounodigital.com\\\/web\\\/wp-content\\\/uploads\\\/2020\\\/05\\\/gretavanfleet_previa.jpg\",\"keywords\":[\"70s\",\"greta van fleet\",\"Jimmy Page\",\"led zeppelin\",\"robert plant\",\"rock\"],\"articleSection\":[\"news\",\"Rock\"],\"inLanguage\":\"es\",\"potentialAction\":[{\"@type\":\"CommentAction\",\"name\":\"Comment\",\"target\":[\"https:\\\/\\\/radiounodigital.com\\\/web\\\/2020\\\/05\\\/08\\\/vuelve-led-zeppelin-y-el-rock-de-los-70-de-la-mano-de-greta-van-fleet-quienes-son\\\/#respond\"]}]},{\"@type\":\"WebPage\",\"@id\":\"https:\\\/\\\/radiounodigital.com\\\/web\\\/2020\\\/05\\\/08\\\/vuelve-led-zeppelin-y-el-rock-de-los-70-de-la-mano-de-greta-van-fleet-quienes-son\\\/\",\"url\":\"https:\\\/\\\/radiounodigital.com\\\/web\\\/2020\\\/05\\\/08\\\/vuelve-led-zeppelin-y-el-rock-de-los-70-de-la-mano-de-greta-van-fleet-quienes-son\\\/\",\"name\":\"Vuelve Led Zeppelin y el rock de los 70 de la mano de Greta Van Fleet. \u00bfQuienes son? - Radio UNO Digital\",\"isPartOf\":{\"@id\":\"https:\\\/\\\/radiounodigital.com\\\/web\\\/#website\"},\"primaryImageOfPage\":{\"@id\":\"https:\\\/\\\/radiounodigital.com\\\/web\\\/2020\\\/05\\\/08\\\/vuelve-led-zeppelin-y-el-rock-de-los-70-de-la-mano-de-greta-van-fleet-quienes-son\\\/#primaryimage\"},\"image\":{\"@id\":\"https:\\\/\\\/radiounodigital.com\\\/web\\\/2020\\\/05\\\/08\\\/vuelve-led-zeppelin-y-el-rock-de-los-70-de-la-mano-de-greta-van-fleet-quienes-son\\\/#primaryimage\"},\"thumbnailUrl\":\"https:\\\/\\\/radiounodigital.com\\\/web\\\/wp-content\\\/uploads\\\/2020\\\/05\\\/gretavanfleet_previa.jpg\",\"datePublished\":\"2020-05-08T17:30:51+00:00\",\"dateModified\":\"2020-05-08T17:47:08+00:00\",\"author\":{\"@id\":\"https:\\\/\\\/radiounodigital.com\\\/web\\\/#\\\/schema\\\/person\\\/00b93151fa54f619ecf9c183d1fc9758\"},\"breadcrumb\":{\"@id\":\"https:\\\/\\\/radiounodigital.com\\\/web\\\/2020\\\/05\\\/08\\\/vuelve-led-zeppelin-y-el-rock-de-los-70-de-la-mano-de-greta-van-fleet-quienes-son\\\/#breadcrumb\"},\"inLanguage\":\"es\",\"potentialAction\":[{\"@type\":\"ReadAction\",\"target\":[\"https:\\\/\\\/radiounodigital.com\\\/web\\\/2020\\\/05\\\/08\\\/vuelve-led-zeppelin-y-el-rock-de-los-70-de-la-mano-de-greta-van-fleet-quienes-son\\\/\"]}]},{\"@type\":\"ImageObject\",\"inLanguage\":\"es\",\"@id\":\"https:\\\/\\\/radiounodigital.com\\\/web\\\/2020\\\/05\\\/08\\\/vuelve-led-zeppelin-y-el-rock-de-los-70-de-la-mano-de-greta-van-fleet-quienes-son\\\/#primaryimage\",\"url\":\"https:\\\/\\\/radiounodigital.com\\\/web\\\/wp-content\\\/uploads\\\/2020\\\/05\\\/gretavanfleet_previa.jpg\",\"contentUrl\":\"https:\\\/\\\/radiounodigital.com\\\/web\\\/wp-content\\\/uploads\\\/2020\\\/05\\\/gretavanfleet_previa.jpg\",\"width\":696,\"height\":442,\"caption\":\"BARCELONA, SPAIN - NOVEMBER 26: (L-R) Josh Kiszka, Sam Kiszka, Danny Wagner and Jake Kiszka of Greta Van Fleet perform on stage at Sant Jordi Club on November 26, 2019 in Barcelona, Spain. (Photo by Jordi Vidal\\\/WireImage)\"},{\"@type\":\"BreadcrumbList\",\"@id\":\"https:\\\/\\\/radiounodigital.com\\\/web\\\/2020\\\/05\\\/08\\\/vuelve-led-zeppelin-y-el-rock-de-los-70-de-la-mano-de-greta-van-fleet-quienes-son\\\/#breadcrumb\",\"itemListElement\":[{\"@type\":\"ListItem\",\"position\":1,\"name\":\"Home\",\"item\":\"https:\\\/\\\/radiounodigital.com\\\/web\\\/\"},{\"@type\":\"ListItem\",\"position\":2,\"name\":\"Vuelve Led Zeppelin y el rock de los 70 de la mano de Greta Van Fleet. \u00bfQuienes son?\"}]},{\"@type\":\"WebSite\",\"@id\":\"https:\\\/\\\/radiounodigital.com\\\/web\\\/#website\",\"url\":\"https:\\\/\\\/radiounodigital.com\\\/web\\\/\",\"name\":\"Radio UNO Digital\",\"description\":\"Donde la cultura del rock se siente\",\"potentialAction\":[{\"@type\":\"SearchAction\",\"target\":{\"@type\":\"EntryPoint\",\"urlTemplate\":\"https:\\\/\\\/radiounodigital.com\\\/web\\\/?s={search_term_string}\"},\"query-input\":{\"@type\":\"PropertyValueSpecification\",\"valueRequired\":true,\"valueName\":\"search_term_string\"}}],\"inLanguage\":\"es\"},{\"@type\":\"Person\",\"@id\":\"https:\\\/\\\/radiounodigital.com\\\/web\\\/#\\\/schema\\\/person\\\/00b93151fa54f619ecf9c183d1fc9758\",\"name\":\"diegoc\",\"image\":{\"@type\":\"ImageObject\",\"inLanguage\":\"es\",\"@id\":\"https:\\\/\\\/secure.gravatar.com\\\/avatar\\\/0a67041d44c702fb0660d81a5a32c7ce6007341cf92afeb718b75883bf415864?s=96&d=blank&r=g\",\"url\":\"https:\\\/\\\/secure.gravatar.com\\\/avatar\\\/0a67041d44c702fb0660d81a5a32c7ce6007341cf92afeb718b75883bf415864?s=96&d=blank&r=g\",\"contentUrl\":\"https:\\\/\\\/secure.gravatar.com\\\/avatar\\\/0a67041d44c702fb0660d81a5a32c7ce6007341cf92afeb718b75883bf415864?s=96&d=blank&r=g\",\"caption\":\"diegoc\"},\"url\":\"https:\\\/\\\/radiounodigital.com\\\/web\\\/author\\\/diegoc\\\/\"}]}<\/script>\n<!-- \/ Yoast SEO plugin. -->","yoast_head_json":{"title":"Vuelve Led Zeppelin y el rock de los 70 de la mano de Greta Van Fleet. \u00bfQuienes son? - Radio UNO Digital","robots":{"index":"index","follow":"follow","max-snippet":"max-snippet:-1","max-image-preview":"max-image-preview:large","max-video-preview":"max-video-preview:-1"},"canonical":"https:\/\/radiounodigital.com\/web\/2020\/05\/08\/vuelve-led-zeppelin-y-el-rock-de-los-70-de-la-mano-de-greta-van-fleet-quienes-son\/","og_locale":"es_ES","og_type":"article","og_title":"Vuelve Led Zeppelin y el rock de los 70 de la mano de Greta Van Fleet. \u00bfQuienes son? - Radio UNO Digital","og_description":"Greta Van Fleet proviene de la ciudad de Detroit y tienen un aire tan similar al de Led Zeppelin que algunos podr\u00edan considerarlos plagio o unos brillantes imitadores. A esta altura, esta banda de veintea\u00f1eros ya tiene dos discos publicados, y reconozco que me llam\u00f3 la atenci\u00f3n cuando le\u00ed sobre su similitud con Led Zeppelin,... Read More","og_url":"https:\/\/radiounodigital.com\/web\/2020\/05\/08\/vuelve-led-zeppelin-y-el-rock-de-los-70-de-la-mano-de-greta-van-fleet-quienes-son\/","og_site_name":"Radio UNO Digital","article_published_time":"2020-05-08T17:30:51+00:00","article_modified_time":"2020-05-08T17:47:08+00:00","og_image":[{"width":696,"height":442,"url":"https:\/\/radiounodigital.com\/web\/wp-content\/uploads\/2020\/05\/gretavanfleet_previa.jpg","type":"image\/jpeg"}],"author":"diegoc","twitter_card":"summary_large_image","twitter_misc":{"Escrito por":"diegoc","Tiempo de lectura":"2 minutos"},"schema":{"@context":"https:\/\/schema.org","@graph":[{"@type":"Article","@id":"https:\/\/radiounodigital.com\/web\/2020\/05\/08\/vuelve-led-zeppelin-y-el-rock-de-los-70-de-la-mano-de-greta-van-fleet-quienes-son\/#article","isPartOf":{"@id":"https:\/\/radiounodigital.com\/web\/2020\/05\/08\/vuelve-led-zeppelin-y-el-rock-de-los-70-de-la-mano-de-greta-van-fleet-quienes-son\/"},"author":{"name":"diegoc","@id":"https:\/\/radiounodigital.com\/web\/#\/schema\/person\/00b93151fa54f619ecf9c183d1fc9758"},"headline":"Vuelve Led Zeppelin y el rock de los 70 de la mano de Greta Van Fleet. \u00bfQuienes son?","datePublished":"2020-05-08T17:30:51+00:00","dateModified":"2020-05-08T17:47:08+00:00","mainEntityOfPage":{"@id":"https:\/\/radiounodigital.com\/web\/2020\/05\/08\/vuelve-led-zeppelin-y-el-rock-de-los-70-de-la-mano-de-greta-van-fleet-quienes-son\/"},"wordCount":369,"commentCount":0,"image":{"@id":"https:\/\/radiounodigital.com\/web\/2020\/05\/08\/vuelve-led-zeppelin-y-el-rock-de-los-70-de-la-mano-de-greta-van-fleet-quienes-son\/#primaryimage"},"thumbnailUrl":"https:\/\/radiounodigital.com\/web\/wp-content\/uploads\/2020\/05\/gretavanfleet_previa.jpg","keywords":["70s","greta van fleet","Jimmy Page","led zeppelin","robert plant","rock"],"articleSection":["news","Rock"],"inLanguage":"es","potentialAction":[{"@type":"CommentAction","name":"Comment","target":["https:\/\/radiounodigital.com\/web\/2020\/05\/08\/vuelve-led-zeppelin-y-el-rock-de-los-70-de-la-mano-de-greta-van-fleet-quienes-son\/#respond"]}]},{"@type":"WebPage","@id":"https:\/\/radiounodigital.com\/web\/2020\/05\/08\/vuelve-led-zeppelin-y-el-rock-de-los-70-de-la-mano-de-greta-van-fleet-quienes-son\/","url":"https:\/\/radiounodigital.com\/web\/2020\/05\/08\/vuelve-led-zeppelin-y-el-rock-de-los-70-de-la-mano-de-greta-van-fleet-quienes-son\/","name":"Vuelve Led Zeppelin y el rock de los 70 de la mano de Greta Van Fleet. \u00bfQuienes son? - Radio UNO Digital","isPartOf":{"@id":"https:\/\/radiounodigital.com\/web\/#website"},"primaryImageOfPage":{"@id":"https:\/\/radiounodigital.com\/web\/2020\/05\/08\/vuelve-led-zeppelin-y-el-rock-de-los-70-de-la-mano-de-greta-van-fleet-quienes-son\/#primaryimage"},"image":{"@id":"https:\/\/radiounodigital.com\/web\/2020\/05\/08\/vuelve-led-zeppelin-y-el-rock-de-los-70-de-la-mano-de-greta-van-fleet-quienes-son\/#primaryimage"},"thumbnailUrl":"https:\/\/radiounodigital.com\/web\/wp-content\/uploads\/2020\/05\/gretavanfleet_previa.jpg","datePublished":"2020-05-08T17:30:51+00:00","dateModified":"2020-05-08T17:47:08+00:00","author":{"@id":"https:\/\/radiounodigital.com\/web\/#\/schema\/person\/00b93151fa54f619ecf9c183d1fc9758"},"breadcrumb":{"@id":"https:\/\/radiounodigital.com\/web\/2020\/05\/08\/vuelve-led-zeppelin-y-el-rock-de-los-70-de-la-mano-de-greta-van-fleet-quienes-son\/#breadcrumb"},"inLanguage":"es","potentialAction":[{"@type":"ReadAction","target":["https:\/\/radiounodigital.com\/web\/2020\/05\/08\/vuelve-led-zeppelin-y-el-rock-de-los-70-de-la-mano-de-greta-van-fleet-quienes-son\/"]}]},{"@type":"ImageObject","inLanguage":"es","@id":"https:\/\/radiounodigital.com\/web\/2020\/05\/08\/vuelve-led-zeppelin-y-el-rock-de-los-70-de-la-mano-de-greta-van-fleet-quienes-son\/#primaryimage","url":"https:\/\/radiounodigital.com\/web\/wp-content\/uploads\/2020\/05\/gretavanfleet_previa.jpg","contentUrl":"https:\/\/radiounodigital.com\/web\/wp-content\/uploads\/2020\/05\/gretavanfleet_previa.jpg","width":696,"height":442,"caption":"BARCELONA, SPAIN - NOVEMBER 26: (L-R) Josh Kiszka, Sam Kiszka, Danny Wagner and Jake Kiszka of Greta Van Fleet perform on stage at Sant Jordi Club on November 26, 2019 in Barcelona, Spain. (Photo by Jordi Vidal\/WireImage)"},{"@type":"BreadcrumbList","@id":"https:\/\/radiounodigital.com\/web\/2020\/05\/08\/vuelve-led-zeppelin-y-el-rock-de-los-70-de-la-mano-de-greta-van-fleet-quienes-son\/#breadcrumb","itemListElement":[{"@type":"ListItem","position":1,"name":"Home","item":"https:\/\/radiounodigital.com\/web\/"},{"@type":"ListItem","position":2,"name":"Vuelve Led Zeppelin y el rock de los 70 de la mano de Greta Van Fleet. \u00bfQuienes son?"}]},{"@type":"WebSite","@id":"https:\/\/radiounodigital.com\/web\/#website","url":"https:\/\/radiounodigital.com\/web\/","name":"Radio UNO Digital","description":"Donde la cultura del rock se siente","potentialAction":[{"@type":"SearchAction","target":{"@type":"EntryPoint","urlTemplate":"https:\/\/radiounodigital.com\/web\/?s={search_term_string}"},"query-input":{"@type":"PropertyValueSpecification","valueRequired":true,"valueName":"search_term_string"}}],"inLanguage":"es"},{"@type":"Person","@id":"https:\/\/radiounodigital.com\/web\/#\/schema\/person\/00b93151fa54f619ecf9c183d1fc9758","name":"diegoc","image":{"@type":"ImageObject","inLanguage":"es","@id":"https:\/\/secure.gravatar.com\/avatar\/0a67041d44c702fb0660d81a5a32c7ce6007341cf92afeb718b75883bf415864?s=96&d=blank&r=g","url":"https:\/\/secure.gravatar.com\/avatar\/0a67041d44c702fb0660d81a5a32c7ce6007341cf92afeb718b75883bf415864?s=96&d=blank&r=g","contentUrl":"https:\/\/secure.gravatar.com\/avatar\/0a67041d44c702fb0660d81a5a32c7ce6007341cf92afeb718b75883bf415864?s=96&d=blank&r=g","caption":"diegoc"},"url":"https:\/\/radiounodigital.com\/web\/author\/diegoc\/"}]}},"_links":{"self":[{"href":"https:\/\/radiounodigital.com\/web\/wp-json\/wp\/v2\/posts\/3870","targetHints":{"allow":["GET"]}}],"collection":[{"href":"https:\/\/radiounodigital.com\/web\/wp-json\/wp\/v2\/posts"}],"about":[{"href":"https:\/\/radiounodigital.com\/web\/wp-json\/wp\/v2\/types\/post"}],"author":[{"embeddable":true,"href":"https:\/\/radiounodigital.com\/web\/wp-json\/wp\/v2\/users\/1"}],"replies":[{"embeddable":true,"href":"https:\/\/radiounodigital.com\/web\/wp-json\/wp\/v2\/comments?post=3870"}],"version-history":[{"count":2,"href":"https:\/\/radiounodigital.com\/web\/wp-json\/wp\/v2\/posts\/3870\/revisions"}],"predecessor-version":[{"id":3874,"href":"https:\/\/radiounodigital.com\/web\/wp-json\/wp\/v2\/posts\/3870\/revisions\/3874"}],"wp:featuredmedia":[{"embeddable":true,"href":"https:\/\/radiounodigital.com\/web\/wp-json\/wp\/v2\/media\/3873"}],"wp:attachment":[{"href":"https:\/\/radiounodigital.com\/web\/wp-json\/wp\/v2\/media?parent=3870"}],"wp:term":[{"taxonomy":"category","embeddable":true,"href":"https:\/\/radiounodigital.com\/web\/wp-json\/wp\/v2\/categories?post=3870"},{"taxonomy":"post_tag","embeddable":true,"href":"https:\/\/radiounodigital.com\/web\/wp-json\/wp\/v2\/tags?post=3870"}],"curies":[{"name":"wp","href":"https:\/\/api.w.org\/{rel}","templated":true}]}}