{"id":3990,"date":"2020-06-01T19:13:15","date_gmt":"2020-06-01T19:13:15","guid":{"rendered":"https:\/\/radiounodigital.com\/web\/?p=3990"},"modified":"2020-06-01T19:13:15","modified_gmt":"2020-06-01T19:13:15","slug":"spacex-astronauts-rocks","status":"publish","type":"post","link":"https:\/\/radiounodigital.com\/web\/2020\/06\/01\/spacex-astronauts-rocks\/","title":{"rendered":"SpaceX astronauts Rocks"},"content":{"rendered":"<h3>Bob Behnken y Doug Hurley se prepararon para el lanzamiento de SpaceX con AC\/DC, y recibieron una llamada de atenci\u00f3n de Black Sabbath antes del procedimiento de acoplamiento con la estaci\u00f3n espacial internacional.<\/h3>\n<p><iframe loading=\"lazy\" src=\"https:\/\/www.youtube.com\/embed\/22BXPLkyocw\" width=\"560\" height=\"315\" frameborder=\"0\" allowfullscreen=\"allowfullscreen\"><\/iframe><\/p>\n<p>El s\u00e1bado, SpaceX hizo historia cuando lanzaron a los astronautas a la \u00f3rbita por primera vez.<\/p>\n<p>Los astronautas de la NASA Bob Behnken y Doug Hurley estaban a bordo de la c\u00e1psula Crew Dragon en la parte superior del cohete Falcon 9 cuando despeg\u00f3 del Centro Espacial Kennedy de la NASA.<\/p>\n<p>El lanzamiento del s\u00e1bado se produjo despu\u00e9s de que el mal tiempo impidi\u00f3 el despegue inicial el 27 de mayo. Se supo que en su camino a la plataforma de lanzamiento el mi\u00e9rcoles pasado, la pareja ten\u00eda una lista de reproducci\u00f3n que inclu\u00eda el cl\u00e1sico de <a href=\"http:\/\/acdc.com\">AC\/DC<\/a> Back In Black.<\/p>\n<p>&nbsp;<\/p>\n<p><iframe loading=\"lazy\" src=\"https:\/\/www.youtube.com\/embed\/pAgnJDJN4VA\" width=\"560\" height=\"315\" frameborder=\"0\" allowfullscreen=\"allowfullscreen\"><\/iframe><\/p>\n<p>&nbsp;<\/p>\n<p>La comentarista de SpaceX Lauren Lyons explic\u00f3 que Behnken y Hurley eligieron la pista porque hab\u00edan pasado nueve a\u00f1os desde. Que los astronautas se lanzaron desde la plataforma de lanzamiento 39A en la instalaci\u00f3n para se\u00f1alar que \u00abest\u00e1n de regreso\u00bb, seg\u00fan <a href=\"http:\/\/space.com\">Space.com.<\/a><\/p>\n<p>Solo podemos suponer que se utiliz\u00f3 la misma lista de reproducci\u00f3n cuando los astronautas se prepararon para el lanzamiento del s\u00e1bado.<\/p>\n<p>Tambi\u00e9n se supo que el domingo, antes del procedimiento de acoplamiento de la c\u00e1psula con la Estaci\u00f3n Espacial Internacional. Behnken y Hurley fueron despertados por los suaves y psicod\u00e9licos sonidos de Caravan Planet de Black Sabbath. Space.com dice que la canci\u00f3n fue elegida espec\u00edficamente por la pareja, ya que son grandes fan\u00e1ticos de la banda brit\u00e1nica.<\/p>\n<p>&nbsp;<\/p>\n<p><iframe loading=\"lazy\" src=\"https:\/\/www.youtube.com\/embed\/Vu9eQmGc1SY\" width=\"560\" height=\"315\" frameborder=\"0\" allowfullscreen=\"allowfullscreen\"><\/iframe><\/p>\n<p>Se espera que Behnken y Hurley pasen hasta cuatro meses a bordo de la EEI antes de regresar a casa.<\/p>\n<div class=\"fb-background-color\">\n\t\t\t  <div \n\t\t\t  \tclass = \"fb-comments\" \n\t\t\t  \tdata-href = \"https:\/\/radiounodigital.com\/web\/2020\/06\/01\/spacex-astronauts-rocks\/\"\n\t\t\t  \tdata-numposts = \"10\"\n\t\t\t  \tdata-lazy = \"true\"\n\t\t\t\tdata-colorscheme = \"dark\"\n\t\t\t\tdata-order-by = \"reverse_time\"\n\t\t\t\tdata-mobile=true>\n\t\t\t  <\/div><\/div>\n\t\t  <style>\n\t\t    .fb-background-color {\n\t\t\t\tbackground: #ffffff !important;\n\t\t\t}\n\t\t\t.fb_iframe_widget_fluid_desktop iframe {\n\t\t\t    width: 100% !important;\n\t\t\t}\n\t\t  <\/style>\n\t\t  ","protected":false},"excerpt":{"rendered":"<p>Bob Behnken y Doug Hurley se prepararon para el lanzamiento de SpaceX con AC\/DC, y recibieron una llamada de atenci\u00f3n de Black Sabbath antes del procedimiento de acoplamiento con la estaci\u00f3n espacial internacional. El s\u00e1bado, SpaceX hizo historia cuando lanzaron a los astronautas a la \u00f3rbita por primera vez. Los astronautas de la NASA Bob&#8230; <a href=\"https:\/\/radiounodigital.com\/web\/2020\/06\/01\/spacex-astronauts-rocks\/\" class=\"excerpt-read-more\">Read More<\/a><\/p>\n","protected":false},"author":1,"featured_media":3991,"comment_status":"open","ping_status":"open","sticky":false,"template":"","format":"standard","meta":{"footnotes":""},"categories":[180,128],"tags":[148,975,978,976,977,974],"class_list":["post-3990","post","type-post","status-publish","format-standard","has-post-thumbnail","hentry","category-news","category-rock-clasico","tag-ac-dc","tag-astronautas","tag-black-sabbath","tag-bob-behnken","tag-doug-hurley","tag-spacex"],"yoast_head":"<!-- This site is optimized with the Yoast SEO plugin v27.5 - https:\/\/yoast.com\/product\/yoast-seo-wordpress\/ -->\n<title>Astronautas de SpaceX rockean con AC\/DC - Radio UNO Digital<\/title>\n<meta name=\"description\" content=\"Bob Behnken y Doug Hurley se prepararon para el lanzamiento de SpaceX con AC\/DC y Black Sabbath el pasado s\u00e1bado con lograron lanzarse rumbo a la EEI.\" \/>\n<meta name=\"robots\" content=\"index, follow, max-snippet:-1, max-image-preview:large, max-video-preview:-1\" \/>\n<link rel=\"canonical\" href=\"https:\/\/radiounodigital.com\/web\/2020\/06\/01\/spacex-astronauts-rocks\/\" \/>\n<meta property=\"og:locale\" content=\"es_ES\" \/>\n<meta property=\"og:type\" content=\"article\" \/>\n<meta property=\"og:title\" content=\"Astronautas de SpaceX rockean con AC\/DC\" \/>\n<meta property=\"og:description\" content=\"Bob Behnken y Doug Hurley se prepararon para el lanzamiento de SpaceX con AC\/DC y Black Sabbath el pasado s\u00e1bado con lograron lanzarse rumbo a la EEI.\" \/>\n<meta property=\"og:url\" content=\"https:\/\/radiounodigital.com\/web\/2020\/06\/01\/spacex-astronauts-rocks\/\" \/>\n<meta property=\"og:site_name\" content=\"Radio UNO Digital\" \/>\n<meta property=\"article:published_time\" content=\"2020-06-01T19:13:15+00:00\" \/>\n<meta property=\"og:image\" content=\"https:\/\/radiounodigital.com\/web\/wp-content\/uploads\/2020\/06\/spackX-rocks.jpg\" \/>\n\t<meta property=\"og:image:width\" content=\"650\" \/>\n\t<meta property=\"og:image:height\" content=\"366\" \/>\n\t<meta property=\"og:image:type\" content=\"image\/jpeg\" \/>\n<meta name=\"author\" content=\"diegoc\" \/>\n<meta name=\"twitter:card\" content=\"summary_large_image\" \/>\n<meta name=\"twitter:title\" content=\"Astronautas de SpaceX rockean con AC\/DC\" \/>\n<meta name=\"twitter:description\" content=\"Bob Behnken y Doug Hurley se prepararon para el lanzamiento de SpaceX con AC\/DC y Black Sabbath el pasado s\u00e1bado con lograron lanzarse rumbo a la EEI.\" \/>\n<meta name=\"twitter:image\" content=\"https:\/\/radiounodigital.com\/web\/wp-content\/uploads\/2020\/06\/spackX-rocks.jpg\" \/>\n<meta name=\"twitter:label1\" content=\"Escrito por\" \/>\n\t<meta name=\"twitter:data1\" content=\"diegoc\" \/>\n\t<meta name=\"twitter:label2\" content=\"Tiempo de lectura\" \/>\n\t<meta name=\"twitter:data2\" content=\"2 minutos\" \/>\n<script type=\"application\/ld+json\" class=\"yoast-schema-graph\">{\"@context\":\"https:\\\/\\\/schema.org\",\"@graph\":[{\"@type\":\"Article\",\"@id\":\"https:\\\/\\\/radiounodigital.com\\\/web\\\/2020\\\/06\\\/01\\\/spacex-astronauts-rocks\\\/#article\",\"isPartOf\":{\"@id\":\"https:\\\/\\\/radiounodigital.com\\\/web\\\/2020\\\/06\\\/01\\\/spacex-astronauts-rocks\\\/\"},\"author\":{\"name\":\"diegoc\",\"@id\":\"https:\\\/\\\/radiounodigital.com\\\/web\\\/#\\\/schema\\\/person\\\/00b93151fa54f619ecf9c183d1fc9758\"},\"headline\":\"SpaceX astronauts Rocks\",\"datePublished\":\"2020-06-01T19:13:15+00:00\",\"mainEntityOfPage\":{\"@id\":\"https:\\\/\\\/radiounodigital.com\\\/web\\\/2020\\\/06\\\/01\\\/spacex-astronauts-rocks\\\/\"},\"wordCount\":308,\"commentCount\":0,\"image\":{\"@id\":\"https:\\\/\\\/radiounodigital.com\\\/web\\\/2020\\\/06\\\/01\\\/spacex-astronauts-rocks\\\/#primaryimage\"},\"thumbnailUrl\":\"https:\\\/\\\/radiounodigital.com\\\/web\\\/wp-content\\\/uploads\\\/2020\\\/06\\\/spackX-rocks.jpg\",\"keywords\":[\"AC\\\/DC\",\"astronautas\",\"black sabbath\",\"Bob Behnken\",\"Doug Hurley\",\"spacex\"],\"articleSection\":[\"news\",\"Rock Clasico\"],\"inLanguage\":\"es\",\"potentialAction\":[{\"@type\":\"CommentAction\",\"name\":\"Comment\",\"target\":[\"https:\\\/\\\/radiounodigital.com\\\/web\\\/2020\\\/06\\\/01\\\/spacex-astronauts-rocks\\\/#respond\"]}]},{\"@type\":\"WebPage\",\"@id\":\"https:\\\/\\\/radiounodigital.com\\\/web\\\/2020\\\/06\\\/01\\\/spacex-astronauts-rocks\\\/\",\"url\":\"https:\\\/\\\/radiounodigital.com\\\/web\\\/2020\\\/06\\\/01\\\/spacex-astronauts-rocks\\\/\",\"name\":\"Astronautas de SpaceX rockean con AC\\\/DC - Radio UNO Digital\",\"isPartOf\":{\"@id\":\"https:\\\/\\\/radiounodigital.com\\\/web\\\/#website\"},\"primaryImageOfPage\":{\"@id\":\"https:\\\/\\\/radiounodigital.com\\\/web\\\/2020\\\/06\\\/01\\\/spacex-astronauts-rocks\\\/#primaryimage\"},\"image\":{\"@id\":\"https:\\\/\\\/radiounodigital.com\\\/web\\\/2020\\\/06\\\/01\\\/spacex-astronauts-rocks\\\/#primaryimage\"},\"thumbnailUrl\":\"https:\\\/\\\/radiounodigital.com\\\/web\\\/wp-content\\\/uploads\\\/2020\\\/06\\\/spackX-rocks.jpg\",\"datePublished\":\"2020-06-01T19:13:15+00:00\",\"author\":{\"@id\":\"https:\\\/\\\/radiounodigital.com\\\/web\\\/#\\\/schema\\\/person\\\/00b93151fa54f619ecf9c183d1fc9758\"},\"description\":\"Bob Behnken y Doug Hurley se prepararon para el lanzamiento de SpaceX con AC\\\/DC y Black Sabbath el pasado s\u00e1bado con lograron lanzarse rumbo a la EEI.\",\"breadcrumb\":{\"@id\":\"https:\\\/\\\/radiounodigital.com\\\/web\\\/2020\\\/06\\\/01\\\/spacex-astronauts-rocks\\\/#breadcrumb\"},\"inLanguage\":\"es\",\"potentialAction\":[{\"@type\":\"ReadAction\",\"target\":[\"https:\\\/\\\/radiounodigital.com\\\/web\\\/2020\\\/06\\\/01\\\/spacex-astronauts-rocks\\\/\"]}]},{\"@type\":\"ImageObject\",\"inLanguage\":\"es\",\"@id\":\"https:\\\/\\\/radiounodigital.com\\\/web\\\/2020\\\/06\\\/01\\\/spacex-astronauts-rocks\\\/#primaryimage\",\"url\":\"https:\\\/\\\/radiounodigital.com\\\/web\\\/wp-content\\\/uploads\\\/2020\\\/06\\\/spackX-rocks.jpg\",\"contentUrl\":\"https:\\\/\\\/radiounodigital.com\\\/web\\\/wp-content\\\/uploads\\\/2020\\\/06\\\/spackX-rocks.jpg\",\"width\":650,\"height\":366,\"caption\":\"Bob Behnken and Doug Hurley (Image credit: Joe Raedle - Getty)\"},{\"@type\":\"BreadcrumbList\",\"@id\":\"https:\\\/\\\/radiounodigital.com\\\/web\\\/2020\\\/06\\\/01\\\/spacex-astronauts-rocks\\\/#breadcrumb\",\"itemListElement\":[{\"@type\":\"ListItem\",\"position\":1,\"name\":\"Home\",\"item\":\"https:\\\/\\\/radiounodigital.com\\\/web\\\/\"},{\"@type\":\"ListItem\",\"position\":2,\"name\":\"SpaceX astronauts Rocks\"}]},{\"@type\":\"WebSite\",\"@id\":\"https:\\\/\\\/radiounodigital.com\\\/web\\\/#website\",\"url\":\"https:\\\/\\\/radiounodigital.com\\\/web\\\/\",\"name\":\"Radio UNO Digital\",\"description\":\"Donde la cultura del rock se siente\",\"potentialAction\":[{\"@type\":\"SearchAction\",\"target\":{\"@type\":\"EntryPoint\",\"urlTemplate\":\"https:\\\/\\\/radiounodigital.com\\\/web\\\/?s={search_term_string}\"},\"query-input\":{\"@type\":\"PropertyValueSpecification\",\"valueRequired\":true,\"valueName\":\"search_term_string\"}}],\"inLanguage\":\"es\"},{\"@type\":\"Person\",\"@id\":\"https:\\\/\\\/radiounodigital.com\\\/web\\\/#\\\/schema\\\/person\\\/00b93151fa54f619ecf9c183d1fc9758\",\"name\":\"diegoc\",\"image\":{\"@type\":\"ImageObject\",\"inLanguage\":\"es\",\"@id\":\"https:\\\/\\\/secure.gravatar.com\\\/avatar\\\/0a67041d44c702fb0660d81a5a32c7ce6007341cf92afeb718b75883bf415864?s=96&d=blank&r=g\",\"url\":\"https:\\\/\\\/secure.gravatar.com\\\/avatar\\\/0a67041d44c702fb0660d81a5a32c7ce6007341cf92afeb718b75883bf415864?s=96&d=blank&r=g\",\"contentUrl\":\"https:\\\/\\\/secure.gravatar.com\\\/avatar\\\/0a67041d44c702fb0660d81a5a32c7ce6007341cf92afeb718b75883bf415864?s=96&d=blank&r=g\",\"caption\":\"diegoc\"},\"url\":\"https:\\\/\\\/radiounodigital.com\\\/web\\\/author\\\/diegoc\\\/\"}]}<\/script>\n<!-- \/ Yoast SEO plugin. -->","yoast_head_json":{"title":"Astronautas de SpaceX rockean con AC\/DC - Radio UNO Digital","description":"Bob Behnken y Doug Hurley se prepararon para el lanzamiento de SpaceX con AC\/DC y Black Sabbath el pasado s\u00e1bado con lograron lanzarse rumbo a la EEI.","robots":{"index":"index","follow":"follow","max-snippet":"max-snippet:-1","max-image-preview":"max-image-preview:large","max-video-preview":"max-video-preview:-1"},"canonical":"https:\/\/radiounodigital.com\/web\/2020\/06\/01\/spacex-astronauts-rocks\/","og_locale":"es_ES","og_type":"article","og_title":"Astronautas de SpaceX rockean con AC\/DC","og_description":"Bob Behnken y Doug Hurley se prepararon para el lanzamiento de SpaceX con AC\/DC y Black Sabbath el pasado s\u00e1bado con lograron lanzarse rumbo a la EEI.","og_url":"https:\/\/radiounodigital.com\/web\/2020\/06\/01\/spacex-astronauts-rocks\/","og_site_name":"Radio UNO Digital","article_published_time":"2020-06-01T19:13:15+00:00","og_image":[{"width":650,"height":366,"url":"https:\/\/radiounodigital.com\/web\/wp-content\/uploads\/2020\/06\/spackX-rocks.jpg","type":"image\/jpeg"}],"author":"diegoc","twitter_card":"summary_large_image","twitter_title":"Astronautas de SpaceX rockean con AC\/DC","twitter_description":"Bob Behnken y Doug Hurley se prepararon para el lanzamiento de SpaceX con AC\/DC y Black Sabbath el pasado s\u00e1bado con lograron lanzarse rumbo a la EEI.","twitter_image":"https:\/\/radiounodigital.com\/web\/wp-content\/uploads\/2020\/06\/spackX-rocks.jpg","twitter_misc":{"Escrito por":"diegoc","Tiempo de lectura":"2 minutos"},"schema":{"@context":"https:\/\/schema.org","@graph":[{"@type":"Article","@id":"https:\/\/radiounodigital.com\/web\/2020\/06\/01\/spacex-astronauts-rocks\/#article","isPartOf":{"@id":"https:\/\/radiounodigital.com\/web\/2020\/06\/01\/spacex-astronauts-rocks\/"},"author":{"name":"diegoc","@id":"https:\/\/radiounodigital.com\/web\/#\/schema\/person\/00b93151fa54f619ecf9c183d1fc9758"},"headline":"SpaceX astronauts Rocks","datePublished":"2020-06-01T19:13:15+00:00","mainEntityOfPage":{"@id":"https:\/\/radiounodigital.com\/web\/2020\/06\/01\/spacex-astronauts-rocks\/"},"wordCount":308,"commentCount":0,"image":{"@id":"https:\/\/radiounodigital.com\/web\/2020\/06\/01\/spacex-astronauts-rocks\/#primaryimage"},"thumbnailUrl":"https:\/\/radiounodigital.com\/web\/wp-content\/uploads\/2020\/06\/spackX-rocks.jpg","keywords":["AC\/DC","astronautas","black sabbath","Bob Behnken","Doug Hurley","spacex"],"articleSection":["news","Rock Clasico"],"inLanguage":"es","potentialAction":[{"@type":"CommentAction","name":"Comment","target":["https:\/\/radiounodigital.com\/web\/2020\/06\/01\/spacex-astronauts-rocks\/#respond"]}]},{"@type":"WebPage","@id":"https:\/\/radiounodigital.com\/web\/2020\/06\/01\/spacex-astronauts-rocks\/","url":"https:\/\/radiounodigital.com\/web\/2020\/06\/01\/spacex-astronauts-rocks\/","name":"Astronautas de SpaceX rockean con AC\/DC - Radio UNO Digital","isPartOf":{"@id":"https:\/\/radiounodigital.com\/web\/#website"},"primaryImageOfPage":{"@id":"https:\/\/radiounodigital.com\/web\/2020\/06\/01\/spacex-astronauts-rocks\/#primaryimage"},"image":{"@id":"https:\/\/radiounodigital.com\/web\/2020\/06\/01\/spacex-astronauts-rocks\/#primaryimage"},"thumbnailUrl":"https:\/\/radiounodigital.com\/web\/wp-content\/uploads\/2020\/06\/spackX-rocks.jpg","datePublished":"2020-06-01T19:13:15+00:00","author":{"@id":"https:\/\/radiounodigital.com\/web\/#\/schema\/person\/00b93151fa54f619ecf9c183d1fc9758"},"description":"Bob Behnken y Doug Hurley se prepararon para el lanzamiento de SpaceX con AC\/DC y Black Sabbath el pasado s\u00e1bado con lograron lanzarse rumbo a la EEI.","breadcrumb":{"@id":"https:\/\/radiounodigital.com\/web\/2020\/06\/01\/spacex-astronauts-rocks\/#breadcrumb"},"inLanguage":"es","potentialAction":[{"@type":"ReadAction","target":["https:\/\/radiounodigital.com\/web\/2020\/06\/01\/spacex-astronauts-rocks\/"]}]},{"@type":"ImageObject","inLanguage":"es","@id":"https:\/\/radiounodigital.com\/web\/2020\/06\/01\/spacex-astronauts-rocks\/#primaryimage","url":"https:\/\/radiounodigital.com\/web\/wp-content\/uploads\/2020\/06\/spackX-rocks.jpg","contentUrl":"https:\/\/radiounodigital.com\/web\/wp-content\/uploads\/2020\/06\/spackX-rocks.jpg","width":650,"height":366,"caption":"Bob Behnken and Doug Hurley (Image credit: Joe Raedle - Getty)"},{"@type":"BreadcrumbList","@id":"https:\/\/radiounodigital.com\/web\/2020\/06\/01\/spacex-astronauts-rocks\/#breadcrumb","itemListElement":[{"@type":"ListItem","position":1,"name":"Home","item":"https:\/\/radiounodigital.com\/web\/"},{"@type":"ListItem","position":2,"name":"SpaceX astronauts Rocks"}]},{"@type":"WebSite","@id":"https:\/\/radiounodigital.com\/web\/#website","url":"https:\/\/radiounodigital.com\/web\/","name":"Radio UNO Digital","description":"Donde la cultura del rock se siente","potentialAction":[{"@type":"SearchAction","target":{"@type":"EntryPoint","urlTemplate":"https:\/\/radiounodigital.com\/web\/?s={search_term_string}"},"query-input":{"@type":"PropertyValueSpecification","valueRequired":true,"valueName":"search_term_string"}}],"inLanguage":"es"},{"@type":"Person","@id":"https:\/\/radiounodigital.com\/web\/#\/schema\/person\/00b93151fa54f619ecf9c183d1fc9758","name":"diegoc","image":{"@type":"ImageObject","inLanguage":"es","@id":"https:\/\/secure.gravatar.com\/avatar\/0a67041d44c702fb0660d81a5a32c7ce6007341cf92afeb718b75883bf415864?s=96&d=blank&r=g","url":"https:\/\/secure.gravatar.com\/avatar\/0a67041d44c702fb0660d81a5a32c7ce6007341cf92afeb718b75883bf415864?s=96&d=blank&r=g","contentUrl":"https:\/\/secure.gravatar.com\/avatar\/0a67041d44c702fb0660d81a5a32c7ce6007341cf92afeb718b75883bf415864?s=96&d=blank&r=g","caption":"diegoc"},"url":"https:\/\/radiounodigital.com\/web\/author\/diegoc\/"}]}},"_links":{"self":[{"href":"https:\/\/radiounodigital.com\/web\/wp-json\/wp\/v2\/posts\/3990","targetHints":{"allow":["GET"]}}],"collection":[{"href":"https:\/\/radiounodigital.com\/web\/wp-json\/wp\/v2\/posts"}],"about":[{"href":"https:\/\/radiounodigital.com\/web\/wp-json\/wp\/v2\/types\/post"}],"author":[{"embeddable":true,"href":"https:\/\/radiounodigital.com\/web\/wp-json\/wp\/v2\/users\/1"}],"replies":[{"embeddable":true,"href":"https:\/\/radiounodigital.com\/web\/wp-json\/wp\/v2\/comments?post=3990"}],"version-history":[{"count":1,"href":"https:\/\/radiounodigital.com\/web\/wp-json\/wp\/v2\/posts\/3990\/revisions"}],"predecessor-version":[{"id":3992,"href":"https:\/\/radiounodigital.com\/web\/wp-json\/wp\/v2\/posts\/3990\/revisions\/3992"}],"wp:featuredmedia":[{"embeddable":true,"href":"https:\/\/radiounodigital.com\/web\/wp-json\/wp\/v2\/media\/3991"}],"wp:attachment":[{"href":"https:\/\/radiounodigital.com\/web\/wp-json\/wp\/v2\/media?parent=3990"}],"wp:term":[{"taxonomy":"category","embeddable":true,"href":"https:\/\/radiounodigital.com\/web\/wp-json\/wp\/v2\/categories?post=3990"},{"taxonomy":"post_tag","embeddable":true,"href":"https:\/\/radiounodigital.com\/web\/wp-json\/wp\/v2\/tags?post=3990"}],"curies":[{"name":"wp","href":"https:\/\/api.w.org\/{rel}","templated":true}]}}