{"id":4000,"date":"2020-06-03T00:36:38","date_gmt":"2020-06-03T00:36:38","guid":{"rendered":"https:\/\/radiounodigital.com\/web\/?p=4000"},"modified":"2020-06-03T00:36:38","modified_gmt":"2020-06-03T00:36:38","slug":"la-musica-regresa-en-usa-y-por-aca-que-onda","status":"publish","type":"post","link":"https:\/\/radiounodigital.com\/web\/2020\/06\/03\/la-musica-regresa-en-usa-y-por-aca-que-onda\/","title":{"rendered":"\u00bfLa m\u00fasica regresa en USA, y por ac\u00e1 que onda?"},"content":{"rendered":"<h3>Estados Unidos, el pa\u00eds con m\u00e1s muertos en esta pandemia est\u00e1 retomando todas las actividades casi con normalidad, y aqu\u00ed en Uruguay \u00bfque pasa con la m\u00fasica que a\u00fan no tiene fecha de regreso?.<\/h3>\n<p><img loading=\"lazy\" decoding=\"async\" class=\"alignnone wp-image-4001 size-post-slider-bottom\" src=\"https:\/\/radiounodigital.com\/web\/wp-content\/uploads\/2020\/06\/buddy-guy-tour-2020-2021-650x385.jpeg\" alt=\"\" width=\"650\" height=\"385\" \/><\/p>\n<p>Las bandas norteamericanas en su gran mayor\u00eda ya han re-agendado las fechas que cancelaron en el mes de marzo. Cuando el gobierno de Donald Trump decidi\u00f3 cerrar fronteras con muchos paises de los cuales donde corrian el mayor riesgo a recibir personas infectadas.<\/p>\n<p>Es que la vida sigue, y as\u00ed lo entienden en ese pa\u00eds.El motor de la econom\u00eda debe retomar r\u00e1pidamente las revoluciones necesarias para evitar males mayores en todo sentido.<\/p>\n<p>Y a ra\u00edz de esto es que nos preguntamos. \u00bfPorqu\u00e9 Uruguay no esta dando ninguna se\u00f1al en ese sentido?. Si el pasado fin de semana se pudo organizar un paseo al aire libre por la principal avenida de Montevideo. Y con un gran aglomeraci\u00f3n de p\u00fablico. \u00bfPorque no podemos organizar eventos al aire libre?.<\/p>\n<p>Tomando las medidas sanitarias debidas, se puede perfectamente organizar espect\u00e1culos sin correr mayores riesgos.<\/p>\n<p>El SINAE ha informado hoy que solo quedan 112 casos activos y hemos registrado poco m\u00e1s de 20 muertos.<\/p>\n<p>Ahora, es hora tambi\u00e9n, de que cuidemos la salud de todos aquellos que no se quedaron en su casa pero que deben generar ingreso para no sucumbir economicamente.<\/p>\n<p>Nos quedamos en casa. Ahora nos toca salir, porque tenemos que vivir.<\/p>\n<div class=\"fb-background-color\">\n\t\t\t  <div \n\t\t\t  \tclass = \"fb-comments\" \n\t\t\t  \tdata-href = \"https:\/\/radiounodigital.com\/web\/2020\/06\/03\/la-musica-regresa-en-usa-y-por-aca-que-onda\/\"\n\t\t\t  \tdata-numposts = \"10\"\n\t\t\t  \tdata-lazy = \"true\"\n\t\t\t\tdata-colorscheme = \"dark\"\n\t\t\t\tdata-order-by = \"reverse_time\"\n\t\t\t\tdata-mobile=true>\n\t\t\t  <\/div><\/div>\n\t\t  <style>\n\t\t    .fb-background-color {\n\t\t\t\tbackground: #ffffff !important;\n\t\t\t}\n\t\t\t.fb_iframe_widget_fluid_desktop iframe {\n\t\t\t    width: 100% !important;\n\t\t\t}\n\t\t  <\/style>\n\t\t  ","protected":false},"excerpt":{"rendered":"<p>Estados Unidos, el pa\u00eds con m\u00e1s muertos en esta pandemia est\u00e1 retomando todas las actividades casi con normalidad, y aqu\u00ed en Uruguay \u00bfque pasa con la m\u00fasica que a\u00fan no tiene fecha de regreso?. Las bandas norteamericanas en su gran mayor\u00eda ya han re-agendado las fechas que cancelaron en el mes de marzo. Cuando el&#8230; <a href=\"https:\/\/radiounodigital.com\/web\/2020\/06\/03\/la-musica-regresa-en-usa-y-por-aca-que-onda\/\" class=\"excerpt-read-more\">Read More<\/a><\/p>\n","protected":false},"author":1,"featured_media":4001,"comment_status":"open","ping_status":"open","sticky":false,"template":"","format":"standard","meta":{"footnotes":""},"categories":[180,127],"tags":[74,990,989,991,992],"class_list":["post-4000","post","type-post","status-publish","format-standard","has-post-thumbnail","hentry","category-news","category-rock","tag-en-vivo","tag-espectaculos","tag-musica","tag-pandemia","tag-trabajo"],"yoast_head":"<!-- This site is optimized with the Yoast SEO plugin v27.5 - https:\/\/yoast.com\/product\/yoast-seo-wordpress\/ -->\n<title>\u00bfLa m\u00fasica regresa en USA, y por ac\u00e1 que onda? - Radio UNO Digital<\/title>\n<meta name=\"description\" content=\"La m\u00fasica ya esta re-agendada en USA y aqu\u00ed en Uruguay \u00bfque pasa con la m\u00fasica que a\u00fan no tiene fecha de regreso? \u00bfQue dice el gobierno?\" \/>\n<meta name=\"robots\" content=\"index, follow, max-snippet:-1, max-image-preview:large, max-video-preview:-1\" \/>\n<link rel=\"canonical\" href=\"https:\/\/radiounodigital.com\/web\/2020\/06\/03\/la-musica-regresa-en-usa-y-por-aca-que-onda\/\" \/>\n<meta property=\"og:locale\" content=\"es_ES\" \/>\n<meta property=\"og:type\" content=\"article\" \/>\n<meta property=\"og:title\" content=\"\u00bfLa m\u00fasica regresa en USA, y por ac\u00e1 que onda?\" \/>\n<meta property=\"og:description\" content=\"La m\u00fasica ya esta re-agendada en USA y aqu\u00ed en Uruguay \u00bfque pasa con la m\u00fasica que a\u00fan no tiene fecha de regreso? \u00bfQue dice el gobierno?\" \/>\n<meta property=\"og:url\" content=\"https:\/\/radiounodigital.com\/web\/2020\/06\/03\/la-musica-regresa-en-usa-y-por-aca-que-onda\/\" \/>\n<meta property=\"og:site_name\" content=\"Radio UNO Digital\" \/>\n<meta property=\"article:published_time\" content=\"2020-06-03T00:36:38+00:00\" \/>\n<meta property=\"og:image\" content=\"https:\/\/radiounodigital.com\/web\/wp-content\/uploads\/2020\/06\/buddy-guy-tour-2020-2021-scaled.jpeg\" \/>\n\t<meta property=\"og:image:width\" content=\"2560\" \/>\n\t<meta property=\"og:image:height\" content=\"2262\" \/>\n\t<meta property=\"og:image:type\" content=\"image\/jpeg\" \/>\n<meta name=\"author\" content=\"diegoc\" \/>\n<meta name=\"twitter:card\" content=\"summary_large_image\" \/>\n<meta name=\"twitter:title\" content=\"\u00bfLa m\u00fasica regresa en USA, y por ac\u00e1 que onda?\" \/>\n<meta name=\"twitter:description\" content=\"La m\u00fasica ya esta re-agendada en USA y aqu\u00ed en Uruguay \u00bfque pasa con la m\u00fasica que a\u00fan no tiene fecha de regreso? \u00bfQue dice el gobierno?\" \/>\n<meta name=\"twitter:image\" content=\"https:\/\/radiounodigital.com\/web\/wp-content\/uploads\/2020\/06\/buddy-guy-tour-2020-2021-scaled.jpeg\" \/>\n<meta name=\"twitter:label1\" content=\"Escrito por\" \/>\n\t<meta name=\"twitter:data1\" content=\"diegoc\" \/>\n\t<meta name=\"twitter:label2\" content=\"Tiempo de lectura\" \/>\n\t<meta name=\"twitter:data2\" content=\"1 minuto\" \/>\n<script type=\"application\/ld+json\" class=\"yoast-schema-graph\">{\"@context\":\"https:\\\/\\\/schema.org\",\"@graph\":[{\"@type\":\"Article\",\"@id\":\"https:\\\/\\\/radiounodigital.com\\\/web\\\/2020\\\/06\\\/03\\\/la-musica-regresa-en-usa-y-por-aca-que-onda\\\/#article\",\"isPartOf\":{\"@id\":\"https:\\\/\\\/radiounodigital.com\\\/web\\\/2020\\\/06\\\/03\\\/la-musica-regresa-en-usa-y-por-aca-que-onda\\\/\"},\"author\":{\"name\":\"diegoc\",\"@id\":\"https:\\\/\\\/radiounodigital.com\\\/web\\\/#\\\/schema\\\/person\\\/00b93151fa54f619ecf9c183d1fc9758\"},\"headline\":\"\u00bfLa m\u00fasica regresa en USA, y por ac\u00e1 que onda?\",\"datePublished\":\"2020-06-03T00:36:38+00:00\",\"mainEntityOfPage\":{\"@id\":\"https:\\\/\\\/radiounodigital.com\\\/web\\\/2020\\\/06\\\/03\\\/la-musica-regresa-en-usa-y-por-aca-que-onda\\\/\"},\"wordCount\":258,\"commentCount\":0,\"image\":{\"@id\":\"https:\\\/\\\/radiounodigital.com\\\/web\\\/2020\\\/06\\\/03\\\/la-musica-regresa-en-usa-y-por-aca-que-onda\\\/#primaryimage\"},\"thumbnailUrl\":\"https:\\\/\\\/radiounodigital.com\\\/web\\\/wp-content\\\/uploads\\\/2020\\\/06\\\/buddy-guy-tour-2020-2021-scaled.jpeg\",\"keywords\":[\"en vivo\",\"espectaculos\",\"musica\",\"pandemia\",\"trabajo\"],\"articleSection\":[\"news\",\"Rock\"],\"inLanguage\":\"es\",\"potentialAction\":[{\"@type\":\"CommentAction\",\"name\":\"Comment\",\"target\":[\"https:\\\/\\\/radiounodigital.com\\\/web\\\/2020\\\/06\\\/03\\\/la-musica-regresa-en-usa-y-por-aca-que-onda\\\/#respond\"]}]},{\"@type\":\"WebPage\",\"@id\":\"https:\\\/\\\/radiounodigital.com\\\/web\\\/2020\\\/06\\\/03\\\/la-musica-regresa-en-usa-y-por-aca-que-onda\\\/\",\"url\":\"https:\\\/\\\/radiounodigital.com\\\/web\\\/2020\\\/06\\\/03\\\/la-musica-regresa-en-usa-y-por-aca-que-onda\\\/\",\"name\":\"\u00bfLa m\u00fasica regresa en USA, y por ac\u00e1 que onda? - Radio UNO Digital\",\"isPartOf\":{\"@id\":\"https:\\\/\\\/radiounodigital.com\\\/web\\\/#website\"},\"primaryImageOfPage\":{\"@id\":\"https:\\\/\\\/radiounodigital.com\\\/web\\\/2020\\\/06\\\/03\\\/la-musica-regresa-en-usa-y-por-aca-que-onda\\\/#primaryimage\"},\"image\":{\"@id\":\"https:\\\/\\\/radiounodigital.com\\\/web\\\/2020\\\/06\\\/03\\\/la-musica-regresa-en-usa-y-por-aca-que-onda\\\/#primaryimage\"},\"thumbnailUrl\":\"https:\\\/\\\/radiounodigital.com\\\/web\\\/wp-content\\\/uploads\\\/2020\\\/06\\\/buddy-guy-tour-2020-2021-scaled.jpeg\",\"datePublished\":\"2020-06-03T00:36:38+00:00\",\"author\":{\"@id\":\"https:\\\/\\\/radiounodigital.com\\\/web\\\/#\\\/schema\\\/person\\\/00b93151fa54f619ecf9c183d1fc9758\"},\"description\":\"La m\u00fasica ya esta re-agendada en USA y aqu\u00ed en Uruguay \u00bfque pasa con la m\u00fasica que a\u00fan no tiene fecha de regreso? \u00bfQue dice el gobierno?\",\"breadcrumb\":{\"@id\":\"https:\\\/\\\/radiounodigital.com\\\/web\\\/2020\\\/06\\\/03\\\/la-musica-regresa-en-usa-y-por-aca-que-onda\\\/#breadcrumb\"},\"inLanguage\":\"es\",\"potentialAction\":[{\"@type\":\"ReadAction\",\"target\":[\"https:\\\/\\\/radiounodigital.com\\\/web\\\/2020\\\/06\\\/03\\\/la-musica-regresa-en-usa-y-por-aca-que-onda\\\/\"]}]},{\"@type\":\"ImageObject\",\"inLanguage\":\"es\",\"@id\":\"https:\\\/\\\/radiounodigital.com\\\/web\\\/2020\\\/06\\\/03\\\/la-musica-regresa-en-usa-y-por-aca-que-onda\\\/#primaryimage\",\"url\":\"https:\\\/\\\/radiounodigital.com\\\/web\\\/wp-content\\\/uploads\\\/2020\\\/06\\\/buddy-guy-tour-2020-2021-scaled.jpeg\",\"contentUrl\":\"https:\\\/\\\/radiounodigital.com\\\/web\\\/wp-content\\\/uploads\\\/2020\\\/06\\\/buddy-guy-tour-2020-2021-scaled.jpeg\",\"width\":2560,\"height\":2262},{\"@type\":\"BreadcrumbList\",\"@id\":\"https:\\\/\\\/radiounodigital.com\\\/web\\\/2020\\\/06\\\/03\\\/la-musica-regresa-en-usa-y-por-aca-que-onda\\\/#breadcrumb\",\"itemListElement\":[{\"@type\":\"ListItem\",\"position\":1,\"name\":\"Home\",\"item\":\"https:\\\/\\\/radiounodigital.com\\\/web\\\/\"},{\"@type\":\"ListItem\",\"position\":2,\"name\":\"\u00bfLa m\u00fasica regresa en USA, y por ac\u00e1 que onda?\"}]},{\"@type\":\"WebSite\",\"@id\":\"https:\\\/\\\/radiounodigital.com\\\/web\\\/#website\",\"url\":\"https:\\\/\\\/radiounodigital.com\\\/web\\\/\",\"name\":\"Radio UNO Digital\",\"description\":\"Donde la cultura del rock se siente\",\"potentialAction\":[{\"@type\":\"SearchAction\",\"target\":{\"@type\":\"EntryPoint\",\"urlTemplate\":\"https:\\\/\\\/radiounodigital.com\\\/web\\\/?s={search_term_string}\"},\"query-input\":{\"@type\":\"PropertyValueSpecification\",\"valueRequired\":true,\"valueName\":\"search_term_string\"}}],\"inLanguage\":\"es\"},{\"@type\":\"Person\",\"@id\":\"https:\\\/\\\/radiounodigital.com\\\/web\\\/#\\\/schema\\\/person\\\/00b93151fa54f619ecf9c183d1fc9758\",\"name\":\"diegoc\",\"image\":{\"@type\":\"ImageObject\",\"inLanguage\":\"es\",\"@id\":\"https:\\\/\\\/secure.gravatar.com\\\/avatar\\\/0a67041d44c702fb0660d81a5a32c7ce6007341cf92afeb718b75883bf415864?s=96&d=blank&r=g\",\"url\":\"https:\\\/\\\/secure.gravatar.com\\\/avatar\\\/0a67041d44c702fb0660d81a5a32c7ce6007341cf92afeb718b75883bf415864?s=96&d=blank&r=g\",\"contentUrl\":\"https:\\\/\\\/secure.gravatar.com\\\/avatar\\\/0a67041d44c702fb0660d81a5a32c7ce6007341cf92afeb718b75883bf415864?s=96&d=blank&r=g\",\"caption\":\"diegoc\"},\"url\":\"https:\\\/\\\/radiounodigital.com\\\/web\\\/author\\\/diegoc\\\/\"}]}<\/script>\n<!-- \/ Yoast SEO plugin. -->","yoast_head_json":{"title":"\u00bfLa m\u00fasica regresa en USA, y por ac\u00e1 que onda? - Radio UNO Digital","description":"La m\u00fasica ya esta re-agendada en USA y aqu\u00ed en Uruguay \u00bfque pasa con la m\u00fasica que a\u00fan no tiene fecha de regreso? \u00bfQue dice el gobierno?","robots":{"index":"index","follow":"follow","max-snippet":"max-snippet:-1","max-image-preview":"max-image-preview:large","max-video-preview":"max-video-preview:-1"},"canonical":"https:\/\/radiounodigital.com\/web\/2020\/06\/03\/la-musica-regresa-en-usa-y-por-aca-que-onda\/","og_locale":"es_ES","og_type":"article","og_title":"\u00bfLa m\u00fasica regresa en USA, y por ac\u00e1 que onda?","og_description":"La m\u00fasica ya esta re-agendada en USA y aqu\u00ed en Uruguay \u00bfque pasa con la m\u00fasica que a\u00fan no tiene fecha de regreso? \u00bfQue dice el gobierno?","og_url":"https:\/\/radiounodigital.com\/web\/2020\/06\/03\/la-musica-regresa-en-usa-y-por-aca-que-onda\/","og_site_name":"Radio UNO Digital","article_published_time":"2020-06-03T00:36:38+00:00","og_image":[{"width":2560,"height":2262,"url":"https:\/\/radiounodigital.com\/web\/wp-content\/uploads\/2020\/06\/buddy-guy-tour-2020-2021-scaled.jpeg","type":"image\/jpeg"}],"author":"diegoc","twitter_card":"summary_large_image","twitter_title":"\u00bfLa m\u00fasica regresa en USA, y por ac\u00e1 que onda?","twitter_description":"La m\u00fasica ya esta re-agendada en USA y aqu\u00ed en Uruguay \u00bfque pasa con la m\u00fasica que a\u00fan no tiene fecha de regreso? \u00bfQue dice el gobierno?","twitter_image":"https:\/\/radiounodigital.com\/web\/wp-content\/uploads\/2020\/06\/buddy-guy-tour-2020-2021-scaled.jpeg","twitter_misc":{"Escrito por":"diegoc","Tiempo de lectura":"1 minuto"},"schema":{"@context":"https:\/\/schema.org","@graph":[{"@type":"Article","@id":"https:\/\/radiounodigital.com\/web\/2020\/06\/03\/la-musica-regresa-en-usa-y-por-aca-que-onda\/#article","isPartOf":{"@id":"https:\/\/radiounodigital.com\/web\/2020\/06\/03\/la-musica-regresa-en-usa-y-por-aca-que-onda\/"},"author":{"name":"diegoc","@id":"https:\/\/radiounodigital.com\/web\/#\/schema\/person\/00b93151fa54f619ecf9c183d1fc9758"},"headline":"\u00bfLa m\u00fasica regresa en USA, y por ac\u00e1 que onda?","datePublished":"2020-06-03T00:36:38+00:00","mainEntityOfPage":{"@id":"https:\/\/radiounodigital.com\/web\/2020\/06\/03\/la-musica-regresa-en-usa-y-por-aca-que-onda\/"},"wordCount":258,"commentCount":0,"image":{"@id":"https:\/\/radiounodigital.com\/web\/2020\/06\/03\/la-musica-regresa-en-usa-y-por-aca-que-onda\/#primaryimage"},"thumbnailUrl":"https:\/\/radiounodigital.com\/web\/wp-content\/uploads\/2020\/06\/buddy-guy-tour-2020-2021-scaled.jpeg","keywords":["en vivo","espectaculos","musica","pandemia","trabajo"],"articleSection":["news","Rock"],"inLanguage":"es","potentialAction":[{"@type":"CommentAction","name":"Comment","target":["https:\/\/radiounodigital.com\/web\/2020\/06\/03\/la-musica-regresa-en-usa-y-por-aca-que-onda\/#respond"]}]},{"@type":"WebPage","@id":"https:\/\/radiounodigital.com\/web\/2020\/06\/03\/la-musica-regresa-en-usa-y-por-aca-que-onda\/","url":"https:\/\/radiounodigital.com\/web\/2020\/06\/03\/la-musica-regresa-en-usa-y-por-aca-que-onda\/","name":"\u00bfLa m\u00fasica regresa en USA, y por ac\u00e1 que onda? - Radio UNO Digital","isPartOf":{"@id":"https:\/\/radiounodigital.com\/web\/#website"},"primaryImageOfPage":{"@id":"https:\/\/radiounodigital.com\/web\/2020\/06\/03\/la-musica-regresa-en-usa-y-por-aca-que-onda\/#primaryimage"},"image":{"@id":"https:\/\/radiounodigital.com\/web\/2020\/06\/03\/la-musica-regresa-en-usa-y-por-aca-que-onda\/#primaryimage"},"thumbnailUrl":"https:\/\/radiounodigital.com\/web\/wp-content\/uploads\/2020\/06\/buddy-guy-tour-2020-2021-scaled.jpeg","datePublished":"2020-06-03T00:36:38+00:00","author":{"@id":"https:\/\/radiounodigital.com\/web\/#\/schema\/person\/00b93151fa54f619ecf9c183d1fc9758"},"description":"La m\u00fasica ya esta re-agendada en USA y aqu\u00ed en Uruguay \u00bfque pasa con la m\u00fasica que a\u00fan no tiene fecha de regreso? \u00bfQue dice el gobierno?","breadcrumb":{"@id":"https:\/\/radiounodigital.com\/web\/2020\/06\/03\/la-musica-regresa-en-usa-y-por-aca-que-onda\/#breadcrumb"},"inLanguage":"es","potentialAction":[{"@type":"ReadAction","target":["https:\/\/radiounodigital.com\/web\/2020\/06\/03\/la-musica-regresa-en-usa-y-por-aca-que-onda\/"]}]},{"@type":"ImageObject","inLanguage":"es","@id":"https:\/\/radiounodigital.com\/web\/2020\/06\/03\/la-musica-regresa-en-usa-y-por-aca-que-onda\/#primaryimage","url":"https:\/\/radiounodigital.com\/web\/wp-content\/uploads\/2020\/06\/buddy-guy-tour-2020-2021-scaled.jpeg","contentUrl":"https:\/\/radiounodigital.com\/web\/wp-content\/uploads\/2020\/06\/buddy-guy-tour-2020-2021-scaled.jpeg","width":2560,"height":2262},{"@type":"BreadcrumbList","@id":"https:\/\/radiounodigital.com\/web\/2020\/06\/03\/la-musica-regresa-en-usa-y-por-aca-que-onda\/#breadcrumb","itemListElement":[{"@type":"ListItem","position":1,"name":"Home","item":"https:\/\/radiounodigital.com\/web\/"},{"@type":"ListItem","position":2,"name":"\u00bfLa m\u00fasica regresa en USA, y por ac\u00e1 que onda?"}]},{"@type":"WebSite","@id":"https:\/\/radiounodigital.com\/web\/#website","url":"https:\/\/radiounodigital.com\/web\/","name":"Radio UNO Digital","description":"Donde la cultura del rock se siente","potentialAction":[{"@type":"SearchAction","target":{"@type":"EntryPoint","urlTemplate":"https:\/\/radiounodigital.com\/web\/?s={search_term_string}"},"query-input":{"@type":"PropertyValueSpecification","valueRequired":true,"valueName":"search_term_string"}}],"inLanguage":"es"},{"@type":"Person","@id":"https:\/\/radiounodigital.com\/web\/#\/schema\/person\/00b93151fa54f619ecf9c183d1fc9758","name":"diegoc","image":{"@type":"ImageObject","inLanguage":"es","@id":"https:\/\/secure.gravatar.com\/avatar\/0a67041d44c702fb0660d81a5a32c7ce6007341cf92afeb718b75883bf415864?s=96&d=blank&r=g","url":"https:\/\/secure.gravatar.com\/avatar\/0a67041d44c702fb0660d81a5a32c7ce6007341cf92afeb718b75883bf415864?s=96&d=blank&r=g","contentUrl":"https:\/\/secure.gravatar.com\/avatar\/0a67041d44c702fb0660d81a5a32c7ce6007341cf92afeb718b75883bf415864?s=96&d=blank&r=g","caption":"diegoc"},"url":"https:\/\/radiounodigital.com\/web\/author\/diegoc\/"}]}},"_links":{"self":[{"href":"https:\/\/radiounodigital.com\/web\/wp-json\/wp\/v2\/posts\/4000","targetHints":{"allow":["GET"]}}],"collection":[{"href":"https:\/\/radiounodigital.com\/web\/wp-json\/wp\/v2\/posts"}],"about":[{"href":"https:\/\/radiounodigital.com\/web\/wp-json\/wp\/v2\/types\/post"}],"author":[{"embeddable":true,"href":"https:\/\/radiounodigital.com\/web\/wp-json\/wp\/v2\/users\/1"}],"replies":[{"embeddable":true,"href":"https:\/\/radiounodigital.com\/web\/wp-json\/wp\/v2\/comments?post=4000"}],"version-history":[{"count":1,"href":"https:\/\/radiounodigital.com\/web\/wp-json\/wp\/v2\/posts\/4000\/revisions"}],"predecessor-version":[{"id":4002,"href":"https:\/\/radiounodigital.com\/web\/wp-json\/wp\/v2\/posts\/4000\/revisions\/4002"}],"wp:featuredmedia":[{"embeddable":true,"href":"https:\/\/radiounodigital.com\/web\/wp-json\/wp\/v2\/media\/4001"}],"wp:attachment":[{"href":"https:\/\/radiounodigital.com\/web\/wp-json\/wp\/v2\/media?parent=4000"}],"wp:term":[{"taxonomy":"category","embeddable":true,"href":"https:\/\/radiounodigital.com\/web\/wp-json\/wp\/v2\/categories?post=4000"},{"taxonomy":"post_tag","embeddable":true,"href":"https:\/\/radiounodigital.com\/web\/wp-json\/wp\/v2\/tags?post=4000"}],"curies":[{"name":"wp","href":"https:\/\/api.w.org\/{rel}","templated":true}]}}