{"id":4011,"date":"2020-06-04T19:43:52","date_gmt":"2020-06-04T19:43:52","guid":{"rendered":"https:\/\/radiounodigital.com\/web\/?p=4011"},"modified":"2020-06-05T00:44:51","modified_gmt":"2020-06-05T00:44:51","slug":"status-quo-in-the-army-now-live-at-wacken-2017","status":"publish","type":"post","link":"https:\/\/radiounodigital.com\/web\/2020\/06\/04\/status-quo-in-the-army-now-live-at-wacken-2017\/","title":{"rendered":"Status Quo &#8211; In The Army Now (Live at Wacken 2017)"},"content":{"rendered":"<h3>Status Quo tocando In The Army Now en vivo en el Wacken Open Air 2017 y tomado de del disco Down Down &amp; Dirty At Wacken\u00a0 el 17 de agosto de ese\u00a0 mismo a\u00f1o.<\/h3>\n<p><iframe loading=\"lazy\" src=\"https:\/\/www.youtube.com\/embed\/cQy2BQAVtVc\" width=\"560\" height=\"315\" frameborder=\"0\" allowfullscreen=\"allowfullscreen\"><\/iframe><\/p>\n<p>In the Army Now es una canci\u00f3n del d\u00fao holand\u00e9s nacido en Sud\u00e1frica Bolland y Bolland, lanzado en 1982.<\/p>\n<p>La canci\u00f3n pas\u00f3 6 semanas consecutivas en la cima de la lista de singles noruegos.<\/p>\n<p>Dicha canci\u00f3n tambi\u00e9n fue grabada m\u00e1s tarde por la banda de rock brit\u00e1nica Status Quo en su \u00e1lbum de 1986. In the Army Now, y su versi\u00f3n alcanz\u00f3 el n\u00famero 2 en la lista de singles del Reino Unido.<\/p>\n<div class=\"fb-background-color\">\n\t\t\t  <div \n\t\t\t  \tclass = \"fb-comments\" \n\t\t\t  \tdata-href = \"https:\/\/radiounodigital.com\/web\/2020\/06\/04\/status-quo-in-the-army-now-live-at-wacken-2017\/\"\n\t\t\t  \tdata-numposts = \"10\"\n\t\t\t  \tdata-lazy = \"true\"\n\t\t\t\tdata-colorscheme = \"dark\"\n\t\t\t\tdata-order-by = \"reverse_time\"\n\t\t\t\tdata-mobile=true>\n\t\t\t  <\/div><\/div>\n\t\t  <style>\n\t\t    .fb-background-color {\n\t\t\t\tbackground: #ffffff !important;\n\t\t\t}\n\t\t\t.fb_iframe_widget_fluid_desktop iframe {\n\t\t\t    width: 100% !important;\n\t\t\t}\n\t\t  <\/style>\n\t\t  ","protected":false},"excerpt":{"rendered":"<p>Status Quo tocando In The Army Now en vivo en el Wacken Open Air 2017 y tomado de del disco Down Down &amp; Dirty At Wacken\u00a0 el 17 de agosto de ese\u00a0 mismo a\u00f1o. In the Army Now es una canci\u00f3n del d\u00fao holand\u00e9s nacido en Sud\u00e1frica Bolland y Bolland, lanzado en 1982. La canci\u00f3n&#8230; <a href=\"https:\/\/radiounodigital.com\/web\/2020\/06\/04\/status-quo-in-the-army-now-live-at-wacken-2017\/\" class=\"excerpt-read-more\">Read More<\/a><\/p>\n","protected":false},"author":1,"featured_media":4012,"comment_status":"open","ping_status":"open","sticky":false,"template":"","format":"standard","meta":{"footnotes":""},"categories":[184,180,128],"tags":[999,77,231,998],"class_list":["post-4011","post","type-post","status-publish","format-standard","has-post-thumbnail","hentry","category-1001-canciones","category-news","category-rock-clasico","tag-in-the-army-now","tag-live","tag-status-quo","tag-wacken"],"yoast_head":"<!-- This site is optimized with the Yoast SEO plugin v27.5 - https:\/\/yoast.com\/product\/yoast-seo-wordpress\/ -->\n<title>Status Quo: In The Army Now live at Wacken Festival - Radio UNO Digital<\/title>\n<meta name=\"description\" content=\"&quot;In The Army Now&quot; de Status Quo, en vivo en el Wacken Open Air 2017, tomado de &quot;Down Down &amp; Dirty At Wacken&quot;, el 17 de agosto de ese a\u00f1o.\" \/>\n<meta name=\"robots\" content=\"index, follow, max-snippet:-1, max-image-preview:large, max-video-preview:-1\" \/>\n<link rel=\"canonical\" href=\"https:\/\/radiounodigital.com\/web\/2020\/06\/04\/status-quo-in-the-army-now-live-at-wacken-2017\/\" \/>\n<meta property=\"og:locale\" content=\"es_ES\" \/>\n<meta property=\"og:type\" content=\"article\" \/>\n<meta property=\"og:title\" content=\"Status Quo: In The Army Now live at Wacken Festival\" \/>\n<meta property=\"og:description\" content=\"&quot;In The Army Now&quot; de Status Quo, en vivo en el Wacken Open Air 2017, tomado de &quot;Down Down &amp; Dirty At Wacken&quot;, el 17 de agosto de ese a\u00f1o.\" \/>\n<meta property=\"og:url\" content=\"https:\/\/radiounodigital.com\/web\/2020\/06\/04\/status-quo-in-the-army-now-live-at-wacken-2017\/\" \/>\n<meta property=\"og:site_name\" content=\"Radio UNO Digital\" \/>\n<meta property=\"article:published_time\" content=\"2020-06-04T19:43:52+00:00\" \/>\n<meta property=\"article:modified_time\" content=\"2020-06-05T00:44:51+00:00\" \/>\n<meta property=\"og:image\" content=\"https:\/\/radiounodigital.com\/web\/wp-content\/uploads\/2020\/06\/status-quo-live.jpg\" \/>\n\t<meta property=\"og:image:width\" content=\"512\" \/>\n\t<meta property=\"og:image:height\" content=\"288\" \/>\n\t<meta property=\"og:image:type\" content=\"image\/jpeg\" \/>\n<meta name=\"author\" content=\"diegoc\" \/>\n<meta name=\"twitter:card\" content=\"summary_large_image\" \/>\n<meta name=\"twitter:title\" content=\"Status Quo: In The Army Now live at Wacken Festival\" \/>\n<meta name=\"twitter:description\" content=\"&quot;In The Army Now&quot; de Status Quo, en vivo en el Wacken Open Air 2017, tomado de &quot;Down Down &amp; Dirty At Wacken&quot;, el 17 de agosto de ese a\u00f1o.\" \/>\n<meta name=\"twitter:image\" content=\"https:\/\/radiounodigital.com\/web\/wp-content\/uploads\/2020\/06\/status-quo-live.jpg\" \/>\n<meta name=\"twitter:label1\" content=\"Escrito por\" \/>\n\t<meta name=\"twitter:data1\" content=\"diegoc\" \/>\n\t<meta name=\"twitter:label2\" content=\"Tiempo de lectura\" \/>\n\t<meta name=\"twitter:data2\" content=\"1 minuto\" \/>\n<script type=\"application\/ld+json\" class=\"yoast-schema-graph\">{\"@context\":\"https:\\\/\\\/schema.org\",\"@graph\":[{\"@type\":\"Article\",\"@id\":\"https:\\\/\\\/radiounodigital.com\\\/web\\\/2020\\\/06\\\/04\\\/status-quo-in-the-army-now-live-at-wacken-2017\\\/#article\",\"isPartOf\":{\"@id\":\"https:\\\/\\\/radiounodigital.com\\\/web\\\/2020\\\/06\\\/04\\\/status-quo-in-the-army-now-live-at-wacken-2017\\\/\"},\"author\":{\"name\":\"diegoc\",\"@id\":\"https:\\\/\\\/radiounodigital.com\\\/web\\\/#\\\/schema\\\/person\\\/00b93151fa54f619ecf9c183d1fc9758\"},\"headline\":\"Status Quo &#8211; In The Army Now (Live at Wacken 2017)\",\"datePublished\":\"2020-06-04T19:43:52+00:00\",\"dateModified\":\"2020-06-05T00:44:51+00:00\",\"mainEntityOfPage\":{\"@id\":\"https:\\\/\\\/radiounodigital.com\\\/web\\\/2020\\\/06\\\/04\\\/status-quo-in-the-army-now-live-at-wacken-2017\\\/\"},\"wordCount\":123,\"commentCount\":0,\"image\":{\"@id\":\"https:\\\/\\\/radiounodigital.com\\\/web\\\/2020\\\/06\\\/04\\\/status-quo-in-the-army-now-live-at-wacken-2017\\\/#primaryimage\"},\"thumbnailUrl\":\"https:\\\/\\\/radiounodigital.com\\\/web\\\/wp-content\\\/uploads\\\/2020\\\/06\\\/status-quo-live.jpg\",\"keywords\":[\"in the army now\",\"live\",\"Status Quo\",\"wacken\"],\"articleSection\":[\"1001 Canciones\",\"news\",\"Rock Clasico\"],\"inLanguage\":\"es\",\"potentialAction\":[{\"@type\":\"CommentAction\",\"name\":\"Comment\",\"target\":[\"https:\\\/\\\/radiounodigital.com\\\/web\\\/2020\\\/06\\\/04\\\/status-quo-in-the-army-now-live-at-wacken-2017\\\/#respond\"]}]},{\"@type\":\"WebPage\",\"@id\":\"https:\\\/\\\/radiounodigital.com\\\/web\\\/2020\\\/06\\\/04\\\/status-quo-in-the-army-now-live-at-wacken-2017\\\/\",\"url\":\"https:\\\/\\\/radiounodigital.com\\\/web\\\/2020\\\/06\\\/04\\\/status-quo-in-the-army-now-live-at-wacken-2017\\\/\",\"name\":\"Status Quo: In The Army Now live at Wacken Festival - Radio UNO Digital\",\"isPartOf\":{\"@id\":\"https:\\\/\\\/radiounodigital.com\\\/web\\\/#website\"},\"primaryImageOfPage\":{\"@id\":\"https:\\\/\\\/radiounodigital.com\\\/web\\\/2020\\\/06\\\/04\\\/status-quo-in-the-army-now-live-at-wacken-2017\\\/#primaryimage\"},\"image\":{\"@id\":\"https:\\\/\\\/radiounodigital.com\\\/web\\\/2020\\\/06\\\/04\\\/status-quo-in-the-army-now-live-at-wacken-2017\\\/#primaryimage\"},\"thumbnailUrl\":\"https:\\\/\\\/radiounodigital.com\\\/web\\\/wp-content\\\/uploads\\\/2020\\\/06\\\/status-quo-live.jpg\",\"datePublished\":\"2020-06-04T19:43:52+00:00\",\"dateModified\":\"2020-06-05T00:44:51+00:00\",\"author\":{\"@id\":\"https:\\\/\\\/radiounodigital.com\\\/web\\\/#\\\/schema\\\/person\\\/00b93151fa54f619ecf9c183d1fc9758\"},\"description\":\"\\\"In The Army Now\\\" de Status Quo, en vivo en el Wacken Open Air 2017, tomado de \\\"Down Down & Dirty At Wacken\\\", el 17 de agosto de ese a\u00f1o.\",\"breadcrumb\":{\"@id\":\"https:\\\/\\\/radiounodigital.com\\\/web\\\/2020\\\/06\\\/04\\\/status-quo-in-the-army-now-live-at-wacken-2017\\\/#breadcrumb\"},\"inLanguage\":\"es\",\"potentialAction\":[{\"@type\":\"ReadAction\",\"target\":[\"https:\\\/\\\/radiounodigital.com\\\/web\\\/2020\\\/06\\\/04\\\/status-quo-in-the-army-now-live-at-wacken-2017\\\/\"]}]},{\"@type\":\"ImageObject\",\"inLanguage\":\"es\",\"@id\":\"https:\\\/\\\/radiounodigital.com\\\/web\\\/2020\\\/06\\\/04\\\/status-quo-in-the-army-now-live-at-wacken-2017\\\/#primaryimage\",\"url\":\"https:\\\/\\\/radiounodigital.com\\\/web\\\/wp-content\\\/uploads\\\/2020\\\/06\\\/status-quo-live.jpg\",\"contentUrl\":\"https:\\\/\\\/radiounodigital.com\\\/web\\\/wp-content\\\/uploads\\\/2020\\\/06\\\/status-quo-live.jpg\",\"width\":512,\"height\":288},{\"@type\":\"BreadcrumbList\",\"@id\":\"https:\\\/\\\/radiounodigital.com\\\/web\\\/2020\\\/06\\\/04\\\/status-quo-in-the-army-now-live-at-wacken-2017\\\/#breadcrumb\",\"itemListElement\":[{\"@type\":\"ListItem\",\"position\":1,\"name\":\"Home\",\"item\":\"https:\\\/\\\/radiounodigital.com\\\/web\\\/\"},{\"@type\":\"ListItem\",\"position\":2,\"name\":\"Status Quo &#8211; In The Army Now (Live at Wacken 2017)\"}]},{\"@type\":\"WebSite\",\"@id\":\"https:\\\/\\\/radiounodigital.com\\\/web\\\/#website\",\"url\":\"https:\\\/\\\/radiounodigital.com\\\/web\\\/\",\"name\":\"Radio UNO Digital\",\"description\":\"Donde la cultura del rock se siente\",\"potentialAction\":[{\"@type\":\"SearchAction\",\"target\":{\"@type\":\"EntryPoint\",\"urlTemplate\":\"https:\\\/\\\/radiounodigital.com\\\/web\\\/?s={search_term_string}\"},\"query-input\":{\"@type\":\"PropertyValueSpecification\",\"valueRequired\":true,\"valueName\":\"search_term_string\"}}],\"inLanguage\":\"es\"},{\"@type\":\"Person\",\"@id\":\"https:\\\/\\\/radiounodigital.com\\\/web\\\/#\\\/schema\\\/person\\\/00b93151fa54f619ecf9c183d1fc9758\",\"name\":\"diegoc\",\"image\":{\"@type\":\"ImageObject\",\"inLanguage\":\"es\",\"@id\":\"https:\\\/\\\/secure.gravatar.com\\\/avatar\\\/0a67041d44c702fb0660d81a5a32c7ce6007341cf92afeb718b75883bf415864?s=96&d=blank&r=g\",\"url\":\"https:\\\/\\\/secure.gravatar.com\\\/avatar\\\/0a67041d44c702fb0660d81a5a32c7ce6007341cf92afeb718b75883bf415864?s=96&d=blank&r=g\",\"contentUrl\":\"https:\\\/\\\/secure.gravatar.com\\\/avatar\\\/0a67041d44c702fb0660d81a5a32c7ce6007341cf92afeb718b75883bf415864?s=96&d=blank&r=g\",\"caption\":\"diegoc\"},\"url\":\"https:\\\/\\\/radiounodigital.com\\\/web\\\/author\\\/diegoc\\\/\"}]}<\/script>\n<!-- \/ Yoast SEO plugin. -->","yoast_head_json":{"title":"Status Quo: In The Army Now live at Wacken Festival - Radio UNO Digital","description":"\"In The Army Now\" de Status Quo, en vivo en el Wacken Open Air 2017, tomado de \"Down Down & Dirty At Wacken\", el 17 de agosto de ese a\u00f1o.","robots":{"index":"index","follow":"follow","max-snippet":"max-snippet:-1","max-image-preview":"max-image-preview:large","max-video-preview":"max-video-preview:-1"},"canonical":"https:\/\/radiounodigital.com\/web\/2020\/06\/04\/status-quo-in-the-army-now-live-at-wacken-2017\/","og_locale":"es_ES","og_type":"article","og_title":"Status Quo: In The Army Now live at Wacken Festival","og_description":"\"In The Army Now\" de Status Quo, en vivo en el Wacken Open Air 2017, tomado de \"Down Down & Dirty At Wacken\", el 17 de agosto de ese a\u00f1o.","og_url":"https:\/\/radiounodigital.com\/web\/2020\/06\/04\/status-quo-in-the-army-now-live-at-wacken-2017\/","og_site_name":"Radio UNO Digital","article_published_time":"2020-06-04T19:43:52+00:00","article_modified_time":"2020-06-05T00:44:51+00:00","og_image":[{"width":512,"height":288,"url":"https:\/\/radiounodigital.com\/web\/wp-content\/uploads\/2020\/06\/status-quo-live.jpg","type":"image\/jpeg"}],"author":"diegoc","twitter_card":"summary_large_image","twitter_title":"Status Quo: In The Army Now live at Wacken Festival","twitter_description":"\"In The Army Now\" de Status Quo, en vivo en el Wacken Open Air 2017, tomado de \"Down Down & Dirty At Wacken\", el 17 de agosto de ese a\u00f1o.","twitter_image":"https:\/\/radiounodigital.com\/web\/wp-content\/uploads\/2020\/06\/status-quo-live.jpg","twitter_misc":{"Escrito por":"diegoc","Tiempo de lectura":"1 minuto"},"schema":{"@context":"https:\/\/schema.org","@graph":[{"@type":"Article","@id":"https:\/\/radiounodigital.com\/web\/2020\/06\/04\/status-quo-in-the-army-now-live-at-wacken-2017\/#article","isPartOf":{"@id":"https:\/\/radiounodigital.com\/web\/2020\/06\/04\/status-quo-in-the-army-now-live-at-wacken-2017\/"},"author":{"name":"diegoc","@id":"https:\/\/radiounodigital.com\/web\/#\/schema\/person\/00b93151fa54f619ecf9c183d1fc9758"},"headline":"Status Quo &#8211; In The Army Now (Live at Wacken 2017)","datePublished":"2020-06-04T19:43:52+00:00","dateModified":"2020-06-05T00:44:51+00:00","mainEntityOfPage":{"@id":"https:\/\/radiounodigital.com\/web\/2020\/06\/04\/status-quo-in-the-army-now-live-at-wacken-2017\/"},"wordCount":123,"commentCount":0,"image":{"@id":"https:\/\/radiounodigital.com\/web\/2020\/06\/04\/status-quo-in-the-army-now-live-at-wacken-2017\/#primaryimage"},"thumbnailUrl":"https:\/\/radiounodigital.com\/web\/wp-content\/uploads\/2020\/06\/status-quo-live.jpg","keywords":["in the army now","live","Status Quo","wacken"],"articleSection":["1001 Canciones","news","Rock Clasico"],"inLanguage":"es","potentialAction":[{"@type":"CommentAction","name":"Comment","target":["https:\/\/radiounodigital.com\/web\/2020\/06\/04\/status-quo-in-the-army-now-live-at-wacken-2017\/#respond"]}]},{"@type":"WebPage","@id":"https:\/\/radiounodigital.com\/web\/2020\/06\/04\/status-quo-in-the-army-now-live-at-wacken-2017\/","url":"https:\/\/radiounodigital.com\/web\/2020\/06\/04\/status-quo-in-the-army-now-live-at-wacken-2017\/","name":"Status Quo: In The Army Now live at Wacken Festival - Radio UNO Digital","isPartOf":{"@id":"https:\/\/radiounodigital.com\/web\/#website"},"primaryImageOfPage":{"@id":"https:\/\/radiounodigital.com\/web\/2020\/06\/04\/status-quo-in-the-army-now-live-at-wacken-2017\/#primaryimage"},"image":{"@id":"https:\/\/radiounodigital.com\/web\/2020\/06\/04\/status-quo-in-the-army-now-live-at-wacken-2017\/#primaryimage"},"thumbnailUrl":"https:\/\/radiounodigital.com\/web\/wp-content\/uploads\/2020\/06\/status-quo-live.jpg","datePublished":"2020-06-04T19:43:52+00:00","dateModified":"2020-06-05T00:44:51+00:00","author":{"@id":"https:\/\/radiounodigital.com\/web\/#\/schema\/person\/00b93151fa54f619ecf9c183d1fc9758"},"description":"\"In The Army Now\" de Status Quo, en vivo en el Wacken Open Air 2017, tomado de \"Down Down & Dirty At Wacken\", el 17 de agosto de ese a\u00f1o.","breadcrumb":{"@id":"https:\/\/radiounodigital.com\/web\/2020\/06\/04\/status-quo-in-the-army-now-live-at-wacken-2017\/#breadcrumb"},"inLanguage":"es","potentialAction":[{"@type":"ReadAction","target":["https:\/\/radiounodigital.com\/web\/2020\/06\/04\/status-quo-in-the-army-now-live-at-wacken-2017\/"]}]},{"@type":"ImageObject","inLanguage":"es","@id":"https:\/\/radiounodigital.com\/web\/2020\/06\/04\/status-quo-in-the-army-now-live-at-wacken-2017\/#primaryimage","url":"https:\/\/radiounodigital.com\/web\/wp-content\/uploads\/2020\/06\/status-quo-live.jpg","contentUrl":"https:\/\/radiounodigital.com\/web\/wp-content\/uploads\/2020\/06\/status-quo-live.jpg","width":512,"height":288},{"@type":"BreadcrumbList","@id":"https:\/\/radiounodigital.com\/web\/2020\/06\/04\/status-quo-in-the-army-now-live-at-wacken-2017\/#breadcrumb","itemListElement":[{"@type":"ListItem","position":1,"name":"Home","item":"https:\/\/radiounodigital.com\/web\/"},{"@type":"ListItem","position":2,"name":"Status Quo &#8211; In The Army Now (Live at Wacken 2017)"}]},{"@type":"WebSite","@id":"https:\/\/radiounodigital.com\/web\/#website","url":"https:\/\/radiounodigital.com\/web\/","name":"Radio UNO Digital","description":"Donde la cultura del rock se siente","potentialAction":[{"@type":"SearchAction","target":{"@type":"EntryPoint","urlTemplate":"https:\/\/radiounodigital.com\/web\/?s={search_term_string}"},"query-input":{"@type":"PropertyValueSpecification","valueRequired":true,"valueName":"search_term_string"}}],"inLanguage":"es"},{"@type":"Person","@id":"https:\/\/radiounodigital.com\/web\/#\/schema\/person\/00b93151fa54f619ecf9c183d1fc9758","name":"diegoc","image":{"@type":"ImageObject","inLanguage":"es","@id":"https:\/\/secure.gravatar.com\/avatar\/0a67041d44c702fb0660d81a5a32c7ce6007341cf92afeb718b75883bf415864?s=96&d=blank&r=g","url":"https:\/\/secure.gravatar.com\/avatar\/0a67041d44c702fb0660d81a5a32c7ce6007341cf92afeb718b75883bf415864?s=96&d=blank&r=g","contentUrl":"https:\/\/secure.gravatar.com\/avatar\/0a67041d44c702fb0660d81a5a32c7ce6007341cf92afeb718b75883bf415864?s=96&d=blank&r=g","caption":"diegoc"},"url":"https:\/\/radiounodigital.com\/web\/author\/diegoc\/"}]}},"_links":{"self":[{"href":"https:\/\/radiounodigital.com\/web\/wp-json\/wp\/v2\/posts\/4011","targetHints":{"allow":["GET"]}}],"collection":[{"href":"https:\/\/radiounodigital.com\/web\/wp-json\/wp\/v2\/posts"}],"about":[{"href":"https:\/\/radiounodigital.com\/web\/wp-json\/wp\/v2\/types\/post"}],"author":[{"embeddable":true,"href":"https:\/\/radiounodigital.com\/web\/wp-json\/wp\/v2\/users\/1"}],"replies":[{"embeddable":true,"href":"https:\/\/radiounodigital.com\/web\/wp-json\/wp\/v2\/comments?post=4011"}],"version-history":[{"count":2,"href":"https:\/\/radiounodigital.com\/web\/wp-json\/wp\/v2\/posts\/4011\/revisions"}],"predecessor-version":[{"id":4014,"href":"https:\/\/radiounodigital.com\/web\/wp-json\/wp\/v2\/posts\/4011\/revisions\/4014"}],"wp:featuredmedia":[{"embeddable":true,"href":"https:\/\/radiounodigital.com\/web\/wp-json\/wp\/v2\/media\/4012"}],"wp:attachment":[{"href":"https:\/\/radiounodigital.com\/web\/wp-json\/wp\/v2\/media?parent=4011"}],"wp:term":[{"taxonomy":"category","embeddable":true,"href":"https:\/\/radiounodigital.com\/web\/wp-json\/wp\/v2\/categories?post=4011"},{"taxonomy":"post_tag","embeddable":true,"href":"https:\/\/radiounodigital.com\/web\/wp-json\/wp\/v2\/tags?post=4011"}],"curies":[{"name":"wp","href":"https:\/\/api.w.org\/{rel}","templated":true}]}}