{"id":4027,"date":"2020-06-10T18:37:29","date_gmt":"2020-06-10T18:37:29","guid":{"rendered":"https:\/\/radiounodigital.com\/web\/?p=4027"},"modified":"2020-06-10T18:37:29","modified_gmt":"2020-06-10T18:37:29","slug":"ray-charles-la-musica-lo-mantiene-vivito-y-coleando","status":"publish","type":"post","link":"https:\/\/radiounodigital.com\/web\/2020\/06\/10\/ray-charles-la-musica-lo-mantiene-vivito-y-coleando\/","title":{"rendered":"Ray Charles: La m\u00fasica lo mantiene vivito y coleando"},"content":{"rendered":"<h3>Una nueva fecha se cumple desde su partida f\u00edsica, pero a nosotros no nos gusta recordar esas fechas como una p\u00e9rdida, sino como una celebraci\u00f3n a la m\u00fasica de un artista.<\/h3>\n<p><iframe loading=\"lazy\" src=\"https:\/\/www.youtube.com\/embed\/0rEsVp5tiDQ\" width=\"560\" height=\"315\" frameborder=\"0\" allowfullscreen=\"allowfullscreen\"><\/iframe><\/p>\n<p>Mientras algunas canciones lo lanzaron a la fama, otras no menos famosos inundaban de m\u00fasica las emisoras de radio por aquellos a\u00f1os. Hoy son pocas las que los recuerdan m\u00e1s all\u00e1 de las editoriales en los sitios Web. En Radio UNO Digital honramos la buena m\u00fasica de todos los tiempos, no importa que sea nueva o muy vieja (aunque viejos son los trapos), porque son cl\u00e1sicos o se convertiran con el paso del tiempo.<\/p>\n<p><iframe loading=\"lazy\" src=\"https:\/\/www.youtube.com\/embed\/qIp9TwSEgFg\" width=\"560\" height=\"315\" frameborder=\"0\" allowfullscreen=\"allowfullscreen\"><\/iframe><\/p>\n<p>La biograf\u00eda del pianista y cantante fallecido en 2004 se estreno ese mismo a\u00f1o y esta disponible en <a href=\"https:\/\/www.netflix.com\/watch\/70001994?trackId=13752289&amp;tctx=0%2C0%2C1813403e7e6f61848c4ac0606be8f007983aff62%3A65c8841ce2b4e653dfc6dd61f803efc5739f8aa0%2C%2C%2C\">Neflix<\/a>, lo que recomendamos para todos aquellos que quieran conocer un poco m\u00e1s en profundidad la vida y obra de este maravilloso artista norteamericano.<\/p>\n<p><iframe loading=\"lazy\" src=\"https:\/\/www.youtube.com\/embed\/auu9b6qW3YU\" width=\"560\" height=\"315\" frameborder=\"0\" allowfullscreen=\"allowfullscreen\"><\/iframe><\/p>\n<p>En 1993 cant\u00f3 Please (You Got That &#8230;) junto a INXS en el noveno \u00e1lbum de estudio de la banda titulado Full Moon, Dirty Hearts.<\/p>\n<p><iframe loading=\"lazy\" src=\"https:\/\/www.youtube.com\/embed\/NjptMYodpaQ\" width=\"560\" height=\"315\" frameborder=\"0\" allowfullscreen=\"allowfullscreen\"><\/iframe><\/p>\n<p>La historia de Ray Charles es mucho m\u00e1s rica y larga, comparada con estas breves lineas que le dedicamos a recordar su m\u00fasica.<\/p>\n<p>Les dimos el recordatorio, todo lo dem\u00e1s incluida su m\u00fasica ya saben donde pueden encontrar.<\/p>\n<p>&nbsp;<\/p>\n<div class=\"fb-background-color\">\n\t\t\t  <div \n\t\t\t  \tclass = \"fb-comments\" \n\t\t\t  \tdata-href = \"https:\/\/radiounodigital.com\/web\/2020\/06\/10\/ray-charles-la-musica-lo-mantiene-vivito-y-coleando\/\"\n\t\t\t  \tdata-numposts = \"10\"\n\t\t\t  \tdata-lazy = \"true\"\n\t\t\t\tdata-colorscheme = \"dark\"\n\t\t\t\tdata-order-by = \"reverse_time\"\n\t\t\t\tdata-mobile=true>\n\t\t\t  <\/div><\/div>\n\t\t  <style>\n\t\t    .fb-background-color {\n\t\t\t\tbackground: #ffffff !important;\n\t\t\t}\n\t\t\t.fb_iframe_widget_fluid_desktop iframe {\n\t\t\t    width: 100% !important;\n\t\t\t}\n\t\t  <\/style>\n\t\t  ","protected":false},"excerpt":{"rendered":"<p>Una nueva fecha se cumple desde su partida f\u00edsica, pero a nosotros no nos gusta recordar esas fechas como una p\u00e9rdida, sino como una celebraci\u00f3n a la m\u00fasica de un artista. Mientras algunas canciones lo lanzaron a la fama, otras no menos famosos inundaban de m\u00fasica las emisoras de radio por aquellos a\u00f1os. Hoy son&#8230; <a href=\"https:\/\/radiounodigital.com\/web\/2020\/06\/10\/ray-charles-la-musica-lo-mantiene-vivito-y-coleando\/\" class=\"excerpt-read-more\">Read More<\/a><\/p>\n","protected":false},"author":1,"featured_media":4028,"comment_status":"open","ping_status":"open","sticky":false,"template":"","format":"standard","meta":{"footnotes":""},"categories":[126,180,128],"tags":[301,174,298,84,989,1014],"class_list":["post-4027","post","type-post","status-publish","format-standard","has-post-thumbnail","hentry","category-blues","category-news","category-rock-clasico","tag-aniversario","tag-canciones","tag-mejores","tag-muerte","tag-musica","tag-ray-charles"],"yoast_head":"<!-- This site is optimized with the Yoast SEO plugin v27.5 - https:\/\/yoast.com\/product\/yoast-seo-wordpress\/ -->\n<title>Ray Charles: \u00bfquien dijo que murio? - Radio UNO Digital<\/title>\n<meta name=\"description\" content=\"Celebramos la m\u00fasica junto a una de las leyendas m\u00e1s grande de la m\u00fasica del siglo 20. Las fechas que recuerdan muertes no son nada La m\u00fasica es lo que vale\" \/>\n<meta name=\"robots\" content=\"index, follow, max-snippet:-1, max-image-preview:large, max-video-preview:-1\" \/>\n<link rel=\"canonical\" href=\"https:\/\/radiounodigital.com\/web\/2020\/06\/10\/ray-charles-la-musica-lo-mantiene-vivito-y-coleando\/\" \/>\n<meta property=\"og:locale\" content=\"es_ES\" \/>\n<meta property=\"og:type\" content=\"article\" \/>\n<meta property=\"og:title\" content=\"Ray Charles: \u00bfquien dijo que murio?\" \/>\n<meta property=\"og:description\" content=\"Celebramos la m\u00fasica junto a una de las leyendas m\u00e1s grande de la m\u00fasica del siglo 20. Las fechas que recuerdan muertes no son nada La m\u00fasica es lo que vale\" \/>\n<meta property=\"og:url\" content=\"https:\/\/radiounodigital.com\/web\/2020\/06\/10\/ray-charles-la-musica-lo-mantiene-vivito-y-coleando\/\" \/>\n<meta property=\"og:site_name\" content=\"Radio UNO Digital\" \/>\n<meta property=\"article:published_time\" content=\"2020-06-10T18:37:29+00:00\" \/>\n<meta property=\"og:image\" content=\"https:\/\/radiounodigital.com\/web\/wp-content\/uploads\/2020\/06\/ray-charles.jpg\" \/>\n\t<meta property=\"og:image:width\" content=\"720\" \/>\n\t<meta property=\"og:image:height\" content=\"405\" \/>\n\t<meta property=\"og:image:type\" content=\"image\/jpeg\" \/>\n<meta name=\"author\" content=\"diegoc\" \/>\n<meta name=\"twitter:card\" content=\"summary_large_image\" \/>\n<meta name=\"twitter:title\" content=\"Ray Charles: \u00bfquien dijo que murio?\" \/>\n<meta name=\"twitter:description\" content=\"Celebramos la m\u00fasica junto a una de las leyendas m\u00e1s grande de la m\u00fasica del siglo 20. Las fechas que recuerdan muertes no son nada La m\u00fasica es lo que vale\" \/>\n<meta name=\"twitter:image\" content=\"https:\/\/radiounodigital.com\/web\/wp-content\/uploads\/2020\/06\/ray-charles.jpg\" \/>\n<meta name=\"twitter:label1\" content=\"Escrito por\" \/>\n\t<meta name=\"twitter:data1\" content=\"diegoc\" \/>\n\t<meta name=\"twitter:label2\" content=\"Tiempo de lectura\" \/>\n\t<meta name=\"twitter:data2\" content=\"1 minuto\" \/>\n<script type=\"application\/ld+json\" class=\"yoast-schema-graph\">{\"@context\":\"https:\\\/\\\/schema.org\",\"@graph\":[{\"@type\":\"Article\",\"@id\":\"https:\\\/\\\/radiounodigital.com\\\/web\\\/2020\\\/06\\\/10\\\/ray-charles-la-musica-lo-mantiene-vivito-y-coleando\\\/#article\",\"isPartOf\":{\"@id\":\"https:\\\/\\\/radiounodigital.com\\\/web\\\/2020\\\/06\\\/10\\\/ray-charles-la-musica-lo-mantiene-vivito-y-coleando\\\/\"},\"author\":{\"name\":\"diegoc\",\"@id\":\"https:\\\/\\\/radiounodigital.com\\\/web\\\/#\\\/schema\\\/person\\\/00b93151fa54f619ecf9c183d1fc9758\"},\"headline\":\"Ray Charles: La m\u00fasica lo mantiene vivito y coleando\",\"datePublished\":\"2020-06-10T18:37:29+00:00\",\"mainEntityOfPage\":{\"@id\":\"https:\\\/\\\/radiounodigital.com\\\/web\\\/2020\\\/06\\\/10\\\/ray-charles-la-musica-lo-mantiene-vivito-y-coleando\\\/\"},\"wordCount\":234,\"commentCount\":0,\"image\":{\"@id\":\"https:\\\/\\\/radiounodigital.com\\\/web\\\/2020\\\/06\\\/10\\\/ray-charles-la-musica-lo-mantiene-vivito-y-coleando\\\/#primaryimage\"},\"thumbnailUrl\":\"https:\\\/\\\/radiounodigital.com\\\/web\\\/wp-content\\\/uploads\\\/2020\\\/06\\\/ray-charles.jpg\",\"keywords\":[\"aniversario\",\"canciones\",\"mejores\",\"muerte\",\"musica\",\"ray charles\"],\"articleSection\":[\"Blues\",\"news\",\"Rock Clasico\"],\"inLanguage\":\"es\",\"potentialAction\":[{\"@type\":\"CommentAction\",\"name\":\"Comment\",\"target\":[\"https:\\\/\\\/radiounodigital.com\\\/web\\\/2020\\\/06\\\/10\\\/ray-charles-la-musica-lo-mantiene-vivito-y-coleando\\\/#respond\"]}]},{\"@type\":\"WebPage\",\"@id\":\"https:\\\/\\\/radiounodigital.com\\\/web\\\/2020\\\/06\\\/10\\\/ray-charles-la-musica-lo-mantiene-vivito-y-coleando\\\/\",\"url\":\"https:\\\/\\\/radiounodigital.com\\\/web\\\/2020\\\/06\\\/10\\\/ray-charles-la-musica-lo-mantiene-vivito-y-coleando\\\/\",\"name\":\"Ray Charles: \u00bfquien dijo que murio? - Radio UNO Digital\",\"isPartOf\":{\"@id\":\"https:\\\/\\\/radiounodigital.com\\\/web\\\/#website\"},\"primaryImageOfPage\":{\"@id\":\"https:\\\/\\\/radiounodigital.com\\\/web\\\/2020\\\/06\\\/10\\\/ray-charles-la-musica-lo-mantiene-vivito-y-coleando\\\/#primaryimage\"},\"image\":{\"@id\":\"https:\\\/\\\/radiounodigital.com\\\/web\\\/2020\\\/06\\\/10\\\/ray-charles-la-musica-lo-mantiene-vivito-y-coleando\\\/#primaryimage\"},\"thumbnailUrl\":\"https:\\\/\\\/radiounodigital.com\\\/web\\\/wp-content\\\/uploads\\\/2020\\\/06\\\/ray-charles.jpg\",\"datePublished\":\"2020-06-10T18:37:29+00:00\",\"author\":{\"@id\":\"https:\\\/\\\/radiounodigital.com\\\/web\\\/#\\\/schema\\\/person\\\/00b93151fa54f619ecf9c183d1fc9758\"},\"description\":\"Celebramos la m\u00fasica junto a una de las leyendas m\u00e1s grande de la m\u00fasica del siglo 20. Las fechas que recuerdan muertes no son nada La m\u00fasica es lo que vale\",\"breadcrumb\":{\"@id\":\"https:\\\/\\\/radiounodigital.com\\\/web\\\/2020\\\/06\\\/10\\\/ray-charles-la-musica-lo-mantiene-vivito-y-coleando\\\/#breadcrumb\"},\"inLanguage\":\"es\",\"potentialAction\":[{\"@type\":\"ReadAction\",\"target\":[\"https:\\\/\\\/radiounodigital.com\\\/web\\\/2020\\\/06\\\/10\\\/ray-charles-la-musica-lo-mantiene-vivito-y-coleando\\\/\"]}]},{\"@type\":\"ImageObject\",\"inLanguage\":\"es\",\"@id\":\"https:\\\/\\\/radiounodigital.com\\\/web\\\/2020\\\/06\\\/10\\\/ray-charles-la-musica-lo-mantiene-vivito-y-coleando\\\/#primaryimage\",\"url\":\"https:\\\/\\\/radiounodigital.com\\\/web\\\/wp-content\\\/uploads\\\/2020\\\/06\\\/ray-charles.jpg\",\"contentUrl\":\"https:\\\/\\\/radiounodigital.com\\\/web\\\/wp-content\\\/uploads\\\/2020\\\/06\\\/ray-charles.jpg\",\"width\":720,\"height\":405},{\"@type\":\"BreadcrumbList\",\"@id\":\"https:\\\/\\\/radiounodigital.com\\\/web\\\/2020\\\/06\\\/10\\\/ray-charles-la-musica-lo-mantiene-vivito-y-coleando\\\/#breadcrumb\",\"itemListElement\":[{\"@type\":\"ListItem\",\"position\":1,\"name\":\"Home\",\"item\":\"https:\\\/\\\/radiounodigital.com\\\/web\\\/\"},{\"@type\":\"ListItem\",\"position\":2,\"name\":\"Ray Charles: La m\u00fasica lo mantiene vivito y coleando\"}]},{\"@type\":\"WebSite\",\"@id\":\"https:\\\/\\\/radiounodigital.com\\\/web\\\/#website\",\"url\":\"https:\\\/\\\/radiounodigital.com\\\/web\\\/\",\"name\":\"Radio UNO Digital\",\"description\":\"Donde la cultura del rock se siente\",\"potentialAction\":[{\"@type\":\"SearchAction\",\"target\":{\"@type\":\"EntryPoint\",\"urlTemplate\":\"https:\\\/\\\/radiounodigital.com\\\/web\\\/?s={search_term_string}\"},\"query-input\":{\"@type\":\"PropertyValueSpecification\",\"valueRequired\":true,\"valueName\":\"search_term_string\"}}],\"inLanguage\":\"es\"},{\"@type\":\"Person\",\"@id\":\"https:\\\/\\\/radiounodigital.com\\\/web\\\/#\\\/schema\\\/person\\\/00b93151fa54f619ecf9c183d1fc9758\",\"name\":\"diegoc\",\"image\":{\"@type\":\"ImageObject\",\"inLanguage\":\"es\",\"@id\":\"https:\\\/\\\/secure.gravatar.com\\\/avatar\\\/0a67041d44c702fb0660d81a5a32c7ce6007341cf92afeb718b75883bf415864?s=96&d=blank&r=g\",\"url\":\"https:\\\/\\\/secure.gravatar.com\\\/avatar\\\/0a67041d44c702fb0660d81a5a32c7ce6007341cf92afeb718b75883bf415864?s=96&d=blank&r=g\",\"contentUrl\":\"https:\\\/\\\/secure.gravatar.com\\\/avatar\\\/0a67041d44c702fb0660d81a5a32c7ce6007341cf92afeb718b75883bf415864?s=96&d=blank&r=g\",\"caption\":\"diegoc\"},\"url\":\"https:\\\/\\\/radiounodigital.com\\\/web\\\/author\\\/diegoc\\\/\"}]}<\/script>\n<!-- \/ Yoast SEO plugin. -->","yoast_head_json":{"title":"Ray Charles: \u00bfquien dijo que murio? - Radio UNO Digital","description":"Celebramos la m\u00fasica junto a una de las leyendas m\u00e1s grande de la m\u00fasica del siglo 20. Las fechas que recuerdan muertes no son nada La m\u00fasica es lo que vale","robots":{"index":"index","follow":"follow","max-snippet":"max-snippet:-1","max-image-preview":"max-image-preview:large","max-video-preview":"max-video-preview:-1"},"canonical":"https:\/\/radiounodigital.com\/web\/2020\/06\/10\/ray-charles-la-musica-lo-mantiene-vivito-y-coleando\/","og_locale":"es_ES","og_type":"article","og_title":"Ray Charles: \u00bfquien dijo que murio?","og_description":"Celebramos la m\u00fasica junto a una de las leyendas m\u00e1s grande de la m\u00fasica del siglo 20. Las fechas que recuerdan muertes no son nada La m\u00fasica es lo que vale","og_url":"https:\/\/radiounodigital.com\/web\/2020\/06\/10\/ray-charles-la-musica-lo-mantiene-vivito-y-coleando\/","og_site_name":"Radio UNO Digital","article_published_time":"2020-06-10T18:37:29+00:00","og_image":[{"width":720,"height":405,"url":"https:\/\/radiounodigital.com\/web\/wp-content\/uploads\/2020\/06\/ray-charles.jpg","type":"image\/jpeg"}],"author":"diegoc","twitter_card":"summary_large_image","twitter_title":"Ray Charles: \u00bfquien dijo que murio?","twitter_description":"Celebramos la m\u00fasica junto a una de las leyendas m\u00e1s grande de la m\u00fasica del siglo 20. Las fechas que recuerdan muertes no son nada La m\u00fasica es lo que vale","twitter_image":"https:\/\/radiounodigital.com\/web\/wp-content\/uploads\/2020\/06\/ray-charles.jpg","twitter_misc":{"Escrito por":"diegoc","Tiempo de lectura":"1 minuto"},"schema":{"@context":"https:\/\/schema.org","@graph":[{"@type":"Article","@id":"https:\/\/radiounodigital.com\/web\/2020\/06\/10\/ray-charles-la-musica-lo-mantiene-vivito-y-coleando\/#article","isPartOf":{"@id":"https:\/\/radiounodigital.com\/web\/2020\/06\/10\/ray-charles-la-musica-lo-mantiene-vivito-y-coleando\/"},"author":{"name":"diegoc","@id":"https:\/\/radiounodigital.com\/web\/#\/schema\/person\/00b93151fa54f619ecf9c183d1fc9758"},"headline":"Ray Charles: La m\u00fasica lo mantiene vivito y coleando","datePublished":"2020-06-10T18:37:29+00:00","mainEntityOfPage":{"@id":"https:\/\/radiounodigital.com\/web\/2020\/06\/10\/ray-charles-la-musica-lo-mantiene-vivito-y-coleando\/"},"wordCount":234,"commentCount":0,"image":{"@id":"https:\/\/radiounodigital.com\/web\/2020\/06\/10\/ray-charles-la-musica-lo-mantiene-vivito-y-coleando\/#primaryimage"},"thumbnailUrl":"https:\/\/radiounodigital.com\/web\/wp-content\/uploads\/2020\/06\/ray-charles.jpg","keywords":["aniversario","canciones","mejores","muerte","musica","ray charles"],"articleSection":["Blues","news","Rock Clasico"],"inLanguage":"es","potentialAction":[{"@type":"CommentAction","name":"Comment","target":["https:\/\/radiounodigital.com\/web\/2020\/06\/10\/ray-charles-la-musica-lo-mantiene-vivito-y-coleando\/#respond"]}]},{"@type":"WebPage","@id":"https:\/\/radiounodigital.com\/web\/2020\/06\/10\/ray-charles-la-musica-lo-mantiene-vivito-y-coleando\/","url":"https:\/\/radiounodigital.com\/web\/2020\/06\/10\/ray-charles-la-musica-lo-mantiene-vivito-y-coleando\/","name":"Ray Charles: \u00bfquien dijo que murio? - Radio UNO Digital","isPartOf":{"@id":"https:\/\/radiounodigital.com\/web\/#website"},"primaryImageOfPage":{"@id":"https:\/\/radiounodigital.com\/web\/2020\/06\/10\/ray-charles-la-musica-lo-mantiene-vivito-y-coleando\/#primaryimage"},"image":{"@id":"https:\/\/radiounodigital.com\/web\/2020\/06\/10\/ray-charles-la-musica-lo-mantiene-vivito-y-coleando\/#primaryimage"},"thumbnailUrl":"https:\/\/radiounodigital.com\/web\/wp-content\/uploads\/2020\/06\/ray-charles.jpg","datePublished":"2020-06-10T18:37:29+00:00","author":{"@id":"https:\/\/radiounodigital.com\/web\/#\/schema\/person\/00b93151fa54f619ecf9c183d1fc9758"},"description":"Celebramos la m\u00fasica junto a una de las leyendas m\u00e1s grande de la m\u00fasica del siglo 20. Las fechas que recuerdan muertes no son nada La m\u00fasica es lo que vale","breadcrumb":{"@id":"https:\/\/radiounodigital.com\/web\/2020\/06\/10\/ray-charles-la-musica-lo-mantiene-vivito-y-coleando\/#breadcrumb"},"inLanguage":"es","potentialAction":[{"@type":"ReadAction","target":["https:\/\/radiounodigital.com\/web\/2020\/06\/10\/ray-charles-la-musica-lo-mantiene-vivito-y-coleando\/"]}]},{"@type":"ImageObject","inLanguage":"es","@id":"https:\/\/radiounodigital.com\/web\/2020\/06\/10\/ray-charles-la-musica-lo-mantiene-vivito-y-coleando\/#primaryimage","url":"https:\/\/radiounodigital.com\/web\/wp-content\/uploads\/2020\/06\/ray-charles.jpg","contentUrl":"https:\/\/radiounodigital.com\/web\/wp-content\/uploads\/2020\/06\/ray-charles.jpg","width":720,"height":405},{"@type":"BreadcrumbList","@id":"https:\/\/radiounodigital.com\/web\/2020\/06\/10\/ray-charles-la-musica-lo-mantiene-vivito-y-coleando\/#breadcrumb","itemListElement":[{"@type":"ListItem","position":1,"name":"Home","item":"https:\/\/radiounodigital.com\/web\/"},{"@type":"ListItem","position":2,"name":"Ray Charles: La m\u00fasica lo mantiene vivito y coleando"}]},{"@type":"WebSite","@id":"https:\/\/radiounodigital.com\/web\/#website","url":"https:\/\/radiounodigital.com\/web\/","name":"Radio UNO Digital","description":"Donde la cultura del rock se siente","potentialAction":[{"@type":"SearchAction","target":{"@type":"EntryPoint","urlTemplate":"https:\/\/radiounodigital.com\/web\/?s={search_term_string}"},"query-input":{"@type":"PropertyValueSpecification","valueRequired":true,"valueName":"search_term_string"}}],"inLanguage":"es"},{"@type":"Person","@id":"https:\/\/radiounodigital.com\/web\/#\/schema\/person\/00b93151fa54f619ecf9c183d1fc9758","name":"diegoc","image":{"@type":"ImageObject","inLanguage":"es","@id":"https:\/\/secure.gravatar.com\/avatar\/0a67041d44c702fb0660d81a5a32c7ce6007341cf92afeb718b75883bf415864?s=96&d=blank&r=g","url":"https:\/\/secure.gravatar.com\/avatar\/0a67041d44c702fb0660d81a5a32c7ce6007341cf92afeb718b75883bf415864?s=96&d=blank&r=g","contentUrl":"https:\/\/secure.gravatar.com\/avatar\/0a67041d44c702fb0660d81a5a32c7ce6007341cf92afeb718b75883bf415864?s=96&d=blank&r=g","caption":"diegoc"},"url":"https:\/\/radiounodigital.com\/web\/author\/diegoc\/"}]}},"_links":{"self":[{"href":"https:\/\/radiounodigital.com\/web\/wp-json\/wp\/v2\/posts\/4027","targetHints":{"allow":["GET"]}}],"collection":[{"href":"https:\/\/radiounodigital.com\/web\/wp-json\/wp\/v2\/posts"}],"about":[{"href":"https:\/\/radiounodigital.com\/web\/wp-json\/wp\/v2\/types\/post"}],"author":[{"embeddable":true,"href":"https:\/\/radiounodigital.com\/web\/wp-json\/wp\/v2\/users\/1"}],"replies":[{"embeddable":true,"href":"https:\/\/radiounodigital.com\/web\/wp-json\/wp\/v2\/comments?post=4027"}],"version-history":[{"count":1,"href":"https:\/\/radiounodigital.com\/web\/wp-json\/wp\/v2\/posts\/4027\/revisions"}],"predecessor-version":[{"id":4029,"href":"https:\/\/radiounodigital.com\/web\/wp-json\/wp\/v2\/posts\/4027\/revisions\/4029"}],"wp:featuredmedia":[{"embeddable":true,"href":"https:\/\/radiounodigital.com\/web\/wp-json\/wp\/v2\/media\/4028"}],"wp:attachment":[{"href":"https:\/\/radiounodigital.com\/web\/wp-json\/wp\/v2\/media?parent=4027"}],"wp:term":[{"taxonomy":"category","embeddable":true,"href":"https:\/\/radiounodigital.com\/web\/wp-json\/wp\/v2\/categories?post=4027"},{"taxonomy":"post_tag","embeddable":true,"href":"https:\/\/radiounodigital.com\/web\/wp-json\/wp\/v2\/tags?post=4027"}],"curies":[{"name":"wp","href":"https:\/\/api.w.org\/{rel}","templated":true}]}}