{"id":4053,"date":"2020-06-18T10:23:11","date_gmt":"2020-06-18T10:23:11","guid":{"rendered":"https:\/\/radiounodigital.com\/web\/?p=4053"},"modified":"2020-06-18T10:25:22","modified_gmt":"2020-06-18T10:25:22","slug":"paul-mccartney-llego-a-los-78-y-sigue-contando-tranquilo","status":"publish","type":"post","link":"https:\/\/radiounodigital.com\/web\/2020\/06\/18\/paul-mccartney-llego-a-los-78-y-sigue-contando-tranquilo\/","title":{"rendered":"Paul McCartney lleg\u00f3 a los 78 y sigue contando tranquilo"},"content":{"rendered":"<h3>A Paul McCartney pareciera que los a\u00f1os no le pasan factura. La edad no es un problema para \u00e9l que se nota claramente que el calendario no lo afecta.<\/h3>\n<p>Siempre recuerdo una frase que dijo B.B. King cuando le preguntaron hasta cuando iba a seguir activo tocando a lo que respondi\u00f3: \u00ab<em><strong>Voy a seguir tocando hasta el mismo d\u00eda que muera\u00bb<\/strong><\/em>. A Paul no se la escuche, pero pueden estar seguros que ser\u00e1 as\u00ed probablemente.<\/p>\n<p>No se si el ex Beatle creer\u00e1 en algo un Dios o no, pero nosotros encontramos en Spotify esta interesante lista con 33 canciones de su repertorio.<\/p>\n<p><iframe loading=\"lazy\" src=\"https:\/\/open.spotify.com\/embed\/playlist\/7rEan9cZMpNSO1XvliiqnI\" width=\"550\" height=\"1750\" frameborder=\"0\"><span data-mce-type=\"bookmark\" style=\"display: inline-block; width: 0px; overflow: hidden; line-height: 0;\" class=\"mce_SELRES_start\">\ufeff<\/span><span data-mce-type=\"bookmark\" style=\"display: inline-block; width: 0px; overflow: hidden; line-height: 0;\" class=\"mce_SELRES_start\">\ufeff<\/span><span data-mce-type=\"bookmark\" style=\"display: inline-block; width: 0px; overflow: hidden; line-height: 0;\" class=\"mce_SELRES_start\">\ufeff<\/span><span data-mce-type=\"bookmark\" style=\"display: inline-block; width: 0px; overflow: hidden; line-height: 0;\" class=\"mce_SELRES_start\">\ufeff<\/span><span data-mce-type=\"bookmark\" style=\"display: inline-block; width: 0px; overflow: hidden; line-height: 0;\" class=\"mce_SELRES_start\">\ufeff<\/span><span data-mce-type=\"bookmark\" style=\"display: inline-block; width: 0px; overflow: hidden; line-height: 0;\" class=\"mce_SELRES_start\">\ufeff<\/span><\/iframe><\/p>\n<div class=\"fb-background-color\">\n\t\t\t  <div \n\t\t\t  \tclass = \"fb-comments\" \n\t\t\t  \tdata-href = \"https:\/\/radiounodigital.com\/web\/2020\/06\/18\/paul-mccartney-llego-a-los-78-y-sigue-contando-tranquilo\/\"\n\t\t\t  \tdata-numposts = \"10\"\n\t\t\t  \tdata-lazy = \"true\"\n\t\t\t\tdata-colorscheme = \"dark\"\n\t\t\t\tdata-order-by = \"reverse_time\"\n\t\t\t\tdata-mobile=true>\n\t\t\t  <\/div><\/div>\n\t\t  <style>\n\t\t    .fb-background-color {\n\t\t\t\tbackground: #ffffff !important;\n\t\t\t}\n\t\t\t.fb_iframe_widget_fluid_desktop iframe {\n\t\t\t    width: 100% !important;\n\t\t\t}\n\t\t  <\/style>\n\t\t  ","protected":false},"excerpt":{"rendered":"<p>A Paul McCartney pareciera que los a\u00f1os no le pasan factura. La edad no es un problema para \u00e9l que se nota claramente que el calendario no lo afecta. Siempre recuerdo una frase que dijo B.B. King cuando le preguntaron hasta cuando iba a seguir activo tocando a lo que respondi\u00f3: \u00abVoy a seguir tocando&#8230; <a href=\"https:\/\/radiounodigital.com\/web\/2020\/06\/18\/paul-mccartney-llego-a-los-78-y-sigue-contando-tranquilo\/\" class=\"excerpt-read-more\">Read More<\/a><\/p>\n","protected":false},"author":1,"featured_media":4055,"comment_status":"open","ping_status":"open","sticky":false,"template":"","format":"standard","meta":{"footnotes":""},"categories":[184,180,128],"tags":[1034,174,472,422,299,657,332],"class_list":["post-4053","post","type-post","status-publish","format-standard","has-post-thumbnail","hentry","category-1001-canciones","category-news","category-rock-clasico","tag-1034","tag-canciones","tag-cumpleanos","tag-exitos","tag-lista","tag-paul-mccartney","tag-spotify"],"yoast_head":"<!-- This site is optimized with the Yoast SEO plugin v27.4 - https:\/\/yoast.com\/product\/yoast-seo-wordpress\/ -->\n<title>Paul McCartney: &quot;A\u00fan no estoy muerto&quot; - Radio UNO Digital<\/title>\n<meta name=\"description\" content=\"A Paul McCartney pareciera que los a\u00f1os no le pasan factura. La edad no es un problema para \u00e9l que se nota claramente que el calendario no lo afecta.\" \/>\n<meta name=\"robots\" content=\"index, follow, max-snippet:-1, max-image-preview:large, max-video-preview:-1\" \/>\n<link rel=\"canonical\" href=\"https:\/\/radiounodigital.com\/web\/2020\/06\/18\/paul-mccartney-llego-a-los-78-y-sigue-contando-tranquilo\/\" \/>\n<meta property=\"og:locale\" content=\"es_ES\" \/>\n<meta property=\"og:type\" content=\"article\" \/>\n<meta property=\"og:title\" content=\"Paul McCartney: &quot;A\u00fan no estoy muerto&quot;\" \/>\n<meta property=\"og:description\" content=\"A Paul McCartney pareciera que los a\u00f1os no le pasan factura. La edad no es un problema para \u00e9l que se nota claramente que el calendario no lo afecta.\" \/>\n<meta property=\"og:url\" content=\"https:\/\/radiounodigital.com\/web\/2020\/06\/18\/paul-mccartney-llego-a-los-78-y-sigue-contando-tranquilo\/\" \/>\n<meta property=\"og:site_name\" content=\"Radio UNO Digital\" \/>\n<meta property=\"article:published_time\" content=\"2020-06-18T10:23:11+00:00\" \/>\n<meta property=\"article:modified_time\" content=\"2020-06-18T10:25:22+00:00\" \/>\n<meta property=\"og:image\" content=\"https:\/\/radiounodigital.com\/web\/wp-content\/uploads\/2020\/06\/paul-78an\u0303os.jpg\" \/>\n\t<meta property=\"og:image:width\" content=\"990\" \/>\n\t<meta property=\"og:image:height\" content=\"557\" \/>\n\t<meta property=\"og:image:type\" content=\"image\/jpeg\" \/>\n<meta name=\"author\" content=\"diegoc\" \/>\n<meta name=\"twitter:card\" content=\"summary_large_image\" \/>\n<meta name=\"twitter:title\" content=\"Paul McCartney: &quot;A\u00fan no estoy muerto&quot;\" \/>\n<meta name=\"twitter:description\" content=\"A Paul McCartney pareciera que los a\u00f1os no le pasan factura. La edad no es un problema para \u00e9l que se nota claramente que el calendario no lo afecta.\" \/>\n<meta name=\"twitter:image\" content=\"https:\/\/radiounodigital.com\/web\/wp-content\/uploads\/2020\/06\/paul-78an\u0303os.jpg\" \/>\n<meta name=\"twitter:label1\" content=\"Escrito por\" \/>\n\t<meta name=\"twitter:data1\" content=\"diegoc\" \/>\n\t<meta name=\"twitter:label2\" content=\"Tiempo de lectura\" \/>\n\t<meta name=\"twitter:data2\" content=\"1 minuto\" \/>\n<script type=\"application\/ld+json\" class=\"yoast-schema-graph\">{\"@context\":\"https:\\\/\\\/schema.org\",\"@graph\":[{\"@type\":\"Article\",\"@id\":\"https:\\\/\\\/radiounodigital.com\\\/web\\\/2020\\\/06\\\/18\\\/paul-mccartney-llego-a-los-78-y-sigue-contando-tranquilo\\\/#article\",\"isPartOf\":{\"@id\":\"https:\\\/\\\/radiounodigital.com\\\/web\\\/2020\\\/06\\\/18\\\/paul-mccartney-llego-a-los-78-y-sigue-contando-tranquilo\\\/\"},\"author\":{\"name\":\"diegoc\",\"@id\":\"https:\\\/\\\/radiounodigital.com\\\/web\\\/#\\\/schema\\\/person\\\/00b93151fa54f619ecf9c183d1fc9758\"},\"headline\":\"Paul McCartney lleg\u00f3 a los 78 y sigue contando tranquilo\",\"datePublished\":\"2020-06-18T10:23:11+00:00\",\"dateModified\":\"2020-06-18T10:25:22+00:00\",\"mainEntityOfPage\":{\"@id\":\"https:\\\/\\\/radiounodigital.com\\\/web\\\/2020\\\/06\\\/18\\\/paul-mccartney-llego-a-los-78-y-sigue-contando-tranquilo\\\/\"},\"wordCount\":113,\"commentCount\":0,\"image\":{\"@id\":\"https:\\\/\\\/radiounodigital.com\\\/web\\\/2020\\\/06\\\/18\\\/paul-mccartney-llego-a-los-78-y-sigue-contando-tranquilo\\\/#primaryimage\"},\"thumbnailUrl\":\"https:\\\/\\\/radiounodigital.com\\\/web\\\/wp-content\\\/uploads\\\/2020\\\/06\\\/paul-78an\u0303os.jpg\",\"keywords\":[\"78\",\"canciones\",\"cumplea\u00f1os\",\"exitos\",\"lista\",\"paul mccartney\",\"spotify\"],\"articleSection\":[\"1001 Canciones\",\"news\",\"Rock Clasico\"],\"inLanguage\":\"es\",\"potentialAction\":[{\"@type\":\"CommentAction\",\"name\":\"Comment\",\"target\":[\"https:\\\/\\\/radiounodigital.com\\\/web\\\/2020\\\/06\\\/18\\\/paul-mccartney-llego-a-los-78-y-sigue-contando-tranquilo\\\/#respond\"]}]},{\"@type\":\"WebPage\",\"@id\":\"https:\\\/\\\/radiounodigital.com\\\/web\\\/2020\\\/06\\\/18\\\/paul-mccartney-llego-a-los-78-y-sigue-contando-tranquilo\\\/\",\"url\":\"https:\\\/\\\/radiounodigital.com\\\/web\\\/2020\\\/06\\\/18\\\/paul-mccartney-llego-a-los-78-y-sigue-contando-tranquilo\\\/\",\"name\":\"Paul McCartney: \\\"A\u00fan no estoy muerto\\\" - Radio UNO Digital\",\"isPartOf\":{\"@id\":\"https:\\\/\\\/radiounodigital.com\\\/web\\\/#website\"},\"primaryImageOfPage\":{\"@id\":\"https:\\\/\\\/radiounodigital.com\\\/web\\\/2020\\\/06\\\/18\\\/paul-mccartney-llego-a-los-78-y-sigue-contando-tranquilo\\\/#primaryimage\"},\"image\":{\"@id\":\"https:\\\/\\\/radiounodigital.com\\\/web\\\/2020\\\/06\\\/18\\\/paul-mccartney-llego-a-los-78-y-sigue-contando-tranquilo\\\/#primaryimage\"},\"thumbnailUrl\":\"https:\\\/\\\/radiounodigital.com\\\/web\\\/wp-content\\\/uploads\\\/2020\\\/06\\\/paul-78an\u0303os.jpg\",\"datePublished\":\"2020-06-18T10:23:11+00:00\",\"dateModified\":\"2020-06-18T10:25:22+00:00\",\"author\":{\"@id\":\"https:\\\/\\\/radiounodigital.com\\\/web\\\/#\\\/schema\\\/person\\\/00b93151fa54f619ecf9c183d1fc9758\"},\"description\":\"A Paul McCartney pareciera que los a\u00f1os no le pasan factura. La edad no es un problema para \u00e9l que se nota claramente que el calendario no lo afecta.\",\"breadcrumb\":{\"@id\":\"https:\\\/\\\/radiounodigital.com\\\/web\\\/2020\\\/06\\\/18\\\/paul-mccartney-llego-a-los-78-y-sigue-contando-tranquilo\\\/#breadcrumb\"},\"inLanguage\":\"es\",\"potentialAction\":[{\"@type\":\"ReadAction\",\"target\":[\"https:\\\/\\\/radiounodigital.com\\\/web\\\/2020\\\/06\\\/18\\\/paul-mccartney-llego-a-los-78-y-sigue-contando-tranquilo\\\/\"]}]},{\"@type\":\"ImageObject\",\"inLanguage\":\"es\",\"@id\":\"https:\\\/\\\/radiounodigital.com\\\/web\\\/2020\\\/06\\\/18\\\/paul-mccartney-llego-a-los-78-y-sigue-contando-tranquilo\\\/#primaryimage\",\"url\":\"https:\\\/\\\/radiounodigital.com\\\/web\\\/wp-content\\\/uploads\\\/2020\\\/06\\\/paul-78an\u0303os.jpg\",\"contentUrl\":\"https:\\\/\\\/radiounodigital.com\\\/web\\\/wp-content\\\/uploads\\\/2020\\\/06\\\/paul-78an\u0303os.jpg\",\"width\":990,\"height\":557},{\"@type\":\"BreadcrumbList\",\"@id\":\"https:\\\/\\\/radiounodigital.com\\\/web\\\/2020\\\/06\\\/18\\\/paul-mccartney-llego-a-los-78-y-sigue-contando-tranquilo\\\/#breadcrumb\",\"itemListElement\":[{\"@type\":\"ListItem\",\"position\":1,\"name\":\"Home\",\"item\":\"https:\\\/\\\/radiounodigital.com\\\/web\\\/\"},{\"@type\":\"ListItem\",\"position\":2,\"name\":\"Paul McCartney lleg\u00f3 a los 78 y sigue contando tranquilo\"}]},{\"@type\":\"WebSite\",\"@id\":\"https:\\\/\\\/radiounodigital.com\\\/web\\\/#website\",\"url\":\"https:\\\/\\\/radiounodigital.com\\\/web\\\/\",\"name\":\"Radio UNO Digital\",\"description\":\"Donde la cultura del rock se siente\",\"potentialAction\":[{\"@type\":\"SearchAction\",\"target\":{\"@type\":\"EntryPoint\",\"urlTemplate\":\"https:\\\/\\\/radiounodigital.com\\\/web\\\/?s={search_term_string}\"},\"query-input\":{\"@type\":\"PropertyValueSpecification\",\"valueRequired\":true,\"valueName\":\"search_term_string\"}}],\"inLanguage\":\"es\"},{\"@type\":\"Person\",\"@id\":\"https:\\\/\\\/radiounodigital.com\\\/web\\\/#\\\/schema\\\/person\\\/00b93151fa54f619ecf9c183d1fc9758\",\"name\":\"diegoc\",\"image\":{\"@type\":\"ImageObject\",\"inLanguage\":\"es\",\"@id\":\"https:\\\/\\\/secure.gravatar.com\\\/avatar\\\/0a67041d44c702fb0660d81a5a32c7ce6007341cf92afeb718b75883bf415864?s=96&d=blank&r=g\",\"url\":\"https:\\\/\\\/secure.gravatar.com\\\/avatar\\\/0a67041d44c702fb0660d81a5a32c7ce6007341cf92afeb718b75883bf415864?s=96&d=blank&r=g\",\"contentUrl\":\"https:\\\/\\\/secure.gravatar.com\\\/avatar\\\/0a67041d44c702fb0660d81a5a32c7ce6007341cf92afeb718b75883bf415864?s=96&d=blank&r=g\",\"caption\":\"diegoc\"},\"url\":\"https:\\\/\\\/radiounodigital.com\\\/web\\\/author\\\/diegoc\\\/\"}]}<\/script>\n<!-- \/ Yoast SEO plugin. -->","yoast_head_json":{"title":"Paul McCartney: \"A\u00fan no estoy muerto\" - Radio UNO Digital","description":"A Paul McCartney pareciera que los a\u00f1os no le pasan factura. La edad no es un problema para \u00e9l que se nota claramente que el calendario no lo afecta.","robots":{"index":"index","follow":"follow","max-snippet":"max-snippet:-1","max-image-preview":"max-image-preview:large","max-video-preview":"max-video-preview:-1"},"canonical":"https:\/\/radiounodigital.com\/web\/2020\/06\/18\/paul-mccartney-llego-a-los-78-y-sigue-contando-tranquilo\/","og_locale":"es_ES","og_type":"article","og_title":"Paul McCartney: \"A\u00fan no estoy muerto\"","og_description":"A Paul McCartney pareciera que los a\u00f1os no le pasan factura. La edad no es un problema para \u00e9l que se nota claramente que el calendario no lo afecta.","og_url":"https:\/\/radiounodigital.com\/web\/2020\/06\/18\/paul-mccartney-llego-a-los-78-y-sigue-contando-tranquilo\/","og_site_name":"Radio UNO Digital","article_published_time":"2020-06-18T10:23:11+00:00","article_modified_time":"2020-06-18T10:25:22+00:00","og_image":[{"width":990,"height":557,"url":"https:\/\/radiounodigital.com\/web\/wp-content\/uploads\/2020\/06\/paul-78an\u0303os.jpg","type":"image\/jpeg"}],"author":"diegoc","twitter_card":"summary_large_image","twitter_title":"Paul McCartney: \"A\u00fan no estoy muerto\"","twitter_description":"A Paul McCartney pareciera que los a\u00f1os no le pasan factura. La edad no es un problema para \u00e9l que se nota claramente que el calendario no lo afecta.","twitter_image":"https:\/\/radiounodigital.com\/web\/wp-content\/uploads\/2020\/06\/paul-78an\u0303os.jpg","twitter_misc":{"Escrito por":"diegoc","Tiempo de lectura":"1 minuto"},"schema":{"@context":"https:\/\/schema.org","@graph":[{"@type":"Article","@id":"https:\/\/radiounodigital.com\/web\/2020\/06\/18\/paul-mccartney-llego-a-los-78-y-sigue-contando-tranquilo\/#article","isPartOf":{"@id":"https:\/\/radiounodigital.com\/web\/2020\/06\/18\/paul-mccartney-llego-a-los-78-y-sigue-contando-tranquilo\/"},"author":{"name":"diegoc","@id":"https:\/\/radiounodigital.com\/web\/#\/schema\/person\/00b93151fa54f619ecf9c183d1fc9758"},"headline":"Paul McCartney lleg\u00f3 a los 78 y sigue contando tranquilo","datePublished":"2020-06-18T10:23:11+00:00","dateModified":"2020-06-18T10:25:22+00:00","mainEntityOfPage":{"@id":"https:\/\/radiounodigital.com\/web\/2020\/06\/18\/paul-mccartney-llego-a-los-78-y-sigue-contando-tranquilo\/"},"wordCount":113,"commentCount":0,"image":{"@id":"https:\/\/radiounodigital.com\/web\/2020\/06\/18\/paul-mccartney-llego-a-los-78-y-sigue-contando-tranquilo\/#primaryimage"},"thumbnailUrl":"https:\/\/radiounodigital.com\/web\/wp-content\/uploads\/2020\/06\/paul-78an\u0303os.jpg","keywords":["78","canciones","cumplea\u00f1os","exitos","lista","paul mccartney","spotify"],"articleSection":["1001 Canciones","news","Rock Clasico"],"inLanguage":"es","potentialAction":[{"@type":"CommentAction","name":"Comment","target":["https:\/\/radiounodigital.com\/web\/2020\/06\/18\/paul-mccartney-llego-a-los-78-y-sigue-contando-tranquilo\/#respond"]}]},{"@type":"WebPage","@id":"https:\/\/radiounodigital.com\/web\/2020\/06\/18\/paul-mccartney-llego-a-los-78-y-sigue-contando-tranquilo\/","url":"https:\/\/radiounodigital.com\/web\/2020\/06\/18\/paul-mccartney-llego-a-los-78-y-sigue-contando-tranquilo\/","name":"Paul McCartney: \"A\u00fan no estoy muerto\" - Radio UNO Digital","isPartOf":{"@id":"https:\/\/radiounodigital.com\/web\/#website"},"primaryImageOfPage":{"@id":"https:\/\/radiounodigital.com\/web\/2020\/06\/18\/paul-mccartney-llego-a-los-78-y-sigue-contando-tranquilo\/#primaryimage"},"image":{"@id":"https:\/\/radiounodigital.com\/web\/2020\/06\/18\/paul-mccartney-llego-a-los-78-y-sigue-contando-tranquilo\/#primaryimage"},"thumbnailUrl":"https:\/\/radiounodigital.com\/web\/wp-content\/uploads\/2020\/06\/paul-78an\u0303os.jpg","datePublished":"2020-06-18T10:23:11+00:00","dateModified":"2020-06-18T10:25:22+00:00","author":{"@id":"https:\/\/radiounodigital.com\/web\/#\/schema\/person\/00b93151fa54f619ecf9c183d1fc9758"},"description":"A Paul McCartney pareciera que los a\u00f1os no le pasan factura. La edad no es un problema para \u00e9l que se nota claramente que el calendario no lo afecta.","breadcrumb":{"@id":"https:\/\/radiounodigital.com\/web\/2020\/06\/18\/paul-mccartney-llego-a-los-78-y-sigue-contando-tranquilo\/#breadcrumb"},"inLanguage":"es","potentialAction":[{"@type":"ReadAction","target":["https:\/\/radiounodigital.com\/web\/2020\/06\/18\/paul-mccartney-llego-a-los-78-y-sigue-contando-tranquilo\/"]}]},{"@type":"ImageObject","inLanguage":"es","@id":"https:\/\/radiounodigital.com\/web\/2020\/06\/18\/paul-mccartney-llego-a-los-78-y-sigue-contando-tranquilo\/#primaryimage","url":"https:\/\/radiounodigital.com\/web\/wp-content\/uploads\/2020\/06\/paul-78an\u0303os.jpg","contentUrl":"https:\/\/radiounodigital.com\/web\/wp-content\/uploads\/2020\/06\/paul-78an\u0303os.jpg","width":990,"height":557},{"@type":"BreadcrumbList","@id":"https:\/\/radiounodigital.com\/web\/2020\/06\/18\/paul-mccartney-llego-a-los-78-y-sigue-contando-tranquilo\/#breadcrumb","itemListElement":[{"@type":"ListItem","position":1,"name":"Home","item":"https:\/\/radiounodigital.com\/web\/"},{"@type":"ListItem","position":2,"name":"Paul McCartney lleg\u00f3 a los 78 y sigue contando tranquilo"}]},{"@type":"WebSite","@id":"https:\/\/radiounodigital.com\/web\/#website","url":"https:\/\/radiounodigital.com\/web\/","name":"Radio UNO Digital","description":"Donde la cultura del rock se siente","potentialAction":[{"@type":"SearchAction","target":{"@type":"EntryPoint","urlTemplate":"https:\/\/radiounodigital.com\/web\/?s={search_term_string}"},"query-input":{"@type":"PropertyValueSpecification","valueRequired":true,"valueName":"search_term_string"}}],"inLanguage":"es"},{"@type":"Person","@id":"https:\/\/radiounodigital.com\/web\/#\/schema\/person\/00b93151fa54f619ecf9c183d1fc9758","name":"diegoc","image":{"@type":"ImageObject","inLanguage":"es","@id":"https:\/\/secure.gravatar.com\/avatar\/0a67041d44c702fb0660d81a5a32c7ce6007341cf92afeb718b75883bf415864?s=96&d=blank&r=g","url":"https:\/\/secure.gravatar.com\/avatar\/0a67041d44c702fb0660d81a5a32c7ce6007341cf92afeb718b75883bf415864?s=96&d=blank&r=g","contentUrl":"https:\/\/secure.gravatar.com\/avatar\/0a67041d44c702fb0660d81a5a32c7ce6007341cf92afeb718b75883bf415864?s=96&d=blank&r=g","caption":"diegoc"},"url":"https:\/\/radiounodigital.com\/web\/author\/diegoc\/"}]}},"_links":{"self":[{"href":"https:\/\/radiounodigital.com\/web\/wp-json\/wp\/v2\/posts\/4053","targetHints":{"allow":["GET"]}}],"collection":[{"href":"https:\/\/radiounodigital.com\/web\/wp-json\/wp\/v2\/posts"}],"about":[{"href":"https:\/\/radiounodigital.com\/web\/wp-json\/wp\/v2\/types\/post"}],"author":[{"embeddable":true,"href":"https:\/\/radiounodigital.com\/web\/wp-json\/wp\/v2\/users\/1"}],"replies":[{"embeddable":true,"href":"https:\/\/radiounodigital.com\/web\/wp-json\/wp\/v2\/comments?post=4053"}],"version-history":[{"count":2,"href":"https:\/\/radiounodigital.com\/web\/wp-json\/wp\/v2\/posts\/4053\/revisions"}],"predecessor-version":[{"id":4056,"href":"https:\/\/radiounodigital.com\/web\/wp-json\/wp\/v2\/posts\/4053\/revisions\/4056"}],"wp:featuredmedia":[{"embeddable":true,"href":"https:\/\/radiounodigital.com\/web\/wp-json\/wp\/v2\/media\/4055"}],"wp:attachment":[{"href":"https:\/\/radiounodigital.com\/web\/wp-json\/wp\/v2\/media?parent=4053"}],"wp:term":[{"taxonomy":"category","embeddable":true,"href":"https:\/\/radiounodigital.com\/web\/wp-json\/wp\/v2\/categories?post=4053"},{"taxonomy":"post_tag","embeddable":true,"href":"https:\/\/radiounodigital.com\/web\/wp-json\/wp\/v2\/tags?post=4053"}],"curies":[{"name":"wp","href":"https:\/\/api.w.org\/{rel}","templated":true}]}}