{"id":4057,"date":"2020-06-18T13:24:20","date_gmt":"2020-06-18T13:24:20","guid":{"rendered":"https:\/\/radiounodigital.com\/web\/?p=4057"},"modified":"2020-06-18T13:24:20","modified_gmt":"2020-06-18T13:24:20","slug":"does-anybody-here-remember-vera-lynn","status":"publish","type":"post","link":"https:\/\/radiounodigital.com\/web\/2020\/06\/18\/does-anybody-here-remember-vera-lynn\/","title":{"rendered":"Does anybody here remember Vera Lynn?"},"content":{"rendered":"<h3>Vera Lynn ha muerto a los 103 a\u00f1os. \u00abThe Forces &#8216;Sweetheart\u00bb ayud\u00f3 a elevar la moral durante la Segunda Guerra Mundial con canciones como&#8217; We Meet Meet Again &#8216;y&#8217; The White Cliffs of Dover &#8216;<\/h3>\n<p>Inmortalizada en una canci\u00f3n de Pink Floyd en su \u00e1lbum The Wall. Vera Lynn recibi\u00f3 el cr\u00e9dito de elevar la moral en el Reino Unido durante la Segunda Guerra Mundial a trav\u00e9s de sus interpretaciones de canciones como. &#8216;We Meet Meet Again&#8217;, &#8216;There I&#8217;ll Always Be An England&#8217; y &#8216;(There I&#8217;ll Be Bluebirds Over) The White Acantilados de Dover&#8217;.<\/p>\n<p>Se gan\u00f3 el sobrenombre de \u00abEl amor de las fuerzas\u00bb durante la guerra por sus visitas regulares a las tropas en la l\u00ednea del frente. Mientras que tambi\u00e9n actu\u00f3 en pa\u00edses como India y Egipto como parte de la Asociaci\u00f3n de Servicio Nacional de Entretenimientos.<\/p>\n<p>\u2018We Meet Meet Again\u2019 volvi\u00f3 a ingresar a las listas del Reino Unido el mes pasado. La canci\u00f3n tuvo un resurgimiento en popularidad como parte de las celebraciones del 75 aniversario del D\u00eda VE. Mientras que su mensaje perdurable de resistencia tambi\u00e9n habl\u00f3 a muchas personas durante el bloqueo del coronavirus.<\/p>\n<p><iframe loading=\"lazy\" src=\"https:\/\/www.youtube.com\/embed\/TC0LeUc6ojY\" width=\"560\" height=\"315\" frameborder=\"0\" allowfullscreen=\"allowfullscreen\"><\/iframe><\/p>\n<div class=\"fb-background-color\">\n\t\t\t  <div \n\t\t\t  \tclass = \"fb-comments\" \n\t\t\t  \tdata-href = \"https:\/\/radiounodigital.com\/web\/2020\/06\/18\/does-anybody-here-remember-vera-lynn\/\"\n\t\t\t  \tdata-numposts = \"10\"\n\t\t\t  \tdata-lazy = \"true\"\n\t\t\t\tdata-colorscheme = \"dark\"\n\t\t\t\tdata-order-by = \"reverse_time\"\n\t\t\t\tdata-mobile=true>\n\t\t\t  <\/div><\/div>\n\t\t  <style>\n\t\t    .fb-background-color {\n\t\t\t\tbackground: #ffffff !important;\n\t\t\t}\n\t\t\t.fb_iframe_widget_fluid_desktop iframe {\n\t\t\t    width: 100% !important;\n\t\t\t}\n\t\t  <\/style>\n\t\t  ","protected":false},"excerpt":{"rendered":"<p>Vera Lynn ha muerto a los 103 a\u00f1os. \u00abThe Forces &#8216;Sweetheart\u00bb ayud\u00f3 a elevar la moral durante la Segunda Guerra Mundial con canciones como&#8217; We Meet Meet Again &#8216;y&#8217; The White Cliffs of Dover &#8216; Inmortalizada en una canci\u00f3n de Pink Floyd en su \u00e1lbum The Wall. Vera Lynn recibi\u00f3 el cr\u00e9dito de elevar la&#8230; <a href=\"https:\/\/radiounodigital.com\/web\/2020\/06\/18\/does-anybody-here-remember-vera-lynn\/\" class=\"excerpt-read-more\">Read More<\/a><\/p>\n","protected":false},"author":1,"featured_media":4058,"comment_status":"open","ping_status":"open","sticky":false,"template":"","format":"standard","meta":{"footnotes":""},"categories":[180,128],"tags":[1037,1038,84,216,1035,1036],"class_list":["post-4057","post","type-post","status-publish","format-standard","has-post-thumbnail","hentry","category-news","category-rock-clasico","tag-1037","tag-anos","tag-muerte","tag-pink-floyd","tag-vera","tag-vera-lynn"],"yoast_head":"<!-- This site is optimized with the Yoast SEO plugin v27.4 - https:\/\/yoast.com\/product\/yoast-seo-wordpress\/ -->\n<title>Solo para entendidos: \u00bfSabes quien fue Vera Lynn? - Radio UNO Digital<\/title>\n<meta name=\"description\" content=\"Does anybody here remember Vera Lynn? Inmortalizada por Pink Floyd recibi\u00f3 el cr\u00e9dito de elevar la moral en el Reino Unido durante la Segunda Guerra Mundial\" \/>\n<meta name=\"robots\" content=\"index, follow, max-snippet:-1, max-image-preview:large, max-video-preview:-1\" \/>\n<link rel=\"canonical\" href=\"https:\/\/radiounodigital.com\/web\/2020\/06\/18\/does-anybody-here-remember-vera-lynn\/\" \/>\n<meta property=\"og:locale\" content=\"es_ES\" \/>\n<meta property=\"og:type\" content=\"article\" \/>\n<meta property=\"og:title\" content=\"Solo para entendidos: \u00bfSabes quien fue Vera Lynn?\" \/>\n<meta property=\"og:description\" content=\"Does anybody here remember Vera Lynn? Inmortalizada por Pink Floyd recibi\u00f3 el cr\u00e9dito de elevar la moral en el Reino Unido durante la Segunda Guerra Mundial\" \/>\n<meta property=\"og:url\" content=\"https:\/\/radiounodigital.com\/web\/2020\/06\/18\/does-anybody-here-remember-vera-lynn\/\" \/>\n<meta property=\"og:site_name\" content=\"Radio UNO Digital\" \/>\n<meta property=\"article:published_time\" content=\"2020-06-18T13:24:20+00:00\" \/>\n<meta property=\"og:image\" content=\"https:\/\/radiounodigital.com\/web\/wp-content\/uploads\/2020\/06\/Vera-Lynn.jpg\" \/>\n\t<meta property=\"og:image:width\" content=\"696\" \/>\n\t<meta property=\"og:image:height\" content=\"442\" \/>\n\t<meta property=\"og:image:type\" content=\"image\/jpeg\" \/>\n<meta name=\"author\" content=\"diegoc\" \/>\n<meta name=\"twitter:card\" content=\"summary_large_image\" \/>\n<meta name=\"twitter:title\" content=\"Solo para entendidos: \u00bfSabes quien fue Vera Lynn?\" \/>\n<meta name=\"twitter:description\" content=\"Does anybody here remember Vera Lynn? Inmortalizada por Pink Floyd recibi\u00f3 el cr\u00e9dito de elevar la moral en el Reino Unido durante la Segunda Guerra Mundial\" \/>\n<meta name=\"twitter:image\" content=\"https:\/\/radiounodigital.com\/web\/wp-content\/uploads\/2020\/06\/Vera-Lynn.jpg\" \/>\n<meta name=\"twitter:label1\" content=\"Escrito por\" \/>\n\t<meta name=\"twitter:data1\" content=\"diegoc\" \/>\n\t<meta name=\"twitter:label2\" content=\"Tiempo de lectura\" \/>\n\t<meta name=\"twitter:data2\" content=\"1 minuto\" \/>\n<script type=\"application\/ld+json\" class=\"yoast-schema-graph\">{\"@context\":\"https:\\\/\\\/schema.org\",\"@graph\":[{\"@type\":\"Article\",\"@id\":\"https:\\\/\\\/radiounodigital.com\\\/web\\\/2020\\\/06\\\/18\\\/does-anybody-here-remember-vera-lynn\\\/#article\",\"isPartOf\":{\"@id\":\"https:\\\/\\\/radiounodigital.com\\\/web\\\/2020\\\/06\\\/18\\\/does-anybody-here-remember-vera-lynn\\\/\"},\"author\":{\"name\":\"diegoc\",\"@id\":\"https:\\\/\\\/radiounodigital.com\\\/web\\\/#\\\/schema\\\/person\\\/00b93151fa54f619ecf9c183d1fc9758\"},\"headline\":\"Does anybody here remember Vera Lynn?\",\"datePublished\":\"2020-06-18T13:24:20+00:00\",\"mainEntityOfPage\":{\"@id\":\"https:\\\/\\\/radiounodigital.com\\\/web\\\/2020\\\/06\\\/18\\\/does-anybody-here-remember-vera-lynn\\\/\"},\"wordCount\":206,\"commentCount\":0,\"image\":{\"@id\":\"https:\\\/\\\/radiounodigital.com\\\/web\\\/2020\\\/06\\\/18\\\/does-anybody-here-remember-vera-lynn\\\/#primaryimage\"},\"thumbnailUrl\":\"https:\\\/\\\/radiounodigital.com\\\/web\\\/wp-content\\\/uploads\\\/2020\\\/06\\\/Vera-Lynn.jpg\",\"keywords\":[\"103\",\"a\u00f1os\",\"muerte\",\"pink floyd\",\"vera\",\"vera lynn\"],\"articleSection\":[\"news\",\"Rock Clasico\"],\"inLanguage\":\"es\",\"potentialAction\":[{\"@type\":\"CommentAction\",\"name\":\"Comment\",\"target\":[\"https:\\\/\\\/radiounodigital.com\\\/web\\\/2020\\\/06\\\/18\\\/does-anybody-here-remember-vera-lynn\\\/#respond\"]}]},{\"@type\":\"WebPage\",\"@id\":\"https:\\\/\\\/radiounodigital.com\\\/web\\\/2020\\\/06\\\/18\\\/does-anybody-here-remember-vera-lynn\\\/\",\"url\":\"https:\\\/\\\/radiounodigital.com\\\/web\\\/2020\\\/06\\\/18\\\/does-anybody-here-remember-vera-lynn\\\/\",\"name\":\"Solo para entendidos: \u00bfSabes quien fue Vera Lynn? - Radio UNO Digital\",\"isPartOf\":{\"@id\":\"https:\\\/\\\/radiounodigital.com\\\/web\\\/#website\"},\"primaryImageOfPage\":{\"@id\":\"https:\\\/\\\/radiounodigital.com\\\/web\\\/2020\\\/06\\\/18\\\/does-anybody-here-remember-vera-lynn\\\/#primaryimage\"},\"image\":{\"@id\":\"https:\\\/\\\/radiounodigital.com\\\/web\\\/2020\\\/06\\\/18\\\/does-anybody-here-remember-vera-lynn\\\/#primaryimage\"},\"thumbnailUrl\":\"https:\\\/\\\/radiounodigital.com\\\/web\\\/wp-content\\\/uploads\\\/2020\\\/06\\\/Vera-Lynn.jpg\",\"datePublished\":\"2020-06-18T13:24:20+00:00\",\"author\":{\"@id\":\"https:\\\/\\\/radiounodigital.com\\\/web\\\/#\\\/schema\\\/person\\\/00b93151fa54f619ecf9c183d1fc9758\"},\"description\":\"Does anybody here remember Vera Lynn? Inmortalizada por Pink Floyd recibi\u00f3 el cr\u00e9dito de elevar la moral en el Reino Unido durante la Segunda Guerra Mundial\",\"breadcrumb\":{\"@id\":\"https:\\\/\\\/radiounodigital.com\\\/web\\\/2020\\\/06\\\/18\\\/does-anybody-here-remember-vera-lynn\\\/#breadcrumb\"},\"inLanguage\":\"es\",\"potentialAction\":[{\"@type\":\"ReadAction\",\"target\":[\"https:\\\/\\\/radiounodigital.com\\\/web\\\/2020\\\/06\\\/18\\\/does-anybody-here-remember-vera-lynn\\\/\"]}]},{\"@type\":\"ImageObject\",\"inLanguage\":\"es\",\"@id\":\"https:\\\/\\\/radiounodigital.com\\\/web\\\/2020\\\/06\\\/18\\\/does-anybody-here-remember-vera-lynn\\\/#primaryimage\",\"url\":\"https:\\\/\\\/radiounodigital.com\\\/web\\\/wp-content\\\/uploads\\\/2020\\\/06\\\/Vera-Lynn.jpg\",\"contentUrl\":\"https:\\\/\\\/radiounodigital.com\\\/web\\\/wp-content\\\/uploads\\\/2020\\\/06\\\/Vera-Lynn.jpg\",\"width\":696,\"height\":442},{\"@type\":\"BreadcrumbList\",\"@id\":\"https:\\\/\\\/radiounodigital.com\\\/web\\\/2020\\\/06\\\/18\\\/does-anybody-here-remember-vera-lynn\\\/#breadcrumb\",\"itemListElement\":[{\"@type\":\"ListItem\",\"position\":1,\"name\":\"Home\",\"item\":\"https:\\\/\\\/radiounodigital.com\\\/web\\\/\"},{\"@type\":\"ListItem\",\"position\":2,\"name\":\"Does anybody here remember Vera Lynn?\"}]},{\"@type\":\"WebSite\",\"@id\":\"https:\\\/\\\/radiounodigital.com\\\/web\\\/#website\",\"url\":\"https:\\\/\\\/radiounodigital.com\\\/web\\\/\",\"name\":\"Radio UNO Digital\",\"description\":\"Donde la cultura del rock se siente\",\"potentialAction\":[{\"@type\":\"SearchAction\",\"target\":{\"@type\":\"EntryPoint\",\"urlTemplate\":\"https:\\\/\\\/radiounodigital.com\\\/web\\\/?s={search_term_string}\"},\"query-input\":{\"@type\":\"PropertyValueSpecification\",\"valueRequired\":true,\"valueName\":\"search_term_string\"}}],\"inLanguage\":\"es\"},{\"@type\":\"Person\",\"@id\":\"https:\\\/\\\/radiounodigital.com\\\/web\\\/#\\\/schema\\\/person\\\/00b93151fa54f619ecf9c183d1fc9758\",\"name\":\"diegoc\",\"image\":{\"@type\":\"ImageObject\",\"inLanguage\":\"es\",\"@id\":\"https:\\\/\\\/secure.gravatar.com\\\/avatar\\\/0a67041d44c702fb0660d81a5a32c7ce6007341cf92afeb718b75883bf415864?s=96&d=blank&r=g\",\"url\":\"https:\\\/\\\/secure.gravatar.com\\\/avatar\\\/0a67041d44c702fb0660d81a5a32c7ce6007341cf92afeb718b75883bf415864?s=96&d=blank&r=g\",\"contentUrl\":\"https:\\\/\\\/secure.gravatar.com\\\/avatar\\\/0a67041d44c702fb0660d81a5a32c7ce6007341cf92afeb718b75883bf415864?s=96&d=blank&r=g\",\"caption\":\"diegoc\"},\"url\":\"https:\\\/\\\/radiounodigital.com\\\/web\\\/author\\\/diegoc\\\/\"}]}<\/script>\n<!-- \/ Yoast SEO plugin. -->","yoast_head_json":{"title":"Solo para entendidos: \u00bfSabes quien fue Vera Lynn? - Radio UNO Digital","description":"Does anybody here remember Vera Lynn? Inmortalizada por Pink Floyd recibi\u00f3 el cr\u00e9dito de elevar la moral en el Reino Unido durante la Segunda Guerra Mundial","robots":{"index":"index","follow":"follow","max-snippet":"max-snippet:-1","max-image-preview":"max-image-preview:large","max-video-preview":"max-video-preview:-1"},"canonical":"https:\/\/radiounodigital.com\/web\/2020\/06\/18\/does-anybody-here-remember-vera-lynn\/","og_locale":"es_ES","og_type":"article","og_title":"Solo para entendidos: \u00bfSabes quien fue Vera Lynn?","og_description":"Does anybody here remember Vera Lynn? Inmortalizada por Pink Floyd recibi\u00f3 el cr\u00e9dito de elevar la moral en el Reino Unido durante la Segunda Guerra Mundial","og_url":"https:\/\/radiounodigital.com\/web\/2020\/06\/18\/does-anybody-here-remember-vera-lynn\/","og_site_name":"Radio UNO Digital","article_published_time":"2020-06-18T13:24:20+00:00","og_image":[{"width":696,"height":442,"url":"https:\/\/radiounodigital.com\/web\/wp-content\/uploads\/2020\/06\/Vera-Lynn.jpg","type":"image\/jpeg"}],"author":"diegoc","twitter_card":"summary_large_image","twitter_title":"Solo para entendidos: \u00bfSabes quien fue Vera Lynn?","twitter_description":"Does anybody here remember Vera Lynn? Inmortalizada por Pink Floyd recibi\u00f3 el cr\u00e9dito de elevar la moral en el Reino Unido durante la Segunda Guerra Mundial","twitter_image":"https:\/\/radiounodigital.com\/web\/wp-content\/uploads\/2020\/06\/Vera-Lynn.jpg","twitter_misc":{"Escrito por":"diegoc","Tiempo de lectura":"1 minuto"},"schema":{"@context":"https:\/\/schema.org","@graph":[{"@type":"Article","@id":"https:\/\/radiounodigital.com\/web\/2020\/06\/18\/does-anybody-here-remember-vera-lynn\/#article","isPartOf":{"@id":"https:\/\/radiounodigital.com\/web\/2020\/06\/18\/does-anybody-here-remember-vera-lynn\/"},"author":{"name":"diegoc","@id":"https:\/\/radiounodigital.com\/web\/#\/schema\/person\/00b93151fa54f619ecf9c183d1fc9758"},"headline":"Does anybody here remember Vera Lynn?","datePublished":"2020-06-18T13:24:20+00:00","mainEntityOfPage":{"@id":"https:\/\/radiounodigital.com\/web\/2020\/06\/18\/does-anybody-here-remember-vera-lynn\/"},"wordCount":206,"commentCount":0,"image":{"@id":"https:\/\/radiounodigital.com\/web\/2020\/06\/18\/does-anybody-here-remember-vera-lynn\/#primaryimage"},"thumbnailUrl":"https:\/\/radiounodigital.com\/web\/wp-content\/uploads\/2020\/06\/Vera-Lynn.jpg","keywords":["103","a\u00f1os","muerte","pink floyd","vera","vera lynn"],"articleSection":["news","Rock Clasico"],"inLanguage":"es","potentialAction":[{"@type":"CommentAction","name":"Comment","target":["https:\/\/radiounodigital.com\/web\/2020\/06\/18\/does-anybody-here-remember-vera-lynn\/#respond"]}]},{"@type":"WebPage","@id":"https:\/\/radiounodigital.com\/web\/2020\/06\/18\/does-anybody-here-remember-vera-lynn\/","url":"https:\/\/radiounodigital.com\/web\/2020\/06\/18\/does-anybody-here-remember-vera-lynn\/","name":"Solo para entendidos: \u00bfSabes quien fue Vera Lynn? - Radio UNO Digital","isPartOf":{"@id":"https:\/\/radiounodigital.com\/web\/#website"},"primaryImageOfPage":{"@id":"https:\/\/radiounodigital.com\/web\/2020\/06\/18\/does-anybody-here-remember-vera-lynn\/#primaryimage"},"image":{"@id":"https:\/\/radiounodigital.com\/web\/2020\/06\/18\/does-anybody-here-remember-vera-lynn\/#primaryimage"},"thumbnailUrl":"https:\/\/radiounodigital.com\/web\/wp-content\/uploads\/2020\/06\/Vera-Lynn.jpg","datePublished":"2020-06-18T13:24:20+00:00","author":{"@id":"https:\/\/radiounodigital.com\/web\/#\/schema\/person\/00b93151fa54f619ecf9c183d1fc9758"},"description":"Does anybody here remember Vera Lynn? Inmortalizada por Pink Floyd recibi\u00f3 el cr\u00e9dito de elevar la moral en el Reino Unido durante la Segunda Guerra Mundial","breadcrumb":{"@id":"https:\/\/radiounodigital.com\/web\/2020\/06\/18\/does-anybody-here-remember-vera-lynn\/#breadcrumb"},"inLanguage":"es","potentialAction":[{"@type":"ReadAction","target":["https:\/\/radiounodigital.com\/web\/2020\/06\/18\/does-anybody-here-remember-vera-lynn\/"]}]},{"@type":"ImageObject","inLanguage":"es","@id":"https:\/\/radiounodigital.com\/web\/2020\/06\/18\/does-anybody-here-remember-vera-lynn\/#primaryimage","url":"https:\/\/radiounodigital.com\/web\/wp-content\/uploads\/2020\/06\/Vera-Lynn.jpg","contentUrl":"https:\/\/radiounodigital.com\/web\/wp-content\/uploads\/2020\/06\/Vera-Lynn.jpg","width":696,"height":442},{"@type":"BreadcrumbList","@id":"https:\/\/radiounodigital.com\/web\/2020\/06\/18\/does-anybody-here-remember-vera-lynn\/#breadcrumb","itemListElement":[{"@type":"ListItem","position":1,"name":"Home","item":"https:\/\/radiounodigital.com\/web\/"},{"@type":"ListItem","position":2,"name":"Does anybody here remember Vera Lynn?"}]},{"@type":"WebSite","@id":"https:\/\/radiounodigital.com\/web\/#website","url":"https:\/\/radiounodigital.com\/web\/","name":"Radio UNO Digital","description":"Donde la cultura del rock se siente","potentialAction":[{"@type":"SearchAction","target":{"@type":"EntryPoint","urlTemplate":"https:\/\/radiounodigital.com\/web\/?s={search_term_string}"},"query-input":{"@type":"PropertyValueSpecification","valueRequired":true,"valueName":"search_term_string"}}],"inLanguage":"es"},{"@type":"Person","@id":"https:\/\/radiounodigital.com\/web\/#\/schema\/person\/00b93151fa54f619ecf9c183d1fc9758","name":"diegoc","image":{"@type":"ImageObject","inLanguage":"es","@id":"https:\/\/secure.gravatar.com\/avatar\/0a67041d44c702fb0660d81a5a32c7ce6007341cf92afeb718b75883bf415864?s=96&d=blank&r=g","url":"https:\/\/secure.gravatar.com\/avatar\/0a67041d44c702fb0660d81a5a32c7ce6007341cf92afeb718b75883bf415864?s=96&d=blank&r=g","contentUrl":"https:\/\/secure.gravatar.com\/avatar\/0a67041d44c702fb0660d81a5a32c7ce6007341cf92afeb718b75883bf415864?s=96&d=blank&r=g","caption":"diegoc"},"url":"https:\/\/radiounodigital.com\/web\/author\/diegoc\/"}]}},"_links":{"self":[{"href":"https:\/\/radiounodigital.com\/web\/wp-json\/wp\/v2\/posts\/4057","targetHints":{"allow":["GET"]}}],"collection":[{"href":"https:\/\/radiounodigital.com\/web\/wp-json\/wp\/v2\/posts"}],"about":[{"href":"https:\/\/radiounodigital.com\/web\/wp-json\/wp\/v2\/types\/post"}],"author":[{"embeddable":true,"href":"https:\/\/radiounodigital.com\/web\/wp-json\/wp\/v2\/users\/1"}],"replies":[{"embeddable":true,"href":"https:\/\/radiounodigital.com\/web\/wp-json\/wp\/v2\/comments?post=4057"}],"version-history":[{"count":1,"href":"https:\/\/radiounodigital.com\/web\/wp-json\/wp\/v2\/posts\/4057\/revisions"}],"predecessor-version":[{"id":4059,"href":"https:\/\/radiounodigital.com\/web\/wp-json\/wp\/v2\/posts\/4057\/revisions\/4059"}],"wp:featuredmedia":[{"embeddable":true,"href":"https:\/\/radiounodigital.com\/web\/wp-json\/wp\/v2\/media\/4058"}],"wp:attachment":[{"href":"https:\/\/radiounodigital.com\/web\/wp-json\/wp\/v2\/media?parent=4057"}],"wp:term":[{"taxonomy":"category","embeddable":true,"href":"https:\/\/radiounodigital.com\/web\/wp-json\/wp\/v2\/categories?post=4057"},{"taxonomy":"post_tag","embeddable":true,"href":"https:\/\/radiounodigital.com\/web\/wp-json\/wp\/v2\/tags?post=4057"}],"curies":[{"name":"wp","href":"https:\/\/api.w.org\/{rel}","templated":true}]}}