{"id":4084,"date":"2020-06-22T12:12:31","date_gmt":"2020-06-22T12:12:31","guid":{"rendered":"https:\/\/radiounodigital.com\/web\/?p=4084"},"modified":"2020-06-23T20:53:39","modified_gmt":"2020-06-23T20:53:39","slug":"como-se-llama-tu-banda-amigo-conoce-a-tv-priest","status":"publish","type":"post","link":"https:\/\/radiounodigital.com\/web\/2020\/06\/22\/como-se-llama-tu-banda-amigo-conoce-a-tv-priest\/","title":{"rendered":"\u00bfC\u00f3mo se llama tu banda, amigo? Conoce a TV Priest"},"content":{"rendered":"<h3>Regularmente te presentamos a un artista completamente nuevo a trav\u00e9s de nuestras preguntas y respuestas que revientan el ego, \u00bfC\u00f3mo se llama tu banda, amigo?<\/h3>\n<p>\u00bfC\u00f3mo se llama tu banda, amigo?<\/p>\n<p>Sacerdote de TV<\/p>\n<p>\u00bfComo suenan?<\/p>\n<p>Como 1\/10 del poder de Mark E Smith con un Nivel AS en Pol\u00edtica y acceso a pedales fuzz.<\/p>\n<p>\u00bfEres bueno (sinceramente)?<\/p>\n<p>Ver arriba y juzgar en consecuencia.<\/p>\n<p>\u00bfCu\u00e1l es tu mejor canci\u00f3n?<\/p>\n<p>\u00abSubcampe\u00f3n\u00bb: se trata de art\u00edculos de l\u00ednea blanca, \u00e9tica de trabajo, culpa, programas de juegos, no bailar en la fiesta de Navidad, garajes para 4 autos, ofertas de comida, carpetas de spam, loter\u00edas, zanahorias y bastones.<\/p>\n<p>\u00bfCu\u00e1l ha sido tu concierto m\u00e1s memorable?<\/p>\n<p>Estaba en un congelador industrial en desuso; Sorprendentemente c\u00e1lido.<\/p>\n<p>Cu\u00e9ntanos algo realmente interesante sobre ti, que no tenga que ver con la m\u00fasica.<\/p>\n<p>Tambi\u00e9n hago ilustraciones e im\u00e1genes para otras bandas como artista visual.<\/p>\n<p>Dijimos realmente interesante &#8230;<\/p>\n<p>Voy a necesitar un poco de Savlon para esa quemadura, etc., etc.<\/p>\n<p><iframe loading=\"lazy\" src=\"https:\/\/www.youtube.com\/embed\/4dAUg9kU2q8\" width=\"560\" height=\"315\" frameborder=\"0\" allowfullscreen=\"allowfullscreen\"><\/iframe><\/p>\n<p>\u00bfCu\u00e1l es tu canci\u00f3n de karaoke?<\/p>\n<p>Elvis Presley &#8211; \u00abMentes sospechosas\u00bb.<\/p>\n<p>Escenario: le hemos dado un mont\u00f3n de dinero para hacer un video de gran presupuesto. \u00bfQu\u00e9 hace?<\/p>\n<p>Haga una pieza duradera y filme el curso de un a\u00f1o en Soho en una pel\u00edcula de 16 mm: \u00a1maldito calendario de lanzamiento!<\/p>\n<p>\u00bfQu\u00e9 quieres lograr con tu m\u00fasica?<\/p>\n<p>Para mantenerme en equilibrio.<\/p>\n<p>Si su autob\u00fas tur\u00edstico colgara sobre el borde de un acantilado y necesitara tirar a un miembro de la banda como lastre, \u00bfcu\u00e1l miembro ser\u00eda y por qu\u00e9?<\/p>\n<p>Har\u00eda lo noble y me ofrecer\u00eda, escuch\u00e9 que los cantantes son los m\u00e1s f\u00e1ciles de reemplazar de todos modos.<\/p>\n<p>Completa los espacios en blanco: cuando escuchas nuestra m\u00fasica, parece que un amigo est\u00e1 discutiendo con tu pap\u00e1 en la sala de estar.<\/p>\n<p>Si tu banda tuviera \u00abstans\u00bb (superfans, como Kitty Cats de Katy Perry o Little Monsters de Lady Gaga), \u00bfcu\u00e1l ser\u00eda el nombre para ellos?<\/p>\n<p>Congregantes<\/p>\n<p>\u00bfD\u00f3nde podemos verte a continuaci\u00f3n?<\/p>\n<p>Si lo desea la pandemia, estamos jugando nuestro primer titular en The Shacklewell Arms en Londres el 28 de octubre.<\/p>\n<p>\u00bfQu\u00e9 quieres que suceda en tu \u00faltimo show?<\/p>\n<p>\u00bfSiente que deber\u00eda haber algo de pirotecnia o algo seguro?<\/p>\n<p>El \u00faltimo sencillo de TV Priest \u00abRunner Up\u00bb ya est\u00e1 disponible<\/p>\n<p>&nbsp;<\/p>\n<p>FUENTE: NME<\/p>\n<div class=\"fb-background-color\">\n\t\t\t  <div \n\t\t\t  \tclass = \"fb-comments\" \n\t\t\t  \tdata-href = \"https:\/\/radiounodigital.com\/web\/2020\/06\/22\/como-se-llama-tu-banda-amigo-conoce-a-tv-priest\/\"\n\t\t\t  \tdata-numposts = \"10\"\n\t\t\t  \tdata-lazy = \"true\"\n\t\t\t\tdata-colorscheme = \"dark\"\n\t\t\t\tdata-order-by = \"reverse_time\"\n\t\t\t\tdata-mobile=true>\n\t\t\t  <\/div><\/div>\n\t\t  <style>\n\t\t    .fb-background-color {\n\t\t\t\tbackground: #ffffff !important;\n\t\t\t}\n\t\t\t.fb_iframe_widget_fluid_desktop iframe {\n\t\t\t    width: 100% !important;\n\t\t\t}\n\t\t  <\/style>\n\t\t  ","protected":false},"excerpt":{"rendered":"<p>Regularmente te presentamos a un artista completamente nuevo a trav\u00e9s de nuestras preguntas y respuestas que revientan el ego, \u00bfC\u00f3mo se llama tu banda, amigo? \u00bfC\u00f3mo se llama tu banda, amigo? Sacerdote de TV \u00bfComo suenan? Como 1\/10 del poder de Mark E Smith con un Nivel AS en Pol\u00edtica y acceso a pedales fuzz&#8230;. <a href=\"https:\/\/radiounodigital.com\/web\/2020\/06\/22\/como-se-llama-tu-banda-amigo-conoce-a-tv-priest\/\" class=\"excerpt-read-more\">Read More<\/a><\/p>\n","protected":false},"author":1,"featured_media":4085,"comment_status":"open","ping_status":"open","sticky":false,"template":"","format":"standard","meta":{"footnotes":""},"categories":[180,127],"tags":[448,93,1043],"class_list":["post-4084","post","type-post","status-publish","format-standard","has-post-thumbnail","hentry","category-news","category-rock","tag-banda","tag-nueva","tag-tv-priest"],"yoast_head":"<!-- This site is optimized with the Yoast SEO plugin v27.4 - https:\/\/yoast.com\/product\/yoast-seo-wordpress\/ -->\n<title>Te presentamos a TV Priest. Conocelos - Radio UNO Digital<\/title>\n<meta name=\"description\" content=\"Regularmente presentamos a un artista completamente nuevo a trav\u00e9s de preguntas y respuestas que te patean el ego, \u00bfC\u00f3mo se llama tu banda, amigo?\" \/>\n<meta name=\"robots\" content=\"index, follow, max-snippet:-1, max-image-preview:large, max-video-preview:-1\" \/>\n<link rel=\"canonical\" href=\"https:\/\/radiounodigital.com\/web\/2020\/06\/22\/como-se-llama-tu-banda-amigo-conoce-a-tv-priest\/\" \/>\n<meta property=\"og:locale\" content=\"es_ES\" \/>\n<meta property=\"og:type\" content=\"article\" \/>\n<meta property=\"og:title\" content=\"Te presentamos a TV Priest. Conocelos\" \/>\n<meta property=\"og:description\" content=\"Regularmente presentamos a un artista completamente nuevo a trav\u00e9s de preguntas y respuestas que te patean el ego, \u00bfC\u00f3mo se llama tu banda, amigo?\" \/>\n<meta property=\"og:url\" content=\"https:\/\/radiounodigital.com\/web\/2020\/06\/22\/como-se-llama-tu-banda-amigo-conoce-a-tv-priest\/\" \/>\n<meta property=\"og:site_name\" content=\"Radio UNO Digital\" \/>\n<meta property=\"article:published_time\" content=\"2020-06-22T12:12:31+00:00\" \/>\n<meta property=\"article:modified_time\" content=\"2020-06-23T20:53:39+00:00\" \/>\n<meta property=\"og:image\" content=\"https:\/\/radiounodigital.com\/web\/wp-content\/uploads\/2020\/06\/TV-Priest-WYBCm-696x442-1.jpg\" \/>\n\t<meta property=\"og:image:width\" content=\"696\" \/>\n\t<meta property=\"og:image:height\" content=\"442\" \/>\n\t<meta property=\"og:image:type\" content=\"image\/jpeg\" \/>\n<meta name=\"author\" content=\"diegoc\" \/>\n<meta name=\"twitter:card\" content=\"summary_large_image\" \/>\n<meta name=\"twitter:title\" content=\"Te presentamos a TV Priest. Conocelos\" \/>\n<meta name=\"twitter:description\" content=\"Regularmente presentamos a un artista completamente nuevo a trav\u00e9s de preguntas y respuestas que te patean el ego, \u00bfC\u00f3mo se llama tu banda, amigo?\" \/>\n<meta name=\"twitter:image\" content=\"https:\/\/radiounodigital.com\/web\/wp-content\/uploads\/2020\/06\/TV-Priest-WYBCm-696x442-1.jpg\" \/>\n<meta name=\"twitter:label1\" content=\"Escrito por\" \/>\n\t<meta name=\"twitter:data1\" content=\"diegoc\" \/>\n\t<meta name=\"twitter:label2\" content=\"Tiempo de lectura\" \/>\n\t<meta name=\"twitter:data2\" content=\"2 minutos\" \/>\n<script type=\"application\/ld+json\" class=\"yoast-schema-graph\">{\"@context\":\"https:\\\/\\\/schema.org\",\"@graph\":[{\"@type\":\"Article\",\"@id\":\"https:\\\/\\\/radiounodigital.com\\\/web\\\/2020\\\/06\\\/22\\\/como-se-llama-tu-banda-amigo-conoce-a-tv-priest\\\/#article\",\"isPartOf\":{\"@id\":\"https:\\\/\\\/radiounodigital.com\\\/web\\\/2020\\\/06\\\/22\\\/como-se-llama-tu-banda-amigo-conoce-a-tv-priest\\\/\"},\"author\":{\"name\":\"diegoc\",\"@id\":\"https:\\\/\\\/radiounodigital.com\\\/web\\\/#\\\/schema\\\/person\\\/00b93151fa54f619ecf9c183d1fc9758\"},\"headline\":\"\u00bfC\u00f3mo se llama tu banda, amigo? Conoce a TV Priest\",\"datePublished\":\"2020-06-22T12:12:31+00:00\",\"dateModified\":\"2020-06-23T20:53:39+00:00\",\"mainEntityOfPage\":{\"@id\":\"https:\\\/\\\/radiounodigital.com\\\/web\\\/2020\\\/06\\\/22\\\/como-se-llama-tu-banda-amigo-conoce-a-tv-priest\\\/\"},\"wordCount\":418,\"commentCount\":0,\"image\":{\"@id\":\"https:\\\/\\\/radiounodigital.com\\\/web\\\/2020\\\/06\\\/22\\\/como-se-llama-tu-banda-amigo-conoce-a-tv-priest\\\/#primaryimage\"},\"thumbnailUrl\":\"https:\\\/\\\/radiounodigital.com\\\/web\\\/wp-content\\\/uploads\\\/2020\\\/06\\\/TV-Priest-WYBCm-696x442-1.jpg\",\"keywords\":[\"banda\",\"nueva\",\"TV Priest\"],\"articleSection\":[\"news\",\"Rock\"],\"inLanguage\":\"es\",\"potentialAction\":[{\"@type\":\"CommentAction\",\"name\":\"Comment\",\"target\":[\"https:\\\/\\\/radiounodigital.com\\\/web\\\/2020\\\/06\\\/22\\\/como-se-llama-tu-banda-amigo-conoce-a-tv-priest\\\/#respond\"]}]},{\"@type\":\"WebPage\",\"@id\":\"https:\\\/\\\/radiounodigital.com\\\/web\\\/2020\\\/06\\\/22\\\/como-se-llama-tu-banda-amigo-conoce-a-tv-priest\\\/\",\"url\":\"https:\\\/\\\/radiounodigital.com\\\/web\\\/2020\\\/06\\\/22\\\/como-se-llama-tu-banda-amigo-conoce-a-tv-priest\\\/\",\"name\":\"Te presentamos a TV Priest. Conocelos - Radio UNO Digital\",\"isPartOf\":{\"@id\":\"https:\\\/\\\/radiounodigital.com\\\/web\\\/#website\"},\"primaryImageOfPage\":{\"@id\":\"https:\\\/\\\/radiounodigital.com\\\/web\\\/2020\\\/06\\\/22\\\/como-se-llama-tu-banda-amigo-conoce-a-tv-priest\\\/#primaryimage\"},\"image\":{\"@id\":\"https:\\\/\\\/radiounodigital.com\\\/web\\\/2020\\\/06\\\/22\\\/como-se-llama-tu-banda-amigo-conoce-a-tv-priest\\\/#primaryimage\"},\"thumbnailUrl\":\"https:\\\/\\\/radiounodigital.com\\\/web\\\/wp-content\\\/uploads\\\/2020\\\/06\\\/TV-Priest-WYBCm-696x442-1.jpg\",\"datePublished\":\"2020-06-22T12:12:31+00:00\",\"dateModified\":\"2020-06-23T20:53:39+00:00\",\"author\":{\"@id\":\"https:\\\/\\\/radiounodigital.com\\\/web\\\/#\\\/schema\\\/person\\\/00b93151fa54f619ecf9c183d1fc9758\"},\"description\":\"Regularmente presentamos a un artista completamente nuevo a trav\u00e9s de preguntas y respuestas que te patean el ego, \u00bfC\u00f3mo se llama tu banda, amigo?\",\"breadcrumb\":{\"@id\":\"https:\\\/\\\/radiounodigital.com\\\/web\\\/2020\\\/06\\\/22\\\/como-se-llama-tu-banda-amigo-conoce-a-tv-priest\\\/#breadcrumb\"},\"inLanguage\":\"es\",\"potentialAction\":[{\"@type\":\"ReadAction\",\"target\":[\"https:\\\/\\\/radiounodigital.com\\\/web\\\/2020\\\/06\\\/22\\\/como-se-llama-tu-banda-amigo-conoce-a-tv-priest\\\/\"]}]},{\"@type\":\"ImageObject\",\"inLanguage\":\"es\",\"@id\":\"https:\\\/\\\/radiounodigital.com\\\/web\\\/2020\\\/06\\\/22\\\/como-se-llama-tu-banda-amigo-conoce-a-tv-priest\\\/#primaryimage\",\"url\":\"https:\\\/\\\/radiounodigital.com\\\/web\\\/wp-content\\\/uploads\\\/2020\\\/06\\\/TV-Priest-WYBCm-696x442-1.jpg\",\"contentUrl\":\"https:\\\/\\\/radiounodigital.com\\\/web\\\/wp-content\\\/uploads\\\/2020\\\/06\\\/TV-Priest-WYBCm-696x442-1.jpg\",\"width\":696,\"height\":442},{\"@type\":\"BreadcrumbList\",\"@id\":\"https:\\\/\\\/radiounodigital.com\\\/web\\\/2020\\\/06\\\/22\\\/como-se-llama-tu-banda-amigo-conoce-a-tv-priest\\\/#breadcrumb\",\"itemListElement\":[{\"@type\":\"ListItem\",\"position\":1,\"name\":\"Home\",\"item\":\"https:\\\/\\\/radiounodigital.com\\\/web\\\/\"},{\"@type\":\"ListItem\",\"position\":2,\"name\":\"\u00bfC\u00f3mo se llama tu banda, amigo? Conoce a TV Priest\"}]},{\"@type\":\"WebSite\",\"@id\":\"https:\\\/\\\/radiounodigital.com\\\/web\\\/#website\",\"url\":\"https:\\\/\\\/radiounodigital.com\\\/web\\\/\",\"name\":\"Radio UNO Digital\",\"description\":\"Donde la cultura del rock se siente\",\"potentialAction\":[{\"@type\":\"SearchAction\",\"target\":{\"@type\":\"EntryPoint\",\"urlTemplate\":\"https:\\\/\\\/radiounodigital.com\\\/web\\\/?s={search_term_string}\"},\"query-input\":{\"@type\":\"PropertyValueSpecification\",\"valueRequired\":true,\"valueName\":\"search_term_string\"}}],\"inLanguage\":\"es\"},{\"@type\":\"Person\",\"@id\":\"https:\\\/\\\/radiounodigital.com\\\/web\\\/#\\\/schema\\\/person\\\/00b93151fa54f619ecf9c183d1fc9758\",\"name\":\"diegoc\",\"image\":{\"@type\":\"ImageObject\",\"inLanguage\":\"es\",\"@id\":\"https:\\\/\\\/secure.gravatar.com\\\/avatar\\\/0a67041d44c702fb0660d81a5a32c7ce6007341cf92afeb718b75883bf415864?s=96&d=blank&r=g\",\"url\":\"https:\\\/\\\/secure.gravatar.com\\\/avatar\\\/0a67041d44c702fb0660d81a5a32c7ce6007341cf92afeb718b75883bf415864?s=96&d=blank&r=g\",\"contentUrl\":\"https:\\\/\\\/secure.gravatar.com\\\/avatar\\\/0a67041d44c702fb0660d81a5a32c7ce6007341cf92afeb718b75883bf415864?s=96&d=blank&r=g\",\"caption\":\"diegoc\"},\"url\":\"https:\\\/\\\/radiounodigital.com\\\/web\\\/author\\\/diegoc\\\/\"}]}<\/script>\n<!-- \/ Yoast SEO plugin. -->","yoast_head_json":{"title":"Te presentamos a TV Priest. Conocelos - Radio UNO Digital","description":"Regularmente presentamos a un artista completamente nuevo a trav\u00e9s de preguntas y respuestas que te patean el ego, \u00bfC\u00f3mo se llama tu banda, amigo?","robots":{"index":"index","follow":"follow","max-snippet":"max-snippet:-1","max-image-preview":"max-image-preview:large","max-video-preview":"max-video-preview:-1"},"canonical":"https:\/\/radiounodigital.com\/web\/2020\/06\/22\/como-se-llama-tu-banda-amigo-conoce-a-tv-priest\/","og_locale":"es_ES","og_type":"article","og_title":"Te presentamos a TV Priest. Conocelos","og_description":"Regularmente presentamos a un artista completamente nuevo a trav\u00e9s de preguntas y respuestas que te patean el ego, \u00bfC\u00f3mo se llama tu banda, amigo?","og_url":"https:\/\/radiounodigital.com\/web\/2020\/06\/22\/como-se-llama-tu-banda-amigo-conoce-a-tv-priest\/","og_site_name":"Radio UNO Digital","article_published_time":"2020-06-22T12:12:31+00:00","article_modified_time":"2020-06-23T20:53:39+00:00","og_image":[{"width":696,"height":442,"url":"https:\/\/radiounodigital.com\/web\/wp-content\/uploads\/2020\/06\/TV-Priest-WYBCm-696x442-1.jpg","type":"image\/jpeg"}],"author":"diegoc","twitter_card":"summary_large_image","twitter_title":"Te presentamos a TV Priest. Conocelos","twitter_description":"Regularmente presentamos a un artista completamente nuevo a trav\u00e9s de preguntas y respuestas que te patean el ego, \u00bfC\u00f3mo se llama tu banda, amigo?","twitter_image":"https:\/\/radiounodigital.com\/web\/wp-content\/uploads\/2020\/06\/TV-Priest-WYBCm-696x442-1.jpg","twitter_misc":{"Escrito por":"diegoc","Tiempo de lectura":"2 minutos"},"schema":{"@context":"https:\/\/schema.org","@graph":[{"@type":"Article","@id":"https:\/\/radiounodigital.com\/web\/2020\/06\/22\/como-se-llama-tu-banda-amigo-conoce-a-tv-priest\/#article","isPartOf":{"@id":"https:\/\/radiounodigital.com\/web\/2020\/06\/22\/como-se-llama-tu-banda-amigo-conoce-a-tv-priest\/"},"author":{"name":"diegoc","@id":"https:\/\/radiounodigital.com\/web\/#\/schema\/person\/00b93151fa54f619ecf9c183d1fc9758"},"headline":"\u00bfC\u00f3mo se llama tu banda, amigo? Conoce a TV Priest","datePublished":"2020-06-22T12:12:31+00:00","dateModified":"2020-06-23T20:53:39+00:00","mainEntityOfPage":{"@id":"https:\/\/radiounodigital.com\/web\/2020\/06\/22\/como-se-llama-tu-banda-amigo-conoce-a-tv-priest\/"},"wordCount":418,"commentCount":0,"image":{"@id":"https:\/\/radiounodigital.com\/web\/2020\/06\/22\/como-se-llama-tu-banda-amigo-conoce-a-tv-priest\/#primaryimage"},"thumbnailUrl":"https:\/\/radiounodigital.com\/web\/wp-content\/uploads\/2020\/06\/TV-Priest-WYBCm-696x442-1.jpg","keywords":["banda","nueva","TV Priest"],"articleSection":["news","Rock"],"inLanguage":"es","potentialAction":[{"@type":"CommentAction","name":"Comment","target":["https:\/\/radiounodigital.com\/web\/2020\/06\/22\/como-se-llama-tu-banda-amigo-conoce-a-tv-priest\/#respond"]}]},{"@type":"WebPage","@id":"https:\/\/radiounodigital.com\/web\/2020\/06\/22\/como-se-llama-tu-banda-amigo-conoce-a-tv-priest\/","url":"https:\/\/radiounodigital.com\/web\/2020\/06\/22\/como-se-llama-tu-banda-amigo-conoce-a-tv-priest\/","name":"Te presentamos a TV Priest. Conocelos - Radio UNO Digital","isPartOf":{"@id":"https:\/\/radiounodigital.com\/web\/#website"},"primaryImageOfPage":{"@id":"https:\/\/radiounodigital.com\/web\/2020\/06\/22\/como-se-llama-tu-banda-amigo-conoce-a-tv-priest\/#primaryimage"},"image":{"@id":"https:\/\/radiounodigital.com\/web\/2020\/06\/22\/como-se-llama-tu-banda-amigo-conoce-a-tv-priest\/#primaryimage"},"thumbnailUrl":"https:\/\/radiounodigital.com\/web\/wp-content\/uploads\/2020\/06\/TV-Priest-WYBCm-696x442-1.jpg","datePublished":"2020-06-22T12:12:31+00:00","dateModified":"2020-06-23T20:53:39+00:00","author":{"@id":"https:\/\/radiounodigital.com\/web\/#\/schema\/person\/00b93151fa54f619ecf9c183d1fc9758"},"description":"Regularmente presentamos a un artista completamente nuevo a trav\u00e9s de preguntas y respuestas que te patean el ego, \u00bfC\u00f3mo se llama tu banda, amigo?","breadcrumb":{"@id":"https:\/\/radiounodigital.com\/web\/2020\/06\/22\/como-se-llama-tu-banda-amigo-conoce-a-tv-priest\/#breadcrumb"},"inLanguage":"es","potentialAction":[{"@type":"ReadAction","target":["https:\/\/radiounodigital.com\/web\/2020\/06\/22\/como-se-llama-tu-banda-amigo-conoce-a-tv-priest\/"]}]},{"@type":"ImageObject","inLanguage":"es","@id":"https:\/\/radiounodigital.com\/web\/2020\/06\/22\/como-se-llama-tu-banda-amigo-conoce-a-tv-priest\/#primaryimage","url":"https:\/\/radiounodigital.com\/web\/wp-content\/uploads\/2020\/06\/TV-Priest-WYBCm-696x442-1.jpg","contentUrl":"https:\/\/radiounodigital.com\/web\/wp-content\/uploads\/2020\/06\/TV-Priest-WYBCm-696x442-1.jpg","width":696,"height":442},{"@type":"BreadcrumbList","@id":"https:\/\/radiounodigital.com\/web\/2020\/06\/22\/como-se-llama-tu-banda-amigo-conoce-a-tv-priest\/#breadcrumb","itemListElement":[{"@type":"ListItem","position":1,"name":"Home","item":"https:\/\/radiounodigital.com\/web\/"},{"@type":"ListItem","position":2,"name":"\u00bfC\u00f3mo se llama tu banda, amigo? Conoce a TV Priest"}]},{"@type":"WebSite","@id":"https:\/\/radiounodigital.com\/web\/#website","url":"https:\/\/radiounodigital.com\/web\/","name":"Radio UNO Digital","description":"Donde la cultura del rock se siente","potentialAction":[{"@type":"SearchAction","target":{"@type":"EntryPoint","urlTemplate":"https:\/\/radiounodigital.com\/web\/?s={search_term_string}"},"query-input":{"@type":"PropertyValueSpecification","valueRequired":true,"valueName":"search_term_string"}}],"inLanguage":"es"},{"@type":"Person","@id":"https:\/\/radiounodigital.com\/web\/#\/schema\/person\/00b93151fa54f619ecf9c183d1fc9758","name":"diegoc","image":{"@type":"ImageObject","inLanguage":"es","@id":"https:\/\/secure.gravatar.com\/avatar\/0a67041d44c702fb0660d81a5a32c7ce6007341cf92afeb718b75883bf415864?s=96&d=blank&r=g","url":"https:\/\/secure.gravatar.com\/avatar\/0a67041d44c702fb0660d81a5a32c7ce6007341cf92afeb718b75883bf415864?s=96&d=blank&r=g","contentUrl":"https:\/\/secure.gravatar.com\/avatar\/0a67041d44c702fb0660d81a5a32c7ce6007341cf92afeb718b75883bf415864?s=96&d=blank&r=g","caption":"diegoc"},"url":"https:\/\/radiounodigital.com\/web\/author\/diegoc\/"}]}},"_links":{"self":[{"href":"https:\/\/radiounodigital.com\/web\/wp-json\/wp\/v2\/posts\/4084","targetHints":{"allow":["GET"]}}],"collection":[{"href":"https:\/\/radiounodigital.com\/web\/wp-json\/wp\/v2\/posts"}],"about":[{"href":"https:\/\/radiounodigital.com\/web\/wp-json\/wp\/v2\/types\/post"}],"author":[{"embeddable":true,"href":"https:\/\/radiounodigital.com\/web\/wp-json\/wp\/v2\/users\/1"}],"replies":[{"embeddable":true,"href":"https:\/\/radiounodigital.com\/web\/wp-json\/wp\/v2\/comments?post=4084"}],"version-history":[{"count":3,"href":"https:\/\/radiounodigital.com\/web\/wp-json\/wp\/v2\/posts\/4084\/revisions"}],"predecessor-version":[{"id":4088,"href":"https:\/\/radiounodigital.com\/web\/wp-json\/wp\/v2\/posts\/4084\/revisions\/4088"}],"wp:featuredmedia":[{"embeddable":true,"href":"https:\/\/radiounodigital.com\/web\/wp-json\/wp\/v2\/media\/4085"}],"wp:attachment":[{"href":"https:\/\/radiounodigital.com\/web\/wp-json\/wp\/v2\/media?parent=4084"}],"wp:term":[{"taxonomy":"category","embeddable":true,"href":"https:\/\/radiounodigital.com\/web\/wp-json\/wp\/v2\/categories?post=4084"},{"taxonomy":"post_tag","embeddable":true,"href":"https:\/\/radiounodigital.com\/web\/wp-json\/wp\/v2\/tags?post=4084"}],"curies":[{"name":"wp","href":"https:\/\/api.w.org\/{rel}","templated":true}]}}