{"id":4113,"date":"2020-07-01T08:57:57","date_gmt":"2020-07-01T08:57:57","guid":{"rendered":"https:\/\/radiounodigital.com\/web\/?p=4113"},"modified":"2020-07-02T09:08:26","modified_gmt":"2020-07-02T09:08:26","slug":"ringo-starr-cumple-80-anos-y-anuncia-transmision-en-vivo-con-paul-mccartney","status":"publish","type":"post","link":"https:\/\/radiounodigital.com\/web\/2020\/07\/01\/ringo-starr-cumple-80-anos-y-anuncia-transmision-en-vivo-con-paul-mccartney\/","title":{"rendered":"Ringo Starr cumple 80 a\u00f1os y anuncia transmisi\u00f3n en vivo con Paul McCartney"},"content":{"rendered":"<h3>Ringo Starr ha anunciado un concierto ben\u00e9fico en vivo para celebrar su 80 cumplea\u00f1os la pr\u00f3xima semana.<\/h3>\n<p><iframe loading=\"lazy\" src=\"https:\/\/www.youtube.com\/embed\/PNONd0ebcN4\" width=\"560\" height=\"315\" frameborder=\"0\" allowfullscreen=\"allowfullscreen\"><\/iframe><\/p>\n<p>El evento estar\u00e1 repleto de estrellas y consistir\u00e1 en nuevas actuaciones exclusivas en el hogar y escenas de conciertos nunca antes vistas del ex compa\u00f1ero de banda de los Beatles Paul McCartney, Sheryl Crow, Joe Walsh, Ben Harper, Gary Clark Jr y muchos m\u00e1s.<\/p>\n<p>Las donaciones durante el evento se dividir\u00e1n entre la Red Global Black Lives Matter, MusiCares, The David Lynch Foundation y WaterAid. El Big Birthday Show de Ringo se emitir\u00e1 el d\u00eda de su cumplea\u00f1os, el 7 de julio, a partir de las 5 p.m. PST, en su canal de YouTube.<\/p>\n<p>Ringo ha realizado conciertos durante mucho tiempo para celebrar su cumplea\u00f1os en Estados Unidos, su hogar adoptivo.<\/p>\n<p>Durante los \u00faltimos 12 a\u00f1os, ha sido anfitri\u00f3n del evento de celebraci\u00f3n \u00abPaz y Amor\u00bb en Los \u00c1ngeles. El a\u00f1o pasado, David Lynch, Peter Jackson, Nils Lofgren, Sheila E., Benmont Tench, Ed Begley, Jr. y m\u00e1s se unieron a \u00e9l.<\/p>\n<p>Antes del evento de transmisi\u00f3n en vivo de este a\u00f1o, Starr public\u00f3 un video explicando el cambio al evento de este a\u00f1o. Se lo ve posando para una sesi\u00f3n de fotos de cumplea\u00f1os, con una serie de m\u00e1scaras tem\u00e1ticas de \u00abpaz y amor\u00bb.<\/p>\n<p>\u00abA las 12 del mediod\u00eda, el 7 de julio de 2020, vas a\u00bb paz y amor \u00ab. &#8216;Paz y amor&#8217;. Eso es todo lo que pido. Donde quiera que est\u00e9s; en un autob\u00fas, por la mina, en una nave espacial, en un cohete \u201d, dijo el ex Beatle.<\/p>\n<p>&nbsp;<\/p>\n<p>Fuente: NME<\/p>\n<div class=\"fb-background-color\">\n\t\t\t  <div \n\t\t\t  \tclass = \"fb-comments\" \n\t\t\t  \tdata-href = \"https:\/\/radiounodigital.com\/web\/2020\/07\/01\/ringo-starr-cumple-80-anos-y-anuncia-transmision-en-vivo-con-paul-mccartney\/\"\n\t\t\t  \tdata-numposts = \"10\"\n\t\t\t  \tdata-lazy = \"true\"\n\t\t\t\tdata-colorscheme = \"dark\"\n\t\t\t\tdata-order-by = \"reverse_time\"\n\t\t\t\tdata-mobile=true>\n\t\t\t  <\/div><\/div>\n\t\t  <style>\n\t\t    .fb-background-color {\n\t\t\t\tbackground: #ffffff !important;\n\t\t\t}\n\t\t\t.fb_iframe_widget_fluid_desktop iframe {\n\t\t\t    width: 100% !important;\n\t\t\t}\n\t\t  <\/style>\n\t\t  ","protected":false},"excerpt":{"rendered":"<p>Ringo Starr ha anunciado un concierto ben\u00e9fico en vivo para celebrar su 80 cumplea\u00f1os la pr\u00f3xima semana. El evento estar\u00e1 repleto de estrellas y consistir\u00e1 en nuevas actuaciones exclusivas en el hogar y escenas de conciertos nunca antes vistas del ex compa\u00f1ero de banda de los Beatles Paul McCartney, Sheryl Crow, Joe Walsh, Ben Harper,&#8230; <a href=\"https:\/\/radiounodigital.com\/web\/2020\/07\/01\/ringo-starr-cumple-80-anos-y-anuncia-transmision-en-vivo-con-paul-mccartney\/\" class=\"excerpt-read-more\">Read More<\/a><\/p>\n","protected":false},"author":1,"featured_media":4114,"comment_status":"open","ping_status":"open","sticky":false,"template":"","format":"standard","meta":{"footnotes":""},"categories":[180,128],"tags":[1069,1068,910,472,1067,1070],"class_list":["post-4113","post","type-post","status-publish","format-standard","has-post-thumbnail","hentry","category-news","category-rock-clasico","tag-1069","tag-beneficio","tag-concierto","tag-cumpleanos","tag-ringo-starr","tag-the-bealtes"],"yoast_head":"<!-- This site is optimized with the Yoast SEO plugin v27.4 - https:\/\/yoast.com\/product\/yoast-seo-wordpress\/ -->\n<title>Ringo cumple 80 y los festeja con Paul en vivo - Radio UNO Digital<\/title>\n<meta name=\"description\" content=\"Ringo Starr ha anunciado un concierto ben\u00e9fico en vivo para celebrar su 80 cumplea\u00f1os la pr\u00f3xima semana a trav\u00e9s de su canal de Youtube\" \/>\n<meta name=\"robots\" content=\"index, follow, max-snippet:-1, max-image-preview:large, max-video-preview:-1\" \/>\n<link rel=\"canonical\" href=\"https:\/\/radiounodigital.com\/web\/2020\/07\/01\/ringo-starr-cumple-80-anos-y-anuncia-transmision-en-vivo-con-paul-mccartney\/\" \/>\n<meta property=\"og:locale\" content=\"es_ES\" \/>\n<meta property=\"og:type\" content=\"article\" \/>\n<meta property=\"og:title\" content=\"Ringo cumple 80 y los festeja con Paul en vivo\" \/>\n<meta property=\"og:description\" content=\"Ringo Starr ha anunciado un concierto ben\u00e9fico en vivo para celebrar su 80 cumplea\u00f1os la pr\u00f3xima semana a trav\u00e9s de su canal de Youtube\" \/>\n<meta property=\"og:url\" content=\"https:\/\/radiounodigital.com\/web\/2020\/07\/01\/ringo-starr-cumple-80-anos-y-anuncia-transmision-en-vivo-con-paul-mccartney\/\" \/>\n<meta property=\"og:site_name\" content=\"Radio UNO Digital\" \/>\n<meta property=\"article:published_time\" content=\"2020-07-01T08:57:57+00:00\" \/>\n<meta property=\"article:modified_time\" content=\"2020-07-02T09:08:26+00:00\" \/>\n<meta property=\"og:image\" content=\"https:\/\/radiounodigital.com\/web\/wp-content\/uploads\/2020\/07\/paul-ringo-696x442-1.jpg\" \/>\n\t<meta property=\"og:image:width\" content=\"696\" \/>\n\t<meta property=\"og:image:height\" content=\"442\" \/>\n\t<meta property=\"og:image:type\" content=\"image\/jpeg\" \/>\n<meta name=\"author\" content=\"diegoc\" \/>\n<meta name=\"twitter:card\" content=\"summary_large_image\" \/>\n<meta name=\"twitter:title\" content=\"Ringo cumple 80 y los festeja con Paul en vivo\" \/>\n<meta name=\"twitter:description\" content=\"Ringo Starr ha anunciado un concierto ben\u00e9fico en vivo para celebrar su 80 cumplea\u00f1os la pr\u00f3xima semana a trav\u00e9s de su canal de Youtube\" \/>\n<meta name=\"twitter:image\" content=\"https:\/\/radiounodigital.com\/web\/wp-content\/uploads\/2020\/07\/paul-ringo-696x442-1.jpg\" \/>\n<meta name=\"twitter:label1\" content=\"Escrito por\" \/>\n\t<meta name=\"twitter:data1\" content=\"diegoc\" \/>\n\t<meta name=\"twitter:label2\" content=\"Tiempo de lectura\" \/>\n\t<meta name=\"twitter:data2\" content=\"1 minuto\" \/>\n<script type=\"application\/ld+json\" class=\"yoast-schema-graph\">{\"@context\":\"https:\\\/\\\/schema.org\",\"@graph\":[{\"@type\":\"Article\",\"@id\":\"https:\\\/\\\/radiounodigital.com\\\/web\\\/2020\\\/07\\\/01\\\/ringo-starr-cumple-80-anos-y-anuncia-transmision-en-vivo-con-paul-mccartney\\\/#article\",\"isPartOf\":{\"@id\":\"https:\\\/\\\/radiounodigital.com\\\/web\\\/2020\\\/07\\\/01\\\/ringo-starr-cumple-80-anos-y-anuncia-transmision-en-vivo-con-paul-mccartney\\\/\"},\"author\":{\"name\":\"diegoc\",\"@id\":\"https:\\\/\\\/radiounodigital.com\\\/web\\\/#\\\/schema\\\/person\\\/00b93151fa54f619ecf9c183d1fc9758\"},\"headline\":\"Ringo Starr cumple 80 a\u00f1os y anuncia transmisi\u00f3n en vivo con Paul McCartney\",\"datePublished\":\"2020-07-01T08:57:57+00:00\",\"dateModified\":\"2020-07-02T09:08:26+00:00\",\"mainEntityOfPage\":{\"@id\":\"https:\\\/\\\/radiounodigital.com\\\/web\\\/2020\\\/07\\\/01\\\/ringo-starr-cumple-80-anos-y-anuncia-transmision-en-vivo-con-paul-mccartney\\\/\"},\"wordCount\":292,\"commentCount\":0,\"image\":{\"@id\":\"https:\\\/\\\/radiounodigital.com\\\/web\\\/2020\\\/07\\\/01\\\/ringo-starr-cumple-80-anos-y-anuncia-transmision-en-vivo-con-paul-mccartney\\\/#primaryimage\"},\"thumbnailUrl\":\"https:\\\/\\\/radiounodigital.com\\\/web\\\/wp-content\\\/uploads\\\/2020\\\/07\\\/paul-ringo-696x442-1.jpg\",\"keywords\":[\"80\",\"beneficio\",\"concierto\",\"cumplea\u00f1os\",\"ringo starr\",\"the Bealtes\"],\"articleSection\":[\"news\",\"Rock Clasico\"],\"inLanguage\":\"es\",\"potentialAction\":[{\"@type\":\"CommentAction\",\"name\":\"Comment\",\"target\":[\"https:\\\/\\\/radiounodigital.com\\\/web\\\/2020\\\/07\\\/01\\\/ringo-starr-cumple-80-anos-y-anuncia-transmision-en-vivo-con-paul-mccartney\\\/#respond\"]}]},{\"@type\":\"WebPage\",\"@id\":\"https:\\\/\\\/radiounodigital.com\\\/web\\\/2020\\\/07\\\/01\\\/ringo-starr-cumple-80-anos-y-anuncia-transmision-en-vivo-con-paul-mccartney\\\/\",\"url\":\"https:\\\/\\\/radiounodigital.com\\\/web\\\/2020\\\/07\\\/01\\\/ringo-starr-cumple-80-anos-y-anuncia-transmision-en-vivo-con-paul-mccartney\\\/\",\"name\":\"Ringo cumple 80 y los festeja con Paul en vivo - Radio UNO Digital\",\"isPartOf\":{\"@id\":\"https:\\\/\\\/radiounodigital.com\\\/web\\\/#website\"},\"primaryImageOfPage\":{\"@id\":\"https:\\\/\\\/radiounodigital.com\\\/web\\\/2020\\\/07\\\/01\\\/ringo-starr-cumple-80-anos-y-anuncia-transmision-en-vivo-con-paul-mccartney\\\/#primaryimage\"},\"image\":{\"@id\":\"https:\\\/\\\/radiounodigital.com\\\/web\\\/2020\\\/07\\\/01\\\/ringo-starr-cumple-80-anos-y-anuncia-transmision-en-vivo-con-paul-mccartney\\\/#primaryimage\"},\"thumbnailUrl\":\"https:\\\/\\\/radiounodigital.com\\\/web\\\/wp-content\\\/uploads\\\/2020\\\/07\\\/paul-ringo-696x442-1.jpg\",\"datePublished\":\"2020-07-01T08:57:57+00:00\",\"dateModified\":\"2020-07-02T09:08:26+00:00\",\"author\":{\"@id\":\"https:\\\/\\\/radiounodigital.com\\\/web\\\/#\\\/schema\\\/person\\\/00b93151fa54f619ecf9c183d1fc9758\"},\"description\":\"Ringo Starr ha anunciado un concierto ben\u00e9fico en vivo para celebrar su 80 cumplea\u00f1os la pr\u00f3xima semana a trav\u00e9s de su canal de Youtube\",\"breadcrumb\":{\"@id\":\"https:\\\/\\\/radiounodigital.com\\\/web\\\/2020\\\/07\\\/01\\\/ringo-starr-cumple-80-anos-y-anuncia-transmision-en-vivo-con-paul-mccartney\\\/#breadcrumb\"},\"inLanguage\":\"es\",\"potentialAction\":[{\"@type\":\"ReadAction\",\"target\":[\"https:\\\/\\\/radiounodigital.com\\\/web\\\/2020\\\/07\\\/01\\\/ringo-starr-cumple-80-anos-y-anuncia-transmision-en-vivo-con-paul-mccartney\\\/\"]}]},{\"@type\":\"ImageObject\",\"inLanguage\":\"es\",\"@id\":\"https:\\\/\\\/radiounodigital.com\\\/web\\\/2020\\\/07\\\/01\\\/ringo-starr-cumple-80-anos-y-anuncia-transmision-en-vivo-con-paul-mccartney\\\/#primaryimage\",\"url\":\"https:\\\/\\\/radiounodigital.com\\\/web\\\/wp-content\\\/uploads\\\/2020\\\/07\\\/paul-ringo-696x442-1.jpg\",\"contentUrl\":\"https:\\\/\\\/radiounodigital.com\\\/web\\\/wp-content\\\/uploads\\\/2020\\\/07\\\/paul-ringo-696x442-1.jpg\",\"width\":696,\"height\":442,\"caption\":\"Paul McCartney and Ringo Starr (Picture: Getty)\"},{\"@type\":\"BreadcrumbList\",\"@id\":\"https:\\\/\\\/radiounodigital.com\\\/web\\\/2020\\\/07\\\/01\\\/ringo-starr-cumple-80-anos-y-anuncia-transmision-en-vivo-con-paul-mccartney\\\/#breadcrumb\",\"itemListElement\":[{\"@type\":\"ListItem\",\"position\":1,\"name\":\"Home\",\"item\":\"https:\\\/\\\/radiounodigital.com\\\/web\\\/\"},{\"@type\":\"ListItem\",\"position\":2,\"name\":\"Ringo Starr cumple 80 a\u00f1os y anuncia transmisi\u00f3n en vivo con Paul McCartney\"}]},{\"@type\":\"WebSite\",\"@id\":\"https:\\\/\\\/radiounodigital.com\\\/web\\\/#website\",\"url\":\"https:\\\/\\\/radiounodigital.com\\\/web\\\/\",\"name\":\"Radio UNO Digital\",\"description\":\"Donde la cultura del rock se siente\",\"potentialAction\":[{\"@type\":\"SearchAction\",\"target\":{\"@type\":\"EntryPoint\",\"urlTemplate\":\"https:\\\/\\\/radiounodigital.com\\\/web\\\/?s={search_term_string}\"},\"query-input\":{\"@type\":\"PropertyValueSpecification\",\"valueRequired\":true,\"valueName\":\"search_term_string\"}}],\"inLanguage\":\"es\"},{\"@type\":\"Person\",\"@id\":\"https:\\\/\\\/radiounodigital.com\\\/web\\\/#\\\/schema\\\/person\\\/00b93151fa54f619ecf9c183d1fc9758\",\"name\":\"diegoc\",\"image\":{\"@type\":\"ImageObject\",\"inLanguage\":\"es\",\"@id\":\"https:\\\/\\\/secure.gravatar.com\\\/avatar\\\/0a67041d44c702fb0660d81a5a32c7ce6007341cf92afeb718b75883bf415864?s=96&d=blank&r=g\",\"url\":\"https:\\\/\\\/secure.gravatar.com\\\/avatar\\\/0a67041d44c702fb0660d81a5a32c7ce6007341cf92afeb718b75883bf415864?s=96&d=blank&r=g\",\"contentUrl\":\"https:\\\/\\\/secure.gravatar.com\\\/avatar\\\/0a67041d44c702fb0660d81a5a32c7ce6007341cf92afeb718b75883bf415864?s=96&d=blank&r=g\",\"caption\":\"diegoc\"},\"url\":\"https:\\\/\\\/radiounodigital.com\\\/web\\\/author\\\/diegoc\\\/\"}]}<\/script>\n<!-- \/ Yoast SEO plugin. -->","yoast_head_json":{"title":"Ringo cumple 80 y los festeja con Paul en vivo - Radio UNO Digital","description":"Ringo Starr ha anunciado un concierto ben\u00e9fico en vivo para celebrar su 80 cumplea\u00f1os la pr\u00f3xima semana a trav\u00e9s de su canal de Youtube","robots":{"index":"index","follow":"follow","max-snippet":"max-snippet:-1","max-image-preview":"max-image-preview:large","max-video-preview":"max-video-preview:-1"},"canonical":"https:\/\/radiounodigital.com\/web\/2020\/07\/01\/ringo-starr-cumple-80-anos-y-anuncia-transmision-en-vivo-con-paul-mccartney\/","og_locale":"es_ES","og_type":"article","og_title":"Ringo cumple 80 y los festeja con Paul en vivo","og_description":"Ringo Starr ha anunciado un concierto ben\u00e9fico en vivo para celebrar su 80 cumplea\u00f1os la pr\u00f3xima semana a trav\u00e9s de su canal de Youtube","og_url":"https:\/\/radiounodigital.com\/web\/2020\/07\/01\/ringo-starr-cumple-80-anos-y-anuncia-transmision-en-vivo-con-paul-mccartney\/","og_site_name":"Radio UNO Digital","article_published_time":"2020-07-01T08:57:57+00:00","article_modified_time":"2020-07-02T09:08:26+00:00","og_image":[{"width":696,"height":442,"url":"https:\/\/radiounodigital.com\/web\/wp-content\/uploads\/2020\/07\/paul-ringo-696x442-1.jpg","type":"image\/jpeg"}],"author":"diegoc","twitter_card":"summary_large_image","twitter_title":"Ringo cumple 80 y los festeja con Paul en vivo","twitter_description":"Ringo Starr ha anunciado un concierto ben\u00e9fico en vivo para celebrar su 80 cumplea\u00f1os la pr\u00f3xima semana a trav\u00e9s de su canal de Youtube","twitter_image":"https:\/\/radiounodigital.com\/web\/wp-content\/uploads\/2020\/07\/paul-ringo-696x442-1.jpg","twitter_misc":{"Escrito por":"diegoc","Tiempo de lectura":"1 minuto"},"schema":{"@context":"https:\/\/schema.org","@graph":[{"@type":"Article","@id":"https:\/\/radiounodigital.com\/web\/2020\/07\/01\/ringo-starr-cumple-80-anos-y-anuncia-transmision-en-vivo-con-paul-mccartney\/#article","isPartOf":{"@id":"https:\/\/radiounodigital.com\/web\/2020\/07\/01\/ringo-starr-cumple-80-anos-y-anuncia-transmision-en-vivo-con-paul-mccartney\/"},"author":{"name":"diegoc","@id":"https:\/\/radiounodigital.com\/web\/#\/schema\/person\/00b93151fa54f619ecf9c183d1fc9758"},"headline":"Ringo Starr cumple 80 a\u00f1os y anuncia transmisi\u00f3n en vivo con Paul McCartney","datePublished":"2020-07-01T08:57:57+00:00","dateModified":"2020-07-02T09:08:26+00:00","mainEntityOfPage":{"@id":"https:\/\/radiounodigital.com\/web\/2020\/07\/01\/ringo-starr-cumple-80-anos-y-anuncia-transmision-en-vivo-con-paul-mccartney\/"},"wordCount":292,"commentCount":0,"image":{"@id":"https:\/\/radiounodigital.com\/web\/2020\/07\/01\/ringo-starr-cumple-80-anos-y-anuncia-transmision-en-vivo-con-paul-mccartney\/#primaryimage"},"thumbnailUrl":"https:\/\/radiounodigital.com\/web\/wp-content\/uploads\/2020\/07\/paul-ringo-696x442-1.jpg","keywords":["80","beneficio","concierto","cumplea\u00f1os","ringo starr","the Bealtes"],"articleSection":["news","Rock Clasico"],"inLanguage":"es","potentialAction":[{"@type":"CommentAction","name":"Comment","target":["https:\/\/radiounodigital.com\/web\/2020\/07\/01\/ringo-starr-cumple-80-anos-y-anuncia-transmision-en-vivo-con-paul-mccartney\/#respond"]}]},{"@type":"WebPage","@id":"https:\/\/radiounodigital.com\/web\/2020\/07\/01\/ringo-starr-cumple-80-anos-y-anuncia-transmision-en-vivo-con-paul-mccartney\/","url":"https:\/\/radiounodigital.com\/web\/2020\/07\/01\/ringo-starr-cumple-80-anos-y-anuncia-transmision-en-vivo-con-paul-mccartney\/","name":"Ringo cumple 80 y los festeja con Paul en vivo - Radio UNO Digital","isPartOf":{"@id":"https:\/\/radiounodigital.com\/web\/#website"},"primaryImageOfPage":{"@id":"https:\/\/radiounodigital.com\/web\/2020\/07\/01\/ringo-starr-cumple-80-anos-y-anuncia-transmision-en-vivo-con-paul-mccartney\/#primaryimage"},"image":{"@id":"https:\/\/radiounodigital.com\/web\/2020\/07\/01\/ringo-starr-cumple-80-anos-y-anuncia-transmision-en-vivo-con-paul-mccartney\/#primaryimage"},"thumbnailUrl":"https:\/\/radiounodigital.com\/web\/wp-content\/uploads\/2020\/07\/paul-ringo-696x442-1.jpg","datePublished":"2020-07-01T08:57:57+00:00","dateModified":"2020-07-02T09:08:26+00:00","author":{"@id":"https:\/\/radiounodigital.com\/web\/#\/schema\/person\/00b93151fa54f619ecf9c183d1fc9758"},"description":"Ringo Starr ha anunciado un concierto ben\u00e9fico en vivo para celebrar su 80 cumplea\u00f1os la pr\u00f3xima semana a trav\u00e9s de su canal de Youtube","breadcrumb":{"@id":"https:\/\/radiounodigital.com\/web\/2020\/07\/01\/ringo-starr-cumple-80-anos-y-anuncia-transmision-en-vivo-con-paul-mccartney\/#breadcrumb"},"inLanguage":"es","potentialAction":[{"@type":"ReadAction","target":["https:\/\/radiounodigital.com\/web\/2020\/07\/01\/ringo-starr-cumple-80-anos-y-anuncia-transmision-en-vivo-con-paul-mccartney\/"]}]},{"@type":"ImageObject","inLanguage":"es","@id":"https:\/\/radiounodigital.com\/web\/2020\/07\/01\/ringo-starr-cumple-80-anos-y-anuncia-transmision-en-vivo-con-paul-mccartney\/#primaryimage","url":"https:\/\/radiounodigital.com\/web\/wp-content\/uploads\/2020\/07\/paul-ringo-696x442-1.jpg","contentUrl":"https:\/\/radiounodigital.com\/web\/wp-content\/uploads\/2020\/07\/paul-ringo-696x442-1.jpg","width":696,"height":442,"caption":"Paul McCartney and Ringo Starr (Picture: Getty)"},{"@type":"BreadcrumbList","@id":"https:\/\/radiounodigital.com\/web\/2020\/07\/01\/ringo-starr-cumple-80-anos-y-anuncia-transmision-en-vivo-con-paul-mccartney\/#breadcrumb","itemListElement":[{"@type":"ListItem","position":1,"name":"Home","item":"https:\/\/radiounodigital.com\/web\/"},{"@type":"ListItem","position":2,"name":"Ringo Starr cumple 80 a\u00f1os y anuncia transmisi\u00f3n en vivo con Paul McCartney"}]},{"@type":"WebSite","@id":"https:\/\/radiounodigital.com\/web\/#website","url":"https:\/\/radiounodigital.com\/web\/","name":"Radio UNO Digital","description":"Donde la cultura del rock se siente","potentialAction":[{"@type":"SearchAction","target":{"@type":"EntryPoint","urlTemplate":"https:\/\/radiounodigital.com\/web\/?s={search_term_string}"},"query-input":{"@type":"PropertyValueSpecification","valueRequired":true,"valueName":"search_term_string"}}],"inLanguage":"es"},{"@type":"Person","@id":"https:\/\/radiounodigital.com\/web\/#\/schema\/person\/00b93151fa54f619ecf9c183d1fc9758","name":"diegoc","image":{"@type":"ImageObject","inLanguage":"es","@id":"https:\/\/secure.gravatar.com\/avatar\/0a67041d44c702fb0660d81a5a32c7ce6007341cf92afeb718b75883bf415864?s=96&d=blank&r=g","url":"https:\/\/secure.gravatar.com\/avatar\/0a67041d44c702fb0660d81a5a32c7ce6007341cf92afeb718b75883bf415864?s=96&d=blank&r=g","contentUrl":"https:\/\/secure.gravatar.com\/avatar\/0a67041d44c702fb0660d81a5a32c7ce6007341cf92afeb718b75883bf415864?s=96&d=blank&r=g","caption":"diegoc"},"url":"https:\/\/radiounodigital.com\/web\/author\/diegoc\/"}]}},"_links":{"self":[{"href":"https:\/\/radiounodigital.com\/web\/wp-json\/wp\/v2\/posts\/4113","targetHints":{"allow":["GET"]}}],"collection":[{"href":"https:\/\/radiounodigital.com\/web\/wp-json\/wp\/v2\/posts"}],"about":[{"href":"https:\/\/radiounodigital.com\/web\/wp-json\/wp\/v2\/types\/post"}],"author":[{"embeddable":true,"href":"https:\/\/radiounodigital.com\/web\/wp-json\/wp\/v2\/users\/1"}],"replies":[{"embeddable":true,"href":"https:\/\/radiounodigital.com\/web\/wp-json\/wp\/v2\/comments?post=4113"}],"version-history":[{"count":1,"href":"https:\/\/radiounodigital.com\/web\/wp-json\/wp\/v2\/posts\/4113\/revisions"}],"predecessor-version":[{"id":4115,"href":"https:\/\/radiounodigital.com\/web\/wp-json\/wp\/v2\/posts\/4113\/revisions\/4115"}],"wp:featuredmedia":[{"embeddable":true,"href":"https:\/\/radiounodigital.com\/web\/wp-json\/wp\/v2\/media\/4114"}],"wp:attachment":[{"href":"https:\/\/radiounodigital.com\/web\/wp-json\/wp\/v2\/media?parent=4113"}],"wp:term":[{"taxonomy":"category","embeddable":true,"href":"https:\/\/radiounodigital.com\/web\/wp-json\/wp\/v2\/categories?post=4113"},{"taxonomy":"post_tag","embeddable":true,"href":"https:\/\/radiounodigital.com\/web\/wp-json\/wp\/v2\/tags?post=4113"}],"curies":[{"name":"wp","href":"https:\/\/api.w.org\/{rel}","templated":true}]}}