{"id":4116,"date":"2020-06-30T06:12:17","date_gmt":"2020-06-30T09:12:17","guid":{"rendered":"https:\/\/radiounodigital.com\/web\/?p=4116"},"modified":"2020-07-02T06:21:39","modified_gmt":"2020-07-02T09:21:39","slug":"pearl-jam-rinde-homenaje-a-los-nueve-fans-asesinados-durante-show-del-2000","status":"publish","type":"post","link":"https:\/\/radiounodigital.com\/web\/2020\/06\/30\/pearl-jam-rinde-homenaje-a-los-nueve-fans-asesinados-durante-show-del-2000\/","title":{"rendered":"Pearl Jam rinde homenaje a los nueve fans asesinados durante show del 2000"},"content":{"rendered":"<h3>Hoy (30 de junio) se cumplen 20 a\u00f1os desde la tragedia en el festival dan\u00e9s de Roskilde.<\/h3>\n<div id=\"attachment_4118\" style=\"width: 660px\" class=\"wp-caption aligncenter\"><img loading=\"lazy\" decoding=\"async\" aria-describedby=\"caption-attachment-4118\" class=\"wp-image-4118 size-post-slider-bottom\" src=\"https:\/\/radiounodigital.com\/web\/wp-content\/uploads\/2020\/06\/GettyImages-53185708-650x385.jpg\" alt=\"\" width=\"650\" height=\"385\" \/><p id=\"caption-attachment-4118\" class=\"wp-caption-text\">Festival-goers look at the memorial erected as a tribute to the nine young men who lost their lives at Roskilde Festival in 2000. The sculpture by artist Lars Skov Nielsen reads \u2018\u2026how fragile we are\u2026\u2019 (Picture: Louise Wilson\/Getty Images)<\/p><\/div>\n<p>Pearl Jam ha rendido un emotivo homenaje a los nueve fan\u00e1ticos que fueron asesinados durante una aglomeraci\u00f3n de multitudes que ocurri\u00f3 durante su set de 2000 en el festival dan\u00e9s Roskilde.<\/p>\n<p>Hoy (30 de junio) se cumplen 20 a\u00f1os desde la tragedia, y la banda ha reflexionado sobre el incidente en un comunicado recientemente publicado en el que reconocieron solemnemente que \u00abnada ha sido lo mismo desde entonces\u00bb.<\/p>\n<p>Recordando c\u00f3mo el d\u00eda de la tragedia inicialmente se sinti\u00f3 como \u00abun d\u00eda de espect\u00e1culo de festival normal\u00bb, la declaraci\u00f3n, escrita por el guitarrista Stone Gossard en nombre de Pearl Jam, dijo que lo que se desarroll\u00f3 fue \u00abun momento inesperado &#8230; que cambi\u00f3 para siempre a todos los involucrados\u00bb .<\/p>\n<p>\u201cLos nueve j\u00f3venes que fueron pisoteados. La vida de sus familias y seres queridos que tuvieron que soportar imaginar sus muertes una y otra vez y la realidad de no volver a verlos nunca m\u00e1s. Todas las personas en el festival que presenciaron lo que estaba sucediendo e intentaron hacer algo, tal vez tirando a alguien o no pudiendo &#8230;<\/p>\n<p>\u00abY aquellos, como nuestra banda, que nunca se dieron cuenta de que algo estaba pasando hasta que fue demasiado tarde &#8230; Todos nosotros siempre esperando que las noticias sean diferentes\u00bb.<\/p>\n<blockquote class=\"instagram-media\" style=\"background: #FFF; border: 0; border-radius: 3px; box-shadow: 0 0 1px 0 rgba(0,0,0,0.5),0 1px 10px 0 rgba(0,0,0,0.15); margin: 1px; max-width: 540px; min-width: 326px; padding: 0; width: calc(100% - 2px);\" data-instgrm-captioned=\"\" data-instgrm-permalink=\"https:\/\/www.instagram.com\/p\/CCDNDXQpyTv\/?utm_source=ig_embed&amp;utm_campaign=loading\" data-instgrm-version=\"12\">\n<div style=\"padding: 16px;\">\n<p>&nbsp;<\/p>\n<div style=\"display: flex; flex-direction: row; align-items: center;\">\n<div style=\"background-color: #f4f4f4; border-radius: 50%; flex-grow: 0; height: 40px; margin-right: 14px; width: 40px;\"><\/div>\n<div style=\"display: flex; flex-direction: column; flex-grow: 1; justify-content: center;\">\n<div style=\"background-color: #f4f4f4; border-radius: 4px; flex-grow: 0; height: 14px; margin-bottom: 6px; width: 100px;\"><\/div>\n<div style=\"background-color: #f4f4f4; border-radius: 4px; flex-grow: 0; height: 14px; width: 60px;\"><\/div>\n<\/div>\n<\/div>\n<div style=\"padding: 19% 0;\"><\/div>\n<div style=\"display: block; height: 50px; margin: 0 auto 12px; width: 50px;\"><\/div>\n<div style=\"padding-top: 8px;\">\n<div style=\"color: #3897f0; font-family: Arial,sans-serif; font-size: 14px; font-style: normal; font-weight: 550; line-height: 18px;\">Ver esta publicaci\u00f3n en Instagram<\/div>\n<\/div>\n<div style=\"padding: 12.5% 0;\"><\/div>\n<div style=\"display: flex; flex-direction: row; margin-bottom: 14px; align-items: center;\">\n<div>\n<div style=\"background-color: #f4f4f4; border-radius: 50%; height: 12.5px; width: 12.5px; transform: translateX(0px) translateY(7px);\"><\/div>\n<div style=\"background-color: #f4f4f4; height: 12.5px; transform: rotate(-45deg) translateX(3px) translateY(1px); width: 12.5px; flex-grow: 0; margin-right: 14px; margin-left: 2px;\"><\/div>\n<div style=\"background-color: #f4f4f4; border-radius: 50%; height: 12.5px; width: 12.5px; transform: translateX(9px) translateY(-18px);\"><\/div>\n<\/div>\n<div style=\"margin-left: 8px;\">\n<div style=\"background-color: #f4f4f4; border-radius: 50%; flex-grow: 0; height: 20px; width: 20px;\"><\/div>\n<div style=\"width: 0; height: 0; border-top: 2px solid transparent; border-left: 6px solid #f4f4f4; border-bottom: 2px solid transparent; transform: translateX(16px) translateY(-4px) rotate(30deg);\"><\/div>\n<\/div>\n<div style=\"margin-left: auto;\">\n<div style=\"width: 0px; border-top: 8px solid #F4F4F4; border-right: 8px solid transparent; transform: translateY(16px);\"><\/div>\n<div style=\"background-color: #f4f4f4; flex-grow: 0; height: 12px; width: 16px; transform: translateY(-4px);\"><\/div>\n<div style=\"width: 0; height: 0; border-top: 8px solid #F4F4F4; border-left: 8px solid transparent; transform: translateY(-4px) translateX(8px);\"><\/div>\n<\/div>\n<\/div>\n<p>&nbsp;<\/p>\n<p style=\"margin: 8px 0 0 0; padding: 0 4px;\"><a style=\"color: #000; font-family: Arial,sans-serif; font-size: 14px; font-style: normal; font-weight: normal; line-height: 17px; text-decoration: none; word-wrap: break-word;\" href=\"https:\/\/www.instagram.com\/p\/CCDNDXQpyTv\/?utm_source=ig_embed&amp;utm_campaign=loading\" target=\"_blank\" rel=\"noopener noreferrer\">\u201cIt&#8217;s been 20 years since that day. A normal festival show day&#8230;show up 5 hours ahead. Wait for your slot. I barely remember it&#8230; Sunny, I think. Lou Reed played, I think. Then rain and wind. But nothing has been the same since.\u201d Read the full statement at the link in bio.<\/a><\/p>\n<p style=\"color: #c9c8cd; font-family: Arial,sans-serif; font-size: 14px; line-height: 17px; margin-bottom: 0; margin-top: 8px; overflow: hidden; padding: 8px 0 7px; text-align: center; text-overflow: ellipsis; white-space: nowrap;\">Una publicaci\u00f3n compartida por <a style=\"color: #c9c8cd; font-family: Arial,sans-serif; font-size: 14px; font-style: normal; font-weight: normal; line-height: 17px;\" href=\"https:\/\/www.instagram.com\/pearljam\/?utm_source=ig_embed&amp;utm_campaign=loading\" target=\"_blank\" rel=\"noopener noreferrer\"> Pearl Jam<\/a> (@pearljam) el <time style=\"font-family: Arial,sans-serif; font-size: 14px; line-height: 17px;\" datetime=\"2020-06-30T07:00:07+00:00\">30 de Jun de 2020 a las 12:00 PDT<\/time><\/p>\n<\/div>\n<\/blockquote>\n<p><script async src=\"\/\/www.instagram.com\/embed.js\"><\/script><\/p>\n<p>La declaraci\u00f3n de la banda contin\u00faa explicando que nuestra \u00abcomprensi\u00f3n de la gravedad y la p\u00e9rdida que sintieron los padres de esos ni\u00f1os\u00bb ha sido \u00abexponencialmente magnificada\u00bb en los a\u00f1os transcurridos desde que los miembros de la banda se convirtieron en hijos.<\/p>\n<p>\u201cEs impensable, pero ah\u00ed est\u00e1. Nuestra peor pesadilla. Todos los d\u00edas nuestros corazones siguen doliendo y nuestros est\u00f3magos se vuelven ante los pensamientos de esos j\u00f3venes que mueren y sobre lo que podr\u00eda haber sido diferente, si tan solo &#8230; pero nada cambia.<\/p>\n<p>\u201cY nuestro dolor es una mil\u00e9sima parte del de las familias &#8230; las mam\u00e1s y los pap\u00e1s, hermanas y hermanos, mejores amigos &#8230; \u00bb<\/p>\n<p>Ocho j\u00f3venes, de edades comprendidas entre los 17 y los 26 a\u00f1os, murieron sofocados en la multitud cuando Pearl Jam subi\u00f3 al escenario en el festival. Un noveno hombre muri\u00f3 cinco d\u00edas despu\u00e9s en el hospital.<\/p>\n<p>La banda continu\u00f3 diciendo que ofrecieron sus \u00abm\u00e1s profundas condolencias y disculpas a las familias que perdieron a sus hijos ese d\u00eda\u00bb antes de reflexionar sobre las consecuencias inmediatas de la tragedia.<\/p>\n<p>\u201cTodos fallaron en cumplir con lo que se necesitaba en esas horas antes y en los d\u00edas posteriores a la tragedia. El festival, los medios, nosotros incluidos. Nos retiramos y nos enojamos despu\u00e9s de que muchos informes implicaran que PJ era el responsable. Nuestras palabras no fueron de ayuda en ese momento. Nos escondimos y esperamos que no fuera nuestra culpa. Hemos estado haciendo todo lo posible para mostrar desde entonces \u00ab.<\/p>\n<p>La declaraci\u00f3n concluy\u00f3 diciendo que la banda est\u00e1 \u00abpara siempre a la sombra del dolor y la p\u00e9rdida\u00bb que sienten las familias de las nueve v\u00edctimas, y que \u00abaceptamos esa sombra y estamos siempre agradecidos de compartir ese espacio sagrado\u00bb. El espacio creado por la ausencia de esos nueve j\u00f3venes &#8230;<\/p>\n<p>Una segunda y \u00faltima investigaci\u00f3n sobre la tragedia en 2002 encontr\u00f3 que \u00abno hay raz\u00f3n para presumir que se ha hecho algo punible\u00bb, y no se presentaron cargos<\/p>\n<p>Source: NME<\/p>\n<p>&nbsp;<\/p>\n<div class=\"fb-background-color\">\n\t\t\t  <div \n\t\t\t  \tclass = \"fb-comments\" \n\t\t\t  \tdata-href = \"https:\/\/radiounodigital.com\/web\/2020\/06\/30\/pearl-jam-rinde-homenaje-a-los-nueve-fans-asesinados-durante-show-del-2000\/\"\n\t\t\t  \tdata-numposts = \"10\"\n\t\t\t  \tdata-lazy = \"true\"\n\t\t\t\tdata-colorscheme = \"dark\"\n\t\t\t\tdata-order-by = \"reverse_time\"\n\t\t\t\tdata-mobile=true>\n\t\t\t  <\/div><\/div>\n\t\t  <style>\n\t\t    .fb-background-color {\n\t\t\t\tbackground: #ffffff !important;\n\t\t\t}\n\t\t\t.fb_iframe_widget_fluid_desktop iframe {\n\t\t\t    width: 100% !important;\n\t\t\t}\n\t\t  <\/style>\n\t\t  ","protected":false},"excerpt":{"rendered":"<p>Hoy (30 de junio) se cumplen 20 a\u00f1os desde la tragedia en el festival dan\u00e9s de Roskilde. Pearl Jam ha rendido un emotivo homenaje a los nueve fan\u00e1ticos que fueron asesinados durante una aglomeraci\u00f3n de multitudes que ocurri\u00f3 durante su set de 2000 en el festival dan\u00e9s Roskilde. Hoy (30 de junio) se cumplen 20&#8230; <a href=\"https:\/\/radiounodigital.com\/web\/2020\/06\/30\/pearl-jam-rinde-homenaje-a-los-nueve-fans-asesinados-durante-show-del-2000\/\" class=\"excerpt-read-more\">Read More<\/a><\/p>\n","protected":false},"author":1,"featured_media":4119,"comment_status":"open","ping_status":"open","sticky":false,"template":"","format":"standard","meta":{"footnotes":""},"categories":[180,128],"tags":[910,1071,869,256,1073,486,1072],"class_list":["post-4116","post","type-post","status-publish","format-standard","has-post-thumbnail","hentry","category-news","category-rock-clasico","tag-concierto","tag-dinamarca","tag-fans","tag-homenaje","tag-muertos","tag-pearl-jam","tag-roskilde"],"yoast_head":"<!-- This site is optimized with the Yoast SEO plugin v27.4 - https:\/\/yoast.com\/product\/yoast-seo-wordpress\/ -->\n<title>Pearl Jam rinde homenaje a los nueve fans asesinados durante show del 2000 - Radio UNO Digital<\/title>\n<meta name=\"robots\" content=\"index, follow, max-snippet:-1, max-image-preview:large, max-video-preview:-1\" \/>\n<link rel=\"canonical\" href=\"https:\/\/radiounodigital.com\/web\/2020\/06\/30\/pearl-jam-rinde-homenaje-a-los-nueve-fans-asesinados-durante-show-del-2000\/\" \/>\n<meta property=\"og:locale\" content=\"es_ES\" \/>\n<meta property=\"og:type\" content=\"article\" \/>\n<meta property=\"og:title\" content=\"Pearl Jam rinde homenaje a los nueve fans asesinados durante show del 2000 - Radio UNO Digital\" \/>\n<meta property=\"og:description\" content=\"Hoy (30 de junio) se cumplen 20 a\u00f1os desde la tragedia en el festival dan\u00e9s de Roskilde. Pearl Jam ha rendido un emotivo homenaje a los nueve fan\u00e1ticos que fueron asesinados durante una aglomeraci\u00f3n de multitudes que ocurri\u00f3 durante su set de 2000 en el festival dan\u00e9s Roskilde. Hoy (30 de junio) se cumplen 20... Read More\" \/>\n<meta property=\"og:url\" content=\"https:\/\/radiounodigital.com\/web\/2020\/06\/30\/pearl-jam-rinde-homenaje-a-los-nueve-fans-asesinados-durante-show-del-2000\/\" \/>\n<meta property=\"og:site_name\" content=\"Radio UNO Digital\" \/>\n<meta property=\"article:published_time\" content=\"2020-06-30T09:12:17+00:00\" \/>\n<meta property=\"article:modified_time\" content=\"2020-07-02T09:21:39+00:00\" \/>\n<meta property=\"og:image\" content=\"https:\/\/radiounodigital.com\/web\/wp-content\/uploads\/2020\/06\/Pearn\u0303-Jam-GettyImages-185335790-696x442-1.jpg\" \/>\n\t<meta property=\"og:image:width\" content=\"696\" \/>\n\t<meta property=\"og:image:height\" content=\"442\" \/>\n\t<meta property=\"og:image:type\" content=\"image\/jpeg\" \/>\n<meta name=\"author\" content=\"diegoc\" \/>\n<meta name=\"twitter:card\" content=\"summary_large_image\" \/>\n<meta name=\"twitter:label1\" content=\"Escrito por\" \/>\n\t<meta name=\"twitter:data1\" content=\"diegoc\" \/>\n\t<meta name=\"twitter:label2\" content=\"Tiempo de lectura\" \/>\n\t<meta name=\"twitter:data2\" content=\"3 minutos\" \/>\n<script type=\"application\/ld+json\" class=\"yoast-schema-graph\">{\"@context\":\"https:\\\/\\\/schema.org\",\"@graph\":[{\"@type\":\"Article\",\"@id\":\"https:\\\/\\\/radiounodigital.com\\\/web\\\/2020\\\/06\\\/30\\\/pearl-jam-rinde-homenaje-a-los-nueve-fans-asesinados-durante-show-del-2000\\\/#article\",\"isPartOf\":{\"@id\":\"https:\\\/\\\/radiounodigital.com\\\/web\\\/2020\\\/06\\\/30\\\/pearl-jam-rinde-homenaje-a-los-nueve-fans-asesinados-durante-show-del-2000\\\/\"},\"author\":{\"name\":\"diegoc\",\"@id\":\"https:\\\/\\\/radiounodigital.com\\\/web\\\/#\\\/schema\\\/person\\\/00b93151fa54f619ecf9c183d1fc9758\"},\"headline\":\"Pearl Jam rinde homenaje a los nueve fans asesinados durante show del 2000\",\"datePublished\":\"2020-06-30T09:12:17+00:00\",\"dateModified\":\"2020-07-02T09:21:39+00:00\",\"mainEntityOfPage\":{\"@id\":\"https:\\\/\\\/radiounodigital.com\\\/web\\\/2020\\\/06\\\/30\\\/pearl-jam-rinde-homenaje-a-los-nueve-fans-asesinados-durante-show-del-2000\\\/\"},\"wordCount\":712,\"commentCount\":0,\"image\":{\"@id\":\"https:\\\/\\\/radiounodigital.com\\\/web\\\/2020\\\/06\\\/30\\\/pearl-jam-rinde-homenaje-a-los-nueve-fans-asesinados-durante-show-del-2000\\\/#primaryimage\"},\"thumbnailUrl\":\"https:\\\/\\\/radiounodigital.com\\\/web\\\/wp-content\\\/uploads\\\/2020\\\/06\\\/Pearn\u0303-Jam-GettyImages-185335790-696x442-1.jpg\",\"keywords\":[\"concierto\",\"dinamarca\",\"fans\",\"homenaje\",\"muertos\",\"pearl jam\",\"Roskilde\"],\"articleSection\":[\"news\",\"Rock Clasico\"],\"inLanguage\":\"es\",\"potentialAction\":[{\"@type\":\"CommentAction\",\"name\":\"Comment\",\"target\":[\"https:\\\/\\\/radiounodigital.com\\\/web\\\/2020\\\/06\\\/30\\\/pearl-jam-rinde-homenaje-a-los-nueve-fans-asesinados-durante-show-del-2000\\\/#respond\"]}]},{\"@type\":\"WebPage\",\"@id\":\"https:\\\/\\\/radiounodigital.com\\\/web\\\/2020\\\/06\\\/30\\\/pearl-jam-rinde-homenaje-a-los-nueve-fans-asesinados-durante-show-del-2000\\\/\",\"url\":\"https:\\\/\\\/radiounodigital.com\\\/web\\\/2020\\\/06\\\/30\\\/pearl-jam-rinde-homenaje-a-los-nueve-fans-asesinados-durante-show-del-2000\\\/\",\"name\":\"Pearl Jam rinde homenaje a los nueve fans asesinados durante show del 2000 - Radio UNO Digital\",\"isPartOf\":{\"@id\":\"https:\\\/\\\/radiounodigital.com\\\/web\\\/#website\"},\"primaryImageOfPage\":{\"@id\":\"https:\\\/\\\/radiounodigital.com\\\/web\\\/2020\\\/06\\\/30\\\/pearl-jam-rinde-homenaje-a-los-nueve-fans-asesinados-durante-show-del-2000\\\/#primaryimage\"},\"image\":{\"@id\":\"https:\\\/\\\/radiounodigital.com\\\/web\\\/2020\\\/06\\\/30\\\/pearl-jam-rinde-homenaje-a-los-nueve-fans-asesinados-durante-show-del-2000\\\/#primaryimage\"},\"thumbnailUrl\":\"https:\\\/\\\/radiounodigital.com\\\/web\\\/wp-content\\\/uploads\\\/2020\\\/06\\\/Pearn\u0303-Jam-GettyImages-185335790-696x442-1.jpg\",\"datePublished\":\"2020-06-30T09:12:17+00:00\",\"dateModified\":\"2020-07-02T09:21:39+00:00\",\"author\":{\"@id\":\"https:\\\/\\\/radiounodigital.com\\\/web\\\/#\\\/schema\\\/person\\\/00b93151fa54f619ecf9c183d1fc9758\"},\"breadcrumb\":{\"@id\":\"https:\\\/\\\/radiounodigital.com\\\/web\\\/2020\\\/06\\\/30\\\/pearl-jam-rinde-homenaje-a-los-nueve-fans-asesinados-durante-show-del-2000\\\/#breadcrumb\"},\"inLanguage\":\"es\",\"potentialAction\":[{\"@type\":\"ReadAction\",\"target\":[\"https:\\\/\\\/radiounodigital.com\\\/web\\\/2020\\\/06\\\/30\\\/pearl-jam-rinde-homenaje-a-los-nueve-fans-asesinados-durante-show-del-2000\\\/\"]}]},{\"@type\":\"ImageObject\",\"inLanguage\":\"es\",\"@id\":\"https:\\\/\\\/radiounodigital.com\\\/web\\\/2020\\\/06\\\/30\\\/pearl-jam-rinde-homenaje-a-los-nueve-fans-asesinados-durante-show-del-2000\\\/#primaryimage\",\"url\":\"https:\\\/\\\/radiounodigital.com\\\/web\\\/wp-content\\\/uploads\\\/2020\\\/06\\\/Pearn\u0303-Jam-GettyImages-185335790-696x442-1.jpg\",\"contentUrl\":\"https:\\\/\\\/radiounodigital.com\\\/web\\\/wp-content\\\/uploads\\\/2020\\\/06\\\/Pearn\u0303-Jam-GettyImages-185335790-696x442-1.jpg\",\"width\":696,\"height\":442,\"caption\":\"Pearl Jam (Picture: Kevin Mazur\\\/WireImage\\\/Getty)\"},{\"@type\":\"BreadcrumbList\",\"@id\":\"https:\\\/\\\/radiounodigital.com\\\/web\\\/2020\\\/06\\\/30\\\/pearl-jam-rinde-homenaje-a-los-nueve-fans-asesinados-durante-show-del-2000\\\/#breadcrumb\",\"itemListElement\":[{\"@type\":\"ListItem\",\"position\":1,\"name\":\"Home\",\"item\":\"https:\\\/\\\/radiounodigital.com\\\/web\\\/\"},{\"@type\":\"ListItem\",\"position\":2,\"name\":\"Pearl Jam rinde homenaje a los nueve fans asesinados durante show del 2000\"}]},{\"@type\":\"WebSite\",\"@id\":\"https:\\\/\\\/radiounodigital.com\\\/web\\\/#website\",\"url\":\"https:\\\/\\\/radiounodigital.com\\\/web\\\/\",\"name\":\"Radio UNO Digital\",\"description\":\"Donde la cultura del rock se siente\",\"potentialAction\":[{\"@type\":\"SearchAction\",\"target\":{\"@type\":\"EntryPoint\",\"urlTemplate\":\"https:\\\/\\\/radiounodigital.com\\\/web\\\/?s={search_term_string}\"},\"query-input\":{\"@type\":\"PropertyValueSpecification\",\"valueRequired\":true,\"valueName\":\"search_term_string\"}}],\"inLanguage\":\"es\"},{\"@type\":\"Person\",\"@id\":\"https:\\\/\\\/radiounodigital.com\\\/web\\\/#\\\/schema\\\/person\\\/00b93151fa54f619ecf9c183d1fc9758\",\"name\":\"diegoc\",\"image\":{\"@type\":\"ImageObject\",\"inLanguage\":\"es\",\"@id\":\"https:\\\/\\\/secure.gravatar.com\\\/avatar\\\/0a67041d44c702fb0660d81a5a32c7ce6007341cf92afeb718b75883bf415864?s=96&d=blank&r=g\",\"url\":\"https:\\\/\\\/secure.gravatar.com\\\/avatar\\\/0a67041d44c702fb0660d81a5a32c7ce6007341cf92afeb718b75883bf415864?s=96&d=blank&r=g\",\"contentUrl\":\"https:\\\/\\\/secure.gravatar.com\\\/avatar\\\/0a67041d44c702fb0660d81a5a32c7ce6007341cf92afeb718b75883bf415864?s=96&d=blank&r=g\",\"caption\":\"diegoc\"},\"url\":\"https:\\\/\\\/radiounodigital.com\\\/web\\\/author\\\/diegoc\\\/\"}]}<\/script>\n<!-- \/ Yoast SEO plugin. -->","yoast_head_json":{"title":"Pearl Jam rinde homenaje a los nueve fans asesinados durante show del 2000 - Radio UNO Digital","robots":{"index":"index","follow":"follow","max-snippet":"max-snippet:-1","max-image-preview":"max-image-preview:large","max-video-preview":"max-video-preview:-1"},"canonical":"https:\/\/radiounodigital.com\/web\/2020\/06\/30\/pearl-jam-rinde-homenaje-a-los-nueve-fans-asesinados-durante-show-del-2000\/","og_locale":"es_ES","og_type":"article","og_title":"Pearl Jam rinde homenaje a los nueve fans asesinados durante show del 2000 - Radio UNO Digital","og_description":"Hoy (30 de junio) se cumplen 20 a\u00f1os desde la tragedia en el festival dan\u00e9s de Roskilde. Pearl Jam ha rendido un emotivo homenaje a los nueve fan\u00e1ticos que fueron asesinados durante una aglomeraci\u00f3n de multitudes que ocurri\u00f3 durante su set de 2000 en el festival dan\u00e9s Roskilde. Hoy (30 de junio) se cumplen 20... Read More","og_url":"https:\/\/radiounodigital.com\/web\/2020\/06\/30\/pearl-jam-rinde-homenaje-a-los-nueve-fans-asesinados-durante-show-del-2000\/","og_site_name":"Radio UNO Digital","article_published_time":"2020-06-30T09:12:17+00:00","article_modified_time":"2020-07-02T09:21:39+00:00","og_image":[{"width":696,"height":442,"url":"https:\/\/radiounodigital.com\/web\/wp-content\/uploads\/2020\/06\/Pearn\u0303-Jam-GettyImages-185335790-696x442-1.jpg","type":"image\/jpeg"}],"author":"diegoc","twitter_card":"summary_large_image","twitter_misc":{"Escrito por":"diegoc","Tiempo de lectura":"3 minutos"},"schema":{"@context":"https:\/\/schema.org","@graph":[{"@type":"Article","@id":"https:\/\/radiounodigital.com\/web\/2020\/06\/30\/pearl-jam-rinde-homenaje-a-los-nueve-fans-asesinados-durante-show-del-2000\/#article","isPartOf":{"@id":"https:\/\/radiounodigital.com\/web\/2020\/06\/30\/pearl-jam-rinde-homenaje-a-los-nueve-fans-asesinados-durante-show-del-2000\/"},"author":{"name":"diegoc","@id":"https:\/\/radiounodigital.com\/web\/#\/schema\/person\/00b93151fa54f619ecf9c183d1fc9758"},"headline":"Pearl Jam rinde homenaje a los nueve fans asesinados durante show del 2000","datePublished":"2020-06-30T09:12:17+00:00","dateModified":"2020-07-02T09:21:39+00:00","mainEntityOfPage":{"@id":"https:\/\/radiounodigital.com\/web\/2020\/06\/30\/pearl-jam-rinde-homenaje-a-los-nueve-fans-asesinados-durante-show-del-2000\/"},"wordCount":712,"commentCount":0,"image":{"@id":"https:\/\/radiounodigital.com\/web\/2020\/06\/30\/pearl-jam-rinde-homenaje-a-los-nueve-fans-asesinados-durante-show-del-2000\/#primaryimage"},"thumbnailUrl":"https:\/\/radiounodigital.com\/web\/wp-content\/uploads\/2020\/06\/Pearn\u0303-Jam-GettyImages-185335790-696x442-1.jpg","keywords":["concierto","dinamarca","fans","homenaje","muertos","pearl jam","Roskilde"],"articleSection":["news","Rock Clasico"],"inLanguage":"es","potentialAction":[{"@type":"CommentAction","name":"Comment","target":["https:\/\/radiounodigital.com\/web\/2020\/06\/30\/pearl-jam-rinde-homenaje-a-los-nueve-fans-asesinados-durante-show-del-2000\/#respond"]}]},{"@type":"WebPage","@id":"https:\/\/radiounodigital.com\/web\/2020\/06\/30\/pearl-jam-rinde-homenaje-a-los-nueve-fans-asesinados-durante-show-del-2000\/","url":"https:\/\/radiounodigital.com\/web\/2020\/06\/30\/pearl-jam-rinde-homenaje-a-los-nueve-fans-asesinados-durante-show-del-2000\/","name":"Pearl Jam rinde homenaje a los nueve fans asesinados durante show del 2000 - Radio UNO Digital","isPartOf":{"@id":"https:\/\/radiounodigital.com\/web\/#website"},"primaryImageOfPage":{"@id":"https:\/\/radiounodigital.com\/web\/2020\/06\/30\/pearl-jam-rinde-homenaje-a-los-nueve-fans-asesinados-durante-show-del-2000\/#primaryimage"},"image":{"@id":"https:\/\/radiounodigital.com\/web\/2020\/06\/30\/pearl-jam-rinde-homenaje-a-los-nueve-fans-asesinados-durante-show-del-2000\/#primaryimage"},"thumbnailUrl":"https:\/\/radiounodigital.com\/web\/wp-content\/uploads\/2020\/06\/Pearn\u0303-Jam-GettyImages-185335790-696x442-1.jpg","datePublished":"2020-06-30T09:12:17+00:00","dateModified":"2020-07-02T09:21:39+00:00","author":{"@id":"https:\/\/radiounodigital.com\/web\/#\/schema\/person\/00b93151fa54f619ecf9c183d1fc9758"},"breadcrumb":{"@id":"https:\/\/radiounodigital.com\/web\/2020\/06\/30\/pearl-jam-rinde-homenaje-a-los-nueve-fans-asesinados-durante-show-del-2000\/#breadcrumb"},"inLanguage":"es","potentialAction":[{"@type":"ReadAction","target":["https:\/\/radiounodigital.com\/web\/2020\/06\/30\/pearl-jam-rinde-homenaje-a-los-nueve-fans-asesinados-durante-show-del-2000\/"]}]},{"@type":"ImageObject","inLanguage":"es","@id":"https:\/\/radiounodigital.com\/web\/2020\/06\/30\/pearl-jam-rinde-homenaje-a-los-nueve-fans-asesinados-durante-show-del-2000\/#primaryimage","url":"https:\/\/radiounodigital.com\/web\/wp-content\/uploads\/2020\/06\/Pearn\u0303-Jam-GettyImages-185335790-696x442-1.jpg","contentUrl":"https:\/\/radiounodigital.com\/web\/wp-content\/uploads\/2020\/06\/Pearn\u0303-Jam-GettyImages-185335790-696x442-1.jpg","width":696,"height":442,"caption":"Pearl Jam (Picture: Kevin Mazur\/WireImage\/Getty)"},{"@type":"BreadcrumbList","@id":"https:\/\/radiounodigital.com\/web\/2020\/06\/30\/pearl-jam-rinde-homenaje-a-los-nueve-fans-asesinados-durante-show-del-2000\/#breadcrumb","itemListElement":[{"@type":"ListItem","position":1,"name":"Home","item":"https:\/\/radiounodigital.com\/web\/"},{"@type":"ListItem","position":2,"name":"Pearl Jam rinde homenaje a los nueve fans asesinados durante show del 2000"}]},{"@type":"WebSite","@id":"https:\/\/radiounodigital.com\/web\/#website","url":"https:\/\/radiounodigital.com\/web\/","name":"Radio UNO Digital","description":"Donde la cultura del rock se siente","potentialAction":[{"@type":"SearchAction","target":{"@type":"EntryPoint","urlTemplate":"https:\/\/radiounodigital.com\/web\/?s={search_term_string}"},"query-input":{"@type":"PropertyValueSpecification","valueRequired":true,"valueName":"search_term_string"}}],"inLanguage":"es"},{"@type":"Person","@id":"https:\/\/radiounodigital.com\/web\/#\/schema\/person\/00b93151fa54f619ecf9c183d1fc9758","name":"diegoc","image":{"@type":"ImageObject","inLanguage":"es","@id":"https:\/\/secure.gravatar.com\/avatar\/0a67041d44c702fb0660d81a5a32c7ce6007341cf92afeb718b75883bf415864?s=96&d=blank&r=g","url":"https:\/\/secure.gravatar.com\/avatar\/0a67041d44c702fb0660d81a5a32c7ce6007341cf92afeb718b75883bf415864?s=96&d=blank&r=g","contentUrl":"https:\/\/secure.gravatar.com\/avatar\/0a67041d44c702fb0660d81a5a32c7ce6007341cf92afeb718b75883bf415864?s=96&d=blank&r=g","caption":"diegoc"},"url":"https:\/\/radiounodigital.com\/web\/author\/diegoc\/"}]}},"_links":{"self":[{"href":"https:\/\/radiounodigital.com\/web\/wp-json\/wp\/v2\/posts\/4116","targetHints":{"allow":["GET"]}}],"collection":[{"href":"https:\/\/radiounodigital.com\/web\/wp-json\/wp\/v2\/posts"}],"about":[{"href":"https:\/\/radiounodigital.com\/web\/wp-json\/wp\/v2\/types\/post"}],"author":[{"embeddable":true,"href":"https:\/\/radiounodigital.com\/web\/wp-json\/wp\/v2\/users\/1"}],"replies":[{"embeddable":true,"href":"https:\/\/radiounodigital.com\/web\/wp-json\/wp\/v2\/comments?post=4116"}],"version-history":[{"count":2,"href":"https:\/\/radiounodigital.com\/web\/wp-json\/wp\/v2\/posts\/4116\/revisions"}],"predecessor-version":[{"id":4120,"href":"https:\/\/radiounodigital.com\/web\/wp-json\/wp\/v2\/posts\/4116\/revisions\/4120"}],"wp:featuredmedia":[{"embeddable":true,"href":"https:\/\/radiounodigital.com\/web\/wp-json\/wp\/v2\/media\/4119"}],"wp:attachment":[{"href":"https:\/\/radiounodigital.com\/web\/wp-json\/wp\/v2\/media?parent=4116"}],"wp:term":[{"taxonomy":"category","embeddable":true,"href":"https:\/\/radiounodigital.com\/web\/wp-json\/wp\/v2\/categories?post=4116"},{"taxonomy":"post_tag","embeddable":true,"href":"https:\/\/radiounodigital.com\/web\/wp-json\/wp\/v2\/tags?post=4116"}],"curies":[{"name":"wp","href":"https:\/\/api.w.org\/{rel}","templated":true}]}}